{"id":4587,"date":"2024-02-20T19:18:13","date_gmt":"2024-02-20T19:18:13","guid":{"rendered":"https:\/\/culturbaine.com\/?p=4587"},"modified":"2024-02-20T19:18:13","modified_gmt":"2024-02-20T19:18:13","slug":"les-chibanis-immortalises-en-france-a-travers-deux-fresques","status":"publish","type":"post","link":"https:\/\/culturbaine.com\/index.php\/2024\/02\/20\/les-chibanis-immortalises-en-france-a-travers-deux-fresques\/","title":{"rendered":"Les Chibanis Immortalis\u00e9s en France \u00e0 travers deux fresques !"},"content":{"rendered":"<p><span>En 2019, les artistes <\/span><b>Collettivo<\/b><span> FX ont r\u00e9alis\u00e9 deux murs \u00e0 la Cit\u00e9 Jean Moulins \u00e0 Montreuil (France).<\/span><\/p>\n<p><span style=\"font-weight: 400;\">\u00c0 en croire le m\u00e9dia <\/span><b>Streep<\/b><span style=\"font-weight: 400;\">, l&rsquo;id\u00e9e est de rendre hommage aux \u201c<\/span><b>chibanis<\/b><span style=\"font-weight: 400;\">\u201d, un mot arabe qui signifie litt\u00e9ralement <\/span><b>Cheveux blancs<\/b><span style=\"font-weight: 400;\">. Ce sont des anciens travailleurs immigr\u00e9s maghr\u00e9bins qui sont arriv\u00e9s en France au d\u00e9but des ann\u00e9es 60, pour y travailler. Et le but \u00e9tait de retourner au pays. Ce sont principalement des alg\u00e9riens, marocains,\u00a0 tunisiens mais aussi s\u00e9n\u00e9galais, laotiens\u2026<\/span><\/p>\n<p><span style=\"font-weight: 400;\">Le temps est pass\u00e9, la retraite est arriv\u00e9e, ils ne sont toujours pas retourn\u00e9s chez eux. Certes ils ont travaill\u00e9 pour la France, ils n&rsquo;ont pas eu de r\u00e9sidence stable et r\u00e9guli\u00e8re. Et les aides peuvent leur passer sous le nez comme des allocations aux personnes \u00e2g\u00e9es. La Cit\u00e9 Jean Moulin a en effet \u00e9t\u00e9 un lieu d\u2019accueil pour ces Chibanis par excellence.<\/span><\/p>\n<p><span style=\"font-weight: 400;\">Pour cet artiste qui a gard\u00e9 l&rsquo;anonymat, il pr\u00e9f\u00e9rait le prunier (Genre d&rsquo;arbre de la famille des Rosac\u00e9es) qui y \u00e9taient devant cet immeuble, avant qu&rsquo;on ne r\u00e9alise cette fresque bleue.<\/span><\/p>\n<p><span style=\"font-weight: 400;\">\u00abPour r\u00e9aliser la fresque bleue, ils ont m\u00eame retir\u00e9 le prunier qui \u00e9tait devant ! Alors qu&rsquo;il donnait des fruits incroyables. C&rsquo;est vraiment ridicule.\u00bb a-t-il conclu.<\/span><\/p>\n<p><b>Mohamed Cinq Sylla<\/b><\/p>\n","protected":false},"excerpt":{"rendered":"<p>En 2019, les artistes Collettivo FX ont r\u00e9alis\u00e9 deux murs \u00e0 la Cit\u00e9 Jean Moulins \u00e0 Montreuil (France). \u00c0 en croire le m\u00e9dia Streep, l&rsquo;id\u00e9e est de rendre hommage aux \u201cchibanis\u201d, un mot arabe qui signifie litt\u00e9ralement Cheveux blancs. Ce sont des anciens travailleurs immigr\u00e9s maghr\u00e9bins qui sont arriv\u00e9s en France au d\u00e9but des ann\u00e9es [&hellip;]<\/p>\n","protected":false},"author":2,"featured_media":4589,"comment_status":"closed","ping_status":"closed","sticky":false,"template":"","format":"standard","meta":{"_mi_skip_tracking":false,"_monsterinsights_sitenote_active":false,"_monsterinsights_sitenote_note":"","_monsterinsights_sitenote_category":0,"footnotes":""},"categories":[21],"tags":[1748,1750,182,1469,1751,1749],"class_list":["post-4587","post","type-post","status-publish","format-standard","has-post-thumbnail","hentry","category-actualite","tag-chibanis","tag-cite-jean-moulins","tag-france","tag-fresque","tag-montreuil","tag-streep"],"yoast_head":"<!-- This site is optimized with the Yoast SEO Premium plugin v20.1 (Yoast SEO v24.0) - https:\/\/yoast.com\/wordpress\/plugins\/seo\/ -->\n<title>Les Chibanis Immortalis\u00e9s en France \u00e0 travers deux fresques ! - Culturbaine<\/title>\n<meta name=\"robots\" content=\"index, follow, max-snippet:-1, max-image-preview:large, max-video-preview:-1\" \/>\n<link rel=\"canonical\" href=\"https:\/\/culturbaine.com\/index.php\/2024\/02\/20\/les-chibanis-immortalises-en-france-a-travers-deux-fresques\/\" \/>\n<meta property=\"og:locale\" content=\"fr_FR\" \/>\n<meta property=\"og:type\" content=\"article\" \/>\n<meta property=\"og:title\" content=\"Les Chibanis Immortalis\u00e9s en France \u00e0 travers deux fresques !\" \/>\n<meta property=\"og:description\" content=\"En 2019, les artistes Collettivo FX ont r\u00e9alis\u00e9 deux murs \u00e0 la Cit\u00e9 Jean Moulins \u00e0 Montreuil (France). \u00c0 en croire le m\u00e9dia Streep, l&rsquo;id\u00e9e est de rendre hommage aux \u201cchibanis\u201d, un mot arabe qui signifie litt\u00e9ralement Cheveux blancs. Ce sont des anciens travailleurs immigr\u00e9s maghr\u00e9bins qui sont arriv\u00e9s en France au d\u00e9but des ann\u00e9es [&hellip;]\" \/>\n<meta property=\"og:url\" content=\"https:\/\/culturbaine.com\/index.php\/2024\/02\/20\/les-chibanis-immortalises-en-france-a-travers-deux-fresques\/\" \/>\n<meta property=\"og:site_name\" content=\"Culturbaine\" \/>\n<meta property=\"article:publisher\" content=\"https:\/\/www.facebook.com\/Culturbaines\" \/>\n<meta property=\"article:published_time\" content=\"2024-02-20T19:18:13+00:00\" \/>\n<meta property=\"og:image\" content=\"https:\/\/culturbaine.com\/wp-content\/uploads\/2024\/02\/PhotoCollage_1708455744845.png\" \/>\n\t<meta property=\"og:image:width\" content=\"1920\" \/>\n\t<meta property=\"og:image:height\" content=\"1080\" \/>\n\t<meta property=\"og:image:type\" content=\"image\/png\" \/>\n<meta name=\"author\" content=\"admin1\" \/>\n<meta name=\"twitter:card\" content=\"summary_large_image\" \/>\n<meta name=\"twitter:creator\" content=\"@culturbaines\" \/>\n<meta name=\"twitter:site\" content=\"@culturbaines\" \/>\n<meta name=\"twitter:label1\" content=\"\u00c9crit par\" \/>\n\t<meta name=\"twitter:data1\" content=\"admin1\" \/>\n\t<meta name=\"twitter:label2\" content=\"Dur\u00e9e de lecture estim\u00e9e\" \/>\n\t<meta name=\"twitter:data2\" content=\"2 minutes\" \/>\n<script type=\"application\/ld+json\" class=\"yoast-schema-graph\">{\"@context\":\"https:\/\/schema.org\",\"@graph\":[{\"@type\":\"Article\",\"@id\":\"https:\/\/culturbaine.com\/index.php\/2024\/02\/20\/les-chibanis-immortalises-en-france-a-travers-deux-fresques\/#article\",\"isPartOf\":{\"@id\":\"https:\/\/culturbaine.com\/index.php\/2024\/02\/20\/les-chibanis-immortalises-en-france-a-travers-deux-fresques\/\"},\"author\":{\"name\":\"admin1\",\"@id\":\"https:\/\/culturbaine.com\/#\/schema\/person\/42eb7485c572e0746c1ea6b8216c3814\"},\"headline\":\"Les Chibanis Immortalis\u00e9s en France \u00e0 travers deux fresques !\",\"datePublished\":\"2024-02-20T19:18:13+00:00\",\"dateModified\":\"2024-02-20T19:18:13+00:00\",\"mainEntityOfPage\":{\"@id\":\"https:\/\/culturbaine.com\/index.php\/2024\/02\/20\/les-chibanis-immortalises-en-france-a-travers-deux-fresques\/\"},\"wordCount\":236,\"publisher\":{\"@id\":\"https:\/\/culturbaine.com\/#organization\"},\"image\":{\"@id\":\"https:\/\/culturbaine.com\/index.php\/2024\/02\/20\/les-chibanis-immortalises-en-france-a-travers-deux-fresques\/#primaryimage\"},\"thumbnailUrl\":\"https:\/\/culturbaine.com\/wp-content\/uploads\/2024\/02\/PhotoCollage_1708455744845.png\",\"keywords\":[\"chibanis\",\"Cit\u00e9 Jean Moulins\",\"France !\",\"Fresque\",\"Montreuil\",\"Streep\"],\"articleSection\":[\"Actualit\u00e9\"],\"inLanguage\":\"fr-FR\"},{\"@type\":\"WebPage\",\"@id\":\"https:\/\/culturbaine.com\/index.php\/2024\/02\/20\/les-chibanis-immortalises-en-france-a-travers-deux-fresques\/\",\"url\":\"https:\/\/culturbaine.com\/index.php\/2024\/02\/20\/les-chibanis-immortalises-en-france-a-travers-deux-fresques\/\",\"name\":\"Les Chibanis Immortalis\u00e9s en France \u00e0 travers deux fresques ! - Culturbaine\",\"isPartOf\":{\"@id\":\"https:\/\/culturbaine.com\/#website\"},\"primaryImageOfPage\":{\"@id\":\"https:\/\/culturbaine.com\/index.php\/2024\/02\/20\/les-chibanis-immortalises-en-france-a-travers-deux-fresques\/#primaryimage\"},\"image\":{\"@id\":\"https:\/\/culturbaine.com\/index.php\/2024\/02\/20\/les-chibanis-immortalises-en-france-a-travers-deux-fresques\/#primaryimage\"},\"thumbnailUrl\":\"https:\/\/culturbaine.com\/wp-content\/uploads\/2024\/02\/PhotoCollage_1708455744845.png\",\"datePublished\":\"2024-02-20T19:18:13+00:00\",\"dateModified\":\"2024-02-20T19:18:13+00:00\",\"breadcrumb\":{\"@id\":\"https:\/\/culturbaine.com\/index.php\/2024\/02\/20\/les-chibanis-immortalises-en-france-a-travers-deux-fresques\/#breadcrumb\"},\"inLanguage\":\"fr-FR\",\"potentialAction\":[{\"@type\":\"ReadAction\",\"target\":[\"https:\/\/culturbaine.com\/index.php\/2024\/02\/20\/les-chibanis-immortalises-en-france-a-travers-deux-fresques\/\"]}]},{\"@type\":\"ImageObject\",\"inLanguage\":\"fr-FR\",\"@id\":\"https:\/\/culturbaine.com\/index.php\/2024\/02\/20\/les-chibanis-immortalises-en-france-a-travers-deux-fresques\/#primaryimage\",\"url\":\"https:\/\/culturbaine.com\/wp-content\/uploads\/2024\/02\/PhotoCollage_1708455744845.png\",\"contentUrl\":\"https:\/\/culturbaine.com\/wp-content\/uploads\/2024\/02\/PhotoCollage_1708455744845.png\",\"width\":1920,\"height\":1080},{\"@type\":\"BreadcrumbList\",\"@id\":\"https:\/\/culturbaine.com\/index.php\/2024\/02\/20\/les-chibanis-immortalises-en-france-a-travers-deux-fresques\/#breadcrumb\",\"itemListElement\":[{\"@type\":\"ListItem\",\"position\":1,\"name\":\"Home\",\"item\":\"https:\/\/culturbaine.com\/\"},{\"@type\":\"ListItem\",\"position\":2,\"name\":\"Les Chibanis Immortalis\u00e9s en France \u00e0 travers deux fresques !\"}]},{\"@type\":\"WebSite\",\"@id\":\"https:\/\/culturbaine.com\/#website\",\"url\":\"https:\/\/culturbaine.com\/\",\"name\":\"Culturbaine.com\",\"description\":\"Toute l&#039;actualit\u00e9 des Cultures Urbaines, en un clic  !\",\"publisher\":{\"@id\":\"https:\/\/culturbaine.com\/#organization\"},\"potentialAction\":[{\"@type\":\"SearchAction\",\"target\":{\"@type\":\"EntryPoint\",\"urlTemplate\":\"https:\/\/culturbaine.com\/?s={search_term_string}\"},\"query-input\":{\"@type\":\"PropertyValueSpecification\",\"valueRequired\":true,\"valueName\":\"search_term_string\"}}],\"inLanguage\":\"fr-FR\"},{\"@type\":\"Organization\",\"@id\":\"https:\/\/culturbaine.com\/#organization\",\"name\":\"Culturbaine.com\",\"url\":\"https:\/\/culturbaine.com\/\",\"logo\":{\"@type\":\"ImageObject\",\"inLanguage\":\"fr-FR\",\"@id\":\"https:\/\/culturbaine.com\/#\/schema\/logo\/image\/\",\"url\":\"https:\/\/culturbaine.com\/wp-content\/uploads\/2023\/07\/WhatsApp-Image-2023-07-17-at-14.38.18.jpeg\",\"contentUrl\":\"https:\/\/culturbaine.com\/wp-content\/uploads\/2023\/07\/WhatsApp-Image-2023-07-17-at-14.38.18.jpeg\",\"width\":855,\"height\":270,\"caption\":\"Culturbaine.com\"},\"image\":{\"@id\":\"https:\/\/culturbaine.com\/#\/schema\/logo\/image\/\"},\"sameAs\":[\"https:\/\/www.facebook.com\/Culturbaines\",\"https:\/\/x.com\/culturbaines\"]},{\"@type\":\"Person\",\"@id\":\"https:\/\/culturbaine.com\/#\/schema\/person\/42eb7485c572e0746c1ea6b8216c3814\",\"name\":\"admin1\",\"image\":{\"@type\":\"ImageObject\",\"inLanguage\":\"fr-FR\",\"@id\":\"https:\/\/culturbaine.com\/#\/schema\/person\/image\/\",\"url\":\"https:\/\/secure.gravatar.com\/avatar\/c268f4d483ce0486e5a10fee87bbf756?s=96&d=mm&r=g\",\"contentUrl\":\"https:\/\/secure.gravatar.com\/avatar\/c268f4d483ce0486e5a10fee87bbf756?s=96&d=mm&r=g\",\"caption\":\"admin1\"},\"url\":\"https:\/\/culturbaine.com\/index.php\/author\/admin1\/\"}]}<\/script>\n<!-- \/ Yoast SEO Premium plugin. -->","yoast_head_json":{"title":"Les Chibanis Immortalis\u00e9s en France \u00e0 travers deux fresques ! - Culturbaine","robots":{"index":"index","follow":"follow","max-snippet":"max-snippet:-1","max-image-preview":"max-image-preview:large","max-video-preview":"max-video-preview:-1"},"canonical":"https:\/\/culturbaine.com\/index.php\/2024\/02\/20\/les-chibanis-immortalises-en-france-a-travers-deux-fresques\/","og_locale":"fr_FR","og_type":"article","og_title":"Les Chibanis Immortalis\u00e9s en France \u00e0 travers deux fresques !","og_description":"En 2019, les artistes Collettivo FX ont r\u00e9alis\u00e9 deux murs \u00e0 la Cit\u00e9 Jean Moulins \u00e0 Montreuil (France). \u00c0 en croire le m\u00e9dia Streep, l&rsquo;id\u00e9e est de rendre hommage aux \u201cchibanis\u201d, un mot arabe qui signifie litt\u00e9ralement Cheveux blancs. Ce sont des anciens travailleurs immigr\u00e9s maghr\u00e9bins qui sont arriv\u00e9s en France au d\u00e9but des ann\u00e9es [&hellip;]","og_url":"https:\/\/culturbaine.com\/index.php\/2024\/02\/20\/les-chibanis-immortalises-en-france-a-travers-deux-fresques\/","og_site_name":"Culturbaine","article_publisher":"https:\/\/www.facebook.com\/Culturbaines","article_published_time":"2024-02-20T19:18:13+00:00","og_image":[{"width":1920,"height":1080,"url":"https:\/\/culturbaine.com\/wp-content\/uploads\/2024\/02\/PhotoCollage_1708455744845.png","type":"image\/png"}],"author":"admin1","twitter_card":"summary_large_image","twitter_creator":"@culturbaines","twitter_site":"@culturbaines","twitter_misc":{"\u00c9crit par":"admin1","Dur\u00e9e de lecture estim\u00e9e":"2 minutes"},"schema":{"@context":"https:\/\/schema.org","@graph":[{"@type":"Article","@id":"https:\/\/culturbaine.com\/index.php\/2024\/02\/20\/les-chibanis-immortalises-en-france-a-travers-deux-fresques\/#article","isPartOf":{"@id":"https:\/\/culturbaine.com\/index.php\/2024\/02\/20\/les-chibanis-immortalises-en-france-a-travers-deux-fresques\/"},"author":{"name":"admin1","@id":"https:\/\/culturbaine.com\/#\/schema\/person\/42eb7485c572e0746c1ea6b8216c3814"},"headline":"Les Chibanis Immortalis\u00e9s en France \u00e0 travers deux fresques !","datePublished":"2024-02-20T19:18:13+00:00","dateModified":"2024-02-20T19:18:13+00:00","mainEntityOfPage":{"@id":"https:\/\/culturbaine.com\/index.php\/2024\/02\/20\/les-chibanis-immortalises-en-france-a-travers-deux-fresques\/"},"wordCount":236,"publisher":{"@id":"https:\/\/culturbaine.com\/#organization"},"image":{"@id":"https:\/\/culturbaine.com\/index.php\/2024\/02\/20\/les-chibanis-immortalises-en-france-a-travers-deux-fresques\/#primaryimage"},"thumbnailUrl":"https:\/\/culturbaine.com\/wp-content\/uploads\/2024\/02\/PhotoCollage_1708455744845.png","keywords":["chibanis","Cit\u00e9 Jean Moulins","France !","Fresque","Montreuil","Streep"],"articleSection":["Actualit\u00e9"],"inLanguage":"fr-FR"},{"@type":"WebPage","@id":"https:\/\/culturbaine.com\/index.php\/2024\/02\/20\/les-chibanis-immortalises-en-france-a-travers-deux-fresques\/","url":"https:\/\/culturbaine.com\/index.php\/2024\/02\/20\/les-chibanis-immortalises-en-france-a-travers-deux-fresques\/","name":"Les Chibanis Immortalis\u00e9s en France \u00e0 travers deux fresques ! - Culturbaine","isPartOf":{"@id":"https:\/\/culturbaine.com\/#website"},"primaryImageOfPage":{"@id":"https:\/\/culturbaine.com\/index.php\/2024\/02\/20\/les-chibanis-immortalises-en-france-a-travers-deux-fresques\/#primaryimage"},"image":{"@id":"https:\/\/culturbaine.com\/index.php\/2024\/02\/20\/les-chibanis-immortalises-en-france-a-travers-deux-fresques\/#primaryimage"},"thumbnailUrl":"https:\/\/culturbaine.com\/wp-content\/uploads\/2024\/02\/PhotoCollage_1708455744845.png","datePublished":"2024-02-20T19:18:13+00:00","dateModified":"2024-02-20T19:18:13+00:00","breadcrumb":{"@id":"https:\/\/culturbaine.com\/index.php\/2024\/02\/20\/les-chibanis-immortalises-en-france-a-travers-deux-fresques\/#breadcrumb"},"inLanguage":"fr-FR","potentialAction":[{"@type":"ReadAction","target":["https:\/\/culturbaine.com\/index.php\/2024\/02\/20\/les-chibanis-immortalises-en-france-a-travers-deux-fresques\/"]}]},{"@type":"ImageObject","inLanguage":"fr-FR","@id":"https:\/\/culturbaine.com\/index.php\/2024\/02\/20\/les-chibanis-immortalises-en-france-a-travers-deux-fresques\/#primaryimage","url":"https:\/\/culturbaine.com\/wp-content\/uploads\/2024\/02\/PhotoCollage_1708455744845.png","contentUrl":"https:\/\/culturbaine.com\/wp-content\/uploads\/2024\/02\/PhotoCollage_1708455744845.png","width":1920,"height":1080},{"@type":"BreadcrumbList","@id":"https:\/\/culturbaine.com\/index.php\/2024\/02\/20\/les-chibanis-immortalises-en-france-a-travers-deux-fresques\/#breadcrumb","itemListElement":[{"@type":"ListItem","position":1,"name":"Home","item":"https:\/\/culturbaine.com\/"},{"@type":"ListItem","position":2,"name":"Les Chibanis Immortalis\u00e9s en France \u00e0 travers deux fresques !"}]},{"@type":"WebSite","@id":"https:\/\/culturbaine.com\/#website","url":"https:\/\/culturbaine.com\/","name":"Culturbaine.com","description":"Toute l&#039;actualit\u00e9 des Cultures Urbaines, en un clic  !","publisher":{"@id":"https:\/\/culturbaine.com\/#organization"},"potentialAction":[{"@type":"SearchAction","target":{"@type":"EntryPoint","urlTemplate":"https:\/\/culturbaine.com\/?s={search_term_string}"},"query-input":{"@type":"PropertyValueSpecification","valueRequired":true,"valueName":"search_term_string"}}],"inLanguage":"fr-FR"},{"@type":"Organization","@id":"https:\/\/culturbaine.com\/#organization","name":"Culturbaine.com","url":"https:\/\/culturbaine.com\/","logo":{"@type":"ImageObject","inLanguage":"fr-FR","@id":"https:\/\/culturbaine.com\/#\/schema\/logo\/image\/","url":"https:\/\/culturbaine.com\/wp-content\/uploads\/2023\/07\/WhatsApp-Image-2023-07-17-at-14.38.18.jpeg","contentUrl":"https:\/\/culturbaine.com\/wp-content\/uploads\/2023\/07\/WhatsApp-Image-2023-07-17-at-14.38.18.jpeg","width":855,"height":270,"caption":"Culturbaine.com"},"image":{"@id":"https:\/\/culturbaine.com\/#\/schema\/logo\/image\/"},"sameAs":["https:\/\/www.facebook.com\/Culturbaines","https:\/\/x.com\/culturbaines"]},{"@type":"Person","@id":"https:\/\/culturbaine.com\/#\/schema\/person\/42eb7485c572e0746c1ea6b8216c3814","name":"admin1","image":{"@type":"ImageObject","inLanguage":"fr-FR","@id":"https:\/\/culturbaine.com\/#\/schema\/person\/image\/","url":"https:\/\/secure.gravatar.com\/avatar\/c268f4d483ce0486e5a10fee87bbf756?s=96&d=mm&r=g","contentUrl":"https:\/\/secure.gravatar.com\/avatar\/c268f4d483ce0486e5a10fee87bbf756?s=96&d=mm&r=g","caption":"admin1"},"url":"https:\/\/culturbaine.com\/index.php\/author\/admin1\/"}]}},"_links":{"self":[{"href":"https:\/\/culturbaine.com\/index.php\/wp-json\/wp\/v2\/posts\/4587"}],"collection":[{"href":"https:\/\/culturbaine.com\/index.php\/wp-json\/wp\/v2\/posts"}],"about":[{"href":"https:\/\/culturbaine.com\/index.php\/wp-json\/wp\/v2\/types\/post"}],"author":[{"embeddable":true,"href":"https:\/\/culturbaine.com\/index.php\/wp-json\/wp\/v2\/users\/2"}],"replies":[{"embeddable":true,"href":"https:\/\/culturbaine.com\/index.php\/wp-json\/wp\/v2\/comments?post=4587"}],"version-history":[{"count":0,"href":"https:\/\/culturbaine.com\/index.php\/wp-json\/wp\/v2\/posts\/4587\/revisions"}],"wp:featuredmedia":[{"embeddable":true,"href":"https:\/\/culturbaine.com\/index.php\/wp-json\/wp\/v2\/media\/4589"}],"wp:attachment":[{"href":"https:\/\/culturbaine.com\/index.php\/wp-json\/wp\/v2\/media?parent=4587"}],"wp:term":[{"taxonomy":"category","embeddable":true,"href":"https:\/\/culturbaine.com\/index.php\/wp-json\/wp\/v2\/categories?post=4587"},{"taxonomy":"post_tag","embeddable":true,"href":"https:\/\/culturbaine.com\/index.php\/wp-json\/wp\/v2\/tags?post=4587"}],"curies":[{"name":"wp","href":"https:\/\/api.w.org\/{rel}","templated":true}]}}