{"id":4576,"date":"2024-02-20T12:28:24","date_gmt":"2024-02-20T12:28:24","guid":{"rendered":"https:\/\/culturbaine.com\/?p=4576"},"modified":"2024-02-20T12:28:24","modified_gmt":"2024-02-20T12:28:24","slug":"lil-jay-bingerack-electrise-le-palais-de-la-culture","status":"publish","type":"post","link":"https:\/\/culturbaine.com\/index.php\/2024\/02\/20\/lil-jay-bingerack-electrise-le-palais-de-la-culture\/","title":{"rendered":"Lil Jay Bingerack \u00e9lectrise le Palais de la Culture !"},"content":{"rendered":"<p>Le samedi 17 f\u00e9vrier 2024 restera grav\u00e9 dans les m\u00e9moires des fans de musique ivoirienne, alors que <strong>Lil Jay Bingerack<\/strong>, \u00e9galement connu sous le nom de Baoul\u00e9 <strong>Super Star<\/strong>, a enflamm\u00e9 le Palais de la Culture <strong>Bernard Binlin Dadi\u00e9<\/strong> de Treichville \u00e0 Abidjan lors de son tout premier concert.<\/p>\n<p>D\u00e8s 15 heures, une foule impatiente s&rsquo;est rassembl\u00e9e devant la salle de spectacle, compos\u00e9e de fans venus de tous horizons pour assister \u00e0 ce moment historique. Apr\u00e8s des heures d&rsquo;attente, l&rsquo;artiste est apparu sur sc\u00e8ne \u00e0 22 heures, sous les acclamations d\u00e9cha\u00een\u00e9es de ses admirateurs, entonnant son c\u00e9l\u00e8bre titre \u00ab\u00a0<strong>Hi Hi Hi<\/strong>\u00ab\u00a0.<\/p>\n<p>Accompagn\u00e9 de nombreux artistes invit\u00e9s, <strong>Lil Jay Bingerack<\/strong> a offert un spectacle inoubliable, interpr\u00e9tant les titres de son album \u00ab\u00a0<strong>Mosa\u00efc<\/strong>\u00a0\u00bb avec \u00e9nergie et passion. Des collaborations vibrantes ont marqu\u00e9 la soir\u00e9e, notamment avec <strong>El Jay<\/strong> du groupe Kiff<strong> No Beat <\/strong>sur \u00ab\u00a0<strong>Folie<\/strong>\u00ab\u00a0, <strong>Elown<\/strong>sur \u00ab\u00a0C&rsquo;est<strong> lent<\/strong>\u00ab\u00a0, <strong>Axel Merryl <\/strong>sur<strong> \u00ab\u00a0C\u00e9libataire\u00a0\u00bb<\/strong>, et <strong>Fior 2 Bior<\/strong> sur \u00ab\u00a0<strong>Can 2024 Chauffez\u00a0\u00bb.<\/strong><\/p>\n<p>L&rsquo;\u00e9v\u00e9nement a \u00e9galement \u00e9t\u00e9 marqu\u00e9 par la pr\u00e9sence d&rsquo;autres artistes ivoiriens renomm\u00e9s tels que <strong>Gadji Celi, Vitale, le Molare, Sly de Sly, Asalfo, et Apoutchou National,<\/strong> ajoutant \u00e0 l&rsquo;effervescence de la soir\u00e9e.<\/p>\n<p><strong>Tamsir<\/strong> et <strong>La Team Paiya<\/strong>, ont \u00e9galement fait sensation avec leur hymne \u00ab\u00a0Coup<strong> du Marteau<\/strong>\u00ab\u00a0, qui a r\u00e9sonn\u00e9 dans toute la salle, ajoutant une touche suppl\u00e9mentaire \u00e0 ce concert m\u00e9morable.<\/p>\n<p><img loading=\"lazy\" decoding=\"async\" class=\"alignnone size-medium wp-image-4579\" src=\"http:\/\/culturbaine.com\/wp-content\/uploads\/2024\/02\/1708424854917-300x203.jpg\" alt=\"\" width=\"300\" height=\"203\" srcset=\"https:\/\/culturbaine.com\/wp-content\/uploads\/2024\/02\/1708424854917-300x203.jpg 300w, https:\/\/culturbaine.com\/wp-content\/uploads\/2024\/02\/1708424854917.jpg 720w\" sizes=\"(max-width: 300px) 100vw, 300px\" \/><\/p>\n<p>Au terme de cette soir\u00e9e spectaculaire, marqu\u00e9e par des performances \u00e9poustouflantes et une ambiance \u00e9lectrique, les fans ont exprim\u00e9 leur enti\u00e8re satisfaction. La prochaine \u00e9tape de cette tourn\u00e9e prometteuse est pr\u00e9vue \u00e0 <strong>La Cigale<\/strong> en France, au mois d&rsquo;octobre.<\/p>\n<p><strong>Lil Jay Bingerack<\/strong> a v\u00e9ritablement brill\u00e9 de mille feux lors de cette soir\u00e9e inoubliable, confirmant ainsi sa place de choix parmi les grandes figures de la musique ivoirienne.<\/p>\n<p><strong>Mohamed Cinq Sylla\u00a0<\/strong><\/p>\n","protected":false},"excerpt":{"rendered":"<p>Le samedi 17 f\u00e9vrier 2024 restera grav\u00e9 dans les m\u00e9moires des fans de musique ivoirienne, alors que Lil Jay Bingerack, \u00e9galement connu sous le nom de Baoul\u00e9 Super Star, a enflamm\u00e9 le Palais de la Culture Bernard Binlin Dadi\u00e9 de Treichville \u00e0 Abidjan lors de son tout premier concert. D\u00e8s 15 heures, une foule impatiente [&hellip;]<\/p>\n","protected":false},"author":2,"featured_media":4578,"comment_status":"closed","ping_status":"closed","sticky":false,"template":"","format":"standard","meta":{"_mi_skip_tracking":false,"_monsterinsights_sitenote_active":false,"_monsterinsights_sitenote_note":"","_monsterinsights_sitenote_category":0,"footnotes":""},"categories":[21,512],"tags":[668,134,902,1746,89],"class_list":["post-4576","post","type-post","status-publish","format-standard","has-post-thumbnail","hentry","category-actualite","category-rap","tag-artiste-ivoirien","tag-gims","tag-lil-jay-bingerack","tag-palais-de-la-culture","tag-rap-ivoire"],"yoast_head":"<!-- This site is optimized with the Yoast SEO Premium plugin v20.1 (Yoast SEO v24.0) - https:\/\/yoast.com\/wordpress\/plugins\/seo\/ -->\n<title>Lil Jay Bingerack \u00e9lectrise le Palais de la Culture ! - Culturbaine<\/title>\n<meta name=\"robots\" content=\"index, follow, max-snippet:-1, max-image-preview:large, max-video-preview:-1\" \/>\n<link rel=\"canonical\" href=\"https:\/\/culturbaine.com\/index.php\/2024\/02\/20\/lil-jay-bingerack-electrise-le-palais-de-la-culture\/\" \/>\n<meta property=\"og:locale\" content=\"fr_FR\" \/>\n<meta property=\"og:type\" content=\"article\" \/>\n<meta property=\"og:title\" content=\"Lil Jay Bingerack \u00e9lectrise le Palais de la Culture !\" \/>\n<meta property=\"og:description\" content=\"Le samedi 17 f\u00e9vrier 2024 restera grav\u00e9 dans les m\u00e9moires des fans de musique ivoirienne, alors que Lil Jay Bingerack, \u00e9galement connu sous le nom de Baoul\u00e9 Super Star, a enflamm\u00e9 le Palais de la Culture Bernard Binlin Dadi\u00e9 de Treichville \u00e0 Abidjan lors de son tout premier concert. D\u00e8s 15 heures, une foule impatiente [&hellip;]\" \/>\n<meta property=\"og:url\" content=\"https:\/\/culturbaine.com\/index.php\/2024\/02\/20\/lil-jay-bingerack-electrise-le-palais-de-la-culture\/\" \/>\n<meta property=\"og:site_name\" content=\"Culturbaine\" \/>\n<meta property=\"article:publisher\" content=\"https:\/\/www.facebook.com\/Culturbaines\" \/>\n<meta property=\"article:published_time\" content=\"2024-02-20T12:28:24+00:00\" \/>\n<meta property=\"og:image\" content=\"https:\/\/culturbaine.com\/wp-content\/uploads\/2024\/02\/17084248474732.jpg\" \/>\n\t<meta property=\"og:image:width\" content=\"720\" \/>\n\t<meta property=\"og:image:height\" content=\"380\" \/>\n\t<meta property=\"og:image:type\" content=\"image\/jpeg\" \/>\n<meta name=\"author\" content=\"admin1\" \/>\n<meta name=\"twitter:card\" content=\"summary_large_image\" \/>\n<meta name=\"twitter:creator\" content=\"@culturbaines\" \/>\n<meta name=\"twitter:site\" content=\"@culturbaines\" \/>\n<meta name=\"twitter:label1\" content=\"\u00c9crit par\" \/>\n\t<meta name=\"twitter:data1\" content=\"admin1\" \/>\n\t<meta name=\"twitter:label2\" content=\"Dur\u00e9e de lecture estim\u00e9e\" \/>\n\t<meta name=\"twitter:data2\" content=\"2 minutes\" \/>\n<script type=\"application\/ld+json\" class=\"yoast-schema-graph\">{\"@context\":\"https:\/\/schema.org\",\"@graph\":[{\"@type\":\"Article\",\"@id\":\"https:\/\/culturbaine.com\/index.php\/2024\/02\/20\/lil-jay-bingerack-electrise-le-palais-de-la-culture\/#article\",\"isPartOf\":{\"@id\":\"https:\/\/culturbaine.com\/index.php\/2024\/02\/20\/lil-jay-bingerack-electrise-le-palais-de-la-culture\/\"},\"author\":{\"name\":\"admin1\",\"@id\":\"https:\/\/culturbaine.com\/#\/schema\/person\/42eb7485c572e0746c1ea6b8216c3814\"},\"headline\":\"Lil Jay Bingerack \u00e9lectrise le Palais de la Culture !\",\"datePublished\":\"2024-02-20T12:28:24+00:00\",\"dateModified\":\"2024-02-20T12:28:24+00:00\",\"mainEntityOfPage\":{\"@id\":\"https:\/\/culturbaine.com\/index.php\/2024\/02\/20\/lil-jay-bingerack-electrise-le-palais-de-la-culture\/\"},\"wordCount\":326,\"publisher\":{\"@id\":\"https:\/\/culturbaine.com\/#organization\"},\"image\":{\"@id\":\"https:\/\/culturbaine.com\/index.php\/2024\/02\/20\/lil-jay-bingerack-electrise-le-palais-de-la-culture\/#primaryimage\"},\"thumbnailUrl\":\"https:\/\/culturbaine.com\/wp-content\/uploads\/2024\/02\/17084248474732.jpg\",\"keywords\":[\"artiste ivoirien\",\"Gims\",\"Lil Jay Bingerack\",\"Palais de la culture\",\"rap ivoire\"],\"articleSection\":[\"Actualit\u00e9\",\"Rap\"],\"inLanguage\":\"fr-FR\"},{\"@type\":\"WebPage\",\"@id\":\"https:\/\/culturbaine.com\/index.php\/2024\/02\/20\/lil-jay-bingerack-electrise-le-palais-de-la-culture\/\",\"url\":\"https:\/\/culturbaine.com\/index.php\/2024\/02\/20\/lil-jay-bingerack-electrise-le-palais-de-la-culture\/\",\"name\":\"Lil Jay Bingerack \u00e9lectrise le Palais de la Culture ! - Culturbaine\",\"isPartOf\":{\"@id\":\"https:\/\/culturbaine.com\/#website\"},\"primaryImageOfPage\":{\"@id\":\"https:\/\/culturbaine.com\/index.php\/2024\/02\/20\/lil-jay-bingerack-electrise-le-palais-de-la-culture\/#primaryimage\"},\"image\":{\"@id\":\"https:\/\/culturbaine.com\/index.php\/2024\/02\/20\/lil-jay-bingerack-electrise-le-palais-de-la-culture\/#primaryimage\"},\"thumbnailUrl\":\"https:\/\/culturbaine.com\/wp-content\/uploads\/2024\/02\/17084248474732.jpg\",\"datePublished\":\"2024-02-20T12:28:24+00:00\",\"dateModified\":\"2024-02-20T12:28:24+00:00\",\"breadcrumb\":{\"@id\":\"https:\/\/culturbaine.com\/index.php\/2024\/02\/20\/lil-jay-bingerack-electrise-le-palais-de-la-culture\/#breadcrumb\"},\"inLanguage\":\"fr-FR\",\"potentialAction\":[{\"@type\":\"ReadAction\",\"target\":[\"https:\/\/culturbaine.com\/index.php\/2024\/02\/20\/lil-jay-bingerack-electrise-le-palais-de-la-culture\/\"]}]},{\"@type\":\"ImageObject\",\"inLanguage\":\"fr-FR\",\"@id\":\"https:\/\/culturbaine.com\/index.php\/2024\/02\/20\/lil-jay-bingerack-electrise-le-palais-de-la-culture\/#primaryimage\",\"url\":\"https:\/\/culturbaine.com\/wp-content\/uploads\/2024\/02\/17084248474732.jpg\",\"contentUrl\":\"https:\/\/culturbaine.com\/wp-content\/uploads\/2024\/02\/17084248474732.jpg\",\"width\":720,\"height\":380},{\"@type\":\"BreadcrumbList\",\"@id\":\"https:\/\/culturbaine.com\/index.php\/2024\/02\/20\/lil-jay-bingerack-electrise-le-palais-de-la-culture\/#breadcrumb\",\"itemListElement\":[{\"@type\":\"ListItem\",\"position\":1,\"name\":\"Home\",\"item\":\"https:\/\/culturbaine.com\/\"},{\"@type\":\"ListItem\",\"position\":2,\"name\":\"Lil Jay Bingerack \u00e9lectrise le Palais de la Culture !\"}]},{\"@type\":\"WebSite\",\"@id\":\"https:\/\/culturbaine.com\/#website\",\"url\":\"https:\/\/culturbaine.com\/\",\"name\":\"Culturbaine.com\",\"description\":\"Toute l&#039;actualit\u00e9 des Cultures Urbaines, en un clic  !\",\"publisher\":{\"@id\":\"https:\/\/culturbaine.com\/#organization\"},\"potentialAction\":[{\"@type\":\"SearchAction\",\"target\":{\"@type\":\"EntryPoint\",\"urlTemplate\":\"https:\/\/culturbaine.com\/?s={search_term_string}\"},\"query-input\":{\"@type\":\"PropertyValueSpecification\",\"valueRequired\":true,\"valueName\":\"search_term_string\"}}],\"inLanguage\":\"fr-FR\"},{\"@type\":\"Organization\",\"@id\":\"https:\/\/culturbaine.com\/#organization\",\"name\":\"Culturbaine.com\",\"url\":\"https:\/\/culturbaine.com\/\",\"logo\":{\"@type\":\"ImageObject\",\"inLanguage\":\"fr-FR\",\"@id\":\"https:\/\/culturbaine.com\/#\/schema\/logo\/image\/\",\"url\":\"https:\/\/culturbaine.com\/wp-content\/uploads\/2023\/07\/WhatsApp-Image-2023-07-17-at-14.38.18.jpeg\",\"contentUrl\":\"https:\/\/culturbaine.com\/wp-content\/uploads\/2023\/07\/WhatsApp-Image-2023-07-17-at-14.38.18.jpeg\",\"width\":855,\"height\":270,\"caption\":\"Culturbaine.com\"},\"image\":{\"@id\":\"https:\/\/culturbaine.com\/#\/schema\/logo\/image\/\"},\"sameAs\":[\"https:\/\/www.facebook.com\/Culturbaines\",\"https:\/\/x.com\/culturbaines\"]},{\"@type\":\"Person\",\"@id\":\"https:\/\/culturbaine.com\/#\/schema\/person\/42eb7485c572e0746c1ea6b8216c3814\",\"name\":\"admin1\",\"image\":{\"@type\":\"ImageObject\",\"inLanguage\":\"fr-FR\",\"@id\":\"https:\/\/culturbaine.com\/#\/schema\/person\/image\/\",\"url\":\"https:\/\/secure.gravatar.com\/avatar\/c268f4d483ce0486e5a10fee87bbf756?s=96&d=mm&r=g\",\"contentUrl\":\"https:\/\/secure.gravatar.com\/avatar\/c268f4d483ce0486e5a10fee87bbf756?s=96&d=mm&r=g\",\"caption\":\"admin1\"},\"url\":\"https:\/\/culturbaine.com\/index.php\/author\/admin1\/\"}]}<\/script>\n<!-- \/ Yoast SEO Premium plugin. -->","yoast_head_json":{"title":"Lil Jay Bingerack \u00e9lectrise le Palais de la Culture ! - Culturbaine","robots":{"index":"index","follow":"follow","max-snippet":"max-snippet:-1","max-image-preview":"max-image-preview:large","max-video-preview":"max-video-preview:-1"},"canonical":"https:\/\/culturbaine.com\/index.php\/2024\/02\/20\/lil-jay-bingerack-electrise-le-palais-de-la-culture\/","og_locale":"fr_FR","og_type":"article","og_title":"Lil Jay Bingerack \u00e9lectrise le Palais de la Culture !","og_description":"Le samedi 17 f\u00e9vrier 2024 restera grav\u00e9 dans les m\u00e9moires des fans de musique ivoirienne, alors que Lil Jay Bingerack, \u00e9galement connu sous le nom de Baoul\u00e9 Super Star, a enflamm\u00e9 le Palais de la Culture Bernard Binlin Dadi\u00e9 de Treichville \u00e0 Abidjan lors de son tout premier concert. D\u00e8s 15 heures, une foule impatiente [&hellip;]","og_url":"https:\/\/culturbaine.com\/index.php\/2024\/02\/20\/lil-jay-bingerack-electrise-le-palais-de-la-culture\/","og_site_name":"Culturbaine","article_publisher":"https:\/\/www.facebook.com\/Culturbaines","article_published_time":"2024-02-20T12:28:24+00:00","og_image":[{"width":720,"height":380,"url":"https:\/\/culturbaine.com\/wp-content\/uploads\/2024\/02\/17084248474732.jpg","type":"image\/jpeg"}],"author":"admin1","twitter_card":"summary_large_image","twitter_creator":"@culturbaines","twitter_site":"@culturbaines","twitter_misc":{"\u00c9crit par":"admin1","Dur\u00e9e de lecture estim\u00e9e":"2 minutes"},"schema":{"@context":"https:\/\/schema.org","@graph":[{"@type":"Article","@id":"https:\/\/culturbaine.com\/index.php\/2024\/02\/20\/lil-jay-bingerack-electrise-le-palais-de-la-culture\/#article","isPartOf":{"@id":"https:\/\/culturbaine.com\/index.php\/2024\/02\/20\/lil-jay-bingerack-electrise-le-palais-de-la-culture\/"},"author":{"name":"admin1","@id":"https:\/\/culturbaine.com\/#\/schema\/person\/42eb7485c572e0746c1ea6b8216c3814"},"headline":"Lil Jay Bingerack \u00e9lectrise le Palais de la Culture !","datePublished":"2024-02-20T12:28:24+00:00","dateModified":"2024-02-20T12:28:24+00:00","mainEntityOfPage":{"@id":"https:\/\/culturbaine.com\/index.php\/2024\/02\/20\/lil-jay-bingerack-electrise-le-palais-de-la-culture\/"},"wordCount":326,"publisher":{"@id":"https:\/\/culturbaine.com\/#organization"},"image":{"@id":"https:\/\/culturbaine.com\/index.php\/2024\/02\/20\/lil-jay-bingerack-electrise-le-palais-de-la-culture\/#primaryimage"},"thumbnailUrl":"https:\/\/culturbaine.com\/wp-content\/uploads\/2024\/02\/17084248474732.jpg","keywords":["artiste ivoirien","Gims","Lil Jay Bingerack","Palais de la culture","rap ivoire"],"articleSection":["Actualit\u00e9","Rap"],"inLanguage":"fr-FR"},{"@type":"WebPage","@id":"https:\/\/culturbaine.com\/index.php\/2024\/02\/20\/lil-jay-bingerack-electrise-le-palais-de-la-culture\/","url":"https:\/\/culturbaine.com\/index.php\/2024\/02\/20\/lil-jay-bingerack-electrise-le-palais-de-la-culture\/","name":"Lil Jay Bingerack \u00e9lectrise le Palais de la Culture ! - Culturbaine","isPartOf":{"@id":"https:\/\/culturbaine.com\/#website"},"primaryImageOfPage":{"@id":"https:\/\/culturbaine.com\/index.php\/2024\/02\/20\/lil-jay-bingerack-electrise-le-palais-de-la-culture\/#primaryimage"},"image":{"@id":"https:\/\/culturbaine.com\/index.php\/2024\/02\/20\/lil-jay-bingerack-electrise-le-palais-de-la-culture\/#primaryimage"},"thumbnailUrl":"https:\/\/culturbaine.com\/wp-content\/uploads\/2024\/02\/17084248474732.jpg","datePublished":"2024-02-20T12:28:24+00:00","dateModified":"2024-02-20T12:28:24+00:00","breadcrumb":{"@id":"https:\/\/culturbaine.com\/index.php\/2024\/02\/20\/lil-jay-bingerack-electrise-le-palais-de-la-culture\/#breadcrumb"},"inLanguage":"fr-FR","potentialAction":[{"@type":"ReadAction","target":["https:\/\/culturbaine.com\/index.php\/2024\/02\/20\/lil-jay-bingerack-electrise-le-palais-de-la-culture\/"]}]},{"@type":"ImageObject","inLanguage":"fr-FR","@id":"https:\/\/culturbaine.com\/index.php\/2024\/02\/20\/lil-jay-bingerack-electrise-le-palais-de-la-culture\/#primaryimage","url":"https:\/\/culturbaine.com\/wp-content\/uploads\/2024\/02\/17084248474732.jpg","contentUrl":"https:\/\/culturbaine.com\/wp-content\/uploads\/2024\/02\/17084248474732.jpg","width":720,"height":380},{"@type":"BreadcrumbList","@id":"https:\/\/culturbaine.com\/index.php\/2024\/02\/20\/lil-jay-bingerack-electrise-le-palais-de-la-culture\/#breadcrumb","itemListElement":[{"@type":"ListItem","position":1,"name":"Home","item":"https:\/\/culturbaine.com\/"},{"@type":"ListItem","position":2,"name":"Lil Jay Bingerack \u00e9lectrise le Palais de la Culture !"}]},{"@type":"WebSite","@id":"https:\/\/culturbaine.com\/#website","url":"https:\/\/culturbaine.com\/","name":"Culturbaine.com","description":"Toute l&#039;actualit\u00e9 des Cultures Urbaines, en un clic  !","publisher":{"@id":"https:\/\/culturbaine.com\/#organization"},"potentialAction":[{"@type":"SearchAction","target":{"@type":"EntryPoint","urlTemplate":"https:\/\/culturbaine.com\/?s={search_term_string}"},"query-input":{"@type":"PropertyValueSpecification","valueRequired":true,"valueName":"search_term_string"}}],"inLanguage":"fr-FR"},{"@type":"Organization","@id":"https:\/\/culturbaine.com\/#organization","name":"Culturbaine.com","url":"https:\/\/culturbaine.com\/","logo":{"@type":"ImageObject","inLanguage":"fr-FR","@id":"https:\/\/culturbaine.com\/#\/schema\/logo\/image\/","url":"https:\/\/culturbaine.com\/wp-content\/uploads\/2023\/07\/WhatsApp-Image-2023-07-17-at-14.38.18.jpeg","contentUrl":"https:\/\/culturbaine.com\/wp-content\/uploads\/2023\/07\/WhatsApp-Image-2023-07-17-at-14.38.18.jpeg","width":855,"height":270,"caption":"Culturbaine.com"},"image":{"@id":"https:\/\/culturbaine.com\/#\/schema\/logo\/image\/"},"sameAs":["https:\/\/www.facebook.com\/Culturbaines","https:\/\/x.com\/culturbaines"]},{"@type":"Person","@id":"https:\/\/culturbaine.com\/#\/schema\/person\/42eb7485c572e0746c1ea6b8216c3814","name":"admin1","image":{"@type":"ImageObject","inLanguage":"fr-FR","@id":"https:\/\/culturbaine.com\/#\/schema\/person\/image\/","url":"https:\/\/secure.gravatar.com\/avatar\/c268f4d483ce0486e5a10fee87bbf756?s=96&d=mm&r=g","contentUrl":"https:\/\/secure.gravatar.com\/avatar\/c268f4d483ce0486e5a10fee87bbf756?s=96&d=mm&r=g","caption":"admin1"},"url":"https:\/\/culturbaine.com\/index.php\/author\/admin1\/"}]}},"_links":{"self":[{"href":"https:\/\/culturbaine.com\/index.php\/wp-json\/wp\/v2\/posts\/4576"}],"collection":[{"href":"https:\/\/culturbaine.com\/index.php\/wp-json\/wp\/v2\/posts"}],"about":[{"href":"https:\/\/culturbaine.com\/index.php\/wp-json\/wp\/v2\/types\/post"}],"author":[{"embeddable":true,"href":"https:\/\/culturbaine.com\/index.php\/wp-json\/wp\/v2\/users\/2"}],"replies":[{"embeddable":true,"href":"https:\/\/culturbaine.com\/index.php\/wp-json\/wp\/v2\/comments?post=4576"}],"version-history":[{"count":0,"href":"https:\/\/culturbaine.com\/index.php\/wp-json\/wp\/v2\/posts\/4576\/revisions"}],"wp:featuredmedia":[{"embeddable":true,"href":"https:\/\/culturbaine.com\/index.php\/wp-json\/wp\/v2\/media\/4578"}],"wp:attachment":[{"href":"https:\/\/culturbaine.com\/index.php\/wp-json\/wp\/v2\/media?parent=4576"}],"wp:term":[{"taxonomy":"category","embeddable":true,"href":"https:\/\/culturbaine.com\/index.php\/wp-json\/wp\/v2\/categories?post=4576"},{"taxonomy":"post_tag","embeddable":true,"href":"https:\/\/culturbaine.com\/index.php\/wp-json\/wp\/v2\/tags?post=4576"}],"curies":[{"name":"wp","href":"https:\/\/api.w.org\/{rel}","templated":true}]}}