{"id":4484,"date":"2024-02-16T11:13:27","date_gmt":"2024-02-16T11:13:27","guid":{"rendered":"https:\/\/culturbaine.com\/?p=4484"},"modified":"2024-02-16T11:13:27","modified_gmt":"2024-02-16T11:13:27","slug":"le-rappeur-senegalais-nitdoff-sort-de-prison","status":"publish","type":"post","link":"https:\/\/culturbaine.com\/index.php\/2024\/02\/16\/le-rappeur-senegalais-nitdoff-sort-de-prison\/","title":{"rendered":"Le rappeur s\u00e9n\u00e9galais Nitdoff sort de prison !"},"content":{"rendered":"<p style=\"text-align: left;\"><span>Dans une tentative de d\u00e9samorcer la crise sociopolitique qui secoue le S\u00e9n\u00e9gal, le pr\u00e9sident <\/span><b>Macky Sall<\/b><span> a finalement pris la d\u00e9cision de lib\u00e9rer plusieurs d\u00e9tenus politiques, dont le c\u00e9l\u00e8bre rappeur et activiste de la soci\u00e9t\u00e9 civile, <\/span><b>Nitdoff<\/b><span>. Cette d\u00e9cision intervient apr\u00e8s une pression croissante de la part de la communaut\u00e9 internationale et des appels r\u00e9p\u00e9t\u00e9s \u00e0 manifester du peuple s\u00e9n\u00e9galais.<\/span><\/p>\n<p><span style=\"font-weight: 400;\">Le jeudi 15 f\u00e9vrier 2024 restera grav\u00e9 dans les m\u00e9moires alors que des foules enthousiastes se sont rassembl\u00e9es devant la prison de Reubeuss pour accueillir <\/span><b>Nitdoff<\/b><span style=\"font-weight: 400;\"> en h\u00e9ros. Apr\u00e8s plusieurs mois derri\u00e8re les barreaux, l&rsquo;artiste a \u00e9t\u00e9 chaleureusement accueilli par ses partisans et sympathisants.<\/span><\/p>\n<p><span style=\"font-weight: 400;\">Cette vague de lib\u00e9ration est intervenue \u00e0 un moment crucial, alors que le report des \u00e9lections pr\u00e9sidentielles pr\u00e9vues initialement a suscit\u00e9 de vives tensions. Bien que la Cour constitutionnelle ait ent\u00e9rin\u00e9 ce report, la lib\u00e9ration de <\/span><b>Nitdoff<\/b><span style=\"font-weight: 400;\"> et d&rsquo;autres d\u00e9tenus politiques est per\u00e7ue comme un premier pas vers l&rsquo;apaisement des tensions politiques dans le pays.<\/span><\/p>\n<p><b>Mohamed Cinq Sylla<\/b><\/p>\n","protected":false},"excerpt":{"rendered":"<p>Dans une tentative de d\u00e9samorcer la crise sociopolitique qui secoue le S\u00e9n\u00e9gal, le pr\u00e9sident Macky Sall a finalement pris la d\u00e9cision de lib\u00e9rer plusieurs d\u00e9tenus politiques, dont le c\u00e9l\u00e8bre rappeur et activiste de la soci\u00e9t\u00e9 civile, Nitdoff. Cette d\u00e9cision intervient apr\u00e8s une pression croissante de la part de la communaut\u00e9 internationale et des appels r\u00e9p\u00e9t\u00e9s [&hellip;]<\/p>\n","protected":false},"author":2,"featured_media":4486,"comment_status":"closed","ping_status":"closed","sticky":false,"template":"","format":"standard","meta":{"_mi_skip_tracking":false,"_monsterinsights_sitenote_active":false,"_monsterinsights_sitenote_note":"","_monsterinsights_sitenote_category":0,"footnotes":""},"categories":[21,512],"tags":[1631,1718,1716,1643,785,601,1717],"class_list":["post-4484","post","type-post","status-publish","format-standard","has-post-thumbnail","hentry","category-actualite","category-rap","tag-crise-senegalaise","tag-libere","tag-libre","tag-macky-sall","tag-nitdoff","tag-rappeur-senegalais","tag-sorti-de-prison"],"yoast_head":"<!-- This site is optimized with the Yoast SEO Premium plugin v20.1 (Yoast SEO v24.0) - https:\/\/yoast.com\/wordpress\/plugins\/seo\/ -->\n<title>Le rappeur s\u00e9n\u00e9galais Nitdoff sort de prison ! - Culturbaine<\/title>\n<meta name=\"robots\" content=\"index, follow, max-snippet:-1, max-image-preview:large, max-video-preview:-1\" \/>\n<link rel=\"canonical\" href=\"https:\/\/culturbaine.com\/index.php\/2024\/02\/16\/le-rappeur-senegalais-nitdoff-sort-de-prison\/\" \/>\n<meta property=\"og:locale\" content=\"fr_FR\" \/>\n<meta property=\"og:type\" content=\"article\" \/>\n<meta property=\"og:title\" content=\"Le rappeur s\u00e9n\u00e9galais Nitdoff sort de prison !\" \/>\n<meta property=\"og:description\" content=\"Dans une tentative de d\u00e9samorcer la crise sociopolitique qui secoue le S\u00e9n\u00e9gal, le pr\u00e9sident Macky Sall a finalement pris la d\u00e9cision de lib\u00e9rer plusieurs d\u00e9tenus politiques, dont le c\u00e9l\u00e8bre rappeur et activiste de la soci\u00e9t\u00e9 civile, Nitdoff. Cette d\u00e9cision intervient apr\u00e8s une pression croissante de la part de la communaut\u00e9 internationale et des appels r\u00e9p\u00e9t\u00e9s [&hellip;]\" \/>\n<meta property=\"og:url\" content=\"https:\/\/culturbaine.com\/index.php\/2024\/02\/16\/le-rappeur-senegalais-nitdoff-sort-de-prison\/\" \/>\n<meta property=\"og:site_name\" content=\"Culturbaine\" \/>\n<meta property=\"article:publisher\" content=\"https:\/\/www.facebook.com\/Culturbaines\" \/>\n<meta property=\"article:published_time\" content=\"2024-02-16T11:13:27+00:00\" \/>\n<meta property=\"og:image\" content=\"https:\/\/culturbaine.com\/wp-content\/uploads\/2024\/02\/17080814367002.jpg\" \/>\n\t<meta property=\"og:image:width\" content=\"675\" \/>\n\t<meta property=\"og:image:height\" content=\"380\" \/>\n\t<meta property=\"og:image:type\" content=\"image\/jpeg\" \/>\n<meta name=\"author\" content=\"admin1\" \/>\n<meta name=\"twitter:card\" content=\"summary_large_image\" \/>\n<meta name=\"twitter:creator\" content=\"@culturbaines\" \/>\n<meta name=\"twitter:site\" content=\"@culturbaines\" \/>\n<meta name=\"twitter:label1\" content=\"\u00c9crit par\" \/>\n\t<meta name=\"twitter:data1\" content=\"admin1\" \/>\n\t<meta name=\"twitter:label2\" content=\"Dur\u00e9e de lecture estim\u00e9e\" \/>\n\t<meta name=\"twitter:data2\" content=\"2 minutes\" \/>\n<script type=\"application\/ld+json\" class=\"yoast-schema-graph\">{\"@context\":\"https:\/\/schema.org\",\"@graph\":[{\"@type\":\"Article\",\"@id\":\"https:\/\/culturbaine.com\/index.php\/2024\/02\/16\/le-rappeur-senegalais-nitdoff-sort-de-prison\/#article\",\"isPartOf\":{\"@id\":\"https:\/\/culturbaine.com\/index.php\/2024\/02\/16\/le-rappeur-senegalais-nitdoff-sort-de-prison\/\"},\"author\":{\"name\":\"admin1\",\"@id\":\"https:\/\/culturbaine.com\/#\/schema\/person\/42eb7485c572e0746c1ea6b8216c3814\"},\"headline\":\"Le rappeur s\u00e9n\u00e9galais Nitdoff sort de prison !\",\"datePublished\":\"2024-02-16T11:13:27+00:00\",\"dateModified\":\"2024-02-16T11:13:27+00:00\",\"mainEntityOfPage\":{\"@id\":\"https:\/\/culturbaine.com\/index.php\/2024\/02\/16\/le-rappeur-senegalais-nitdoff-sort-de-prison\/\"},\"wordCount\":200,\"publisher\":{\"@id\":\"https:\/\/culturbaine.com\/#organization\"},\"image\":{\"@id\":\"https:\/\/culturbaine.com\/index.php\/2024\/02\/16\/le-rappeur-senegalais-nitdoff-sort-de-prison\/#primaryimage\"},\"thumbnailUrl\":\"https:\/\/culturbaine.com\/wp-content\/uploads\/2024\/02\/17080814367002.jpg\",\"keywords\":[\"Crise S\u00e9n\u00e9galaise\",\"Lib\u00e9r\u00e9\",\"Libre\",\"Macky Sall\",\"Nitdoff\",\"rappeur s\u00e9n\u00e9galais\",\"sorti de prison\"],\"articleSection\":[\"Actualit\u00e9\",\"Rap\"],\"inLanguage\":\"fr-FR\"},{\"@type\":\"WebPage\",\"@id\":\"https:\/\/culturbaine.com\/index.php\/2024\/02\/16\/le-rappeur-senegalais-nitdoff-sort-de-prison\/\",\"url\":\"https:\/\/culturbaine.com\/index.php\/2024\/02\/16\/le-rappeur-senegalais-nitdoff-sort-de-prison\/\",\"name\":\"Le rappeur s\u00e9n\u00e9galais Nitdoff sort de prison ! - Culturbaine\",\"isPartOf\":{\"@id\":\"https:\/\/culturbaine.com\/#website\"},\"primaryImageOfPage\":{\"@id\":\"https:\/\/culturbaine.com\/index.php\/2024\/02\/16\/le-rappeur-senegalais-nitdoff-sort-de-prison\/#primaryimage\"},\"image\":{\"@id\":\"https:\/\/culturbaine.com\/index.php\/2024\/02\/16\/le-rappeur-senegalais-nitdoff-sort-de-prison\/#primaryimage\"},\"thumbnailUrl\":\"https:\/\/culturbaine.com\/wp-content\/uploads\/2024\/02\/17080814367002.jpg\",\"datePublished\":\"2024-02-16T11:13:27+00:00\",\"dateModified\":\"2024-02-16T11:13:27+00:00\",\"breadcrumb\":{\"@id\":\"https:\/\/culturbaine.com\/index.php\/2024\/02\/16\/le-rappeur-senegalais-nitdoff-sort-de-prison\/#breadcrumb\"},\"inLanguage\":\"fr-FR\",\"potentialAction\":[{\"@type\":\"ReadAction\",\"target\":[\"https:\/\/culturbaine.com\/index.php\/2024\/02\/16\/le-rappeur-senegalais-nitdoff-sort-de-prison\/\"]}]},{\"@type\":\"ImageObject\",\"inLanguage\":\"fr-FR\",\"@id\":\"https:\/\/culturbaine.com\/index.php\/2024\/02\/16\/le-rappeur-senegalais-nitdoff-sort-de-prison\/#primaryimage\",\"url\":\"https:\/\/culturbaine.com\/wp-content\/uploads\/2024\/02\/17080814367002.jpg\",\"contentUrl\":\"https:\/\/culturbaine.com\/wp-content\/uploads\/2024\/02\/17080814367002.jpg\",\"width\":675,\"height\":380},{\"@type\":\"BreadcrumbList\",\"@id\":\"https:\/\/culturbaine.com\/index.php\/2024\/02\/16\/le-rappeur-senegalais-nitdoff-sort-de-prison\/#breadcrumb\",\"itemListElement\":[{\"@type\":\"ListItem\",\"position\":1,\"name\":\"Home\",\"item\":\"https:\/\/culturbaine.com\/\"},{\"@type\":\"ListItem\",\"position\":2,\"name\":\"Le rappeur s\u00e9n\u00e9galais Nitdoff sort de prison !\"}]},{\"@type\":\"WebSite\",\"@id\":\"https:\/\/culturbaine.com\/#website\",\"url\":\"https:\/\/culturbaine.com\/\",\"name\":\"Culturbaine.com\",\"description\":\"Toute l&#039;actualit\u00e9 des Cultures Urbaines, en un clic  !\",\"publisher\":{\"@id\":\"https:\/\/culturbaine.com\/#organization\"},\"potentialAction\":[{\"@type\":\"SearchAction\",\"target\":{\"@type\":\"EntryPoint\",\"urlTemplate\":\"https:\/\/culturbaine.com\/?s={search_term_string}\"},\"query-input\":{\"@type\":\"PropertyValueSpecification\",\"valueRequired\":true,\"valueName\":\"search_term_string\"}}],\"inLanguage\":\"fr-FR\"},{\"@type\":\"Organization\",\"@id\":\"https:\/\/culturbaine.com\/#organization\",\"name\":\"Culturbaine.com\",\"url\":\"https:\/\/culturbaine.com\/\",\"logo\":{\"@type\":\"ImageObject\",\"inLanguage\":\"fr-FR\",\"@id\":\"https:\/\/culturbaine.com\/#\/schema\/logo\/image\/\",\"url\":\"https:\/\/culturbaine.com\/wp-content\/uploads\/2023\/07\/WhatsApp-Image-2023-07-17-at-14.38.18.jpeg\",\"contentUrl\":\"https:\/\/culturbaine.com\/wp-content\/uploads\/2023\/07\/WhatsApp-Image-2023-07-17-at-14.38.18.jpeg\",\"width\":855,\"height\":270,\"caption\":\"Culturbaine.com\"},\"image\":{\"@id\":\"https:\/\/culturbaine.com\/#\/schema\/logo\/image\/\"},\"sameAs\":[\"https:\/\/www.facebook.com\/Culturbaines\",\"https:\/\/x.com\/culturbaines\"]},{\"@type\":\"Person\",\"@id\":\"https:\/\/culturbaine.com\/#\/schema\/person\/42eb7485c572e0746c1ea6b8216c3814\",\"name\":\"admin1\",\"image\":{\"@type\":\"ImageObject\",\"inLanguage\":\"fr-FR\",\"@id\":\"https:\/\/culturbaine.com\/#\/schema\/person\/image\/\",\"url\":\"https:\/\/secure.gravatar.com\/avatar\/c268f4d483ce0486e5a10fee87bbf756?s=96&d=mm&r=g\",\"contentUrl\":\"https:\/\/secure.gravatar.com\/avatar\/c268f4d483ce0486e5a10fee87bbf756?s=96&d=mm&r=g\",\"caption\":\"admin1\"},\"url\":\"https:\/\/culturbaine.com\/index.php\/author\/admin1\/\"}]}<\/script>\n<!-- \/ Yoast SEO Premium plugin. -->","yoast_head_json":{"title":"Le rappeur s\u00e9n\u00e9galais Nitdoff sort de prison ! - Culturbaine","robots":{"index":"index","follow":"follow","max-snippet":"max-snippet:-1","max-image-preview":"max-image-preview:large","max-video-preview":"max-video-preview:-1"},"canonical":"https:\/\/culturbaine.com\/index.php\/2024\/02\/16\/le-rappeur-senegalais-nitdoff-sort-de-prison\/","og_locale":"fr_FR","og_type":"article","og_title":"Le rappeur s\u00e9n\u00e9galais Nitdoff sort de prison !","og_description":"Dans une tentative de d\u00e9samorcer la crise sociopolitique qui secoue le S\u00e9n\u00e9gal, le pr\u00e9sident Macky Sall a finalement pris la d\u00e9cision de lib\u00e9rer plusieurs d\u00e9tenus politiques, dont le c\u00e9l\u00e8bre rappeur et activiste de la soci\u00e9t\u00e9 civile, Nitdoff. Cette d\u00e9cision intervient apr\u00e8s une pression croissante de la part de la communaut\u00e9 internationale et des appels r\u00e9p\u00e9t\u00e9s [&hellip;]","og_url":"https:\/\/culturbaine.com\/index.php\/2024\/02\/16\/le-rappeur-senegalais-nitdoff-sort-de-prison\/","og_site_name":"Culturbaine","article_publisher":"https:\/\/www.facebook.com\/Culturbaines","article_published_time":"2024-02-16T11:13:27+00:00","og_image":[{"width":675,"height":380,"url":"https:\/\/culturbaine.com\/wp-content\/uploads\/2024\/02\/17080814367002.jpg","type":"image\/jpeg"}],"author":"admin1","twitter_card":"summary_large_image","twitter_creator":"@culturbaines","twitter_site":"@culturbaines","twitter_misc":{"\u00c9crit par":"admin1","Dur\u00e9e de lecture estim\u00e9e":"2 minutes"},"schema":{"@context":"https:\/\/schema.org","@graph":[{"@type":"Article","@id":"https:\/\/culturbaine.com\/index.php\/2024\/02\/16\/le-rappeur-senegalais-nitdoff-sort-de-prison\/#article","isPartOf":{"@id":"https:\/\/culturbaine.com\/index.php\/2024\/02\/16\/le-rappeur-senegalais-nitdoff-sort-de-prison\/"},"author":{"name":"admin1","@id":"https:\/\/culturbaine.com\/#\/schema\/person\/42eb7485c572e0746c1ea6b8216c3814"},"headline":"Le rappeur s\u00e9n\u00e9galais Nitdoff sort de prison !","datePublished":"2024-02-16T11:13:27+00:00","dateModified":"2024-02-16T11:13:27+00:00","mainEntityOfPage":{"@id":"https:\/\/culturbaine.com\/index.php\/2024\/02\/16\/le-rappeur-senegalais-nitdoff-sort-de-prison\/"},"wordCount":200,"publisher":{"@id":"https:\/\/culturbaine.com\/#organization"},"image":{"@id":"https:\/\/culturbaine.com\/index.php\/2024\/02\/16\/le-rappeur-senegalais-nitdoff-sort-de-prison\/#primaryimage"},"thumbnailUrl":"https:\/\/culturbaine.com\/wp-content\/uploads\/2024\/02\/17080814367002.jpg","keywords":["Crise S\u00e9n\u00e9galaise","Lib\u00e9r\u00e9","Libre","Macky Sall","Nitdoff","rappeur s\u00e9n\u00e9galais","sorti de prison"],"articleSection":["Actualit\u00e9","Rap"],"inLanguage":"fr-FR"},{"@type":"WebPage","@id":"https:\/\/culturbaine.com\/index.php\/2024\/02\/16\/le-rappeur-senegalais-nitdoff-sort-de-prison\/","url":"https:\/\/culturbaine.com\/index.php\/2024\/02\/16\/le-rappeur-senegalais-nitdoff-sort-de-prison\/","name":"Le rappeur s\u00e9n\u00e9galais Nitdoff sort de prison ! - Culturbaine","isPartOf":{"@id":"https:\/\/culturbaine.com\/#website"},"primaryImageOfPage":{"@id":"https:\/\/culturbaine.com\/index.php\/2024\/02\/16\/le-rappeur-senegalais-nitdoff-sort-de-prison\/#primaryimage"},"image":{"@id":"https:\/\/culturbaine.com\/index.php\/2024\/02\/16\/le-rappeur-senegalais-nitdoff-sort-de-prison\/#primaryimage"},"thumbnailUrl":"https:\/\/culturbaine.com\/wp-content\/uploads\/2024\/02\/17080814367002.jpg","datePublished":"2024-02-16T11:13:27+00:00","dateModified":"2024-02-16T11:13:27+00:00","breadcrumb":{"@id":"https:\/\/culturbaine.com\/index.php\/2024\/02\/16\/le-rappeur-senegalais-nitdoff-sort-de-prison\/#breadcrumb"},"inLanguage":"fr-FR","potentialAction":[{"@type":"ReadAction","target":["https:\/\/culturbaine.com\/index.php\/2024\/02\/16\/le-rappeur-senegalais-nitdoff-sort-de-prison\/"]}]},{"@type":"ImageObject","inLanguage":"fr-FR","@id":"https:\/\/culturbaine.com\/index.php\/2024\/02\/16\/le-rappeur-senegalais-nitdoff-sort-de-prison\/#primaryimage","url":"https:\/\/culturbaine.com\/wp-content\/uploads\/2024\/02\/17080814367002.jpg","contentUrl":"https:\/\/culturbaine.com\/wp-content\/uploads\/2024\/02\/17080814367002.jpg","width":675,"height":380},{"@type":"BreadcrumbList","@id":"https:\/\/culturbaine.com\/index.php\/2024\/02\/16\/le-rappeur-senegalais-nitdoff-sort-de-prison\/#breadcrumb","itemListElement":[{"@type":"ListItem","position":1,"name":"Home","item":"https:\/\/culturbaine.com\/"},{"@type":"ListItem","position":2,"name":"Le rappeur s\u00e9n\u00e9galais Nitdoff sort de prison !"}]},{"@type":"WebSite","@id":"https:\/\/culturbaine.com\/#website","url":"https:\/\/culturbaine.com\/","name":"Culturbaine.com","description":"Toute l&#039;actualit\u00e9 des Cultures Urbaines, en un clic  !","publisher":{"@id":"https:\/\/culturbaine.com\/#organization"},"potentialAction":[{"@type":"SearchAction","target":{"@type":"EntryPoint","urlTemplate":"https:\/\/culturbaine.com\/?s={search_term_string}"},"query-input":{"@type":"PropertyValueSpecification","valueRequired":true,"valueName":"search_term_string"}}],"inLanguage":"fr-FR"},{"@type":"Organization","@id":"https:\/\/culturbaine.com\/#organization","name":"Culturbaine.com","url":"https:\/\/culturbaine.com\/","logo":{"@type":"ImageObject","inLanguage":"fr-FR","@id":"https:\/\/culturbaine.com\/#\/schema\/logo\/image\/","url":"https:\/\/culturbaine.com\/wp-content\/uploads\/2023\/07\/WhatsApp-Image-2023-07-17-at-14.38.18.jpeg","contentUrl":"https:\/\/culturbaine.com\/wp-content\/uploads\/2023\/07\/WhatsApp-Image-2023-07-17-at-14.38.18.jpeg","width":855,"height":270,"caption":"Culturbaine.com"},"image":{"@id":"https:\/\/culturbaine.com\/#\/schema\/logo\/image\/"},"sameAs":["https:\/\/www.facebook.com\/Culturbaines","https:\/\/x.com\/culturbaines"]},{"@type":"Person","@id":"https:\/\/culturbaine.com\/#\/schema\/person\/42eb7485c572e0746c1ea6b8216c3814","name":"admin1","image":{"@type":"ImageObject","inLanguage":"fr-FR","@id":"https:\/\/culturbaine.com\/#\/schema\/person\/image\/","url":"https:\/\/secure.gravatar.com\/avatar\/c268f4d483ce0486e5a10fee87bbf756?s=96&d=mm&r=g","contentUrl":"https:\/\/secure.gravatar.com\/avatar\/c268f4d483ce0486e5a10fee87bbf756?s=96&d=mm&r=g","caption":"admin1"},"url":"https:\/\/culturbaine.com\/index.php\/author\/admin1\/"}]}},"_links":{"self":[{"href":"https:\/\/culturbaine.com\/index.php\/wp-json\/wp\/v2\/posts\/4484"}],"collection":[{"href":"https:\/\/culturbaine.com\/index.php\/wp-json\/wp\/v2\/posts"}],"about":[{"href":"https:\/\/culturbaine.com\/index.php\/wp-json\/wp\/v2\/types\/post"}],"author":[{"embeddable":true,"href":"https:\/\/culturbaine.com\/index.php\/wp-json\/wp\/v2\/users\/2"}],"replies":[{"embeddable":true,"href":"https:\/\/culturbaine.com\/index.php\/wp-json\/wp\/v2\/comments?post=4484"}],"version-history":[{"count":0,"href":"https:\/\/culturbaine.com\/index.php\/wp-json\/wp\/v2\/posts\/4484\/revisions"}],"wp:featuredmedia":[{"embeddable":true,"href":"https:\/\/culturbaine.com\/index.php\/wp-json\/wp\/v2\/media\/4486"}],"wp:attachment":[{"href":"https:\/\/culturbaine.com\/index.php\/wp-json\/wp\/v2\/media?parent=4484"}],"wp:term":[{"taxonomy":"category","embeddable":true,"href":"https:\/\/culturbaine.com\/index.php\/wp-json\/wp\/v2\/categories?post=4484"},{"taxonomy":"post_tag","embeddable":true,"href":"https:\/\/culturbaine.com\/index.php\/wp-json\/wp\/v2\/tags?post=4484"}],"curies":[{"name":"wp","href":"https:\/\/api.w.org\/{rel}","templated":true}]}}