{"id":4320,"date":"2024-02-09T11:00:40","date_gmt":"2024-02-09T11:00:40","guid":{"rendered":"http:\/\/culturbaine.com\/?p=4320"},"modified":"2024-02-09T11:00:40","modified_gmt":"2024-02-09T11:00:40","slug":"kandia-kora-un-des-ambassadeurs-de-la-4eme-edition-du-salec","status":"publish","type":"post","link":"https:\/\/culturbaine.com\/index.php\/2024\/02\/09\/kandia-kora-un-des-ambassadeurs-de-la-4eme-edition-du-salec\/","title":{"rendered":"Kandia Kora, un des ambassadeurs de la 4\u00e8me \u00e9dition du SALEC !"},"content":{"rendered":"<p>Chaque ann\u00e9e, le Salon<strong> de la Lecture (SALEC),<\/strong> organis\u00e9 par Kadiak<strong> Communication<\/strong>, c\u00e9l\u00e8bre la promotion de la lecture en choisissant des artistes et personnalit\u00e9s publiques comme ambassadeurs. Pour l&rsquo;\u00e9dition de cette ann\u00e9e, <strong>Kandia Kora,<\/strong> artiste de renom de l&rsquo;\u00e9curie <strong>Universal Music France,<\/strong> a \u00e9t\u00e9 s\u00e9lectionn\u00e9 pour repr\u00e9senter cet \u00e9v\u00e9nement majeur.<\/p>\n<p>Reconnu pour son univers musical novateur, <strong>Kandia Kora<\/strong> a su marquer les esprits en fusionnant la traditionnelle kora avec des styles contemporains tels que le reggae, le rap et l&rsquo;afro mandingue. Sa capacit\u00e9 \u00e0 s&rsquo;adapter \u00e0 divers registres urbains en a fait une figure incontournable de la sc\u00e8ne musicale internationale.<\/p>\n<p>Lors de la conf\u00e9rence de presse marquant le lancement officiel de l&rsquo;\u00e9v\u00e9nement, qui s&rsquo;est d\u00e9roul\u00e9e cet apr\u00e8s-midi dans un h\u00f4tel de la place, Kandia<strong> Kora<\/strong> et les autres ambassadeurs ont \u00e9t\u00e9 honor\u00e9s en se voyant remettre des \u00e9charpes symboliques.<\/p>\n<p>En acceptant de pr\u00eater son image \u00e0 cet \u00e9v\u00e9nement, <strong>Kandia Kora<\/strong> s&rsquo;engage \u00e0 promouvoir activement le <strong>SALEC<\/strong>, dont l&rsquo;objectif est de stimuler l&rsquo;amour de la lecture. Sa notori\u00e9t\u00e9 et son exp\u00e9rience, notamment ses collaborations avec des artistes comme <strong>Black M<\/strong> et <strong>MHD<\/strong>, font de lui un atout pr\u00e9cieux pour sensibiliser le public \u00e0 l&rsquo;importance de la culture litt\u00e9raire.<\/p>\n<p>Outre <strong>Kandia Kora<\/strong>, d&rsquo;autres personnalit\u00e9s de renom ont \u00e9t\u00e9 d\u00e9sign\u00e9es comme ambassadeurs du <strong>SALEC<\/strong>, notamment Al<strong> Souar\u00e9 <\/strong>et<strong> Djiba Millimono<\/strong>. Leur engagement t\u00e9moigne de l&rsquo;ampleur de cet \u00e9v\u00e9nement et de son impact positif sur la soci\u00e9t\u00e9 guin\u00e9enne.<\/p>\n<p><strong>Le SALEC<\/strong> Acte 4 promet ainsi d&rsquo;\u00eatre une nouvelle \u00e9dition riche en \u00e9changes culturels et en initiatives visant \u00e0 encourager la lecture sous toutes ses formes.<\/p>\n<p><strong>Mohamed Cinq Sylla\u00a0<\/strong><\/p>\n","protected":false},"excerpt":{"rendered":"<p>Chaque ann\u00e9e, le Salon de la Lecture (SALEC), organis\u00e9 par Kadiak Communication, c\u00e9l\u00e8bre la promotion de la lecture en choisissant des artistes et personnalit\u00e9s publiques comme ambassadeurs. Pour l&rsquo;\u00e9dition de cette ann\u00e9e, Kandia Kora, artiste de renom de l&rsquo;\u00e9curie Universal Music France, a \u00e9t\u00e9 s\u00e9lectionn\u00e9 pour repr\u00e9senter cet \u00e9v\u00e9nement majeur. Reconnu pour son univers musical [&hellip;]<\/p>\n","protected":false},"author":2,"featured_media":4322,"comment_status":"closed","ping_status":"closed","sticky":false,"template":"","format":"standard","meta":{"_mi_skip_tracking":false,"_monsterinsights_sitenote_active":false,"_monsterinsights_sitenote_note":"","_monsterinsights_sitenote_category":0,"footnotes":""},"categories":[21],"tags":[1664,1663,1665],"class_list":["post-4320","post","type-post","status-publish","format-standard","has-post-thumbnail","hentry","category-actualite","tag-kandia-kora","tag-le-salec-acte-4","tag-salon-de-la-lecture"],"yoast_head":"<!-- This site is optimized with the Yoast SEO Premium plugin v20.1 (Yoast SEO v24.0) - https:\/\/yoast.com\/wordpress\/plugins\/seo\/ -->\n<title>Kandia Kora, un des ambassadeurs de la 4\u00e8me \u00e9dition du SALEC ! - Culturbaine<\/title>\n<meta name=\"robots\" content=\"index, follow, max-snippet:-1, max-image-preview:large, max-video-preview:-1\" \/>\n<link rel=\"canonical\" href=\"https:\/\/culturbaine.com\/index.php\/2024\/02\/09\/kandia-kora-un-des-ambassadeurs-de-la-4eme-edition-du-salec\/\" \/>\n<meta property=\"og:locale\" content=\"fr_FR\" \/>\n<meta property=\"og:type\" content=\"article\" \/>\n<meta property=\"og:title\" content=\"Kandia Kora, un des ambassadeurs de la 4\u00e8me \u00e9dition du SALEC !\" \/>\n<meta property=\"og:description\" content=\"Chaque ann\u00e9e, le Salon de la Lecture (SALEC), organis\u00e9 par Kadiak Communication, c\u00e9l\u00e8bre la promotion de la lecture en choisissant des artistes et personnalit\u00e9s publiques comme ambassadeurs. Pour l&rsquo;\u00e9dition de cette ann\u00e9e, Kandia Kora, artiste de renom de l&rsquo;\u00e9curie Universal Music France, a \u00e9t\u00e9 s\u00e9lectionn\u00e9 pour repr\u00e9senter cet \u00e9v\u00e9nement majeur. Reconnu pour son univers musical [&hellip;]\" \/>\n<meta property=\"og:url\" content=\"https:\/\/culturbaine.com\/index.php\/2024\/02\/09\/kandia-kora-un-des-ambassadeurs-de-la-4eme-edition-du-salec\/\" \/>\n<meta property=\"og:site_name\" content=\"Culturbaine\" \/>\n<meta property=\"article:publisher\" content=\"https:\/\/www.facebook.com\/Culturbaines\" \/>\n<meta property=\"article:published_time\" content=\"2024-02-09T11:00:40+00:00\" \/>\n<meta property=\"og:image\" content=\"https:\/\/culturbaine.com\/wp-content\/uploads\/2024\/02\/IMG_20240207_1714532-scaled.jpg\" \/>\n\t<meta property=\"og:image:width\" content=\"2560\" \/>\n\t<meta property=\"og:image:height\" content=\"1579\" \/>\n\t<meta property=\"og:image:type\" content=\"image\/jpeg\" \/>\n<meta name=\"author\" content=\"admin1\" \/>\n<meta name=\"twitter:card\" content=\"summary_large_image\" \/>\n<meta name=\"twitter:creator\" content=\"@culturbaines\" \/>\n<meta name=\"twitter:site\" content=\"@culturbaines\" \/>\n<meta name=\"twitter:label1\" content=\"\u00c9crit par\" \/>\n\t<meta name=\"twitter:data1\" content=\"admin1\" \/>\n\t<meta name=\"twitter:label2\" content=\"Dur\u00e9e de lecture estim\u00e9e\" \/>\n\t<meta name=\"twitter:data2\" content=\"2 minutes\" \/>\n<script type=\"application\/ld+json\" class=\"yoast-schema-graph\">{\"@context\":\"https:\/\/schema.org\",\"@graph\":[{\"@type\":\"Article\",\"@id\":\"https:\/\/culturbaine.com\/index.php\/2024\/02\/09\/kandia-kora-un-des-ambassadeurs-de-la-4eme-edition-du-salec\/#article\",\"isPartOf\":{\"@id\":\"https:\/\/culturbaine.com\/index.php\/2024\/02\/09\/kandia-kora-un-des-ambassadeurs-de-la-4eme-edition-du-salec\/\"},\"author\":{\"name\":\"admin1\",\"@id\":\"https:\/\/culturbaine.com\/#\/schema\/person\/42eb7485c572e0746c1ea6b8216c3814\"},\"headline\":\"Kandia Kora, un des ambassadeurs de la 4\u00e8me \u00e9dition du SALEC !\",\"datePublished\":\"2024-02-09T11:00:40+00:00\",\"dateModified\":\"2024-02-09T11:00:40+00:00\",\"mainEntityOfPage\":{\"@id\":\"https:\/\/culturbaine.com\/index.php\/2024\/02\/09\/kandia-kora-un-des-ambassadeurs-de-la-4eme-edition-du-salec\/\"},\"wordCount\":309,\"publisher\":{\"@id\":\"https:\/\/culturbaine.com\/#organization\"},\"image\":{\"@id\":\"https:\/\/culturbaine.com\/index.php\/2024\/02\/09\/kandia-kora-un-des-ambassadeurs-de-la-4eme-edition-du-salec\/#primaryimage\"},\"thumbnailUrl\":\"https:\/\/culturbaine.com\/wp-content\/uploads\/2024\/02\/IMG_20240207_1714532-scaled.jpg\",\"keywords\":[\"Kandia Kora\",\"Le SALEC Acte 4\",\"Salon de la lecture\"],\"articleSection\":[\"Actualit\u00e9\"],\"inLanguage\":\"fr-FR\"},{\"@type\":\"WebPage\",\"@id\":\"https:\/\/culturbaine.com\/index.php\/2024\/02\/09\/kandia-kora-un-des-ambassadeurs-de-la-4eme-edition-du-salec\/\",\"url\":\"https:\/\/culturbaine.com\/index.php\/2024\/02\/09\/kandia-kora-un-des-ambassadeurs-de-la-4eme-edition-du-salec\/\",\"name\":\"Kandia Kora, un des ambassadeurs de la 4\u00e8me \u00e9dition du SALEC ! - Culturbaine\",\"isPartOf\":{\"@id\":\"https:\/\/culturbaine.com\/#website\"},\"primaryImageOfPage\":{\"@id\":\"https:\/\/culturbaine.com\/index.php\/2024\/02\/09\/kandia-kora-un-des-ambassadeurs-de-la-4eme-edition-du-salec\/#primaryimage\"},\"image\":{\"@id\":\"https:\/\/culturbaine.com\/index.php\/2024\/02\/09\/kandia-kora-un-des-ambassadeurs-de-la-4eme-edition-du-salec\/#primaryimage\"},\"thumbnailUrl\":\"https:\/\/culturbaine.com\/wp-content\/uploads\/2024\/02\/IMG_20240207_1714532-scaled.jpg\",\"datePublished\":\"2024-02-09T11:00:40+00:00\",\"dateModified\":\"2024-02-09T11:00:40+00:00\",\"breadcrumb\":{\"@id\":\"https:\/\/culturbaine.com\/index.php\/2024\/02\/09\/kandia-kora-un-des-ambassadeurs-de-la-4eme-edition-du-salec\/#breadcrumb\"},\"inLanguage\":\"fr-FR\",\"potentialAction\":[{\"@type\":\"ReadAction\",\"target\":[\"https:\/\/culturbaine.com\/index.php\/2024\/02\/09\/kandia-kora-un-des-ambassadeurs-de-la-4eme-edition-du-salec\/\"]}]},{\"@type\":\"ImageObject\",\"inLanguage\":\"fr-FR\",\"@id\":\"https:\/\/culturbaine.com\/index.php\/2024\/02\/09\/kandia-kora-un-des-ambassadeurs-de-la-4eme-edition-du-salec\/#primaryimage\",\"url\":\"https:\/\/culturbaine.com\/wp-content\/uploads\/2024\/02\/IMG_20240207_1714532-scaled.jpg\",\"contentUrl\":\"https:\/\/culturbaine.com\/wp-content\/uploads\/2024\/02\/IMG_20240207_1714532-scaled.jpg\",\"width\":2560,\"height\":1579},{\"@type\":\"BreadcrumbList\",\"@id\":\"https:\/\/culturbaine.com\/index.php\/2024\/02\/09\/kandia-kora-un-des-ambassadeurs-de-la-4eme-edition-du-salec\/#breadcrumb\",\"itemListElement\":[{\"@type\":\"ListItem\",\"position\":1,\"name\":\"Home\",\"item\":\"https:\/\/culturbaine.com\/\"},{\"@type\":\"ListItem\",\"position\":2,\"name\":\"Kandia Kora, un des ambassadeurs de la 4\u00e8me \u00e9dition du SALEC !\"}]},{\"@type\":\"WebSite\",\"@id\":\"https:\/\/culturbaine.com\/#website\",\"url\":\"https:\/\/culturbaine.com\/\",\"name\":\"Culturbaine.com\",\"description\":\"Toute l&#039;actualit\u00e9 des Cultures Urbaines, en un clic  !\",\"publisher\":{\"@id\":\"https:\/\/culturbaine.com\/#organization\"},\"potentialAction\":[{\"@type\":\"SearchAction\",\"target\":{\"@type\":\"EntryPoint\",\"urlTemplate\":\"https:\/\/culturbaine.com\/?s={search_term_string}\"},\"query-input\":{\"@type\":\"PropertyValueSpecification\",\"valueRequired\":true,\"valueName\":\"search_term_string\"}}],\"inLanguage\":\"fr-FR\"},{\"@type\":\"Organization\",\"@id\":\"https:\/\/culturbaine.com\/#organization\",\"name\":\"Culturbaine.com\",\"url\":\"https:\/\/culturbaine.com\/\",\"logo\":{\"@type\":\"ImageObject\",\"inLanguage\":\"fr-FR\",\"@id\":\"https:\/\/culturbaine.com\/#\/schema\/logo\/image\/\",\"url\":\"https:\/\/culturbaine.com\/wp-content\/uploads\/2023\/07\/WhatsApp-Image-2023-07-17-at-14.38.18.jpeg\",\"contentUrl\":\"https:\/\/culturbaine.com\/wp-content\/uploads\/2023\/07\/WhatsApp-Image-2023-07-17-at-14.38.18.jpeg\",\"width\":855,\"height\":270,\"caption\":\"Culturbaine.com\"},\"image\":{\"@id\":\"https:\/\/culturbaine.com\/#\/schema\/logo\/image\/\"},\"sameAs\":[\"https:\/\/www.facebook.com\/Culturbaines\",\"https:\/\/x.com\/culturbaines\"]},{\"@type\":\"Person\",\"@id\":\"https:\/\/culturbaine.com\/#\/schema\/person\/42eb7485c572e0746c1ea6b8216c3814\",\"name\":\"admin1\",\"image\":{\"@type\":\"ImageObject\",\"inLanguage\":\"fr-FR\",\"@id\":\"https:\/\/culturbaine.com\/#\/schema\/person\/image\/\",\"url\":\"https:\/\/secure.gravatar.com\/avatar\/c268f4d483ce0486e5a10fee87bbf756?s=96&d=mm&r=g\",\"contentUrl\":\"https:\/\/secure.gravatar.com\/avatar\/c268f4d483ce0486e5a10fee87bbf756?s=96&d=mm&r=g\",\"caption\":\"admin1\"},\"url\":\"https:\/\/culturbaine.com\/index.php\/author\/admin1\/\"}]}<\/script>\n<!-- \/ Yoast SEO Premium plugin. -->","yoast_head_json":{"title":"Kandia Kora, un des ambassadeurs de la 4\u00e8me \u00e9dition du SALEC ! - Culturbaine","robots":{"index":"index","follow":"follow","max-snippet":"max-snippet:-1","max-image-preview":"max-image-preview:large","max-video-preview":"max-video-preview:-1"},"canonical":"https:\/\/culturbaine.com\/index.php\/2024\/02\/09\/kandia-kora-un-des-ambassadeurs-de-la-4eme-edition-du-salec\/","og_locale":"fr_FR","og_type":"article","og_title":"Kandia Kora, un des ambassadeurs de la 4\u00e8me \u00e9dition du SALEC !","og_description":"Chaque ann\u00e9e, le Salon de la Lecture (SALEC), organis\u00e9 par Kadiak Communication, c\u00e9l\u00e8bre la promotion de la lecture en choisissant des artistes et personnalit\u00e9s publiques comme ambassadeurs. Pour l&rsquo;\u00e9dition de cette ann\u00e9e, Kandia Kora, artiste de renom de l&rsquo;\u00e9curie Universal Music France, a \u00e9t\u00e9 s\u00e9lectionn\u00e9 pour repr\u00e9senter cet \u00e9v\u00e9nement majeur. Reconnu pour son univers musical [&hellip;]","og_url":"https:\/\/culturbaine.com\/index.php\/2024\/02\/09\/kandia-kora-un-des-ambassadeurs-de-la-4eme-edition-du-salec\/","og_site_name":"Culturbaine","article_publisher":"https:\/\/www.facebook.com\/Culturbaines","article_published_time":"2024-02-09T11:00:40+00:00","og_image":[{"width":2560,"height":1579,"url":"https:\/\/culturbaine.com\/wp-content\/uploads\/2024\/02\/IMG_20240207_1714532-scaled.jpg","type":"image\/jpeg"}],"author":"admin1","twitter_card":"summary_large_image","twitter_creator":"@culturbaines","twitter_site":"@culturbaines","twitter_misc":{"\u00c9crit par":"admin1","Dur\u00e9e de lecture estim\u00e9e":"2 minutes"},"schema":{"@context":"https:\/\/schema.org","@graph":[{"@type":"Article","@id":"https:\/\/culturbaine.com\/index.php\/2024\/02\/09\/kandia-kora-un-des-ambassadeurs-de-la-4eme-edition-du-salec\/#article","isPartOf":{"@id":"https:\/\/culturbaine.com\/index.php\/2024\/02\/09\/kandia-kora-un-des-ambassadeurs-de-la-4eme-edition-du-salec\/"},"author":{"name":"admin1","@id":"https:\/\/culturbaine.com\/#\/schema\/person\/42eb7485c572e0746c1ea6b8216c3814"},"headline":"Kandia Kora, un des ambassadeurs de la 4\u00e8me \u00e9dition du SALEC !","datePublished":"2024-02-09T11:00:40+00:00","dateModified":"2024-02-09T11:00:40+00:00","mainEntityOfPage":{"@id":"https:\/\/culturbaine.com\/index.php\/2024\/02\/09\/kandia-kora-un-des-ambassadeurs-de-la-4eme-edition-du-salec\/"},"wordCount":309,"publisher":{"@id":"https:\/\/culturbaine.com\/#organization"},"image":{"@id":"https:\/\/culturbaine.com\/index.php\/2024\/02\/09\/kandia-kora-un-des-ambassadeurs-de-la-4eme-edition-du-salec\/#primaryimage"},"thumbnailUrl":"https:\/\/culturbaine.com\/wp-content\/uploads\/2024\/02\/IMG_20240207_1714532-scaled.jpg","keywords":["Kandia Kora","Le SALEC Acte 4","Salon de la lecture"],"articleSection":["Actualit\u00e9"],"inLanguage":"fr-FR"},{"@type":"WebPage","@id":"https:\/\/culturbaine.com\/index.php\/2024\/02\/09\/kandia-kora-un-des-ambassadeurs-de-la-4eme-edition-du-salec\/","url":"https:\/\/culturbaine.com\/index.php\/2024\/02\/09\/kandia-kora-un-des-ambassadeurs-de-la-4eme-edition-du-salec\/","name":"Kandia Kora, un des ambassadeurs de la 4\u00e8me \u00e9dition du SALEC ! - Culturbaine","isPartOf":{"@id":"https:\/\/culturbaine.com\/#website"},"primaryImageOfPage":{"@id":"https:\/\/culturbaine.com\/index.php\/2024\/02\/09\/kandia-kora-un-des-ambassadeurs-de-la-4eme-edition-du-salec\/#primaryimage"},"image":{"@id":"https:\/\/culturbaine.com\/index.php\/2024\/02\/09\/kandia-kora-un-des-ambassadeurs-de-la-4eme-edition-du-salec\/#primaryimage"},"thumbnailUrl":"https:\/\/culturbaine.com\/wp-content\/uploads\/2024\/02\/IMG_20240207_1714532-scaled.jpg","datePublished":"2024-02-09T11:00:40+00:00","dateModified":"2024-02-09T11:00:40+00:00","breadcrumb":{"@id":"https:\/\/culturbaine.com\/index.php\/2024\/02\/09\/kandia-kora-un-des-ambassadeurs-de-la-4eme-edition-du-salec\/#breadcrumb"},"inLanguage":"fr-FR","potentialAction":[{"@type":"ReadAction","target":["https:\/\/culturbaine.com\/index.php\/2024\/02\/09\/kandia-kora-un-des-ambassadeurs-de-la-4eme-edition-du-salec\/"]}]},{"@type":"ImageObject","inLanguage":"fr-FR","@id":"https:\/\/culturbaine.com\/index.php\/2024\/02\/09\/kandia-kora-un-des-ambassadeurs-de-la-4eme-edition-du-salec\/#primaryimage","url":"https:\/\/culturbaine.com\/wp-content\/uploads\/2024\/02\/IMG_20240207_1714532-scaled.jpg","contentUrl":"https:\/\/culturbaine.com\/wp-content\/uploads\/2024\/02\/IMG_20240207_1714532-scaled.jpg","width":2560,"height":1579},{"@type":"BreadcrumbList","@id":"https:\/\/culturbaine.com\/index.php\/2024\/02\/09\/kandia-kora-un-des-ambassadeurs-de-la-4eme-edition-du-salec\/#breadcrumb","itemListElement":[{"@type":"ListItem","position":1,"name":"Home","item":"https:\/\/culturbaine.com\/"},{"@type":"ListItem","position":2,"name":"Kandia Kora, un des ambassadeurs de la 4\u00e8me \u00e9dition du SALEC !"}]},{"@type":"WebSite","@id":"https:\/\/culturbaine.com\/#website","url":"https:\/\/culturbaine.com\/","name":"Culturbaine.com","description":"Toute l&#039;actualit\u00e9 des Cultures Urbaines, en un clic  !","publisher":{"@id":"https:\/\/culturbaine.com\/#organization"},"potentialAction":[{"@type":"SearchAction","target":{"@type":"EntryPoint","urlTemplate":"https:\/\/culturbaine.com\/?s={search_term_string}"},"query-input":{"@type":"PropertyValueSpecification","valueRequired":true,"valueName":"search_term_string"}}],"inLanguage":"fr-FR"},{"@type":"Organization","@id":"https:\/\/culturbaine.com\/#organization","name":"Culturbaine.com","url":"https:\/\/culturbaine.com\/","logo":{"@type":"ImageObject","inLanguage":"fr-FR","@id":"https:\/\/culturbaine.com\/#\/schema\/logo\/image\/","url":"https:\/\/culturbaine.com\/wp-content\/uploads\/2023\/07\/WhatsApp-Image-2023-07-17-at-14.38.18.jpeg","contentUrl":"https:\/\/culturbaine.com\/wp-content\/uploads\/2023\/07\/WhatsApp-Image-2023-07-17-at-14.38.18.jpeg","width":855,"height":270,"caption":"Culturbaine.com"},"image":{"@id":"https:\/\/culturbaine.com\/#\/schema\/logo\/image\/"},"sameAs":["https:\/\/www.facebook.com\/Culturbaines","https:\/\/x.com\/culturbaines"]},{"@type":"Person","@id":"https:\/\/culturbaine.com\/#\/schema\/person\/42eb7485c572e0746c1ea6b8216c3814","name":"admin1","image":{"@type":"ImageObject","inLanguage":"fr-FR","@id":"https:\/\/culturbaine.com\/#\/schema\/person\/image\/","url":"https:\/\/secure.gravatar.com\/avatar\/c268f4d483ce0486e5a10fee87bbf756?s=96&d=mm&r=g","contentUrl":"https:\/\/secure.gravatar.com\/avatar\/c268f4d483ce0486e5a10fee87bbf756?s=96&d=mm&r=g","caption":"admin1"},"url":"https:\/\/culturbaine.com\/index.php\/author\/admin1\/"}]}},"_links":{"self":[{"href":"https:\/\/culturbaine.com\/index.php\/wp-json\/wp\/v2\/posts\/4320"}],"collection":[{"href":"https:\/\/culturbaine.com\/index.php\/wp-json\/wp\/v2\/posts"}],"about":[{"href":"https:\/\/culturbaine.com\/index.php\/wp-json\/wp\/v2\/types\/post"}],"author":[{"embeddable":true,"href":"https:\/\/culturbaine.com\/index.php\/wp-json\/wp\/v2\/users\/2"}],"replies":[{"embeddable":true,"href":"https:\/\/culturbaine.com\/index.php\/wp-json\/wp\/v2\/comments?post=4320"}],"version-history":[{"count":0,"href":"https:\/\/culturbaine.com\/index.php\/wp-json\/wp\/v2\/posts\/4320\/revisions"}],"wp:featuredmedia":[{"embeddable":true,"href":"https:\/\/culturbaine.com\/index.php\/wp-json\/wp\/v2\/media\/4322"}],"wp:attachment":[{"href":"https:\/\/culturbaine.com\/index.php\/wp-json\/wp\/v2\/media?parent=4320"}],"wp:term":[{"taxonomy":"category","embeddable":true,"href":"https:\/\/culturbaine.com\/index.php\/wp-json\/wp\/v2\/categories?post=4320"},{"taxonomy":"post_tag","embeddable":true,"href":"https:\/\/culturbaine.com\/index.php\/wp-json\/wp\/v2\/tags?post=4320"}],"curies":[{"name":"wp","href":"https:\/\/api.w.org\/{rel}","templated":true}]}}