{"id":4151,"date":"2024-02-01T13:24:21","date_gmt":"2024-02-01T13:24:21","guid":{"rendered":"http:\/\/culturbaine.com\/?p=4151"},"modified":"2024-02-01T13:34:59","modified_gmt":"2024-02-01T13:34:59","slug":"levolution-captivante-de-lart-urbain-a-paris-plus-de-06-decennies-dexpression-creative","status":"publish","type":"post","link":"https:\/\/culturbaine.com\/index.php\/2024\/02\/01\/levolution-captivante-de-lart-urbain-a-paris-plus-de-06-decennies-dexpression-creative\/","title":{"rendered":"L&rsquo;\u00e9volution captivante de l&rsquo;Art Urbain \u00e0 Paris : Plus de 06 D\u00e9cennies d&rsquo;expression cr\u00e9ative"},"content":{"rendered":"<p>Paris, la ville des lumi\u00e8res, a toujours \u00e9t\u00e9 un aimant pour les esprits cr\u00e9atifs du monde entier. Dans un documentaire r\u00e9cent de <b>France TV<\/b>, explorant l&rsquo;historique du <b>Street Art parisien<\/b>, <b>Magda Danysz<\/b>, Co-Commissaire de l&rsquo;exposition \u00ab\u00a0Capitale (S) &#8211; 60 ans d&rsquo;art Urbain \u00e0 Paris\u00a0\u00bb, partage sa perspective sur cette forme d&rsquo;expression en constante \u00e9volution.<\/p>\n<p><span style=\"font-weight: 400;\"><strong>L&rsquo;Art Urbain<\/strong>, parfois appel\u00e9 <strong>Street Art<\/strong>, a connu diverses d\u00e9nominations, suscitant des d\u00e9bats sur sa d\u00e9finition. Pour <\/span><b>Magda Danysz<\/b><span style=\"font-weight: 400;\">, c&rsquo;est avant tout de l&rsquo;art, bien au-del\u00e0 du simple graffiti ou de l&rsquo;aspect urbain.<\/span><\/p>\n<p><span style=\"font-weight: 400;\">Remontant aux ann\u00e9es 1980, des artistes tels que Bando et<\/span><b> Ash<\/b><span style=\"font-weight: 400;\"> ont import\u00e9 le Graffiti new-yorkais en France. Cependant, cette pratique n&rsquo;\u00e9tait pas aussi novatrice qu&rsquo;on pourrait le penser, car d\u00e8s les ann\u00e9es 1950-1960, des artistes comme <\/span><b>Zlotykamien, Villegl\u00e9,<\/b><span style=\"font-weight: 400;\"> et<\/span><b> Ernest Pignon-Ernest<\/b><span style=\"font-weight: 400;\"> d\u00e9coraient d\u00e9j\u00e0 les murs de Paris avec des pochoirs et des collages.<\/span><\/p>\n<p><span style=\"font-weight: 400;\">Le mouvement a connu des r\u00e9volutions au fil des ans, marqu\u00e9es par des p\u00e9riodes de r\u00e9pression, notamment dans les ann\u00e9es 1990. L&rsquo;opinion publique \u00e9tait divis\u00e9e sur la question : vandalisme ou art ?<\/span><\/p>\n<p><span style=\"font-weight: 400;\">Les artistes ont trouv\u00e9 refuge dans les m\u00e9tros et les catacombes, cr\u00e9ant de nouvelles formes d&rsquo;expression en r\u00e9ponse \u00e0 la r\u00e9pression. Au fil des ann\u00e9es, les styles et les techniques ont \u00e9volu\u00e9, respectant une r\u00e8gle principale : l&rsquo;innovation constante sans copier le travail des autres.<\/span><\/p>\n<p><span style=\"font-weight: 400;\">Le terme \u00ab\u00a0<\/span><b>Street Art\u00a0\u00bb<\/b><span style=\"font-weight: 400;\"> a \u00e9merg\u00e9 en 2007, englobant une diversit\u00e9 de formes artistiques au-del\u00e0 du graffiti. Paris est d\u00e9sormais une vitrine mondiale pour cet art, attirant des artistes locaux et internationaux tels que Banksy.<\/span><\/p>\n<p><span style=\"font-weight: 400;\">En 2009, les institutions fran\u00e7aises ont timidement commenc\u00e9 \u00e0 reconna\u00eetre l&rsquo;Art Urbain, organisant une exposition \u00e0 la <\/span><b>Fondation Cartier<\/b><span style=\"font-weight: 400;\">. Cependant, cette reconnaissance n&rsquo;a pas encore conquis tous les domaines artistiques, certains refusant d&rsquo;accepter cet art accessible au plus grand nombre.<\/span><\/p>\n<p><span style=\"font-weight: 400;\">Les relations parfois tendues avec les institutions et les forces de l&rsquo;ordre font partie int\u00e9grante du mouvement, conf\u00e9rant \u00e0 ces \u0153uvres une connotation engag\u00e9e et r\u00e9volutionnaire. Certains artistes, comme le souligne <\/span><b>Magda Danysz<\/b><span style=\"font-weight: 400;\">, sont engag\u00e9s dans des causes sociales, tandis que d&rsquo;autres cherchent simplement \u00e0 offrir des moments de po\u00e9sie.<\/span><\/p>\n<p><span style=\"font-weight: 400;\">Ainsi, l&rsquo;histoire de l&rsquo;Art Urbain \u00e0 Paris, riche et vari\u00e9e, continue de se renouveler, d\u00e9fiant les id\u00e9es pr\u00e9con\u00e7ues et affirmant sa place dans le paysage artistique mondial.<\/span><\/p>\n<p><iframe loading=\"lazy\" title=\"L&#039;histoire du street art parisien - Culture Prime\" width=\"1170\" height=\"658\" src=\"https:\/\/www.youtube.com\/embed\/1hh6MesqTeQ?wmode=transparent&amp;rel=0&amp;feature=oembed\" frameborder=\"0\" allow=\"accelerometer; autoplay; clipboard-write; encrypted-media; gyroscope; picture-in-picture; web-share\" allowfullscreen><\/iframe><\/p>\n<p><b>Mohamed Cinq Sylla<\/b><\/p>\n","protected":false},"excerpt":{"rendered":"<p>Paris, la ville des lumi\u00e8res, a toujours \u00e9t\u00e9 un aimant pour les esprits cr\u00e9atifs du monde entier. Dans un documentaire r\u00e9cent de France TV, explorant l&rsquo;historique du Street Art parisien, Magda Danysz, Co-Commissaire de l&rsquo;exposition \u00ab\u00a0Capitale (S) &#8211; 60 ans d&rsquo;art Urbain \u00e0 Paris\u00a0\u00bb, partage sa perspective sur cette forme d&rsquo;expression en constante \u00e9volution. L&rsquo;Art [&hellip;]<\/p>\n","protected":false},"author":2,"featured_media":4153,"comment_status":"closed","ping_status":"closed","sticky":false,"template":"","format":"standard","meta":{"_mi_skip_tracking":false,"_monsterinsights_sitenote_active":false,"_monsterinsights_sitenote_note":"","_monsterinsights_sitenote_category":0,"footnotes":""},"categories":[21],"tags":[1468,1601,1399,1602],"class_list":["post-4151","post","type-post","status-publish","format-standard","has-post-thumbnail","hentry","category-actualite","tag-art-urbain","tag-historique","tag-paris","tag-street-art-parisien"],"yoast_head":"<!-- This site is optimized with the Yoast SEO Premium plugin v20.1 (Yoast SEO v24.0) - https:\/\/yoast.com\/wordpress\/plugins\/seo\/ -->\n<title>L&#039;\u00e9volution captivante de l&#039;Art Urbain \u00e0 Paris : Plus de 06 D\u00e9cennies d&#039;expression cr\u00e9ative - Culturbaine<\/title>\n<meta name=\"robots\" content=\"index, follow, max-snippet:-1, max-image-preview:large, max-video-preview:-1\" \/>\n<link rel=\"canonical\" href=\"http:\/\/culturbaine.com\/index.php\/2024\/02\/01\/levolution-captivante-de-lart-urbain-a-paris-plus-de-06-decennies-dexpression-creative\/\" \/>\n<meta property=\"og:locale\" content=\"fr_FR\" \/>\n<meta property=\"og:type\" content=\"article\" \/>\n<meta property=\"og:title\" content=\"L&#039;\u00e9volution captivante de l&#039;Art Urbain \u00e0 Paris : Plus de 06 D\u00e9cennies d&#039;expression cr\u00e9ative\" \/>\n<meta property=\"og:description\" content=\"Paris, la ville des lumi\u00e8res, a toujours \u00e9t\u00e9 un aimant pour les esprits cr\u00e9atifs du monde entier. Dans un documentaire r\u00e9cent de France TV, explorant l&rsquo;historique du Street Art parisien, Magda Danysz, Co-Commissaire de l&rsquo;exposition \u00ab\u00a0Capitale (S) &#8211; 60 ans d&rsquo;art Urbain \u00e0 Paris\u00a0\u00bb, partage sa perspective sur cette forme d&rsquo;expression en constante \u00e9volution. L&rsquo;Art [&hellip;]\" \/>\n<meta property=\"og:url\" content=\"http:\/\/culturbaine.com\/index.php\/2024\/02\/01\/levolution-captivante-de-lart-urbain-a-paris-plus-de-06-decennies-dexpression-creative\/\" \/>\n<meta property=\"og:site_name\" content=\"Culturbaine\" \/>\n<meta property=\"article:publisher\" content=\"https:\/\/www.facebook.com\/Culturbaines\" \/>\n<meta property=\"article:published_time\" content=\"2024-02-01T13:24:21+00:00\" \/>\n<meta property=\"article:modified_time\" content=\"2024-02-01T13:34:59+00:00\" \/>\n<meta property=\"og:image\" content=\"http:\/\/culturbaine.com\/wp-content\/uploads\/2024\/02\/Screenshot_20240201-131434.jpg\" \/>\n\t<meta property=\"og:image:width\" content=\"712\" \/>\n\t<meta property=\"og:image:height\" content=\"378\" \/>\n\t<meta property=\"og:image:type\" content=\"image\/jpeg\" \/>\n<meta name=\"author\" content=\"admin1\" \/>\n<meta name=\"twitter:card\" content=\"summary_large_image\" \/>\n<meta name=\"twitter:creator\" content=\"@culturbaines\" \/>\n<meta name=\"twitter:site\" content=\"@culturbaines\" \/>\n<meta name=\"twitter:label1\" content=\"\u00c9crit par\" \/>\n\t<meta name=\"twitter:data1\" content=\"admin1\" \/>\n\t<meta name=\"twitter:label2\" content=\"Dur\u00e9e de lecture estim\u00e9e\" \/>\n\t<meta name=\"twitter:data2\" content=\"3 minutes\" \/>\n<script type=\"application\/ld+json\" class=\"yoast-schema-graph\">{\"@context\":\"https:\/\/schema.org\",\"@graph\":[{\"@type\":\"Article\",\"@id\":\"http:\/\/culturbaine.com\/index.php\/2024\/02\/01\/levolution-captivante-de-lart-urbain-a-paris-plus-de-06-decennies-dexpression-creative\/#article\",\"isPartOf\":{\"@id\":\"http:\/\/culturbaine.com\/index.php\/2024\/02\/01\/levolution-captivante-de-lart-urbain-a-paris-plus-de-06-decennies-dexpression-creative\/\"},\"author\":{\"name\":\"admin1\",\"@id\":\"https:\/\/culturbaine.com\/#\/schema\/person\/42eb7485c572e0746c1ea6b8216c3814\"},\"headline\":\"L&rsquo;\u00e9volution captivante de l&rsquo;Art Urbain \u00e0 Paris : Plus de 06 D\u00e9cennies d&rsquo;expression cr\u00e9ative\",\"datePublished\":\"2024-02-01T13:24:21+00:00\",\"dateModified\":\"2024-02-01T13:34:59+00:00\",\"mainEntityOfPage\":{\"@id\":\"http:\/\/culturbaine.com\/index.php\/2024\/02\/01\/levolution-captivante-de-lart-urbain-a-paris-plus-de-06-decennies-dexpression-creative\/\"},\"wordCount\":442,\"publisher\":{\"@id\":\"https:\/\/culturbaine.com\/#organization\"},\"image\":{\"@id\":\"http:\/\/culturbaine.com\/index.php\/2024\/02\/01\/levolution-captivante-de-lart-urbain-a-paris-plus-de-06-decennies-dexpression-creative\/#primaryimage\"},\"thumbnailUrl\":\"https:\/\/culturbaine.com\/wp-content\/uploads\/2024\/02\/Screenshot_20240201-131434.jpg\",\"keywords\":[\"Art urbain\",\"Historique\",\"Paris\",\"Street Art Parisien\"],\"articleSection\":[\"Actualit\u00e9\"],\"inLanguage\":\"fr-FR\"},{\"@type\":\"WebPage\",\"@id\":\"http:\/\/culturbaine.com\/index.php\/2024\/02\/01\/levolution-captivante-de-lart-urbain-a-paris-plus-de-06-decennies-dexpression-creative\/\",\"url\":\"http:\/\/culturbaine.com\/index.php\/2024\/02\/01\/levolution-captivante-de-lart-urbain-a-paris-plus-de-06-decennies-dexpression-creative\/\",\"name\":\"L'\u00e9volution captivante de l'Art Urbain \u00e0 Paris : Plus de 06 D\u00e9cennies d'expression cr\u00e9ative - Culturbaine\",\"isPartOf\":{\"@id\":\"https:\/\/culturbaine.com\/#website\"},\"primaryImageOfPage\":{\"@id\":\"http:\/\/culturbaine.com\/index.php\/2024\/02\/01\/levolution-captivante-de-lart-urbain-a-paris-plus-de-06-decennies-dexpression-creative\/#primaryimage\"},\"image\":{\"@id\":\"http:\/\/culturbaine.com\/index.php\/2024\/02\/01\/levolution-captivante-de-lart-urbain-a-paris-plus-de-06-decennies-dexpression-creative\/#primaryimage\"},\"thumbnailUrl\":\"https:\/\/culturbaine.com\/wp-content\/uploads\/2024\/02\/Screenshot_20240201-131434.jpg\",\"datePublished\":\"2024-02-01T13:24:21+00:00\",\"dateModified\":\"2024-02-01T13:34:59+00:00\",\"breadcrumb\":{\"@id\":\"http:\/\/culturbaine.com\/index.php\/2024\/02\/01\/levolution-captivante-de-lart-urbain-a-paris-plus-de-06-decennies-dexpression-creative\/#breadcrumb\"},\"inLanguage\":\"fr-FR\",\"potentialAction\":[{\"@type\":\"ReadAction\",\"target\":[\"http:\/\/culturbaine.com\/index.php\/2024\/02\/01\/levolution-captivante-de-lart-urbain-a-paris-plus-de-06-decennies-dexpression-creative\/\"]}]},{\"@type\":\"ImageObject\",\"inLanguage\":\"fr-FR\",\"@id\":\"http:\/\/culturbaine.com\/index.php\/2024\/02\/01\/levolution-captivante-de-lart-urbain-a-paris-plus-de-06-decennies-dexpression-creative\/#primaryimage\",\"url\":\"https:\/\/culturbaine.com\/wp-content\/uploads\/2024\/02\/Screenshot_20240201-131434.jpg\",\"contentUrl\":\"https:\/\/culturbaine.com\/wp-content\/uploads\/2024\/02\/Screenshot_20240201-131434.jpg\",\"width\":712,\"height\":378},{\"@type\":\"BreadcrumbList\",\"@id\":\"http:\/\/culturbaine.com\/index.php\/2024\/02\/01\/levolution-captivante-de-lart-urbain-a-paris-plus-de-06-decennies-dexpression-creative\/#breadcrumb\",\"itemListElement\":[{\"@type\":\"ListItem\",\"position\":1,\"name\":\"Home\",\"item\":\"https:\/\/culturbaine.com\/\"},{\"@type\":\"ListItem\",\"position\":2,\"name\":\"L&rsquo;\u00e9volution captivante de l&rsquo;Art Urbain \u00e0 Paris : Plus de 06 D\u00e9cennies d&rsquo;expression cr\u00e9ative\"}]},{\"@type\":\"WebSite\",\"@id\":\"https:\/\/culturbaine.com\/#website\",\"url\":\"https:\/\/culturbaine.com\/\",\"name\":\"Culturbaine.com\",\"description\":\"Toute l&#039;actualit\u00e9 des Cultures Urbaines, en un clic  !\",\"publisher\":{\"@id\":\"https:\/\/culturbaine.com\/#organization\"},\"potentialAction\":[{\"@type\":\"SearchAction\",\"target\":{\"@type\":\"EntryPoint\",\"urlTemplate\":\"https:\/\/culturbaine.com\/?s={search_term_string}\"},\"query-input\":{\"@type\":\"PropertyValueSpecification\",\"valueRequired\":true,\"valueName\":\"search_term_string\"}}],\"inLanguage\":\"fr-FR\"},{\"@type\":\"Organization\",\"@id\":\"https:\/\/culturbaine.com\/#organization\",\"name\":\"Culturbaine.com\",\"url\":\"https:\/\/culturbaine.com\/\",\"logo\":{\"@type\":\"ImageObject\",\"inLanguage\":\"fr-FR\",\"@id\":\"https:\/\/culturbaine.com\/#\/schema\/logo\/image\/\",\"url\":\"https:\/\/culturbaine.com\/wp-content\/uploads\/2023\/07\/WhatsApp-Image-2023-07-17-at-14.38.18.jpeg\",\"contentUrl\":\"https:\/\/culturbaine.com\/wp-content\/uploads\/2023\/07\/WhatsApp-Image-2023-07-17-at-14.38.18.jpeg\",\"width\":855,\"height\":270,\"caption\":\"Culturbaine.com\"},\"image\":{\"@id\":\"https:\/\/culturbaine.com\/#\/schema\/logo\/image\/\"},\"sameAs\":[\"https:\/\/www.facebook.com\/Culturbaines\",\"https:\/\/x.com\/culturbaines\"]},{\"@type\":\"Person\",\"@id\":\"https:\/\/culturbaine.com\/#\/schema\/person\/42eb7485c572e0746c1ea6b8216c3814\",\"name\":\"admin1\",\"image\":{\"@type\":\"ImageObject\",\"inLanguage\":\"fr-FR\",\"@id\":\"https:\/\/culturbaine.com\/#\/schema\/person\/image\/\",\"url\":\"https:\/\/secure.gravatar.com\/avatar\/c268f4d483ce0486e5a10fee87bbf756?s=96&d=mm&r=g\",\"contentUrl\":\"https:\/\/secure.gravatar.com\/avatar\/c268f4d483ce0486e5a10fee87bbf756?s=96&d=mm&r=g\",\"caption\":\"admin1\"},\"url\":\"https:\/\/culturbaine.com\/index.php\/author\/admin1\/\"}]}<\/script>\n<!-- \/ Yoast SEO Premium plugin. -->","yoast_head_json":{"title":"L'\u00e9volution captivante de l'Art Urbain \u00e0 Paris : Plus de 06 D\u00e9cennies d'expression cr\u00e9ative - Culturbaine","robots":{"index":"index","follow":"follow","max-snippet":"max-snippet:-1","max-image-preview":"max-image-preview:large","max-video-preview":"max-video-preview:-1"},"canonical":"http:\/\/culturbaine.com\/index.php\/2024\/02\/01\/levolution-captivante-de-lart-urbain-a-paris-plus-de-06-decennies-dexpression-creative\/","og_locale":"fr_FR","og_type":"article","og_title":"L'\u00e9volution captivante de l'Art Urbain \u00e0 Paris : Plus de 06 D\u00e9cennies d'expression cr\u00e9ative","og_description":"Paris, la ville des lumi\u00e8res, a toujours \u00e9t\u00e9 un aimant pour les esprits cr\u00e9atifs du monde entier. Dans un documentaire r\u00e9cent de France TV, explorant l&rsquo;historique du Street Art parisien, Magda Danysz, Co-Commissaire de l&rsquo;exposition \u00ab\u00a0Capitale (S) &#8211; 60 ans d&rsquo;art Urbain \u00e0 Paris\u00a0\u00bb, partage sa perspective sur cette forme d&rsquo;expression en constante \u00e9volution. L&rsquo;Art [&hellip;]","og_url":"http:\/\/culturbaine.com\/index.php\/2024\/02\/01\/levolution-captivante-de-lart-urbain-a-paris-plus-de-06-decennies-dexpression-creative\/","og_site_name":"Culturbaine","article_publisher":"https:\/\/www.facebook.com\/Culturbaines","article_published_time":"2024-02-01T13:24:21+00:00","article_modified_time":"2024-02-01T13:34:59+00:00","og_image":[{"width":712,"height":378,"url":"http:\/\/culturbaine.com\/wp-content\/uploads\/2024\/02\/Screenshot_20240201-131434.jpg","type":"image\/jpeg"}],"author":"admin1","twitter_card":"summary_large_image","twitter_creator":"@culturbaines","twitter_site":"@culturbaines","twitter_misc":{"\u00c9crit par":"admin1","Dur\u00e9e de lecture estim\u00e9e":"3 minutes"},"schema":{"@context":"https:\/\/schema.org","@graph":[{"@type":"Article","@id":"http:\/\/culturbaine.com\/index.php\/2024\/02\/01\/levolution-captivante-de-lart-urbain-a-paris-plus-de-06-decennies-dexpression-creative\/#article","isPartOf":{"@id":"http:\/\/culturbaine.com\/index.php\/2024\/02\/01\/levolution-captivante-de-lart-urbain-a-paris-plus-de-06-decennies-dexpression-creative\/"},"author":{"name":"admin1","@id":"https:\/\/culturbaine.com\/#\/schema\/person\/42eb7485c572e0746c1ea6b8216c3814"},"headline":"L&rsquo;\u00e9volution captivante de l&rsquo;Art Urbain \u00e0 Paris : Plus de 06 D\u00e9cennies d&rsquo;expression cr\u00e9ative","datePublished":"2024-02-01T13:24:21+00:00","dateModified":"2024-02-01T13:34:59+00:00","mainEntityOfPage":{"@id":"http:\/\/culturbaine.com\/index.php\/2024\/02\/01\/levolution-captivante-de-lart-urbain-a-paris-plus-de-06-decennies-dexpression-creative\/"},"wordCount":442,"publisher":{"@id":"https:\/\/culturbaine.com\/#organization"},"image":{"@id":"http:\/\/culturbaine.com\/index.php\/2024\/02\/01\/levolution-captivante-de-lart-urbain-a-paris-plus-de-06-decennies-dexpression-creative\/#primaryimage"},"thumbnailUrl":"https:\/\/culturbaine.com\/wp-content\/uploads\/2024\/02\/Screenshot_20240201-131434.jpg","keywords":["Art urbain","Historique","Paris","Street Art Parisien"],"articleSection":["Actualit\u00e9"],"inLanguage":"fr-FR"},{"@type":"WebPage","@id":"http:\/\/culturbaine.com\/index.php\/2024\/02\/01\/levolution-captivante-de-lart-urbain-a-paris-plus-de-06-decennies-dexpression-creative\/","url":"http:\/\/culturbaine.com\/index.php\/2024\/02\/01\/levolution-captivante-de-lart-urbain-a-paris-plus-de-06-decennies-dexpression-creative\/","name":"L'\u00e9volution captivante de l'Art Urbain \u00e0 Paris : Plus de 06 D\u00e9cennies d'expression cr\u00e9ative - Culturbaine","isPartOf":{"@id":"https:\/\/culturbaine.com\/#website"},"primaryImageOfPage":{"@id":"http:\/\/culturbaine.com\/index.php\/2024\/02\/01\/levolution-captivante-de-lart-urbain-a-paris-plus-de-06-decennies-dexpression-creative\/#primaryimage"},"image":{"@id":"http:\/\/culturbaine.com\/index.php\/2024\/02\/01\/levolution-captivante-de-lart-urbain-a-paris-plus-de-06-decennies-dexpression-creative\/#primaryimage"},"thumbnailUrl":"https:\/\/culturbaine.com\/wp-content\/uploads\/2024\/02\/Screenshot_20240201-131434.jpg","datePublished":"2024-02-01T13:24:21+00:00","dateModified":"2024-02-01T13:34:59+00:00","breadcrumb":{"@id":"http:\/\/culturbaine.com\/index.php\/2024\/02\/01\/levolution-captivante-de-lart-urbain-a-paris-plus-de-06-decennies-dexpression-creative\/#breadcrumb"},"inLanguage":"fr-FR","potentialAction":[{"@type":"ReadAction","target":["http:\/\/culturbaine.com\/index.php\/2024\/02\/01\/levolution-captivante-de-lart-urbain-a-paris-plus-de-06-decennies-dexpression-creative\/"]}]},{"@type":"ImageObject","inLanguage":"fr-FR","@id":"http:\/\/culturbaine.com\/index.php\/2024\/02\/01\/levolution-captivante-de-lart-urbain-a-paris-plus-de-06-decennies-dexpression-creative\/#primaryimage","url":"https:\/\/culturbaine.com\/wp-content\/uploads\/2024\/02\/Screenshot_20240201-131434.jpg","contentUrl":"https:\/\/culturbaine.com\/wp-content\/uploads\/2024\/02\/Screenshot_20240201-131434.jpg","width":712,"height":378},{"@type":"BreadcrumbList","@id":"http:\/\/culturbaine.com\/index.php\/2024\/02\/01\/levolution-captivante-de-lart-urbain-a-paris-plus-de-06-decennies-dexpression-creative\/#breadcrumb","itemListElement":[{"@type":"ListItem","position":1,"name":"Home","item":"https:\/\/culturbaine.com\/"},{"@type":"ListItem","position":2,"name":"L&rsquo;\u00e9volution captivante de l&rsquo;Art Urbain \u00e0 Paris : Plus de 06 D\u00e9cennies d&rsquo;expression cr\u00e9ative"}]},{"@type":"WebSite","@id":"https:\/\/culturbaine.com\/#website","url":"https:\/\/culturbaine.com\/","name":"Culturbaine.com","description":"Toute l&#039;actualit\u00e9 des Cultures Urbaines, en un clic  !","publisher":{"@id":"https:\/\/culturbaine.com\/#organization"},"potentialAction":[{"@type":"SearchAction","target":{"@type":"EntryPoint","urlTemplate":"https:\/\/culturbaine.com\/?s={search_term_string}"},"query-input":{"@type":"PropertyValueSpecification","valueRequired":true,"valueName":"search_term_string"}}],"inLanguage":"fr-FR"},{"@type":"Organization","@id":"https:\/\/culturbaine.com\/#organization","name":"Culturbaine.com","url":"https:\/\/culturbaine.com\/","logo":{"@type":"ImageObject","inLanguage":"fr-FR","@id":"https:\/\/culturbaine.com\/#\/schema\/logo\/image\/","url":"https:\/\/culturbaine.com\/wp-content\/uploads\/2023\/07\/WhatsApp-Image-2023-07-17-at-14.38.18.jpeg","contentUrl":"https:\/\/culturbaine.com\/wp-content\/uploads\/2023\/07\/WhatsApp-Image-2023-07-17-at-14.38.18.jpeg","width":855,"height":270,"caption":"Culturbaine.com"},"image":{"@id":"https:\/\/culturbaine.com\/#\/schema\/logo\/image\/"},"sameAs":["https:\/\/www.facebook.com\/Culturbaines","https:\/\/x.com\/culturbaines"]},{"@type":"Person","@id":"https:\/\/culturbaine.com\/#\/schema\/person\/42eb7485c572e0746c1ea6b8216c3814","name":"admin1","image":{"@type":"ImageObject","inLanguage":"fr-FR","@id":"https:\/\/culturbaine.com\/#\/schema\/person\/image\/","url":"https:\/\/secure.gravatar.com\/avatar\/c268f4d483ce0486e5a10fee87bbf756?s=96&d=mm&r=g","contentUrl":"https:\/\/secure.gravatar.com\/avatar\/c268f4d483ce0486e5a10fee87bbf756?s=96&d=mm&r=g","caption":"admin1"},"url":"https:\/\/culturbaine.com\/index.php\/author\/admin1\/"}]}},"_links":{"self":[{"href":"https:\/\/culturbaine.com\/index.php\/wp-json\/wp\/v2\/posts\/4151"}],"collection":[{"href":"https:\/\/culturbaine.com\/index.php\/wp-json\/wp\/v2\/posts"}],"about":[{"href":"https:\/\/culturbaine.com\/index.php\/wp-json\/wp\/v2\/types\/post"}],"author":[{"embeddable":true,"href":"https:\/\/culturbaine.com\/index.php\/wp-json\/wp\/v2\/users\/2"}],"replies":[{"embeddable":true,"href":"https:\/\/culturbaine.com\/index.php\/wp-json\/wp\/v2\/comments?post=4151"}],"version-history":[{"count":0,"href":"https:\/\/culturbaine.com\/index.php\/wp-json\/wp\/v2\/posts\/4151\/revisions"}],"wp:featuredmedia":[{"embeddable":true,"href":"https:\/\/culturbaine.com\/index.php\/wp-json\/wp\/v2\/media\/4153"}],"wp:attachment":[{"href":"https:\/\/culturbaine.com\/index.php\/wp-json\/wp\/v2\/media?parent=4151"}],"wp:term":[{"taxonomy":"category","embeddable":true,"href":"https:\/\/culturbaine.com\/index.php\/wp-json\/wp\/v2\/categories?post=4151"},{"taxonomy":"post_tag","embeddable":true,"href":"https:\/\/culturbaine.com\/index.php\/wp-json\/wp\/v2\/tags?post=4151"}],"curies":[{"name":"wp","href":"https:\/\/api.w.org\/{rel}","templated":true}]}}