{"id":3997,"date":"2024-01-25T16:34:35","date_gmt":"2024-01-25T16:34:35","guid":{"rendered":"https:\/\/culturbaine.com\/?p=3997"},"modified":"2024-01-25T16:35:38","modified_gmt":"2024-01-25T16:35:38","slug":"slam-au-feminin-une-soiree-envoutante-au-festival-deloquence-de-bobo-dioulasso","status":"publish","type":"post","link":"https:\/\/culturbaine.com\/index.php\/2024\/01\/25\/slam-au-feminin-une-soiree-envoutante-au-festival-deloquence-de-bobo-dioulasso\/","title":{"rendered":"Slam au F\u00e9minin : Une Soir\u00e9e Envo\u00fbtante au Festival d&rsquo;\u00c9loquence de Bobo Dioulasso"},"content":{"rendered":"<p>Du 22 au 24 f\u00e9vrier 2024, le <strong>Festival International d&rsquo;\u00c9loquence<\/strong> de Bobo Dioulasso c\u00e9l\u00e8bre sa 9\u00e8me \u00e9dition en mettant \u00e0 l&rsquo;honneur le talent des slameuses lors d&rsquo;une soir\u00e9e d\u00e9di\u00e9e le 23 f\u00e9vrier. Intitul\u00e9 <b>Slam au F\u00e9minin<\/b>, cet \u00e9v\u00e9nement promet une fusion envo\u00fbtante des mots et des \u00e9motions, r\u00e9unissant des slameuses venues de divers horizons de la sous-r\u00e9gion ouest-africaine.<\/p>\n<p><span style=\"font-weight: 400;\">Parmi les artistes f\u00e9minines qui captiveront le public, <\/span><b>Oumou la Slameuse<\/b><span style=\"font-weight: 400;\"> du Burkina, <\/span><b>\u00c7a lit<\/b><span style=\"font-weight: 400;\"> du Mali, et <\/span><b>Encre des \u00c9toiles<\/b><span style=\"font-weight: 400;\"> de la C\u00f4te d&rsquo;Ivoire figurent en t\u00eate d&rsquo;affiche. Leurs performances promettent de transcender les fronti\u00e8res linguistiques et culturelles, offrant une repr\u00e9sentation diversifi\u00e9e de la richesse artistique de l&rsquo;Afrique de l&rsquo;Ouest.<\/span><\/p>\n<p><span style=\"font-weight: 400;\">L&rsquo;\u00e9v\u00e9nement est orchestr\u00e9 avec passion par le label <\/span><b>Afrikanda<\/b><span style=\"font-weight: 400;\">, d\u00e9montrant son engagement \u00e0 promouvoir la cr\u00e9ativit\u00e9 f\u00e9minine dans le domaine du slam. Cette initiative refl\u00e8te la volont\u00e9 de mettre en lumi\u00e8re des voix f\u00e9minines inspirantes et de cr\u00e9er un espace d&rsquo;expression authentique.<\/span><\/p>\n<p><b>Le Slam au F\u00e9minin<\/b><span style=\"font-weight: 400;\"> au Festival d&rsquo;\u00c9loquence constitue une occasion unique de c\u00e9l\u00e9brer la puissance des mots et de d\u00e9couvrir la force narrative des slameuses de renom. L&rsquo;\u00e9nergie vibrante de cette soir\u00e9e s&rsquo;annonce comme un moment inoubliable, laissant une empreinte durable dans le paysage culturel de Bobo Dioulasso. Soyez pr\u00eats \u00e0 \u00eatre transport\u00e9s dans un univers po\u00e9tique o\u00f9 l&rsquo;art du slam r\u00e9sonne avec intensit\u00e9 et \u00e9motion.<\/span><\/p>\n<p><img loading=\"lazy\" decoding=\"async\" class=\"alignnone size-medium wp-image-3999\" src=\"http:\/\/culturbaine.com\/wp-content\/uploads\/2024\/01\/1706198127608-300x225.jpg\" alt=\"\" width=\"300\" height=\"225\" srcset=\"https:\/\/culturbaine.com\/wp-content\/uploads\/2024\/01\/1706198127608-300x225.jpg 300w, https:\/\/culturbaine.com\/wp-content\/uploads\/2024\/01\/1706198127608-86x64.jpg 86w, https:\/\/culturbaine.com\/wp-content\/uploads\/2024\/01\/1706198127608.jpg 720w\" sizes=\"(max-width: 300px) 100vw, 300px\" \/><\/p>\n<p><img loading=\"lazy\" decoding=\"async\" class=\"alignnone size-medium wp-image-4000\" src=\"http:\/\/culturbaine.com\/wp-content\/uploads\/2024\/01\/1705766381454-300x225.jpg\" alt=\"\" width=\"300\" height=\"225\" srcset=\"https:\/\/culturbaine.com\/wp-content\/uploads\/2024\/01\/1705766381454-300x225.jpg 300w, https:\/\/culturbaine.com\/wp-content\/uploads\/2024\/01\/1705766381454-86x64.jpg 86w, https:\/\/culturbaine.com\/wp-content\/uploads\/2024\/01\/1705766381454.jpg 720w\" sizes=\"(max-width: 300px) 100vw, 300px\" \/><\/p>\n<p><b>Mohamed Cinq Sylla<\/b><\/p>\n","protected":false},"excerpt":{"rendered":"<p>Du 22 au 24 f\u00e9vrier 2024, le Festival International d&rsquo;\u00c9loquence de Bobo Dioulasso c\u00e9l\u00e8bre sa 9\u00e8me \u00e9dition en mettant \u00e0 l&rsquo;honneur le talent des slameuses lors d&rsquo;une soir\u00e9e d\u00e9di\u00e9e le 23 f\u00e9vrier. Intitul\u00e9 Slam au F\u00e9minin, cet \u00e9v\u00e9nement promet une fusion envo\u00fbtante des mots et des \u00e9motions, r\u00e9unissant des slameuses venues de divers horizons de [&hellip;]<\/p>\n","protected":false},"author":2,"featured_media":4001,"comment_status":"closed","ping_status":"closed","sticky":false,"template":"","format":"standard","meta":{"_mi_skip_tracking":false,"_monsterinsights_sitenote_active":false,"_monsterinsights_sitenote_note":"","_monsterinsights_sitenote_category":0,"footnotes":""},"categories":[21,33],"tags":[1237,1560,1559,1558],"class_list":["post-3997","post","type-post","status-publish","format-standard","has-post-thumbnail","hentry","category-actualite","category-agenda","tag-acte-9","tag-bobo-dioulasso","tag-festival-deloquence","tag-slam-au-feminin"],"yoast_head":"<!-- This site is optimized with the Yoast SEO Premium plugin v20.1 (Yoast SEO v24.0) - https:\/\/yoast.com\/wordpress\/plugins\/seo\/ -->\n<title>Slam au F\u00e9minin : Une Soir\u00e9e Envo\u00fbtante au Festival d&#039;\u00c9loquence de Bobo Dioulasso - Culturbaine<\/title>\n<meta name=\"robots\" content=\"index, follow, max-snippet:-1, max-image-preview:large, max-video-preview:-1\" \/>\n<link rel=\"canonical\" href=\"https:\/\/culturbaine.com\/index.php\/2024\/01\/25\/slam-au-feminin-une-soiree-envoutante-au-festival-deloquence-de-bobo-dioulasso\/\" \/>\n<meta property=\"og:locale\" content=\"fr_FR\" \/>\n<meta property=\"og:type\" content=\"article\" \/>\n<meta property=\"og:title\" content=\"Slam au F\u00e9minin : Une Soir\u00e9e Envo\u00fbtante au Festival d&#039;\u00c9loquence de Bobo Dioulasso\" \/>\n<meta property=\"og:description\" content=\"Du 22 au 24 f\u00e9vrier 2024, le Festival International d&rsquo;\u00c9loquence de Bobo Dioulasso c\u00e9l\u00e8bre sa 9\u00e8me \u00e9dition en mettant \u00e0 l&rsquo;honneur le talent des slameuses lors d&rsquo;une soir\u00e9e d\u00e9di\u00e9e le 23 f\u00e9vrier. Intitul\u00e9 Slam au F\u00e9minin, cet \u00e9v\u00e9nement promet une fusion envo\u00fbtante des mots et des \u00e9motions, r\u00e9unissant des slameuses venues de divers horizons de [&hellip;]\" \/>\n<meta property=\"og:url\" content=\"https:\/\/culturbaine.com\/index.php\/2024\/01\/25\/slam-au-feminin-une-soiree-envoutante-au-festival-deloquence-de-bobo-dioulasso\/\" \/>\n<meta property=\"og:site_name\" content=\"Culturbaine\" \/>\n<meta property=\"article:publisher\" content=\"https:\/\/www.facebook.com\/Culturbaines\" \/>\n<meta property=\"article:published_time\" content=\"2024-01-25T16:34:35+00:00\" \/>\n<meta property=\"article:modified_time\" content=\"2024-01-25T16:35:38+00:00\" \/>\n<meta property=\"og:image\" content=\"https:\/\/culturbaine.com\/wp-content\/uploads\/2024\/01\/17062000539082.jpg\" \/>\n\t<meta property=\"og:image:width\" content=\"717\" \/>\n\t<meta property=\"og:image:height\" content=\"441\" \/>\n\t<meta property=\"og:image:type\" content=\"image\/jpeg\" \/>\n<meta name=\"author\" content=\"admin1\" \/>\n<meta name=\"twitter:card\" content=\"summary_large_image\" \/>\n<meta name=\"twitter:creator\" content=\"@culturbaines\" \/>\n<meta name=\"twitter:site\" content=\"@culturbaines\" \/>\n<meta name=\"twitter:label1\" content=\"\u00c9crit par\" \/>\n\t<meta name=\"twitter:data1\" content=\"admin1\" \/>\n\t<meta name=\"twitter:label2\" content=\"Dur\u00e9e de lecture estim\u00e9e\" \/>\n\t<meta name=\"twitter:data2\" content=\"2 minutes\" \/>\n<script type=\"application\/ld+json\" class=\"yoast-schema-graph\">{\"@context\":\"https:\/\/schema.org\",\"@graph\":[{\"@type\":\"Article\",\"@id\":\"https:\/\/culturbaine.com\/index.php\/2024\/01\/25\/slam-au-feminin-une-soiree-envoutante-au-festival-deloquence-de-bobo-dioulasso\/#article\",\"isPartOf\":{\"@id\":\"https:\/\/culturbaine.com\/index.php\/2024\/01\/25\/slam-au-feminin-une-soiree-envoutante-au-festival-deloquence-de-bobo-dioulasso\/\"},\"author\":{\"name\":\"admin1\",\"@id\":\"https:\/\/culturbaine.com\/#\/schema\/person\/42eb7485c572e0746c1ea6b8216c3814\"},\"headline\":\"Slam au F\u00e9minin : Une Soir\u00e9e Envo\u00fbtante au Festival d&rsquo;\u00c9loquence de Bobo Dioulasso\",\"datePublished\":\"2024-01-25T16:34:35+00:00\",\"dateModified\":\"2024-01-25T16:35:38+00:00\",\"mainEntityOfPage\":{\"@id\":\"https:\/\/culturbaine.com\/index.php\/2024\/01\/25\/slam-au-feminin-une-soiree-envoutante-au-festival-deloquence-de-bobo-dioulasso\/\"},\"wordCount\":277,\"publisher\":{\"@id\":\"https:\/\/culturbaine.com\/#organization\"},\"image\":{\"@id\":\"https:\/\/culturbaine.com\/index.php\/2024\/01\/25\/slam-au-feminin-une-soiree-envoutante-au-festival-deloquence-de-bobo-dioulasso\/#primaryimage\"},\"thumbnailUrl\":\"https:\/\/culturbaine.com\/wp-content\/uploads\/2024\/01\/17062000539082.jpg\",\"keywords\":[\"Acte 9\",\"Bobo Dioulasso\",\"Festival d'\u00c9loquence\",\"Slam au F\u00e9minin\"],\"articleSection\":[\"Actualit\u00e9\",\"Agenda\"],\"inLanguage\":\"fr-FR\"},{\"@type\":\"WebPage\",\"@id\":\"https:\/\/culturbaine.com\/index.php\/2024\/01\/25\/slam-au-feminin-une-soiree-envoutante-au-festival-deloquence-de-bobo-dioulasso\/\",\"url\":\"https:\/\/culturbaine.com\/index.php\/2024\/01\/25\/slam-au-feminin-une-soiree-envoutante-au-festival-deloquence-de-bobo-dioulasso\/\",\"name\":\"Slam au F\u00e9minin : Une Soir\u00e9e Envo\u00fbtante au Festival d'\u00c9loquence de Bobo Dioulasso - Culturbaine\",\"isPartOf\":{\"@id\":\"https:\/\/culturbaine.com\/#website\"},\"primaryImageOfPage\":{\"@id\":\"https:\/\/culturbaine.com\/index.php\/2024\/01\/25\/slam-au-feminin-une-soiree-envoutante-au-festival-deloquence-de-bobo-dioulasso\/#primaryimage\"},\"image\":{\"@id\":\"https:\/\/culturbaine.com\/index.php\/2024\/01\/25\/slam-au-feminin-une-soiree-envoutante-au-festival-deloquence-de-bobo-dioulasso\/#primaryimage\"},\"thumbnailUrl\":\"https:\/\/culturbaine.com\/wp-content\/uploads\/2024\/01\/17062000539082.jpg\",\"datePublished\":\"2024-01-25T16:34:35+00:00\",\"dateModified\":\"2024-01-25T16:35:38+00:00\",\"breadcrumb\":{\"@id\":\"https:\/\/culturbaine.com\/index.php\/2024\/01\/25\/slam-au-feminin-une-soiree-envoutante-au-festival-deloquence-de-bobo-dioulasso\/#breadcrumb\"},\"inLanguage\":\"fr-FR\",\"potentialAction\":[{\"@type\":\"ReadAction\",\"target\":[\"https:\/\/culturbaine.com\/index.php\/2024\/01\/25\/slam-au-feminin-une-soiree-envoutante-au-festival-deloquence-de-bobo-dioulasso\/\"]}]},{\"@type\":\"ImageObject\",\"inLanguage\":\"fr-FR\",\"@id\":\"https:\/\/culturbaine.com\/index.php\/2024\/01\/25\/slam-au-feminin-une-soiree-envoutante-au-festival-deloquence-de-bobo-dioulasso\/#primaryimage\",\"url\":\"https:\/\/culturbaine.com\/wp-content\/uploads\/2024\/01\/17062000539082.jpg\",\"contentUrl\":\"https:\/\/culturbaine.com\/wp-content\/uploads\/2024\/01\/17062000539082.jpg\",\"width\":717,\"height\":441},{\"@type\":\"BreadcrumbList\",\"@id\":\"https:\/\/culturbaine.com\/index.php\/2024\/01\/25\/slam-au-feminin-une-soiree-envoutante-au-festival-deloquence-de-bobo-dioulasso\/#breadcrumb\",\"itemListElement\":[{\"@type\":\"ListItem\",\"position\":1,\"name\":\"Home\",\"item\":\"https:\/\/culturbaine.com\/\"},{\"@type\":\"ListItem\",\"position\":2,\"name\":\"Slam au F\u00e9minin : Une Soir\u00e9e Envo\u00fbtante au Festival d&rsquo;\u00c9loquence de Bobo Dioulasso\"}]},{\"@type\":\"WebSite\",\"@id\":\"https:\/\/culturbaine.com\/#website\",\"url\":\"https:\/\/culturbaine.com\/\",\"name\":\"Culturbaine.com\",\"description\":\"Toute l&#039;actualit\u00e9 des Cultures Urbaines, en un clic  !\",\"publisher\":{\"@id\":\"https:\/\/culturbaine.com\/#organization\"},\"potentialAction\":[{\"@type\":\"SearchAction\",\"target\":{\"@type\":\"EntryPoint\",\"urlTemplate\":\"https:\/\/culturbaine.com\/?s={search_term_string}\"},\"query-input\":{\"@type\":\"PropertyValueSpecification\",\"valueRequired\":true,\"valueName\":\"search_term_string\"}}],\"inLanguage\":\"fr-FR\"},{\"@type\":\"Organization\",\"@id\":\"https:\/\/culturbaine.com\/#organization\",\"name\":\"Culturbaine.com\",\"url\":\"https:\/\/culturbaine.com\/\",\"logo\":{\"@type\":\"ImageObject\",\"inLanguage\":\"fr-FR\",\"@id\":\"https:\/\/culturbaine.com\/#\/schema\/logo\/image\/\",\"url\":\"https:\/\/culturbaine.com\/wp-content\/uploads\/2023\/07\/WhatsApp-Image-2023-07-17-at-14.38.18.jpeg\",\"contentUrl\":\"https:\/\/culturbaine.com\/wp-content\/uploads\/2023\/07\/WhatsApp-Image-2023-07-17-at-14.38.18.jpeg\",\"width\":855,\"height\":270,\"caption\":\"Culturbaine.com\"},\"image\":{\"@id\":\"https:\/\/culturbaine.com\/#\/schema\/logo\/image\/\"},\"sameAs\":[\"https:\/\/www.facebook.com\/Culturbaines\",\"https:\/\/x.com\/culturbaines\"]},{\"@type\":\"Person\",\"@id\":\"https:\/\/culturbaine.com\/#\/schema\/person\/42eb7485c572e0746c1ea6b8216c3814\",\"name\":\"admin1\",\"image\":{\"@type\":\"ImageObject\",\"inLanguage\":\"fr-FR\",\"@id\":\"https:\/\/culturbaine.com\/#\/schema\/person\/image\/\",\"url\":\"https:\/\/secure.gravatar.com\/avatar\/c268f4d483ce0486e5a10fee87bbf756?s=96&d=mm&r=g\",\"contentUrl\":\"https:\/\/secure.gravatar.com\/avatar\/c268f4d483ce0486e5a10fee87bbf756?s=96&d=mm&r=g\",\"caption\":\"admin1\"},\"url\":\"https:\/\/culturbaine.com\/index.php\/author\/admin1\/\"}]}<\/script>\n<!-- \/ Yoast SEO Premium plugin. -->","yoast_head_json":{"title":"Slam au F\u00e9minin : Une Soir\u00e9e Envo\u00fbtante au Festival d'\u00c9loquence de Bobo Dioulasso - Culturbaine","robots":{"index":"index","follow":"follow","max-snippet":"max-snippet:-1","max-image-preview":"max-image-preview:large","max-video-preview":"max-video-preview:-1"},"canonical":"https:\/\/culturbaine.com\/index.php\/2024\/01\/25\/slam-au-feminin-une-soiree-envoutante-au-festival-deloquence-de-bobo-dioulasso\/","og_locale":"fr_FR","og_type":"article","og_title":"Slam au F\u00e9minin : Une Soir\u00e9e Envo\u00fbtante au Festival d'\u00c9loquence de Bobo Dioulasso","og_description":"Du 22 au 24 f\u00e9vrier 2024, le Festival International d&rsquo;\u00c9loquence de Bobo Dioulasso c\u00e9l\u00e8bre sa 9\u00e8me \u00e9dition en mettant \u00e0 l&rsquo;honneur le talent des slameuses lors d&rsquo;une soir\u00e9e d\u00e9di\u00e9e le 23 f\u00e9vrier. Intitul\u00e9 Slam au F\u00e9minin, cet \u00e9v\u00e9nement promet une fusion envo\u00fbtante des mots et des \u00e9motions, r\u00e9unissant des slameuses venues de divers horizons de [&hellip;]","og_url":"https:\/\/culturbaine.com\/index.php\/2024\/01\/25\/slam-au-feminin-une-soiree-envoutante-au-festival-deloquence-de-bobo-dioulasso\/","og_site_name":"Culturbaine","article_publisher":"https:\/\/www.facebook.com\/Culturbaines","article_published_time":"2024-01-25T16:34:35+00:00","article_modified_time":"2024-01-25T16:35:38+00:00","og_image":[{"width":717,"height":441,"url":"https:\/\/culturbaine.com\/wp-content\/uploads\/2024\/01\/17062000539082.jpg","type":"image\/jpeg"}],"author":"admin1","twitter_card":"summary_large_image","twitter_creator":"@culturbaines","twitter_site":"@culturbaines","twitter_misc":{"\u00c9crit par":"admin1","Dur\u00e9e de lecture estim\u00e9e":"2 minutes"},"schema":{"@context":"https:\/\/schema.org","@graph":[{"@type":"Article","@id":"https:\/\/culturbaine.com\/index.php\/2024\/01\/25\/slam-au-feminin-une-soiree-envoutante-au-festival-deloquence-de-bobo-dioulasso\/#article","isPartOf":{"@id":"https:\/\/culturbaine.com\/index.php\/2024\/01\/25\/slam-au-feminin-une-soiree-envoutante-au-festival-deloquence-de-bobo-dioulasso\/"},"author":{"name":"admin1","@id":"https:\/\/culturbaine.com\/#\/schema\/person\/42eb7485c572e0746c1ea6b8216c3814"},"headline":"Slam au F\u00e9minin : Une Soir\u00e9e Envo\u00fbtante au Festival d&rsquo;\u00c9loquence de Bobo Dioulasso","datePublished":"2024-01-25T16:34:35+00:00","dateModified":"2024-01-25T16:35:38+00:00","mainEntityOfPage":{"@id":"https:\/\/culturbaine.com\/index.php\/2024\/01\/25\/slam-au-feminin-une-soiree-envoutante-au-festival-deloquence-de-bobo-dioulasso\/"},"wordCount":277,"publisher":{"@id":"https:\/\/culturbaine.com\/#organization"},"image":{"@id":"https:\/\/culturbaine.com\/index.php\/2024\/01\/25\/slam-au-feminin-une-soiree-envoutante-au-festival-deloquence-de-bobo-dioulasso\/#primaryimage"},"thumbnailUrl":"https:\/\/culturbaine.com\/wp-content\/uploads\/2024\/01\/17062000539082.jpg","keywords":["Acte 9","Bobo Dioulasso","Festival d'\u00c9loquence","Slam au F\u00e9minin"],"articleSection":["Actualit\u00e9","Agenda"],"inLanguage":"fr-FR"},{"@type":"WebPage","@id":"https:\/\/culturbaine.com\/index.php\/2024\/01\/25\/slam-au-feminin-une-soiree-envoutante-au-festival-deloquence-de-bobo-dioulasso\/","url":"https:\/\/culturbaine.com\/index.php\/2024\/01\/25\/slam-au-feminin-une-soiree-envoutante-au-festival-deloquence-de-bobo-dioulasso\/","name":"Slam au F\u00e9minin : Une Soir\u00e9e Envo\u00fbtante au Festival d'\u00c9loquence de Bobo Dioulasso - Culturbaine","isPartOf":{"@id":"https:\/\/culturbaine.com\/#website"},"primaryImageOfPage":{"@id":"https:\/\/culturbaine.com\/index.php\/2024\/01\/25\/slam-au-feminin-une-soiree-envoutante-au-festival-deloquence-de-bobo-dioulasso\/#primaryimage"},"image":{"@id":"https:\/\/culturbaine.com\/index.php\/2024\/01\/25\/slam-au-feminin-une-soiree-envoutante-au-festival-deloquence-de-bobo-dioulasso\/#primaryimage"},"thumbnailUrl":"https:\/\/culturbaine.com\/wp-content\/uploads\/2024\/01\/17062000539082.jpg","datePublished":"2024-01-25T16:34:35+00:00","dateModified":"2024-01-25T16:35:38+00:00","breadcrumb":{"@id":"https:\/\/culturbaine.com\/index.php\/2024\/01\/25\/slam-au-feminin-une-soiree-envoutante-au-festival-deloquence-de-bobo-dioulasso\/#breadcrumb"},"inLanguage":"fr-FR","potentialAction":[{"@type":"ReadAction","target":["https:\/\/culturbaine.com\/index.php\/2024\/01\/25\/slam-au-feminin-une-soiree-envoutante-au-festival-deloquence-de-bobo-dioulasso\/"]}]},{"@type":"ImageObject","inLanguage":"fr-FR","@id":"https:\/\/culturbaine.com\/index.php\/2024\/01\/25\/slam-au-feminin-une-soiree-envoutante-au-festival-deloquence-de-bobo-dioulasso\/#primaryimage","url":"https:\/\/culturbaine.com\/wp-content\/uploads\/2024\/01\/17062000539082.jpg","contentUrl":"https:\/\/culturbaine.com\/wp-content\/uploads\/2024\/01\/17062000539082.jpg","width":717,"height":441},{"@type":"BreadcrumbList","@id":"https:\/\/culturbaine.com\/index.php\/2024\/01\/25\/slam-au-feminin-une-soiree-envoutante-au-festival-deloquence-de-bobo-dioulasso\/#breadcrumb","itemListElement":[{"@type":"ListItem","position":1,"name":"Home","item":"https:\/\/culturbaine.com\/"},{"@type":"ListItem","position":2,"name":"Slam au F\u00e9minin : Une Soir\u00e9e Envo\u00fbtante au Festival d&rsquo;\u00c9loquence de Bobo Dioulasso"}]},{"@type":"WebSite","@id":"https:\/\/culturbaine.com\/#website","url":"https:\/\/culturbaine.com\/","name":"Culturbaine.com","description":"Toute l&#039;actualit\u00e9 des Cultures Urbaines, en un clic  !","publisher":{"@id":"https:\/\/culturbaine.com\/#organization"},"potentialAction":[{"@type":"SearchAction","target":{"@type":"EntryPoint","urlTemplate":"https:\/\/culturbaine.com\/?s={search_term_string}"},"query-input":{"@type":"PropertyValueSpecification","valueRequired":true,"valueName":"search_term_string"}}],"inLanguage":"fr-FR"},{"@type":"Organization","@id":"https:\/\/culturbaine.com\/#organization","name":"Culturbaine.com","url":"https:\/\/culturbaine.com\/","logo":{"@type":"ImageObject","inLanguage":"fr-FR","@id":"https:\/\/culturbaine.com\/#\/schema\/logo\/image\/","url":"https:\/\/culturbaine.com\/wp-content\/uploads\/2023\/07\/WhatsApp-Image-2023-07-17-at-14.38.18.jpeg","contentUrl":"https:\/\/culturbaine.com\/wp-content\/uploads\/2023\/07\/WhatsApp-Image-2023-07-17-at-14.38.18.jpeg","width":855,"height":270,"caption":"Culturbaine.com"},"image":{"@id":"https:\/\/culturbaine.com\/#\/schema\/logo\/image\/"},"sameAs":["https:\/\/www.facebook.com\/Culturbaines","https:\/\/x.com\/culturbaines"]},{"@type":"Person","@id":"https:\/\/culturbaine.com\/#\/schema\/person\/42eb7485c572e0746c1ea6b8216c3814","name":"admin1","image":{"@type":"ImageObject","inLanguage":"fr-FR","@id":"https:\/\/culturbaine.com\/#\/schema\/person\/image\/","url":"https:\/\/secure.gravatar.com\/avatar\/c268f4d483ce0486e5a10fee87bbf756?s=96&d=mm&r=g","contentUrl":"https:\/\/secure.gravatar.com\/avatar\/c268f4d483ce0486e5a10fee87bbf756?s=96&d=mm&r=g","caption":"admin1"},"url":"https:\/\/culturbaine.com\/index.php\/author\/admin1\/"}]}},"_links":{"self":[{"href":"https:\/\/culturbaine.com\/index.php\/wp-json\/wp\/v2\/posts\/3997"}],"collection":[{"href":"https:\/\/culturbaine.com\/index.php\/wp-json\/wp\/v2\/posts"}],"about":[{"href":"https:\/\/culturbaine.com\/index.php\/wp-json\/wp\/v2\/types\/post"}],"author":[{"embeddable":true,"href":"https:\/\/culturbaine.com\/index.php\/wp-json\/wp\/v2\/users\/2"}],"replies":[{"embeddable":true,"href":"https:\/\/culturbaine.com\/index.php\/wp-json\/wp\/v2\/comments?post=3997"}],"version-history":[{"count":0,"href":"https:\/\/culturbaine.com\/index.php\/wp-json\/wp\/v2\/posts\/3997\/revisions"}],"wp:featuredmedia":[{"embeddable":true,"href":"https:\/\/culturbaine.com\/index.php\/wp-json\/wp\/v2\/media\/4001"}],"wp:attachment":[{"href":"https:\/\/culturbaine.com\/index.php\/wp-json\/wp\/v2\/media?parent=3997"}],"wp:term":[{"taxonomy":"category","embeddable":true,"href":"https:\/\/culturbaine.com\/index.php\/wp-json\/wp\/v2\/categories?post=3997"},{"taxonomy":"post_tag","embeddable":true,"href":"https:\/\/culturbaine.com\/index.php\/wp-json\/wp\/v2\/tags?post=3997"}],"curies":[{"name":"wp","href":"https:\/\/api.w.org\/{rel}","templated":true}]}}