{"id":391,"date":"2023-07-31T19:53:59","date_gmt":"2023-07-31T19:53:59","guid":{"rendered":"http:\/\/culturbaine.com\/?p=391"},"modified":"2023-07-31T20:07:17","modified_gmt":"2023-07-31T20:07:17","slug":"festival-urban-made-ouest-acte-2-thiird-attendu-en-france","status":"publish","type":"post","link":"https:\/\/culturbaine.com\/index.php\/2023\/07\/31\/festival-urban-made-ouest-acte-2-thiird-attendu-en-france\/","title":{"rendered":"Festival Urban Made Ouest &#8211; Acte 2 : Thiird attendu en France !"},"content":{"rendered":"<p>La semaine d\u00e9marre tr\u00e8s bien pour les fans du rappeur guin\u00e9en <b>Thiird<\/b>. Alors que ses fans attendent impatiemment une date pour la sortie de son prochain single <b>Gongoli<\/b>, leur artiste est annonc\u00e9 \u00e0 Laval (France), au compte de la deuxi\u00e8me \u00e9dition du festival <b>Urban Made Ouest<\/b>. Je vous explique !<\/p>\n<p><span style=\"font-weight: 400;\">Apr\u00e8s la r\u00e9ussite de l&rsquo;acte 1 d&rsquo;Urban Made Ouest \u00e0 Laval et qui a connu la participation des artistes comme <\/span><b>Soul<\/b> <b>Bangs, Lil Saako, Mr Foza<\/b><span style=\"font-weight: 400;\"> et tant d&rsquo;autres, un autre artiste et non le moindre qui cartonne pr\u00e9sentement sur Conakry sera de la partie. Il s&rsquo;agit de <\/span><b>Thiird<\/b><span style=\"font-weight: 400;\">, le soci\u00e9taire du groupe <\/span><b>Gnamakalah<\/b><span style=\"font-weight: 400;\">.<\/span><\/p>\n<p><span style=\"font-weight: 400;\">L&rsquo;annonce a \u00e9t\u00e9 faite par <\/span><b>Minoss<\/b><span style=\"font-weight: 400;\">, commissaire dudit festival via sa page Facebook.<\/span><\/p>\n<p><span style=\"font-weight: 400;\">Cette nouvelle arrive \u00e0 un moment o\u00f9 l&rsquo;artiste travaille ardemment sur sa mixtape solo <\/span><b>NMI Khakhili, <\/b><span style=\"font-weight: 400;\">qui viendra apporter un plus au game guin\u00e9en. Et \u00e7a sera une premi\u00e8re exp\u00e9rience pour l&rsquo;artiste sur le sol europ\u00e9en.<\/span><\/p>\n<p><img loading=\"lazy\" decoding=\"async\" class=\"alignnone size-medium wp-image-394\" src=\"http:\/\/culturbaine.com\/wp-content\/uploads\/2023\/07\/1690831244133-237x300.jpg\" alt=\"\" width=\"237\" height=\"300\" srcset=\"https:\/\/culturbaine.com\/wp-content\/uploads\/2023\/07\/1690831244133-237x300.jpg 237w, https:\/\/culturbaine.com\/wp-content\/uploads\/2023\/07\/1690831244133-600x761.jpg 600w, https:\/\/culturbaine.com\/wp-content\/uploads\/2023\/07\/1690831244133.jpg 720w\" sizes=\"(max-width: 237px) 100vw, 237px\" \/><\/p>\n<p><b>Mohamed Cinq Sylla\u00a0<\/b><\/p>\n","protected":false},"excerpt":{"rendered":"<p>La semaine d\u00e9marre tr\u00e8s bien pour les fans du rappeur guin\u00e9en Thiird. Alors que ses fans attendent impatiemment une date pour la sortie de son prochain single Gongoli, leur artiste est annonc\u00e9 \u00e0 Laval (France), au compte de la deuxi\u00e8me \u00e9dition du festival Urban Made Ouest. Je vous explique ! Apr\u00e8s la r\u00e9ussite de l&rsquo;acte [&hellip;]<\/p>\n","protected":false},"author":2,"featured_media":393,"comment_status":"open","ping_status":"open","sticky":false,"template":"","format":"standard","meta":{"_mi_skip_tracking":false,"_monsterinsights_sitenote_active":false,"_monsterinsights_sitenote_note":"","_monsterinsights_sitenote_category":0,"footnotes":""},"categories":[21,33],"tags":[181,180,182,25],"class_list":["post-391","post","type-post","status-publish","format-standard","has-post-thumbnail","hentry","category-actualite","category-agenda","tag-acte-2","tag-festival-urban-made-ouest","tag-france","tag-thiird"],"yoast_head":"<!-- This site is optimized with the Yoast SEO Premium plugin v20.1 (Yoast SEO v24.0) - https:\/\/yoast.com\/wordpress\/plugins\/seo\/ -->\n<title>Festival Urban Made Ouest - Acte 2 : Thiird attendu en France ! - Culturbaine<\/title>\n<meta name=\"robots\" content=\"index, follow, max-snippet:-1, max-image-preview:large, max-video-preview:-1\" \/>\n<link rel=\"canonical\" href=\"http:\/\/culturbaine.com\/index.php\/2023\/07\/31\/festival-urban-made-ouest-acte-2-thiird-attendu-en-france\/\" \/>\n<meta property=\"og:locale\" content=\"fr_FR\" \/>\n<meta property=\"og:type\" content=\"article\" \/>\n<meta property=\"og:title\" content=\"Festival Urban Made Ouest - Acte 2 : Thiird attendu en France !\" \/>\n<meta property=\"og:description\" content=\"La semaine d\u00e9marre tr\u00e8s bien pour les fans du rappeur guin\u00e9en Thiird. Alors que ses fans attendent impatiemment une date pour la sortie de son prochain single Gongoli, leur artiste est annonc\u00e9 \u00e0 Laval (France), au compte de la deuxi\u00e8me \u00e9dition du festival Urban Made Ouest. Je vous explique ! Apr\u00e8s la r\u00e9ussite de l&rsquo;acte [&hellip;]\" \/>\n<meta property=\"og:url\" content=\"http:\/\/culturbaine.com\/index.php\/2023\/07\/31\/festival-urban-made-ouest-acte-2-thiird-attendu-en-france\/\" \/>\n<meta property=\"og:site_name\" content=\"Culturbaine\" \/>\n<meta property=\"article:publisher\" content=\"https:\/\/www.facebook.com\/Culturbaines\" \/>\n<meta property=\"article:published_time\" content=\"2023-07-31T19:53:59+00:00\" \/>\n<meta property=\"article:modified_time\" content=\"2023-07-31T20:07:17+00:00\" \/>\n<meta property=\"og:image\" content=\"http:\/\/culturbaine.com\/wp-content\/uploads\/2023\/07\/1690832923649.jpg\" \/>\n\t<meta property=\"og:image:width\" content=\"715\" \/>\n\t<meta property=\"og:image:height\" content=\"477\" \/>\n\t<meta property=\"og:image:type\" content=\"image\/jpeg\" \/>\n<meta name=\"author\" content=\"admin1\" \/>\n<meta name=\"twitter:card\" content=\"summary_large_image\" \/>\n<meta name=\"twitter:creator\" content=\"@culturbaines\" \/>\n<meta name=\"twitter:site\" content=\"@culturbaines\" \/>\n<meta name=\"twitter:label1\" content=\"\u00c9crit par\" \/>\n\t<meta name=\"twitter:data1\" content=\"admin1\" \/>\n\t<meta name=\"twitter:label2\" content=\"Dur\u00e9e de lecture estim\u00e9e\" \/>\n\t<meta name=\"twitter:data2\" content=\"1 minute\" \/>\n<script type=\"application\/ld+json\" class=\"yoast-schema-graph\">{\"@context\":\"https:\/\/schema.org\",\"@graph\":[{\"@type\":\"Article\",\"@id\":\"http:\/\/culturbaine.com\/index.php\/2023\/07\/31\/festival-urban-made-ouest-acte-2-thiird-attendu-en-france\/#article\",\"isPartOf\":{\"@id\":\"http:\/\/culturbaine.com\/index.php\/2023\/07\/31\/festival-urban-made-ouest-acte-2-thiird-attendu-en-france\/\"},\"author\":{\"name\":\"admin1\",\"@id\":\"https:\/\/culturbaine.com\/#\/schema\/person\/42eb7485c572e0746c1ea6b8216c3814\"},\"headline\":\"Festival Urban Made Ouest &#8211; Acte 2 : Thiird attendu en France !\",\"datePublished\":\"2023-07-31T19:53:59+00:00\",\"dateModified\":\"2023-07-31T20:07:17+00:00\",\"mainEntityOfPage\":{\"@id\":\"http:\/\/culturbaine.com\/index.php\/2023\/07\/31\/festival-urban-made-ouest-acte-2-thiird-attendu-en-france\/\"},\"wordCount\":180,\"commentCount\":0,\"publisher\":{\"@id\":\"https:\/\/culturbaine.com\/#organization\"},\"image\":{\"@id\":\"http:\/\/culturbaine.com\/index.php\/2023\/07\/31\/festival-urban-made-ouest-acte-2-thiird-attendu-en-france\/#primaryimage\"},\"thumbnailUrl\":\"https:\/\/culturbaine.com\/wp-content\/uploads\/2023\/07\/1690832923649.jpg\",\"keywords\":[\"Acte 2\",\"Festival Urban Made Ouest\",\"France !\",\"thiird\"],\"articleSection\":[\"Actualit\u00e9\",\"Agenda\"],\"inLanguage\":\"fr-FR\"},{\"@type\":\"WebPage\",\"@id\":\"http:\/\/culturbaine.com\/index.php\/2023\/07\/31\/festival-urban-made-ouest-acte-2-thiird-attendu-en-france\/\",\"url\":\"http:\/\/culturbaine.com\/index.php\/2023\/07\/31\/festival-urban-made-ouest-acte-2-thiird-attendu-en-france\/\",\"name\":\"Festival Urban Made Ouest - Acte 2 : Thiird attendu en France ! - Culturbaine\",\"isPartOf\":{\"@id\":\"https:\/\/culturbaine.com\/#website\"},\"primaryImageOfPage\":{\"@id\":\"http:\/\/culturbaine.com\/index.php\/2023\/07\/31\/festival-urban-made-ouest-acte-2-thiird-attendu-en-france\/#primaryimage\"},\"image\":{\"@id\":\"http:\/\/culturbaine.com\/index.php\/2023\/07\/31\/festival-urban-made-ouest-acte-2-thiird-attendu-en-france\/#primaryimage\"},\"thumbnailUrl\":\"https:\/\/culturbaine.com\/wp-content\/uploads\/2023\/07\/1690832923649.jpg\",\"datePublished\":\"2023-07-31T19:53:59+00:00\",\"dateModified\":\"2023-07-31T20:07:17+00:00\",\"breadcrumb\":{\"@id\":\"http:\/\/culturbaine.com\/index.php\/2023\/07\/31\/festival-urban-made-ouest-acte-2-thiird-attendu-en-france\/#breadcrumb\"},\"inLanguage\":\"fr-FR\",\"potentialAction\":[{\"@type\":\"ReadAction\",\"target\":[\"http:\/\/culturbaine.com\/index.php\/2023\/07\/31\/festival-urban-made-ouest-acte-2-thiird-attendu-en-france\/\"]}]},{\"@type\":\"ImageObject\",\"inLanguage\":\"fr-FR\",\"@id\":\"http:\/\/culturbaine.com\/index.php\/2023\/07\/31\/festival-urban-made-ouest-acte-2-thiird-attendu-en-france\/#primaryimage\",\"url\":\"https:\/\/culturbaine.com\/wp-content\/uploads\/2023\/07\/1690832923649.jpg\",\"contentUrl\":\"https:\/\/culturbaine.com\/wp-content\/uploads\/2023\/07\/1690832923649.jpg\",\"width\":715,\"height\":477},{\"@type\":\"BreadcrumbList\",\"@id\":\"http:\/\/culturbaine.com\/index.php\/2023\/07\/31\/festival-urban-made-ouest-acte-2-thiird-attendu-en-france\/#breadcrumb\",\"itemListElement\":[{\"@type\":\"ListItem\",\"position\":1,\"name\":\"Home\",\"item\":\"https:\/\/culturbaine.com\/\"},{\"@type\":\"ListItem\",\"position\":2,\"name\":\"Festival Urban Made Ouest &#8211; Acte 2 : Thiird attendu en France !\"}]},{\"@type\":\"WebSite\",\"@id\":\"https:\/\/culturbaine.com\/#website\",\"url\":\"https:\/\/culturbaine.com\/\",\"name\":\"Culturbaine.com\",\"description\":\"Toute l&#039;actualit\u00e9 des Cultures Urbaines, en un clic  !\",\"publisher\":{\"@id\":\"https:\/\/culturbaine.com\/#organization\"},\"potentialAction\":[{\"@type\":\"SearchAction\",\"target\":{\"@type\":\"EntryPoint\",\"urlTemplate\":\"https:\/\/culturbaine.com\/?s={search_term_string}\"},\"query-input\":{\"@type\":\"PropertyValueSpecification\",\"valueRequired\":true,\"valueName\":\"search_term_string\"}}],\"inLanguage\":\"fr-FR\"},{\"@type\":\"Organization\",\"@id\":\"https:\/\/culturbaine.com\/#organization\",\"name\":\"Culturbaine.com\",\"url\":\"https:\/\/culturbaine.com\/\",\"logo\":{\"@type\":\"ImageObject\",\"inLanguage\":\"fr-FR\",\"@id\":\"https:\/\/culturbaine.com\/#\/schema\/logo\/image\/\",\"url\":\"https:\/\/culturbaine.com\/wp-content\/uploads\/2023\/07\/WhatsApp-Image-2023-07-17-at-14.38.18.jpeg\",\"contentUrl\":\"https:\/\/culturbaine.com\/wp-content\/uploads\/2023\/07\/WhatsApp-Image-2023-07-17-at-14.38.18.jpeg\",\"width\":855,\"height\":270,\"caption\":\"Culturbaine.com\"},\"image\":{\"@id\":\"https:\/\/culturbaine.com\/#\/schema\/logo\/image\/\"},\"sameAs\":[\"https:\/\/www.facebook.com\/Culturbaines\",\"https:\/\/x.com\/culturbaines\"]},{\"@type\":\"Person\",\"@id\":\"https:\/\/culturbaine.com\/#\/schema\/person\/42eb7485c572e0746c1ea6b8216c3814\",\"name\":\"admin1\",\"image\":{\"@type\":\"ImageObject\",\"inLanguage\":\"fr-FR\",\"@id\":\"https:\/\/culturbaine.com\/#\/schema\/person\/image\/\",\"url\":\"https:\/\/secure.gravatar.com\/avatar\/c268f4d483ce0486e5a10fee87bbf756?s=96&d=mm&r=g\",\"contentUrl\":\"https:\/\/secure.gravatar.com\/avatar\/c268f4d483ce0486e5a10fee87bbf756?s=96&d=mm&r=g\",\"caption\":\"admin1\"},\"url\":\"https:\/\/culturbaine.com\/index.php\/author\/admin1\/\"}]}<\/script>\n<!-- \/ Yoast SEO Premium plugin. -->","yoast_head_json":{"title":"Festival Urban Made Ouest - Acte 2 : Thiird attendu en France ! - Culturbaine","robots":{"index":"index","follow":"follow","max-snippet":"max-snippet:-1","max-image-preview":"max-image-preview:large","max-video-preview":"max-video-preview:-1"},"canonical":"http:\/\/culturbaine.com\/index.php\/2023\/07\/31\/festival-urban-made-ouest-acte-2-thiird-attendu-en-france\/","og_locale":"fr_FR","og_type":"article","og_title":"Festival Urban Made Ouest - Acte 2 : Thiird attendu en France !","og_description":"La semaine d\u00e9marre tr\u00e8s bien pour les fans du rappeur guin\u00e9en Thiird. Alors que ses fans attendent impatiemment une date pour la sortie de son prochain single Gongoli, leur artiste est annonc\u00e9 \u00e0 Laval (France), au compte de la deuxi\u00e8me \u00e9dition du festival Urban Made Ouest. Je vous explique ! Apr\u00e8s la r\u00e9ussite de l&rsquo;acte [&hellip;]","og_url":"http:\/\/culturbaine.com\/index.php\/2023\/07\/31\/festival-urban-made-ouest-acte-2-thiird-attendu-en-france\/","og_site_name":"Culturbaine","article_publisher":"https:\/\/www.facebook.com\/Culturbaines","article_published_time":"2023-07-31T19:53:59+00:00","article_modified_time":"2023-07-31T20:07:17+00:00","og_image":[{"width":715,"height":477,"url":"http:\/\/culturbaine.com\/wp-content\/uploads\/2023\/07\/1690832923649.jpg","type":"image\/jpeg"}],"author":"admin1","twitter_card":"summary_large_image","twitter_creator":"@culturbaines","twitter_site":"@culturbaines","twitter_misc":{"\u00c9crit par":"admin1","Dur\u00e9e de lecture estim\u00e9e":"1 minute"},"schema":{"@context":"https:\/\/schema.org","@graph":[{"@type":"Article","@id":"http:\/\/culturbaine.com\/index.php\/2023\/07\/31\/festival-urban-made-ouest-acte-2-thiird-attendu-en-france\/#article","isPartOf":{"@id":"http:\/\/culturbaine.com\/index.php\/2023\/07\/31\/festival-urban-made-ouest-acte-2-thiird-attendu-en-france\/"},"author":{"name":"admin1","@id":"https:\/\/culturbaine.com\/#\/schema\/person\/42eb7485c572e0746c1ea6b8216c3814"},"headline":"Festival Urban Made Ouest &#8211; Acte 2 : Thiird attendu en France !","datePublished":"2023-07-31T19:53:59+00:00","dateModified":"2023-07-31T20:07:17+00:00","mainEntityOfPage":{"@id":"http:\/\/culturbaine.com\/index.php\/2023\/07\/31\/festival-urban-made-ouest-acte-2-thiird-attendu-en-france\/"},"wordCount":180,"commentCount":0,"publisher":{"@id":"https:\/\/culturbaine.com\/#organization"},"image":{"@id":"http:\/\/culturbaine.com\/index.php\/2023\/07\/31\/festival-urban-made-ouest-acte-2-thiird-attendu-en-france\/#primaryimage"},"thumbnailUrl":"https:\/\/culturbaine.com\/wp-content\/uploads\/2023\/07\/1690832923649.jpg","keywords":["Acte 2","Festival Urban Made Ouest","France !","thiird"],"articleSection":["Actualit\u00e9","Agenda"],"inLanguage":"fr-FR"},{"@type":"WebPage","@id":"http:\/\/culturbaine.com\/index.php\/2023\/07\/31\/festival-urban-made-ouest-acte-2-thiird-attendu-en-france\/","url":"http:\/\/culturbaine.com\/index.php\/2023\/07\/31\/festival-urban-made-ouest-acte-2-thiird-attendu-en-france\/","name":"Festival Urban Made Ouest - Acte 2 : Thiird attendu en France ! - Culturbaine","isPartOf":{"@id":"https:\/\/culturbaine.com\/#website"},"primaryImageOfPage":{"@id":"http:\/\/culturbaine.com\/index.php\/2023\/07\/31\/festival-urban-made-ouest-acte-2-thiird-attendu-en-france\/#primaryimage"},"image":{"@id":"http:\/\/culturbaine.com\/index.php\/2023\/07\/31\/festival-urban-made-ouest-acte-2-thiird-attendu-en-france\/#primaryimage"},"thumbnailUrl":"https:\/\/culturbaine.com\/wp-content\/uploads\/2023\/07\/1690832923649.jpg","datePublished":"2023-07-31T19:53:59+00:00","dateModified":"2023-07-31T20:07:17+00:00","breadcrumb":{"@id":"http:\/\/culturbaine.com\/index.php\/2023\/07\/31\/festival-urban-made-ouest-acte-2-thiird-attendu-en-france\/#breadcrumb"},"inLanguage":"fr-FR","potentialAction":[{"@type":"ReadAction","target":["http:\/\/culturbaine.com\/index.php\/2023\/07\/31\/festival-urban-made-ouest-acte-2-thiird-attendu-en-france\/"]}]},{"@type":"ImageObject","inLanguage":"fr-FR","@id":"http:\/\/culturbaine.com\/index.php\/2023\/07\/31\/festival-urban-made-ouest-acte-2-thiird-attendu-en-france\/#primaryimage","url":"https:\/\/culturbaine.com\/wp-content\/uploads\/2023\/07\/1690832923649.jpg","contentUrl":"https:\/\/culturbaine.com\/wp-content\/uploads\/2023\/07\/1690832923649.jpg","width":715,"height":477},{"@type":"BreadcrumbList","@id":"http:\/\/culturbaine.com\/index.php\/2023\/07\/31\/festival-urban-made-ouest-acte-2-thiird-attendu-en-france\/#breadcrumb","itemListElement":[{"@type":"ListItem","position":1,"name":"Home","item":"https:\/\/culturbaine.com\/"},{"@type":"ListItem","position":2,"name":"Festival Urban Made Ouest &#8211; Acte 2 : Thiird attendu en France !"}]},{"@type":"WebSite","@id":"https:\/\/culturbaine.com\/#website","url":"https:\/\/culturbaine.com\/","name":"Culturbaine.com","description":"Toute l&#039;actualit\u00e9 des Cultures Urbaines, en un clic  !","publisher":{"@id":"https:\/\/culturbaine.com\/#organization"},"potentialAction":[{"@type":"SearchAction","target":{"@type":"EntryPoint","urlTemplate":"https:\/\/culturbaine.com\/?s={search_term_string}"},"query-input":{"@type":"PropertyValueSpecification","valueRequired":true,"valueName":"search_term_string"}}],"inLanguage":"fr-FR"},{"@type":"Organization","@id":"https:\/\/culturbaine.com\/#organization","name":"Culturbaine.com","url":"https:\/\/culturbaine.com\/","logo":{"@type":"ImageObject","inLanguage":"fr-FR","@id":"https:\/\/culturbaine.com\/#\/schema\/logo\/image\/","url":"https:\/\/culturbaine.com\/wp-content\/uploads\/2023\/07\/WhatsApp-Image-2023-07-17-at-14.38.18.jpeg","contentUrl":"https:\/\/culturbaine.com\/wp-content\/uploads\/2023\/07\/WhatsApp-Image-2023-07-17-at-14.38.18.jpeg","width":855,"height":270,"caption":"Culturbaine.com"},"image":{"@id":"https:\/\/culturbaine.com\/#\/schema\/logo\/image\/"},"sameAs":["https:\/\/www.facebook.com\/Culturbaines","https:\/\/x.com\/culturbaines"]},{"@type":"Person","@id":"https:\/\/culturbaine.com\/#\/schema\/person\/42eb7485c572e0746c1ea6b8216c3814","name":"admin1","image":{"@type":"ImageObject","inLanguage":"fr-FR","@id":"https:\/\/culturbaine.com\/#\/schema\/person\/image\/","url":"https:\/\/secure.gravatar.com\/avatar\/c268f4d483ce0486e5a10fee87bbf756?s=96&d=mm&r=g","contentUrl":"https:\/\/secure.gravatar.com\/avatar\/c268f4d483ce0486e5a10fee87bbf756?s=96&d=mm&r=g","caption":"admin1"},"url":"https:\/\/culturbaine.com\/index.php\/author\/admin1\/"}]}},"_links":{"self":[{"href":"https:\/\/culturbaine.com\/index.php\/wp-json\/wp\/v2\/posts\/391"}],"collection":[{"href":"https:\/\/culturbaine.com\/index.php\/wp-json\/wp\/v2\/posts"}],"about":[{"href":"https:\/\/culturbaine.com\/index.php\/wp-json\/wp\/v2\/types\/post"}],"author":[{"embeddable":true,"href":"https:\/\/culturbaine.com\/index.php\/wp-json\/wp\/v2\/users\/2"}],"replies":[{"embeddable":true,"href":"https:\/\/culturbaine.com\/index.php\/wp-json\/wp\/v2\/comments?post=391"}],"version-history":[{"count":0,"href":"https:\/\/culturbaine.com\/index.php\/wp-json\/wp\/v2\/posts\/391\/revisions"}],"wp:featuredmedia":[{"embeddable":true,"href":"https:\/\/culturbaine.com\/index.php\/wp-json\/wp\/v2\/media\/393"}],"wp:attachment":[{"href":"https:\/\/culturbaine.com\/index.php\/wp-json\/wp\/v2\/media?parent=391"}],"wp:term":[{"taxonomy":"category","embeddable":true,"href":"https:\/\/culturbaine.com\/index.php\/wp-json\/wp\/v2\/categories?post=391"},{"taxonomy":"post_tag","embeddable":true,"href":"https:\/\/culturbaine.com\/index.php\/wp-json\/wp\/v2\/tags?post=391"}],"curies":[{"name":"wp","href":"https:\/\/api.w.org\/{rel}","templated":true}]}}