{"id":3773,"date":"2024-01-15T11:49:34","date_gmt":"2024-01-15T11:49:34","guid":{"rendered":"https:\/\/culturbaine.com\/?p=3773"},"modified":"2024-01-15T11:49:34","modified_gmt":"2024-01-15T11:49:34","slug":"le-festival-graff-saha-devoile-son-acte-2","status":"publish","type":"post","link":"https:\/\/culturbaine.com\/index.php\/2024\/01\/15\/le-festival-graff-saha-devoile-son-acte-2\/","title":{"rendered":"Le Festival \u00ab\u00a0Graff Saha\u00a0\u00bb D\u00e9voile son Acte 2 !"},"content":{"rendered":"<p><span>Du 16 au 20 janvier 2024, la vibrante capitale burkinab\u00e8, Ouagadougou, sera le th\u00e9\u00e2tre de la deuxi\u00e8me \u00e9dition du festival international du graffiti, \u00ab\u00a0<\/span><b>Graff Saha 2<\/b><span>\u00ab\u00a0. Plac\u00e9 sous le th\u00e8me \u00e9vocateur \u00ab\u00a0<\/span><b>Les murs ont des oreilles<\/b><span>\u00ab\u00a0, cet \u00e9v\u00e9nement promet une semaine d&rsquo;expression artistique et culturelle intense.<\/span><\/p>\n<p><span style=\"font-weight: 400;\">L&rsquo;\u00e9ventail de programmes soigneusement \u00e9labor\u00e9 offre une vari\u00e9t\u00e9 d&rsquo;exp\u00e9riences captivantes. Des ateliers cr\u00e9atifs permettront aux artistes de partager leurs techniques et visions, tandis que les performances en plein air donneront vie aux murs de la ville. Les amateurs d&rsquo;art auront l&rsquo;opportunit\u00e9 d&rsquo;acqu\u00e9rir des \u0153uvres uniques gr\u00e2ce aux expositions-ventes, offrant ainsi un soutien direct aux talents \u00e9mergents.<\/span><\/p>\n<p><span style=\"font-weight: 400;\">Le festival ne se limite pas \u00e0 la visualit\u00e9 du graffiti ; des projections artistiques enchanteront le public, tandis que des concerts hip-hop \u00e9nergiques r\u00e9sonneront dans les rues, ajoutant une dimension sonore et dynamique \u00e0 l&rsquo;\u00e9v\u00e9nement.\u00a0<\/span><\/p>\n<p><span style=\"font-weight: 400;\">Ce ne sont pas seulement des artistes burkinab\u00e8 qui seront \u00e0 l&rsquo;honneur, mais \u00e9galement des talents venant du Niger et du Mali. Cette diversit\u00e9 d&rsquo;origines promet un melting-pot artistique riche en perspectives et en influences.<\/span><\/p>\n<p><b>Graff Saha 2<\/b><span style=\"font-weight: 400;\"> s&rsquo;annonce comme un rendez-vous incontournable, c\u00e9l\u00e9brant l&rsquo;art du graffiti sous toutes ses formes, et offrant aux habitants de Ouagadougou une semaine m\u00e9morable plac\u00e9e sous le signe de la cr\u00e9ativit\u00e9 et de la diversit\u00e9 culturelle.<\/span><\/p>\n<p><img loading=\"lazy\" decoding=\"async\" class=\"alignnone size-medium wp-image-3775\" src=\"http:\/\/culturbaine.com\/wp-content\/uploads\/2024\/01\/1705177011011-240x300.jpg\" alt=\"\" width=\"240\" height=\"300\" srcset=\"https:\/\/culturbaine.com\/wp-content\/uploads\/2024\/01\/1705177011011-240x300.jpg 240w, https:\/\/culturbaine.com\/wp-content\/uploads\/2024\/01\/1705177011011.jpg 720w\" sizes=\"(max-width: 240px) 100vw, 240px\" \/><\/p>\n<p><b>Mohamed Cinq Sylla<\/b><span style=\"font-weight: 400;\">\u00a0<\/span><\/p>\n","protected":false},"excerpt":{"rendered":"<p>Du 16 au 20 janvier 2024, la vibrante capitale burkinab\u00e8, Ouagadougou, sera le th\u00e9\u00e2tre de la deuxi\u00e8me \u00e9dition du festival international du graffiti, \u00ab\u00a0Graff Saha 2\u00ab\u00a0. Plac\u00e9 sous le th\u00e8me \u00e9vocateur \u00ab\u00a0Les murs ont des oreilles\u00ab\u00a0, cet \u00e9v\u00e9nement promet une semaine d&rsquo;expression artistique et culturelle intense. L&rsquo;\u00e9ventail de programmes soigneusement \u00e9labor\u00e9 offre une vari\u00e9t\u00e9 d&rsquo;exp\u00e9riences [&hellip;]<\/p>\n","protected":false},"author":2,"featured_media":3776,"comment_status":"closed","ping_status":"closed","sticky":false,"template":"","format":"standard","meta":{"_mi_skip_tracking":false,"_monsterinsights_sitenote_active":false,"_monsterinsights_sitenote_note":"","_monsterinsights_sitenote_category":0,"footnotes":""},"categories":[21,33],"tags":[731,1495,1494,1496,1398],"class_list":["post-3773","post","type-post","status-publish","format-standard","has-post-thumbnail","hentry","category-actualite","category-agenda","tag-burkina-faso","tag-festival-international-du-graffiti","tag-graff-saha","tag-graff-saha-2","tag-ouagadougou"],"yoast_head":"<!-- This site is optimized with the Yoast SEO Premium plugin v20.1 (Yoast SEO v24.0) - https:\/\/yoast.com\/wordpress\/plugins\/seo\/ -->\n<title>Le Festival &quot;Graff Saha&quot; D\u00e9voile son Acte 2 ! - Culturbaine<\/title>\n<meta name=\"robots\" content=\"index, follow, max-snippet:-1, max-image-preview:large, max-video-preview:-1\" \/>\n<link rel=\"canonical\" href=\"http:\/\/culturbaine.com\/index.php\/2024\/01\/15\/le-festival-graff-saha-devoile-son-acte-2\/\" \/>\n<meta property=\"og:locale\" content=\"fr_FR\" \/>\n<meta property=\"og:type\" content=\"article\" \/>\n<meta property=\"og:title\" content=\"Le Festival &quot;Graff Saha&quot; D\u00e9voile son Acte 2 !\" \/>\n<meta property=\"og:description\" content=\"Du 16 au 20 janvier 2024, la vibrante capitale burkinab\u00e8, Ouagadougou, sera le th\u00e9\u00e2tre de la deuxi\u00e8me \u00e9dition du festival international du graffiti, \u00ab\u00a0Graff Saha 2\u00ab\u00a0. Plac\u00e9 sous le th\u00e8me \u00e9vocateur \u00ab\u00a0Les murs ont des oreilles\u00ab\u00a0, cet \u00e9v\u00e9nement promet une semaine d&rsquo;expression artistique et culturelle intense. L&rsquo;\u00e9ventail de programmes soigneusement \u00e9labor\u00e9 offre une vari\u00e9t\u00e9 d&rsquo;exp\u00e9riences [&hellip;]\" \/>\n<meta property=\"og:url\" content=\"http:\/\/culturbaine.com\/index.php\/2024\/01\/15\/le-festival-graff-saha-devoile-son-acte-2\/\" \/>\n<meta property=\"og:site_name\" content=\"Culturbaine\" \/>\n<meta property=\"article:publisher\" content=\"https:\/\/www.facebook.com\/Culturbaines\" \/>\n<meta property=\"article:published_time\" content=\"2024-01-15T11:49:34+00:00\" \/>\n<meta property=\"og:image\" content=\"http:\/\/culturbaine.com\/wp-content\/uploads\/2024\/01\/1705177098405.jpg\" \/>\n\t<meta property=\"og:image:width\" content=\"720\" \/>\n\t<meta property=\"og:image:height\" content=\"406\" \/>\n\t<meta property=\"og:image:type\" content=\"image\/jpeg\" \/>\n<meta name=\"author\" content=\"admin1\" \/>\n<meta name=\"twitter:card\" content=\"summary_large_image\" \/>\n<meta name=\"twitter:creator\" content=\"@culturbaines\" \/>\n<meta name=\"twitter:site\" content=\"@culturbaines\" \/>\n<meta name=\"twitter:label1\" content=\"\u00c9crit par\" \/>\n\t<meta name=\"twitter:data1\" content=\"admin1\" \/>\n\t<meta name=\"twitter:label2\" content=\"Dur\u00e9e de lecture estim\u00e9e\" \/>\n\t<meta name=\"twitter:data2\" content=\"2 minutes\" \/>\n<script type=\"application\/ld+json\" class=\"yoast-schema-graph\">{\"@context\":\"https:\/\/schema.org\",\"@graph\":[{\"@type\":\"Article\",\"@id\":\"http:\/\/culturbaine.com\/index.php\/2024\/01\/15\/le-festival-graff-saha-devoile-son-acte-2\/#article\",\"isPartOf\":{\"@id\":\"http:\/\/culturbaine.com\/index.php\/2024\/01\/15\/le-festival-graff-saha-devoile-son-acte-2\/\"},\"author\":{\"name\":\"admin1\",\"@id\":\"https:\/\/culturbaine.com\/#\/schema\/person\/42eb7485c572e0746c1ea6b8216c3814\"},\"headline\":\"Le Festival \u00ab\u00a0Graff Saha\u00a0\u00bb D\u00e9voile son Acte 2 !\",\"datePublished\":\"2024-01-15T11:49:34+00:00\",\"dateModified\":\"2024-01-15T11:49:34+00:00\",\"mainEntityOfPage\":{\"@id\":\"http:\/\/culturbaine.com\/index.php\/2024\/01\/15\/le-festival-graff-saha-devoile-son-acte-2\/\"},\"wordCount\":239,\"publisher\":{\"@id\":\"https:\/\/culturbaine.com\/#organization\"},\"image\":{\"@id\":\"http:\/\/culturbaine.com\/index.php\/2024\/01\/15\/le-festival-graff-saha-devoile-son-acte-2\/#primaryimage\"},\"thumbnailUrl\":\"https:\/\/culturbaine.com\/wp-content\/uploads\/2024\/01\/1705177098405.jpg\",\"keywords\":[\"Burkina Faso\",\"Festival international du Graffiti\",\"Graff Saha\",\"Graff Saha 2\",\"Ouagadougou\"],\"articleSection\":[\"Actualit\u00e9\",\"Agenda\"],\"inLanguage\":\"fr-FR\"},{\"@type\":\"WebPage\",\"@id\":\"http:\/\/culturbaine.com\/index.php\/2024\/01\/15\/le-festival-graff-saha-devoile-son-acte-2\/\",\"url\":\"http:\/\/culturbaine.com\/index.php\/2024\/01\/15\/le-festival-graff-saha-devoile-son-acte-2\/\",\"name\":\"Le Festival \\\"Graff Saha\\\" D\u00e9voile son Acte 2 ! - Culturbaine\",\"isPartOf\":{\"@id\":\"https:\/\/culturbaine.com\/#website\"},\"primaryImageOfPage\":{\"@id\":\"http:\/\/culturbaine.com\/index.php\/2024\/01\/15\/le-festival-graff-saha-devoile-son-acte-2\/#primaryimage\"},\"image\":{\"@id\":\"http:\/\/culturbaine.com\/index.php\/2024\/01\/15\/le-festival-graff-saha-devoile-son-acte-2\/#primaryimage\"},\"thumbnailUrl\":\"https:\/\/culturbaine.com\/wp-content\/uploads\/2024\/01\/1705177098405.jpg\",\"datePublished\":\"2024-01-15T11:49:34+00:00\",\"dateModified\":\"2024-01-15T11:49:34+00:00\",\"breadcrumb\":{\"@id\":\"http:\/\/culturbaine.com\/index.php\/2024\/01\/15\/le-festival-graff-saha-devoile-son-acte-2\/#breadcrumb\"},\"inLanguage\":\"fr-FR\",\"potentialAction\":[{\"@type\":\"ReadAction\",\"target\":[\"http:\/\/culturbaine.com\/index.php\/2024\/01\/15\/le-festival-graff-saha-devoile-son-acte-2\/\"]}]},{\"@type\":\"ImageObject\",\"inLanguage\":\"fr-FR\",\"@id\":\"http:\/\/culturbaine.com\/index.php\/2024\/01\/15\/le-festival-graff-saha-devoile-son-acte-2\/#primaryimage\",\"url\":\"https:\/\/culturbaine.com\/wp-content\/uploads\/2024\/01\/1705177098405.jpg\",\"contentUrl\":\"https:\/\/culturbaine.com\/wp-content\/uploads\/2024\/01\/1705177098405.jpg\",\"width\":720,\"height\":406},{\"@type\":\"BreadcrumbList\",\"@id\":\"http:\/\/culturbaine.com\/index.php\/2024\/01\/15\/le-festival-graff-saha-devoile-son-acte-2\/#breadcrumb\",\"itemListElement\":[{\"@type\":\"ListItem\",\"position\":1,\"name\":\"Home\",\"item\":\"https:\/\/culturbaine.com\/\"},{\"@type\":\"ListItem\",\"position\":2,\"name\":\"Le Festival \u00ab\u00a0Graff Saha\u00a0\u00bb D\u00e9voile son Acte 2 !\"}]},{\"@type\":\"WebSite\",\"@id\":\"https:\/\/culturbaine.com\/#website\",\"url\":\"https:\/\/culturbaine.com\/\",\"name\":\"Culturbaine.com\",\"description\":\"Toute l&#039;actualit\u00e9 des Cultures Urbaines, en un clic  !\",\"publisher\":{\"@id\":\"https:\/\/culturbaine.com\/#organization\"},\"potentialAction\":[{\"@type\":\"SearchAction\",\"target\":{\"@type\":\"EntryPoint\",\"urlTemplate\":\"https:\/\/culturbaine.com\/?s={search_term_string}\"},\"query-input\":{\"@type\":\"PropertyValueSpecification\",\"valueRequired\":true,\"valueName\":\"search_term_string\"}}],\"inLanguage\":\"fr-FR\"},{\"@type\":\"Organization\",\"@id\":\"https:\/\/culturbaine.com\/#organization\",\"name\":\"Culturbaine.com\",\"url\":\"https:\/\/culturbaine.com\/\",\"logo\":{\"@type\":\"ImageObject\",\"inLanguage\":\"fr-FR\",\"@id\":\"https:\/\/culturbaine.com\/#\/schema\/logo\/image\/\",\"url\":\"https:\/\/culturbaine.com\/wp-content\/uploads\/2023\/07\/WhatsApp-Image-2023-07-17-at-14.38.18.jpeg\",\"contentUrl\":\"https:\/\/culturbaine.com\/wp-content\/uploads\/2023\/07\/WhatsApp-Image-2023-07-17-at-14.38.18.jpeg\",\"width\":855,\"height\":270,\"caption\":\"Culturbaine.com\"},\"image\":{\"@id\":\"https:\/\/culturbaine.com\/#\/schema\/logo\/image\/\"},\"sameAs\":[\"https:\/\/www.facebook.com\/Culturbaines\",\"https:\/\/x.com\/culturbaines\"]},{\"@type\":\"Person\",\"@id\":\"https:\/\/culturbaine.com\/#\/schema\/person\/42eb7485c572e0746c1ea6b8216c3814\",\"name\":\"admin1\",\"image\":{\"@type\":\"ImageObject\",\"inLanguage\":\"fr-FR\",\"@id\":\"https:\/\/culturbaine.com\/#\/schema\/person\/image\/\",\"url\":\"https:\/\/secure.gravatar.com\/avatar\/c268f4d483ce0486e5a10fee87bbf756?s=96&d=mm&r=g\",\"contentUrl\":\"https:\/\/secure.gravatar.com\/avatar\/c268f4d483ce0486e5a10fee87bbf756?s=96&d=mm&r=g\",\"caption\":\"admin1\"},\"url\":\"https:\/\/culturbaine.com\/index.php\/author\/admin1\/\"}]}<\/script>\n<!-- \/ Yoast SEO Premium plugin. -->","yoast_head_json":{"title":"Le Festival \"Graff Saha\" D\u00e9voile son Acte 2 ! - Culturbaine","robots":{"index":"index","follow":"follow","max-snippet":"max-snippet:-1","max-image-preview":"max-image-preview:large","max-video-preview":"max-video-preview:-1"},"canonical":"http:\/\/culturbaine.com\/index.php\/2024\/01\/15\/le-festival-graff-saha-devoile-son-acte-2\/","og_locale":"fr_FR","og_type":"article","og_title":"Le Festival \"Graff Saha\" D\u00e9voile son Acte 2 !","og_description":"Du 16 au 20 janvier 2024, la vibrante capitale burkinab\u00e8, Ouagadougou, sera le th\u00e9\u00e2tre de la deuxi\u00e8me \u00e9dition du festival international du graffiti, \u00ab\u00a0Graff Saha 2\u00ab\u00a0. Plac\u00e9 sous le th\u00e8me \u00e9vocateur \u00ab\u00a0Les murs ont des oreilles\u00ab\u00a0, cet \u00e9v\u00e9nement promet une semaine d&rsquo;expression artistique et culturelle intense. L&rsquo;\u00e9ventail de programmes soigneusement \u00e9labor\u00e9 offre une vari\u00e9t\u00e9 d&rsquo;exp\u00e9riences [&hellip;]","og_url":"http:\/\/culturbaine.com\/index.php\/2024\/01\/15\/le-festival-graff-saha-devoile-son-acte-2\/","og_site_name":"Culturbaine","article_publisher":"https:\/\/www.facebook.com\/Culturbaines","article_published_time":"2024-01-15T11:49:34+00:00","og_image":[{"width":720,"height":406,"url":"http:\/\/culturbaine.com\/wp-content\/uploads\/2024\/01\/1705177098405.jpg","type":"image\/jpeg"}],"author":"admin1","twitter_card":"summary_large_image","twitter_creator":"@culturbaines","twitter_site":"@culturbaines","twitter_misc":{"\u00c9crit par":"admin1","Dur\u00e9e de lecture estim\u00e9e":"2 minutes"},"schema":{"@context":"https:\/\/schema.org","@graph":[{"@type":"Article","@id":"http:\/\/culturbaine.com\/index.php\/2024\/01\/15\/le-festival-graff-saha-devoile-son-acte-2\/#article","isPartOf":{"@id":"http:\/\/culturbaine.com\/index.php\/2024\/01\/15\/le-festival-graff-saha-devoile-son-acte-2\/"},"author":{"name":"admin1","@id":"https:\/\/culturbaine.com\/#\/schema\/person\/42eb7485c572e0746c1ea6b8216c3814"},"headline":"Le Festival \u00ab\u00a0Graff Saha\u00a0\u00bb D\u00e9voile son Acte 2 !","datePublished":"2024-01-15T11:49:34+00:00","dateModified":"2024-01-15T11:49:34+00:00","mainEntityOfPage":{"@id":"http:\/\/culturbaine.com\/index.php\/2024\/01\/15\/le-festival-graff-saha-devoile-son-acte-2\/"},"wordCount":239,"publisher":{"@id":"https:\/\/culturbaine.com\/#organization"},"image":{"@id":"http:\/\/culturbaine.com\/index.php\/2024\/01\/15\/le-festival-graff-saha-devoile-son-acte-2\/#primaryimage"},"thumbnailUrl":"https:\/\/culturbaine.com\/wp-content\/uploads\/2024\/01\/1705177098405.jpg","keywords":["Burkina Faso","Festival international du Graffiti","Graff Saha","Graff Saha 2","Ouagadougou"],"articleSection":["Actualit\u00e9","Agenda"],"inLanguage":"fr-FR"},{"@type":"WebPage","@id":"http:\/\/culturbaine.com\/index.php\/2024\/01\/15\/le-festival-graff-saha-devoile-son-acte-2\/","url":"http:\/\/culturbaine.com\/index.php\/2024\/01\/15\/le-festival-graff-saha-devoile-son-acte-2\/","name":"Le Festival \"Graff Saha\" D\u00e9voile son Acte 2 ! - Culturbaine","isPartOf":{"@id":"https:\/\/culturbaine.com\/#website"},"primaryImageOfPage":{"@id":"http:\/\/culturbaine.com\/index.php\/2024\/01\/15\/le-festival-graff-saha-devoile-son-acte-2\/#primaryimage"},"image":{"@id":"http:\/\/culturbaine.com\/index.php\/2024\/01\/15\/le-festival-graff-saha-devoile-son-acte-2\/#primaryimage"},"thumbnailUrl":"https:\/\/culturbaine.com\/wp-content\/uploads\/2024\/01\/1705177098405.jpg","datePublished":"2024-01-15T11:49:34+00:00","dateModified":"2024-01-15T11:49:34+00:00","breadcrumb":{"@id":"http:\/\/culturbaine.com\/index.php\/2024\/01\/15\/le-festival-graff-saha-devoile-son-acte-2\/#breadcrumb"},"inLanguage":"fr-FR","potentialAction":[{"@type":"ReadAction","target":["http:\/\/culturbaine.com\/index.php\/2024\/01\/15\/le-festival-graff-saha-devoile-son-acte-2\/"]}]},{"@type":"ImageObject","inLanguage":"fr-FR","@id":"http:\/\/culturbaine.com\/index.php\/2024\/01\/15\/le-festival-graff-saha-devoile-son-acte-2\/#primaryimage","url":"https:\/\/culturbaine.com\/wp-content\/uploads\/2024\/01\/1705177098405.jpg","contentUrl":"https:\/\/culturbaine.com\/wp-content\/uploads\/2024\/01\/1705177098405.jpg","width":720,"height":406},{"@type":"BreadcrumbList","@id":"http:\/\/culturbaine.com\/index.php\/2024\/01\/15\/le-festival-graff-saha-devoile-son-acte-2\/#breadcrumb","itemListElement":[{"@type":"ListItem","position":1,"name":"Home","item":"https:\/\/culturbaine.com\/"},{"@type":"ListItem","position":2,"name":"Le Festival \u00ab\u00a0Graff Saha\u00a0\u00bb D\u00e9voile son Acte 2 !"}]},{"@type":"WebSite","@id":"https:\/\/culturbaine.com\/#website","url":"https:\/\/culturbaine.com\/","name":"Culturbaine.com","description":"Toute l&#039;actualit\u00e9 des Cultures Urbaines, en un clic  !","publisher":{"@id":"https:\/\/culturbaine.com\/#organization"},"potentialAction":[{"@type":"SearchAction","target":{"@type":"EntryPoint","urlTemplate":"https:\/\/culturbaine.com\/?s={search_term_string}"},"query-input":{"@type":"PropertyValueSpecification","valueRequired":true,"valueName":"search_term_string"}}],"inLanguage":"fr-FR"},{"@type":"Organization","@id":"https:\/\/culturbaine.com\/#organization","name":"Culturbaine.com","url":"https:\/\/culturbaine.com\/","logo":{"@type":"ImageObject","inLanguage":"fr-FR","@id":"https:\/\/culturbaine.com\/#\/schema\/logo\/image\/","url":"https:\/\/culturbaine.com\/wp-content\/uploads\/2023\/07\/WhatsApp-Image-2023-07-17-at-14.38.18.jpeg","contentUrl":"https:\/\/culturbaine.com\/wp-content\/uploads\/2023\/07\/WhatsApp-Image-2023-07-17-at-14.38.18.jpeg","width":855,"height":270,"caption":"Culturbaine.com"},"image":{"@id":"https:\/\/culturbaine.com\/#\/schema\/logo\/image\/"},"sameAs":["https:\/\/www.facebook.com\/Culturbaines","https:\/\/x.com\/culturbaines"]},{"@type":"Person","@id":"https:\/\/culturbaine.com\/#\/schema\/person\/42eb7485c572e0746c1ea6b8216c3814","name":"admin1","image":{"@type":"ImageObject","inLanguage":"fr-FR","@id":"https:\/\/culturbaine.com\/#\/schema\/person\/image\/","url":"https:\/\/secure.gravatar.com\/avatar\/c268f4d483ce0486e5a10fee87bbf756?s=96&d=mm&r=g","contentUrl":"https:\/\/secure.gravatar.com\/avatar\/c268f4d483ce0486e5a10fee87bbf756?s=96&d=mm&r=g","caption":"admin1"},"url":"https:\/\/culturbaine.com\/index.php\/author\/admin1\/"}]}},"_links":{"self":[{"href":"https:\/\/culturbaine.com\/index.php\/wp-json\/wp\/v2\/posts\/3773"}],"collection":[{"href":"https:\/\/culturbaine.com\/index.php\/wp-json\/wp\/v2\/posts"}],"about":[{"href":"https:\/\/culturbaine.com\/index.php\/wp-json\/wp\/v2\/types\/post"}],"author":[{"embeddable":true,"href":"https:\/\/culturbaine.com\/index.php\/wp-json\/wp\/v2\/users\/2"}],"replies":[{"embeddable":true,"href":"https:\/\/culturbaine.com\/index.php\/wp-json\/wp\/v2\/comments?post=3773"}],"version-history":[{"count":0,"href":"https:\/\/culturbaine.com\/index.php\/wp-json\/wp\/v2\/posts\/3773\/revisions"}],"wp:featuredmedia":[{"embeddable":true,"href":"https:\/\/culturbaine.com\/index.php\/wp-json\/wp\/v2\/media\/3776"}],"wp:attachment":[{"href":"https:\/\/culturbaine.com\/index.php\/wp-json\/wp\/v2\/media?parent=3773"}],"wp:term":[{"taxonomy":"category","embeddable":true,"href":"https:\/\/culturbaine.com\/index.php\/wp-json\/wp\/v2\/categories?post=3773"},{"taxonomy":"post_tag","embeddable":true,"href":"https:\/\/culturbaine.com\/index.php\/wp-json\/wp\/v2\/tags?post=3773"}],"curies":[{"name":"wp","href":"https:\/\/api.w.org\/{rel}","templated":true}]}}