{"id":3760,"date":"2024-01-15T10:22:33","date_gmt":"2024-01-15T10:22:33","guid":{"rendered":"https:\/\/culturbaine.com\/?p=3760"},"modified":"2024-01-15T12:00:53","modified_gmt":"2024-01-15T12:00:53","slug":"can-2023-naby-keita-et-ses-coequipiers-immortalises-dans-une-fresque","status":"publish","type":"post","link":"https:\/\/culturbaine.com\/index.php\/2024\/01\/15\/can-2023-naby-keita-et-ses-coequipiers-immortalises-dans-une-fresque\/","title":{"rendered":"Can 2023 : Naby Keita et ses Co\u00e9quipiers Immortalis\u00e9s dans une Fresque"},"content":{"rendered":"<p>En pr\u00e9paration de la 34\u00e8me \u00e9dition de la Coupe d&rsquo;Afrique des Nations (Can 2023) au Cameroun, la Guin\u00e9e c\u00e9l\u00e8bre son \u00e9quipe nationale, le Syli National, de mani\u00e8re artistique et engag\u00e9e. Alors que les artistes musicaux ont pr\u00eat\u00e9 leurs voix pour soutenir l&rsquo;\u00e9quipe, des graffeurs ont fait de m\u00eame \u00e0 travers la peinture.<\/p>\n<p><span style=\"font-weight: 400;\">Une fresque impressionnante a \u00e9t\u00e9 d\u00e9voil\u00e9e, \u00e0 la maison des jeunes de Dubreka, mettant en vedette le capitaine embl\u00e9matique du Syli, <\/span><b>Naby Keita<\/b><span style=\"font-weight: 400;\">, le talentueux buteur <\/span><b>Sekhou Guirassy<\/b><span style=\"font-weight: 400;\">, et leur entra\u00eeneur, <\/span><b>Kaba Diawara<\/b><span style=\"font-weight: 400;\">. Intitul\u00e9e \u00ab\u00a0<\/span><b>Gbin Gbin Soo Syli<\/b><span style=\"font-weight: 400;\">\u00a0\u00bb accompagn\u00e9e de l&rsquo;image d&rsquo;une coupe, cette \u0153uvre a \u00e9t\u00e9 r\u00e9alis\u00e9e par <\/span><b>Guin\u00e9e Challenge<\/b><span style=\"font-weight: 400;\">, avec la cr\u00e9ativit\u00e9 de l&rsquo;artiste <\/span><b>Mohamed Gandho Soumah<\/b><span style=\"font-weight: 400;\">.<\/span><\/p>\n<p><span style=\"font-weight: 400;\">Cette initiative artistique vise \u00e0 encapsuler l&rsquo;esprit et la d\u00e9termination de l&rsquo;\u00e9quipe guin\u00e9enne, offrant ainsi un hommage visuel aux figures cl\u00e9s qui m\u00e8neront le Syli sur le terrain. La fresque, t\u00e9moignage vibrant du talent artistique local, symbolise \u00e9galement l&rsquo;unit\u00e9 nationale derri\u00e8re le sport, fusionnant l&rsquo;art et le football dans un \u00e9lan de fiert\u00e9 nationale.<\/span><\/p>\n<p><img loading=\"lazy\" decoding=\"async\" class=\"alignnone size-medium wp-image-3762\" src=\"http:\/\/culturbaine.com\/wp-content\/uploads\/2024\/01\/1705177270748-300x211.jpg\" alt=\"\" width=\"300\" height=\"211\" srcset=\"https:\/\/culturbaine.com\/wp-content\/uploads\/2024\/01\/1705177270748-300x211.jpg 300w, https:\/\/culturbaine.com\/wp-content\/uploads\/2024\/01\/1705177270748.jpg 720w\" sizes=\"(max-width: 300px) 100vw, 300px\" \/><\/p>\n<p><span style=\"font-weight: 400;\">\u00c0 travers cette expression cr\u00e9ative, les graffeurs guin\u00e9ens d\u00e9montrent une fois de plus le pouvoir de l&rsquo;art pour rassembler les communaut\u00e9s et susciter un sentiment d&rsquo;appartenance collective. La fresque devient ainsi une \u0153uvre d&rsquo;art dynamique, transcendant les fronti\u00e8res du stade pour toucher le c\u0153ur des supporters et inspirer l&rsquo;\u00e9quipe nationale dans cette comp\u00e9tition africaine de premier plan.<\/span><\/p>\n<p><img loading=\"lazy\" decoding=\"async\" class=\"alignnone size-medium wp-image-3768\" src=\"http:\/\/culturbaine.com\/wp-content\/uploads\/2024\/01\/1705177267199-300x230.jpg\" alt=\"\" width=\"300\" height=\"230\" srcset=\"https:\/\/culturbaine.com\/wp-content\/uploads\/2024\/01\/1705177267199-300x230.jpg 300w, https:\/\/culturbaine.com\/wp-content\/uploads\/2024\/01\/1705177267199.jpg 720w\" sizes=\"(max-width: 300px) 100vw, 300px\" \/><\/p>\n<p><b>Mohamed Cinq Sylla<\/b><\/p>\n","protected":false},"excerpt":{"rendered":"<p>En pr\u00e9paration de la 34\u00e8me \u00e9dition de la Coupe d&rsquo;Afrique des Nations (Can 2023) au Cameroun, la Guin\u00e9e c\u00e9l\u00e8bre son \u00e9quipe nationale, le Syli National, de mani\u00e8re artistique et engag\u00e9e. Alors que les artistes musicaux ont pr\u00eat\u00e9 leurs voix pour soutenir l&rsquo;\u00e9quipe, des graffeurs ont fait de m\u00eame \u00e0 travers la peinture. Une fresque impressionnante [&hellip;]<\/p>\n","protected":false},"author":2,"featured_media":3766,"comment_status":"closed","ping_status":"closed","sticky":false,"template":"","format":"standard","meta":{"_mi_skip_tracking":false,"_monsterinsights_sitenote_active":false,"_monsterinsights_sitenote_note":"","_monsterinsights_sitenote_category":0,"footnotes":""},"categories":[21],"tags":[1469,1146,1493,1491,1490,1492,1489],"class_list":["post-3760","post","type-post","status-publish","format-standard","has-post-thumbnail","hentry","category-actualite","tag-fresque","tag-graffiti","tag-immortalise","tag-kaba-diawara","tag-naby-keita","tag-sekhou-guirassy","tag-syli-national"],"yoast_head":"<!-- This site is optimized with the Yoast SEO Premium plugin v20.1 (Yoast SEO v24.0) - https:\/\/yoast.com\/wordpress\/plugins\/seo\/ -->\n<title>Can 2023 : Naby Keita et ses Co\u00e9quipiers Immortalis\u00e9s dans une Fresque - Culturbaine<\/title>\n<meta name=\"robots\" content=\"index, follow, max-snippet:-1, max-image-preview:large, max-video-preview:-1\" \/>\n<link rel=\"canonical\" href=\"https:\/\/culturbaine.com\/index.php\/2024\/01\/15\/can-2023-naby-keita-et-ses-coequipiers-immortalises-dans-une-fresque\/\" \/>\n<meta property=\"og:locale\" content=\"fr_FR\" \/>\n<meta property=\"og:type\" content=\"article\" \/>\n<meta property=\"og:title\" content=\"Can 2023 : Naby Keita et ses Co\u00e9quipiers Immortalis\u00e9s dans une Fresque\" \/>\n<meta property=\"og:description\" content=\"En pr\u00e9paration de la 34\u00e8me \u00e9dition de la Coupe d&rsquo;Afrique des Nations (Can 2023) au Cameroun, la Guin\u00e9e c\u00e9l\u00e8bre son \u00e9quipe nationale, le Syli National, de mani\u00e8re artistique et engag\u00e9e. Alors que les artistes musicaux ont pr\u00eat\u00e9 leurs voix pour soutenir l&rsquo;\u00e9quipe, des graffeurs ont fait de m\u00eame \u00e0 travers la peinture. Une fresque impressionnante [&hellip;]\" \/>\n<meta property=\"og:url\" content=\"https:\/\/culturbaine.com\/index.php\/2024\/01\/15\/can-2023-naby-keita-et-ses-coequipiers-immortalises-dans-une-fresque\/\" \/>\n<meta property=\"og:site_name\" content=\"Culturbaine\" \/>\n<meta property=\"article:publisher\" content=\"https:\/\/www.facebook.com\/Culturbaines\" \/>\n<meta property=\"article:published_time\" content=\"2024-01-15T10:22:33+00:00\" \/>\n<meta property=\"article:modified_time\" content=\"2024-01-15T12:00:53+00:00\" \/>\n<meta property=\"og:image\" content=\"https:\/\/culturbaine.com\/wp-content\/uploads\/2024\/01\/17051773507512.jpg\" \/>\n\t<meta property=\"og:image:width\" content=\"720\" \/>\n\t<meta property=\"og:image:height\" content=\"365\" \/>\n\t<meta property=\"og:image:type\" content=\"image\/jpeg\" \/>\n<meta name=\"author\" content=\"admin1\" \/>\n<meta name=\"twitter:card\" content=\"summary_large_image\" \/>\n<meta name=\"twitter:creator\" content=\"@culturbaines\" \/>\n<meta name=\"twitter:site\" content=\"@culturbaines\" \/>\n<meta name=\"twitter:label1\" content=\"\u00c9crit par\" \/>\n\t<meta name=\"twitter:data1\" content=\"admin1\" \/>\n\t<meta name=\"twitter:label2\" content=\"Dur\u00e9e de lecture estim\u00e9e\" \/>\n\t<meta name=\"twitter:data2\" content=\"2 minutes\" \/>\n<script type=\"application\/ld+json\" class=\"yoast-schema-graph\">{\"@context\":\"https:\/\/schema.org\",\"@graph\":[{\"@type\":\"Article\",\"@id\":\"https:\/\/culturbaine.com\/index.php\/2024\/01\/15\/can-2023-naby-keita-et-ses-coequipiers-immortalises-dans-une-fresque\/#article\",\"isPartOf\":{\"@id\":\"https:\/\/culturbaine.com\/index.php\/2024\/01\/15\/can-2023-naby-keita-et-ses-coequipiers-immortalises-dans-une-fresque\/\"},\"author\":{\"name\":\"admin1\",\"@id\":\"https:\/\/culturbaine.com\/#\/schema\/person\/42eb7485c572e0746c1ea6b8216c3814\"},\"headline\":\"Can 2023 : Naby Keita et ses Co\u00e9quipiers Immortalis\u00e9s dans une Fresque\",\"datePublished\":\"2024-01-15T10:22:33+00:00\",\"dateModified\":\"2024-01-15T12:00:53+00:00\",\"mainEntityOfPage\":{\"@id\":\"https:\/\/culturbaine.com\/index.php\/2024\/01\/15\/can-2023-naby-keita-et-ses-coequipiers-immortalises-dans-une-fresque\/\"},\"wordCount\":276,\"publisher\":{\"@id\":\"https:\/\/culturbaine.com\/#organization\"},\"image\":{\"@id\":\"https:\/\/culturbaine.com\/index.php\/2024\/01\/15\/can-2023-naby-keita-et-ses-coequipiers-immortalises-dans-une-fresque\/#primaryimage\"},\"thumbnailUrl\":\"https:\/\/culturbaine.com\/wp-content\/uploads\/2024\/01\/17051773507512.jpg\",\"keywords\":[\"Fresque\",\"Graffiti\",\"Immortalis\u00e9\",\"Kaba Diawara\",\"Naby Keita\",\"Sekhou Guirassy\",\"Syli National\"],\"articleSection\":[\"Actualit\u00e9\"],\"inLanguage\":\"fr-FR\"},{\"@type\":\"WebPage\",\"@id\":\"https:\/\/culturbaine.com\/index.php\/2024\/01\/15\/can-2023-naby-keita-et-ses-coequipiers-immortalises-dans-une-fresque\/\",\"url\":\"https:\/\/culturbaine.com\/index.php\/2024\/01\/15\/can-2023-naby-keita-et-ses-coequipiers-immortalises-dans-une-fresque\/\",\"name\":\"Can 2023 : Naby Keita et ses Co\u00e9quipiers Immortalis\u00e9s dans une Fresque - Culturbaine\",\"isPartOf\":{\"@id\":\"https:\/\/culturbaine.com\/#website\"},\"primaryImageOfPage\":{\"@id\":\"https:\/\/culturbaine.com\/index.php\/2024\/01\/15\/can-2023-naby-keita-et-ses-coequipiers-immortalises-dans-une-fresque\/#primaryimage\"},\"image\":{\"@id\":\"https:\/\/culturbaine.com\/index.php\/2024\/01\/15\/can-2023-naby-keita-et-ses-coequipiers-immortalises-dans-une-fresque\/#primaryimage\"},\"thumbnailUrl\":\"https:\/\/culturbaine.com\/wp-content\/uploads\/2024\/01\/17051773507512.jpg\",\"datePublished\":\"2024-01-15T10:22:33+00:00\",\"dateModified\":\"2024-01-15T12:00:53+00:00\",\"breadcrumb\":{\"@id\":\"https:\/\/culturbaine.com\/index.php\/2024\/01\/15\/can-2023-naby-keita-et-ses-coequipiers-immortalises-dans-une-fresque\/#breadcrumb\"},\"inLanguage\":\"fr-FR\",\"potentialAction\":[{\"@type\":\"ReadAction\",\"target\":[\"https:\/\/culturbaine.com\/index.php\/2024\/01\/15\/can-2023-naby-keita-et-ses-coequipiers-immortalises-dans-une-fresque\/\"]}]},{\"@type\":\"ImageObject\",\"inLanguage\":\"fr-FR\",\"@id\":\"https:\/\/culturbaine.com\/index.php\/2024\/01\/15\/can-2023-naby-keita-et-ses-coequipiers-immortalises-dans-une-fresque\/#primaryimage\",\"url\":\"https:\/\/culturbaine.com\/wp-content\/uploads\/2024\/01\/17051773507512.jpg\",\"contentUrl\":\"https:\/\/culturbaine.com\/wp-content\/uploads\/2024\/01\/17051773507512.jpg\",\"width\":720,\"height\":365},{\"@type\":\"BreadcrumbList\",\"@id\":\"https:\/\/culturbaine.com\/index.php\/2024\/01\/15\/can-2023-naby-keita-et-ses-coequipiers-immortalises-dans-une-fresque\/#breadcrumb\",\"itemListElement\":[{\"@type\":\"ListItem\",\"position\":1,\"name\":\"Home\",\"item\":\"https:\/\/culturbaine.com\/\"},{\"@type\":\"ListItem\",\"position\":2,\"name\":\"Can 2023 : Naby Keita et ses Co\u00e9quipiers Immortalis\u00e9s dans une Fresque\"}]},{\"@type\":\"WebSite\",\"@id\":\"https:\/\/culturbaine.com\/#website\",\"url\":\"https:\/\/culturbaine.com\/\",\"name\":\"Culturbaine.com\",\"description\":\"Toute l&#039;actualit\u00e9 des Cultures Urbaines, en un clic  !\",\"publisher\":{\"@id\":\"https:\/\/culturbaine.com\/#organization\"},\"potentialAction\":[{\"@type\":\"SearchAction\",\"target\":{\"@type\":\"EntryPoint\",\"urlTemplate\":\"https:\/\/culturbaine.com\/?s={search_term_string}\"},\"query-input\":{\"@type\":\"PropertyValueSpecification\",\"valueRequired\":true,\"valueName\":\"search_term_string\"}}],\"inLanguage\":\"fr-FR\"},{\"@type\":\"Organization\",\"@id\":\"https:\/\/culturbaine.com\/#organization\",\"name\":\"Culturbaine.com\",\"url\":\"https:\/\/culturbaine.com\/\",\"logo\":{\"@type\":\"ImageObject\",\"inLanguage\":\"fr-FR\",\"@id\":\"https:\/\/culturbaine.com\/#\/schema\/logo\/image\/\",\"url\":\"https:\/\/culturbaine.com\/wp-content\/uploads\/2023\/07\/WhatsApp-Image-2023-07-17-at-14.38.18.jpeg\",\"contentUrl\":\"https:\/\/culturbaine.com\/wp-content\/uploads\/2023\/07\/WhatsApp-Image-2023-07-17-at-14.38.18.jpeg\",\"width\":855,\"height\":270,\"caption\":\"Culturbaine.com\"},\"image\":{\"@id\":\"https:\/\/culturbaine.com\/#\/schema\/logo\/image\/\"},\"sameAs\":[\"https:\/\/www.facebook.com\/Culturbaines\",\"https:\/\/x.com\/culturbaines\"]},{\"@type\":\"Person\",\"@id\":\"https:\/\/culturbaine.com\/#\/schema\/person\/42eb7485c572e0746c1ea6b8216c3814\",\"name\":\"admin1\",\"image\":{\"@type\":\"ImageObject\",\"inLanguage\":\"fr-FR\",\"@id\":\"https:\/\/culturbaine.com\/#\/schema\/person\/image\/\",\"url\":\"https:\/\/secure.gravatar.com\/avatar\/c268f4d483ce0486e5a10fee87bbf756?s=96&d=mm&r=g\",\"contentUrl\":\"https:\/\/secure.gravatar.com\/avatar\/c268f4d483ce0486e5a10fee87bbf756?s=96&d=mm&r=g\",\"caption\":\"admin1\"},\"url\":\"https:\/\/culturbaine.com\/index.php\/author\/admin1\/\"}]}<\/script>\n<!-- \/ Yoast SEO Premium plugin. -->","yoast_head_json":{"title":"Can 2023 : Naby Keita et ses Co\u00e9quipiers Immortalis\u00e9s dans une Fresque - Culturbaine","robots":{"index":"index","follow":"follow","max-snippet":"max-snippet:-1","max-image-preview":"max-image-preview:large","max-video-preview":"max-video-preview:-1"},"canonical":"https:\/\/culturbaine.com\/index.php\/2024\/01\/15\/can-2023-naby-keita-et-ses-coequipiers-immortalises-dans-une-fresque\/","og_locale":"fr_FR","og_type":"article","og_title":"Can 2023 : Naby Keita et ses Co\u00e9quipiers Immortalis\u00e9s dans une Fresque","og_description":"En pr\u00e9paration de la 34\u00e8me \u00e9dition de la Coupe d&rsquo;Afrique des Nations (Can 2023) au Cameroun, la Guin\u00e9e c\u00e9l\u00e8bre son \u00e9quipe nationale, le Syli National, de mani\u00e8re artistique et engag\u00e9e. Alors que les artistes musicaux ont pr\u00eat\u00e9 leurs voix pour soutenir l&rsquo;\u00e9quipe, des graffeurs ont fait de m\u00eame \u00e0 travers la peinture. Une fresque impressionnante [&hellip;]","og_url":"https:\/\/culturbaine.com\/index.php\/2024\/01\/15\/can-2023-naby-keita-et-ses-coequipiers-immortalises-dans-une-fresque\/","og_site_name":"Culturbaine","article_publisher":"https:\/\/www.facebook.com\/Culturbaines","article_published_time":"2024-01-15T10:22:33+00:00","article_modified_time":"2024-01-15T12:00:53+00:00","og_image":[{"width":720,"height":365,"url":"https:\/\/culturbaine.com\/wp-content\/uploads\/2024\/01\/17051773507512.jpg","type":"image\/jpeg"}],"author":"admin1","twitter_card":"summary_large_image","twitter_creator":"@culturbaines","twitter_site":"@culturbaines","twitter_misc":{"\u00c9crit par":"admin1","Dur\u00e9e de lecture estim\u00e9e":"2 minutes"},"schema":{"@context":"https:\/\/schema.org","@graph":[{"@type":"Article","@id":"https:\/\/culturbaine.com\/index.php\/2024\/01\/15\/can-2023-naby-keita-et-ses-coequipiers-immortalises-dans-une-fresque\/#article","isPartOf":{"@id":"https:\/\/culturbaine.com\/index.php\/2024\/01\/15\/can-2023-naby-keita-et-ses-coequipiers-immortalises-dans-une-fresque\/"},"author":{"name":"admin1","@id":"https:\/\/culturbaine.com\/#\/schema\/person\/42eb7485c572e0746c1ea6b8216c3814"},"headline":"Can 2023 : Naby Keita et ses Co\u00e9quipiers Immortalis\u00e9s dans une Fresque","datePublished":"2024-01-15T10:22:33+00:00","dateModified":"2024-01-15T12:00:53+00:00","mainEntityOfPage":{"@id":"https:\/\/culturbaine.com\/index.php\/2024\/01\/15\/can-2023-naby-keita-et-ses-coequipiers-immortalises-dans-une-fresque\/"},"wordCount":276,"publisher":{"@id":"https:\/\/culturbaine.com\/#organization"},"image":{"@id":"https:\/\/culturbaine.com\/index.php\/2024\/01\/15\/can-2023-naby-keita-et-ses-coequipiers-immortalises-dans-une-fresque\/#primaryimage"},"thumbnailUrl":"https:\/\/culturbaine.com\/wp-content\/uploads\/2024\/01\/17051773507512.jpg","keywords":["Fresque","Graffiti","Immortalis\u00e9","Kaba Diawara","Naby Keita","Sekhou Guirassy","Syli National"],"articleSection":["Actualit\u00e9"],"inLanguage":"fr-FR"},{"@type":"WebPage","@id":"https:\/\/culturbaine.com\/index.php\/2024\/01\/15\/can-2023-naby-keita-et-ses-coequipiers-immortalises-dans-une-fresque\/","url":"https:\/\/culturbaine.com\/index.php\/2024\/01\/15\/can-2023-naby-keita-et-ses-coequipiers-immortalises-dans-une-fresque\/","name":"Can 2023 : Naby Keita et ses Co\u00e9quipiers Immortalis\u00e9s dans une Fresque - Culturbaine","isPartOf":{"@id":"https:\/\/culturbaine.com\/#website"},"primaryImageOfPage":{"@id":"https:\/\/culturbaine.com\/index.php\/2024\/01\/15\/can-2023-naby-keita-et-ses-coequipiers-immortalises-dans-une-fresque\/#primaryimage"},"image":{"@id":"https:\/\/culturbaine.com\/index.php\/2024\/01\/15\/can-2023-naby-keita-et-ses-coequipiers-immortalises-dans-une-fresque\/#primaryimage"},"thumbnailUrl":"https:\/\/culturbaine.com\/wp-content\/uploads\/2024\/01\/17051773507512.jpg","datePublished":"2024-01-15T10:22:33+00:00","dateModified":"2024-01-15T12:00:53+00:00","breadcrumb":{"@id":"https:\/\/culturbaine.com\/index.php\/2024\/01\/15\/can-2023-naby-keita-et-ses-coequipiers-immortalises-dans-une-fresque\/#breadcrumb"},"inLanguage":"fr-FR","potentialAction":[{"@type":"ReadAction","target":["https:\/\/culturbaine.com\/index.php\/2024\/01\/15\/can-2023-naby-keita-et-ses-coequipiers-immortalises-dans-une-fresque\/"]}]},{"@type":"ImageObject","inLanguage":"fr-FR","@id":"https:\/\/culturbaine.com\/index.php\/2024\/01\/15\/can-2023-naby-keita-et-ses-coequipiers-immortalises-dans-une-fresque\/#primaryimage","url":"https:\/\/culturbaine.com\/wp-content\/uploads\/2024\/01\/17051773507512.jpg","contentUrl":"https:\/\/culturbaine.com\/wp-content\/uploads\/2024\/01\/17051773507512.jpg","width":720,"height":365},{"@type":"BreadcrumbList","@id":"https:\/\/culturbaine.com\/index.php\/2024\/01\/15\/can-2023-naby-keita-et-ses-coequipiers-immortalises-dans-une-fresque\/#breadcrumb","itemListElement":[{"@type":"ListItem","position":1,"name":"Home","item":"https:\/\/culturbaine.com\/"},{"@type":"ListItem","position":2,"name":"Can 2023 : Naby Keita et ses Co\u00e9quipiers Immortalis\u00e9s dans une Fresque"}]},{"@type":"WebSite","@id":"https:\/\/culturbaine.com\/#website","url":"https:\/\/culturbaine.com\/","name":"Culturbaine.com","description":"Toute l&#039;actualit\u00e9 des Cultures Urbaines, en un clic  !","publisher":{"@id":"https:\/\/culturbaine.com\/#organization"},"potentialAction":[{"@type":"SearchAction","target":{"@type":"EntryPoint","urlTemplate":"https:\/\/culturbaine.com\/?s={search_term_string}"},"query-input":{"@type":"PropertyValueSpecification","valueRequired":true,"valueName":"search_term_string"}}],"inLanguage":"fr-FR"},{"@type":"Organization","@id":"https:\/\/culturbaine.com\/#organization","name":"Culturbaine.com","url":"https:\/\/culturbaine.com\/","logo":{"@type":"ImageObject","inLanguage":"fr-FR","@id":"https:\/\/culturbaine.com\/#\/schema\/logo\/image\/","url":"https:\/\/culturbaine.com\/wp-content\/uploads\/2023\/07\/WhatsApp-Image-2023-07-17-at-14.38.18.jpeg","contentUrl":"https:\/\/culturbaine.com\/wp-content\/uploads\/2023\/07\/WhatsApp-Image-2023-07-17-at-14.38.18.jpeg","width":855,"height":270,"caption":"Culturbaine.com"},"image":{"@id":"https:\/\/culturbaine.com\/#\/schema\/logo\/image\/"},"sameAs":["https:\/\/www.facebook.com\/Culturbaines","https:\/\/x.com\/culturbaines"]},{"@type":"Person","@id":"https:\/\/culturbaine.com\/#\/schema\/person\/42eb7485c572e0746c1ea6b8216c3814","name":"admin1","image":{"@type":"ImageObject","inLanguage":"fr-FR","@id":"https:\/\/culturbaine.com\/#\/schema\/person\/image\/","url":"https:\/\/secure.gravatar.com\/avatar\/c268f4d483ce0486e5a10fee87bbf756?s=96&d=mm&r=g","contentUrl":"https:\/\/secure.gravatar.com\/avatar\/c268f4d483ce0486e5a10fee87bbf756?s=96&d=mm&r=g","caption":"admin1"},"url":"https:\/\/culturbaine.com\/index.php\/author\/admin1\/"}]}},"_links":{"self":[{"href":"https:\/\/culturbaine.com\/index.php\/wp-json\/wp\/v2\/posts\/3760"}],"collection":[{"href":"https:\/\/culturbaine.com\/index.php\/wp-json\/wp\/v2\/posts"}],"about":[{"href":"https:\/\/culturbaine.com\/index.php\/wp-json\/wp\/v2\/types\/post"}],"author":[{"embeddable":true,"href":"https:\/\/culturbaine.com\/index.php\/wp-json\/wp\/v2\/users\/2"}],"replies":[{"embeddable":true,"href":"https:\/\/culturbaine.com\/index.php\/wp-json\/wp\/v2\/comments?post=3760"}],"version-history":[{"count":0,"href":"https:\/\/culturbaine.com\/index.php\/wp-json\/wp\/v2\/posts\/3760\/revisions"}],"wp:featuredmedia":[{"embeddable":true,"href":"https:\/\/culturbaine.com\/index.php\/wp-json\/wp\/v2\/media\/3766"}],"wp:attachment":[{"href":"https:\/\/culturbaine.com\/index.php\/wp-json\/wp\/v2\/media?parent=3760"}],"wp:term":[{"taxonomy":"category","embeddable":true,"href":"https:\/\/culturbaine.com\/index.php\/wp-json\/wp\/v2\/categories?post=3760"},{"taxonomy":"post_tag","embeddable":true,"href":"https:\/\/culturbaine.com\/index.php\/wp-json\/wp\/v2\/tags?post=3760"}],"curies":[{"name":"wp","href":"https:\/\/api.w.org\/{rel}","templated":true}]}}