{"id":3038,"date":"2023-12-18T12:16:20","date_gmt":"2023-12-18T12:16:20","guid":{"rendered":"http:\/\/culturbaine.com\/?p=3038"},"modified":"2023-12-19T10:39:53","modified_gmt":"2023-12-19T10:39:53","slug":"dimedislam-parmi-les-groupes-retenus-pour-le-masa-2024-a-abidjan","status":"publish","type":"post","link":"https:\/\/culturbaine.com\/index.php\/2023\/12\/18\/dimedislam-parmi-les-groupes-retenus-pour-le-masa-2024-a-abidjan\/","title":{"rendered":"DimediSlam parmi les groupes retenus pour le Masa 2024 \u00e0 Abidjan !"},"content":{"rendered":"<p id=\"docs-internal-guid-43a76a81-7fff-087d-c16a-c751a46e9f6c\" dir=\"ltr\" style=\"line-height: 1.38; text-align: justify; margin-top: 0.0pt; margin-bottom: 0.0pt;\">Dans la perspective de la 13\u00e8me \u00e9dition du Festival <strong>Masa<\/strong>, pr\u00e9vu du 13 au 20 Avril 2024 \u00e0 Abidjan, la commission de s\u00e9lection des artistes participants a d\u00e9voil\u00e9 la liste des invit\u00e9s, mettant en lumi\u00e8re le groupe <strong>DimediSlam<\/strong> de la Guin\u00e9e.<\/p>\n<p dir=\"ltr\"><strong>DimediSlam<\/strong>, qui s&rsquo;est distingu\u00e9 en devenant Vice-champion du monde de slam et de la po\u00e9sie en 2022, a confirm\u00e9 sa participation via une annonce officielle sur sa page Facebook.<\/p>\n<p>Cette invitation t\u00e9moigne de la reconnaissance internationale du talent exceptionnel de ce groupe. Le duo EOB &amp; Dieng, portant haut les couleurs de la Guin\u00e9e, apportera sans aucun doute une contribution significative \u00e0 la diversit\u00e9 culturelle du Festival Masa.<\/p>\n<p>Les amateurs de slam et de po\u00e9sie peuvent s&rsquo;attendre \u00e0 une performance captivante, m\u00ealant habilement rythme, \u00e9motion et r\u00e9flexion.<\/p>\n<p><img loading=\"lazy\" decoding=\"async\" class=\"alignnone size-medium wp-image-3042\" src=\"http:\/\/culturbaine.com\/wp-content\/uploads\/2023\/12\/1702729717450-268x300.jpg\" alt=\"\" width=\"268\" height=\"300\" srcset=\"https:\/\/culturbaine.com\/wp-content\/uploads\/2023\/12\/1702729717450-268x300.jpg 268w, https:\/\/culturbaine.com\/wp-content\/uploads\/2023\/12\/1702729717450.jpg 720w\" sizes=\"(max-width: 268px) 100vw, 268px\" \/><\/p>\n<p><strong>Mohamed Cinq Sylla<\/strong><\/p>\n","protected":false},"excerpt":{"rendered":"<p>Dans la perspective de la 13\u00e8me \u00e9dition du Festival Masa, pr\u00e9vu du 13 au 20 Avril 2024 \u00e0 Abidjan, la commission de s\u00e9lection des artistes participants a d\u00e9voil\u00e9 la liste des invit\u00e9s, mettant en lumi\u00e8re le groupe DimediSlam de la Guin\u00e9e. DimediSlam, qui s&rsquo;est distingu\u00e9 en devenant Vice-champion du monde de slam et de la [&hellip;]<\/p>\n","protected":false},"author":2,"featured_media":3043,"comment_status":"closed","ping_status":"closed","sticky":false,"template":"","format":"standard","meta":{"_mi_skip_tracking":false,"_monsterinsights_sitenote_active":false,"_monsterinsights_sitenote_note":"","_monsterinsights_sitenote_category":0,"footnotes":""},"categories":[21,33],"tags":[942,1259,1260,1261],"class_list":["post-3038","post","type-post","status-publish","format-standard","has-post-thumbnail","hentry","category-actualite","category-agenda","tag-abidjan","tag-dimedislam","tag-groupe-de-slam-guineen","tag-masa-2024"],"yoast_head":"<!-- This site is optimized with the Yoast SEO Premium plugin v20.1 (Yoast SEO v24.0) - https:\/\/yoast.com\/wordpress\/plugins\/seo\/ -->\n<title>DimediSlam parmi les groupes retenus pour le Masa 2024 \u00e0 Abidjan ! - Culturbaine<\/title>\n<meta name=\"robots\" content=\"index, follow, max-snippet:-1, max-image-preview:large, max-video-preview:-1\" \/>\n<link rel=\"canonical\" href=\"http:\/\/culturbaine.com\/index.php\/2023\/12\/18\/dimedislam-parmi-les-groupes-retenus-pour-le-masa-2024-a-abidjan\/\" \/>\n<meta property=\"og:locale\" content=\"fr_FR\" \/>\n<meta property=\"og:type\" content=\"article\" \/>\n<meta property=\"og:title\" content=\"DimediSlam parmi les groupes retenus pour le Masa 2024 \u00e0 Abidjan !\" \/>\n<meta property=\"og:description\" content=\"Dans la perspective de la 13\u00e8me \u00e9dition du Festival Masa, pr\u00e9vu du 13 au 20 Avril 2024 \u00e0 Abidjan, la commission de s\u00e9lection des artistes participants a d\u00e9voil\u00e9 la liste des invit\u00e9s, mettant en lumi\u00e8re le groupe DimediSlam de la Guin\u00e9e. DimediSlam, qui s&rsquo;est distingu\u00e9 en devenant Vice-champion du monde de slam et de la [&hellip;]\" \/>\n<meta property=\"og:url\" content=\"http:\/\/culturbaine.com\/index.php\/2023\/12\/18\/dimedislam-parmi-les-groupes-retenus-pour-le-masa-2024-a-abidjan\/\" \/>\n<meta property=\"og:site_name\" content=\"Culturbaine\" \/>\n<meta property=\"article:publisher\" content=\"https:\/\/www.facebook.com\/Culturbaines\" \/>\n<meta property=\"article:published_time\" content=\"2023-12-18T12:16:20+00:00\" \/>\n<meta property=\"article:modified_time\" content=\"2023-12-19T10:39:53+00:00\" \/>\n<meta property=\"og:image\" content=\"http:\/\/culturbaine.com\/wp-content\/uploads\/2023\/12\/17029000140102.jpg\" \/>\n\t<meta property=\"og:image:width\" content=\"715\" \/>\n\t<meta property=\"og:image:height\" content=\"399\" \/>\n\t<meta property=\"og:image:type\" content=\"image\/jpeg\" \/>\n<meta name=\"author\" content=\"admin1\" \/>\n<meta name=\"twitter:card\" content=\"summary_large_image\" \/>\n<meta name=\"twitter:creator\" content=\"@culturbaines\" \/>\n<meta name=\"twitter:site\" content=\"@culturbaines\" \/>\n<meta name=\"twitter:label1\" content=\"\u00c9crit par\" \/>\n\t<meta name=\"twitter:data1\" content=\"admin1\" \/>\n\t<meta name=\"twitter:label2\" content=\"Dur\u00e9e de lecture estim\u00e9e\" \/>\n\t<meta name=\"twitter:data2\" content=\"1 minute\" \/>\n<script type=\"application\/ld+json\" class=\"yoast-schema-graph\">{\"@context\":\"https:\/\/schema.org\",\"@graph\":[{\"@type\":\"Article\",\"@id\":\"http:\/\/culturbaine.com\/index.php\/2023\/12\/18\/dimedislam-parmi-les-groupes-retenus-pour-le-masa-2024-a-abidjan\/#article\",\"isPartOf\":{\"@id\":\"http:\/\/culturbaine.com\/index.php\/2023\/12\/18\/dimedislam-parmi-les-groupes-retenus-pour-le-masa-2024-a-abidjan\/\"},\"author\":{\"name\":\"admin1\",\"@id\":\"https:\/\/culturbaine.com\/#\/schema\/person\/42eb7485c572e0746c1ea6b8216c3814\"},\"headline\":\"DimediSlam parmi les groupes retenus pour le Masa 2024 \u00e0 Abidjan !\",\"datePublished\":\"2023-12-18T12:16:20+00:00\",\"dateModified\":\"2023-12-19T10:39:53+00:00\",\"mainEntityOfPage\":{\"@id\":\"http:\/\/culturbaine.com\/index.php\/2023\/12\/18\/dimedislam-parmi-les-groupes-retenus-pour-le-masa-2024-a-abidjan\/\"},\"wordCount\":147,\"publisher\":{\"@id\":\"https:\/\/culturbaine.com\/#organization\"},\"image\":{\"@id\":\"http:\/\/culturbaine.com\/index.php\/2023\/12\/18\/dimedislam-parmi-les-groupes-retenus-pour-le-masa-2024-a-abidjan\/#primaryimage\"},\"thumbnailUrl\":\"https:\/\/culturbaine.com\/wp-content\/uploads\/2023\/12\/17029000140102.jpg\",\"keywords\":[\"Abidjan\",\"DimediSlam\",\"groupe de Slam guin\u00e9en\",\"Masa 2024\"],\"articleSection\":[\"Actualit\u00e9\",\"Agenda\"],\"inLanguage\":\"fr-FR\"},{\"@type\":\"WebPage\",\"@id\":\"http:\/\/culturbaine.com\/index.php\/2023\/12\/18\/dimedislam-parmi-les-groupes-retenus-pour-le-masa-2024-a-abidjan\/\",\"url\":\"http:\/\/culturbaine.com\/index.php\/2023\/12\/18\/dimedislam-parmi-les-groupes-retenus-pour-le-masa-2024-a-abidjan\/\",\"name\":\"DimediSlam parmi les groupes retenus pour le Masa 2024 \u00e0 Abidjan ! - Culturbaine\",\"isPartOf\":{\"@id\":\"https:\/\/culturbaine.com\/#website\"},\"primaryImageOfPage\":{\"@id\":\"http:\/\/culturbaine.com\/index.php\/2023\/12\/18\/dimedislam-parmi-les-groupes-retenus-pour-le-masa-2024-a-abidjan\/#primaryimage\"},\"image\":{\"@id\":\"http:\/\/culturbaine.com\/index.php\/2023\/12\/18\/dimedislam-parmi-les-groupes-retenus-pour-le-masa-2024-a-abidjan\/#primaryimage\"},\"thumbnailUrl\":\"https:\/\/culturbaine.com\/wp-content\/uploads\/2023\/12\/17029000140102.jpg\",\"datePublished\":\"2023-12-18T12:16:20+00:00\",\"dateModified\":\"2023-12-19T10:39:53+00:00\",\"breadcrumb\":{\"@id\":\"http:\/\/culturbaine.com\/index.php\/2023\/12\/18\/dimedislam-parmi-les-groupes-retenus-pour-le-masa-2024-a-abidjan\/#breadcrumb\"},\"inLanguage\":\"fr-FR\",\"potentialAction\":[{\"@type\":\"ReadAction\",\"target\":[\"http:\/\/culturbaine.com\/index.php\/2023\/12\/18\/dimedislam-parmi-les-groupes-retenus-pour-le-masa-2024-a-abidjan\/\"]}]},{\"@type\":\"ImageObject\",\"inLanguage\":\"fr-FR\",\"@id\":\"http:\/\/culturbaine.com\/index.php\/2023\/12\/18\/dimedislam-parmi-les-groupes-retenus-pour-le-masa-2024-a-abidjan\/#primaryimage\",\"url\":\"https:\/\/culturbaine.com\/wp-content\/uploads\/2023\/12\/17029000140102.jpg\",\"contentUrl\":\"https:\/\/culturbaine.com\/wp-content\/uploads\/2023\/12\/17029000140102.jpg\",\"width\":715,\"height\":399},{\"@type\":\"BreadcrumbList\",\"@id\":\"http:\/\/culturbaine.com\/index.php\/2023\/12\/18\/dimedislam-parmi-les-groupes-retenus-pour-le-masa-2024-a-abidjan\/#breadcrumb\",\"itemListElement\":[{\"@type\":\"ListItem\",\"position\":1,\"name\":\"Home\",\"item\":\"https:\/\/culturbaine.com\/\"},{\"@type\":\"ListItem\",\"position\":2,\"name\":\"DimediSlam parmi les groupes retenus pour le Masa 2024 \u00e0 Abidjan !\"}]},{\"@type\":\"WebSite\",\"@id\":\"https:\/\/culturbaine.com\/#website\",\"url\":\"https:\/\/culturbaine.com\/\",\"name\":\"Culturbaine.com\",\"description\":\"Toute l&#039;actualit\u00e9 des Cultures Urbaines, en un clic  !\",\"publisher\":{\"@id\":\"https:\/\/culturbaine.com\/#organization\"},\"potentialAction\":[{\"@type\":\"SearchAction\",\"target\":{\"@type\":\"EntryPoint\",\"urlTemplate\":\"https:\/\/culturbaine.com\/?s={search_term_string}\"},\"query-input\":{\"@type\":\"PropertyValueSpecification\",\"valueRequired\":true,\"valueName\":\"search_term_string\"}}],\"inLanguage\":\"fr-FR\"},{\"@type\":\"Organization\",\"@id\":\"https:\/\/culturbaine.com\/#organization\",\"name\":\"Culturbaine.com\",\"url\":\"https:\/\/culturbaine.com\/\",\"logo\":{\"@type\":\"ImageObject\",\"inLanguage\":\"fr-FR\",\"@id\":\"https:\/\/culturbaine.com\/#\/schema\/logo\/image\/\",\"url\":\"https:\/\/culturbaine.com\/wp-content\/uploads\/2023\/07\/WhatsApp-Image-2023-07-17-at-14.38.18.jpeg\",\"contentUrl\":\"https:\/\/culturbaine.com\/wp-content\/uploads\/2023\/07\/WhatsApp-Image-2023-07-17-at-14.38.18.jpeg\",\"width\":855,\"height\":270,\"caption\":\"Culturbaine.com\"},\"image\":{\"@id\":\"https:\/\/culturbaine.com\/#\/schema\/logo\/image\/\"},\"sameAs\":[\"https:\/\/www.facebook.com\/Culturbaines\",\"https:\/\/x.com\/culturbaines\"]},{\"@type\":\"Person\",\"@id\":\"https:\/\/culturbaine.com\/#\/schema\/person\/42eb7485c572e0746c1ea6b8216c3814\",\"name\":\"admin1\",\"image\":{\"@type\":\"ImageObject\",\"inLanguage\":\"fr-FR\",\"@id\":\"https:\/\/culturbaine.com\/#\/schema\/person\/image\/\",\"url\":\"https:\/\/secure.gravatar.com\/avatar\/c268f4d483ce0486e5a10fee87bbf756?s=96&d=mm&r=g\",\"contentUrl\":\"https:\/\/secure.gravatar.com\/avatar\/c268f4d483ce0486e5a10fee87bbf756?s=96&d=mm&r=g\",\"caption\":\"admin1\"},\"url\":\"https:\/\/culturbaine.com\/index.php\/author\/admin1\/\"}]}<\/script>\n<!-- \/ Yoast SEO Premium plugin. -->","yoast_head_json":{"title":"DimediSlam parmi les groupes retenus pour le Masa 2024 \u00e0 Abidjan ! - Culturbaine","robots":{"index":"index","follow":"follow","max-snippet":"max-snippet:-1","max-image-preview":"max-image-preview:large","max-video-preview":"max-video-preview:-1"},"canonical":"http:\/\/culturbaine.com\/index.php\/2023\/12\/18\/dimedislam-parmi-les-groupes-retenus-pour-le-masa-2024-a-abidjan\/","og_locale":"fr_FR","og_type":"article","og_title":"DimediSlam parmi les groupes retenus pour le Masa 2024 \u00e0 Abidjan !","og_description":"Dans la perspective de la 13\u00e8me \u00e9dition du Festival Masa, pr\u00e9vu du 13 au 20 Avril 2024 \u00e0 Abidjan, la commission de s\u00e9lection des artistes participants a d\u00e9voil\u00e9 la liste des invit\u00e9s, mettant en lumi\u00e8re le groupe DimediSlam de la Guin\u00e9e. DimediSlam, qui s&rsquo;est distingu\u00e9 en devenant Vice-champion du monde de slam et de la [&hellip;]","og_url":"http:\/\/culturbaine.com\/index.php\/2023\/12\/18\/dimedislam-parmi-les-groupes-retenus-pour-le-masa-2024-a-abidjan\/","og_site_name":"Culturbaine","article_publisher":"https:\/\/www.facebook.com\/Culturbaines","article_published_time":"2023-12-18T12:16:20+00:00","article_modified_time":"2023-12-19T10:39:53+00:00","og_image":[{"width":715,"height":399,"url":"http:\/\/culturbaine.com\/wp-content\/uploads\/2023\/12\/17029000140102.jpg","type":"image\/jpeg"}],"author":"admin1","twitter_card":"summary_large_image","twitter_creator":"@culturbaines","twitter_site":"@culturbaines","twitter_misc":{"\u00c9crit par":"admin1","Dur\u00e9e de lecture estim\u00e9e":"1 minute"},"schema":{"@context":"https:\/\/schema.org","@graph":[{"@type":"Article","@id":"http:\/\/culturbaine.com\/index.php\/2023\/12\/18\/dimedislam-parmi-les-groupes-retenus-pour-le-masa-2024-a-abidjan\/#article","isPartOf":{"@id":"http:\/\/culturbaine.com\/index.php\/2023\/12\/18\/dimedislam-parmi-les-groupes-retenus-pour-le-masa-2024-a-abidjan\/"},"author":{"name":"admin1","@id":"https:\/\/culturbaine.com\/#\/schema\/person\/42eb7485c572e0746c1ea6b8216c3814"},"headline":"DimediSlam parmi les groupes retenus pour le Masa 2024 \u00e0 Abidjan !","datePublished":"2023-12-18T12:16:20+00:00","dateModified":"2023-12-19T10:39:53+00:00","mainEntityOfPage":{"@id":"http:\/\/culturbaine.com\/index.php\/2023\/12\/18\/dimedislam-parmi-les-groupes-retenus-pour-le-masa-2024-a-abidjan\/"},"wordCount":147,"publisher":{"@id":"https:\/\/culturbaine.com\/#organization"},"image":{"@id":"http:\/\/culturbaine.com\/index.php\/2023\/12\/18\/dimedislam-parmi-les-groupes-retenus-pour-le-masa-2024-a-abidjan\/#primaryimage"},"thumbnailUrl":"https:\/\/culturbaine.com\/wp-content\/uploads\/2023\/12\/17029000140102.jpg","keywords":["Abidjan","DimediSlam","groupe de Slam guin\u00e9en","Masa 2024"],"articleSection":["Actualit\u00e9","Agenda"],"inLanguage":"fr-FR"},{"@type":"WebPage","@id":"http:\/\/culturbaine.com\/index.php\/2023\/12\/18\/dimedislam-parmi-les-groupes-retenus-pour-le-masa-2024-a-abidjan\/","url":"http:\/\/culturbaine.com\/index.php\/2023\/12\/18\/dimedislam-parmi-les-groupes-retenus-pour-le-masa-2024-a-abidjan\/","name":"DimediSlam parmi les groupes retenus pour le Masa 2024 \u00e0 Abidjan ! - Culturbaine","isPartOf":{"@id":"https:\/\/culturbaine.com\/#website"},"primaryImageOfPage":{"@id":"http:\/\/culturbaine.com\/index.php\/2023\/12\/18\/dimedislam-parmi-les-groupes-retenus-pour-le-masa-2024-a-abidjan\/#primaryimage"},"image":{"@id":"http:\/\/culturbaine.com\/index.php\/2023\/12\/18\/dimedislam-parmi-les-groupes-retenus-pour-le-masa-2024-a-abidjan\/#primaryimage"},"thumbnailUrl":"https:\/\/culturbaine.com\/wp-content\/uploads\/2023\/12\/17029000140102.jpg","datePublished":"2023-12-18T12:16:20+00:00","dateModified":"2023-12-19T10:39:53+00:00","breadcrumb":{"@id":"http:\/\/culturbaine.com\/index.php\/2023\/12\/18\/dimedislam-parmi-les-groupes-retenus-pour-le-masa-2024-a-abidjan\/#breadcrumb"},"inLanguage":"fr-FR","potentialAction":[{"@type":"ReadAction","target":["http:\/\/culturbaine.com\/index.php\/2023\/12\/18\/dimedislam-parmi-les-groupes-retenus-pour-le-masa-2024-a-abidjan\/"]}]},{"@type":"ImageObject","inLanguage":"fr-FR","@id":"http:\/\/culturbaine.com\/index.php\/2023\/12\/18\/dimedislam-parmi-les-groupes-retenus-pour-le-masa-2024-a-abidjan\/#primaryimage","url":"https:\/\/culturbaine.com\/wp-content\/uploads\/2023\/12\/17029000140102.jpg","contentUrl":"https:\/\/culturbaine.com\/wp-content\/uploads\/2023\/12\/17029000140102.jpg","width":715,"height":399},{"@type":"BreadcrumbList","@id":"http:\/\/culturbaine.com\/index.php\/2023\/12\/18\/dimedislam-parmi-les-groupes-retenus-pour-le-masa-2024-a-abidjan\/#breadcrumb","itemListElement":[{"@type":"ListItem","position":1,"name":"Home","item":"https:\/\/culturbaine.com\/"},{"@type":"ListItem","position":2,"name":"DimediSlam parmi les groupes retenus pour le Masa 2024 \u00e0 Abidjan !"}]},{"@type":"WebSite","@id":"https:\/\/culturbaine.com\/#website","url":"https:\/\/culturbaine.com\/","name":"Culturbaine.com","description":"Toute l&#039;actualit\u00e9 des Cultures Urbaines, en un clic  !","publisher":{"@id":"https:\/\/culturbaine.com\/#organization"},"potentialAction":[{"@type":"SearchAction","target":{"@type":"EntryPoint","urlTemplate":"https:\/\/culturbaine.com\/?s={search_term_string}"},"query-input":{"@type":"PropertyValueSpecification","valueRequired":true,"valueName":"search_term_string"}}],"inLanguage":"fr-FR"},{"@type":"Organization","@id":"https:\/\/culturbaine.com\/#organization","name":"Culturbaine.com","url":"https:\/\/culturbaine.com\/","logo":{"@type":"ImageObject","inLanguage":"fr-FR","@id":"https:\/\/culturbaine.com\/#\/schema\/logo\/image\/","url":"https:\/\/culturbaine.com\/wp-content\/uploads\/2023\/07\/WhatsApp-Image-2023-07-17-at-14.38.18.jpeg","contentUrl":"https:\/\/culturbaine.com\/wp-content\/uploads\/2023\/07\/WhatsApp-Image-2023-07-17-at-14.38.18.jpeg","width":855,"height":270,"caption":"Culturbaine.com"},"image":{"@id":"https:\/\/culturbaine.com\/#\/schema\/logo\/image\/"},"sameAs":["https:\/\/www.facebook.com\/Culturbaines","https:\/\/x.com\/culturbaines"]},{"@type":"Person","@id":"https:\/\/culturbaine.com\/#\/schema\/person\/42eb7485c572e0746c1ea6b8216c3814","name":"admin1","image":{"@type":"ImageObject","inLanguage":"fr-FR","@id":"https:\/\/culturbaine.com\/#\/schema\/person\/image\/","url":"https:\/\/secure.gravatar.com\/avatar\/c268f4d483ce0486e5a10fee87bbf756?s=96&d=mm&r=g","contentUrl":"https:\/\/secure.gravatar.com\/avatar\/c268f4d483ce0486e5a10fee87bbf756?s=96&d=mm&r=g","caption":"admin1"},"url":"https:\/\/culturbaine.com\/index.php\/author\/admin1\/"}]}},"_links":{"self":[{"href":"https:\/\/culturbaine.com\/index.php\/wp-json\/wp\/v2\/posts\/3038"}],"collection":[{"href":"https:\/\/culturbaine.com\/index.php\/wp-json\/wp\/v2\/posts"}],"about":[{"href":"https:\/\/culturbaine.com\/index.php\/wp-json\/wp\/v2\/types\/post"}],"author":[{"embeddable":true,"href":"https:\/\/culturbaine.com\/index.php\/wp-json\/wp\/v2\/users\/2"}],"replies":[{"embeddable":true,"href":"https:\/\/culturbaine.com\/index.php\/wp-json\/wp\/v2\/comments?post=3038"}],"version-history":[{"count":0,"href":"https:\/\/culturbaine.com\/index.php\/wp-json\/wp\/v2\/posts\/3038\/revisions"}],"wp:featuredmedia":[{"embeddable":true,"href":"https:\/\/culturbaine.com\/index.php\/wp-json\/wp\/v2\/media\/3043"}],"wp:attachment":[{"href":"https:\/\/culturbaine.com\/index.php\/wp-json\/wp\/v2\/media?parent=3038"}],"wp:term":[{"taxonomy":"category","embeddable":true,"href":"https:\/\/culturbaine.com\/index.php\/wp-json\/wp\/v2\/categories?post=3038"},{"taxonomy":"post_tag","embeddable":true,"href":"https:\/\/culturbaine.com\/index.php\/wp-json\/wp\/v2\/tags?post=3038"}],"curies":[{"name":"wp","href":"https:\/\/api.w.org\/{rel}","templated":true}]}}