{"id":2966,"date":"2023-12-12T15:28:20","date_gmt":"2023-12-12T15:28:20","guid":{"rendered":"https:\/\/culturbaine.com\/?p=2966"},"modified":"2023-12-12T15:28:20","modified_gmt":"2023-12-12T15:28:20","slug":"page-noire-la-chanteuse-sud-africaine-dafro-pop-zahara-est-decedee","status":"publish","type":"post","link":"https:\/\/culturbaine.com\/index.php\/2023\/12\/12\/page-noire-la-chanteuse-sud-africaine-dafro-pop-zahara-est-decedee\/","title":{"rendered":"Page noire : La chanteuse sud-africaine d&rsquo;afro-pop, Zahara est d\u00e9c\u00e9d\u00e9e !"},"content":{"rendered":"<p><span>La musique sud-africaine est \u00e0 nouveau endeuill\u00e9e. La chanteuse <\/span><b>Zahara<\/b><span>, l&rsquo;une des prouesses incontournables de l&rsquo;Afro pop africain, souvent compar\u00e9e pour son style et sa voix \u00e0 la chanteuse am\u00e9ricaine <\/span><b>Tracy Chapman<\/b><span>, est d\u00e9c\u00e9d\u00e9e \u00e0 l&rsquo;\u00e2ge de 36 ans. D\u00e9c\u00e8s survenu dans la nuit du lundi \u00e0 mardi, dans un h\u00f4pital de Johannesburg.<\/span><\/p>\n<p><span style=\"font-weight: 400;\">De par son art, <\/span><b>Zahara<\/b><span style=\"font-weight: 400;\"> s&rsquo;est fait une place de choix \u00e0 travers son 1er album <\/span><b>Loliwe<\/b><span style=\"font-weight: 400;\"> en 2011. Elle est auteure de cinq albums et plusieurs r\u00e9compenses tant sur l&rsquo;\u00e9chiquier national mais aussi international. Elle a remport\u00e9 17 South African Music Awards. En 2019, son nom figurait parmi dans la liste des \u201c100 femmes\u201d de la BBC.<\/span><\/p>\n<p><span style=\"font-weight: 400;\">La chanteuse \u00e9tait hospitalis\u00e9e depuis le mois pass\u00e9, <\/span><b>\u00ab\u00e0 la suite des douleurs\u00bb<\/b><span style=\"font-weight: 400;\"> selon la famille. Elle avait fait publiquement \u00e9tat de son combat contre son addiction \u00e0 l&rsquo;alcool, et son manager avait r\u00e9v\u00e9l\u00e9 en 2019 qu&rsquo;elle souffrait d&rsquo;une maladie du foie.\u00a0<\/span><\/p>\n<p><span style=\"font-weight: 400;\">Toute l&rsquo;\u00e9quipe de <\/span><b>Culturbaine<\/b><span style=\"font-weight: 400;\"> pr\u00e9sente ses condol\u00e9ances \u00e0 la famille \u00e9plor\u00e9e .<\/span><\/p>\n<p><b>Mohamed Cinq Sylla<\/b><\/p>\n","protected":false},"excerpt":{"rendered":"<p>La musique sud-africaine est \u00e0 nouveau endeuill\u00e9e. La chanteuse Zahara, l&rsquo;une des prouesses incontournables de l&rsquo;Afro pop africain, souvent compar\u00e9e pour son style et sa voix \u00e0 la chanteuse am\u00e9ricaine Tracy Chapman, est d\u00e9c\u00e9d\u00e9e \u00e0 l&rsquo;\u00e2ge de 36 ans. D\u00e9c\u00e8s survenu dans la nuit du lundi \u00e0 mardi, dans un h\u00f4pital de Johannesburg. De par [&hellip;]<\/p>\n","protected":false},"author":2,"featured_media":2968,"comment_status":"closed","ping_status":"closed","sticky":false,"template":"","format":"standard","meta":{"_mi_skip_tracking":false,"_monsterinsights_sitenote_active":false,"_monsterinsights_sitenote_note":"","_monsterinsights_sitenote_category":0,"footnotes":""},"categories":[21],"tags":[1239,1240],"class_list":["post-2966","post","type-post","status-publish","format-standard","has-post-thumbnail","hentry","category-actualite","tag-page-sud-africaine-dafro-pop","tag-zahara-est-decedee"],"yoast_head":"<!-- This site is optimized with the Yoast SEO Premium plugin v20.1 (Yoast SEO v24.0) - https:\/\/yoast.com\/wordpress\/plugins\/seo\/ -->\n<title>Page noire : La chanteuse sud-africaine d&#039;afro-pop, Zahara est d\u00e9c\u00e9d\u00e9e ! - Culturbaine<\/title>\n<meta name=\"robots\" content=\"index, follow, max-snippet:-1, max-image-preview:large, max-video-preview:-1\" \/>\n<link rel=\"canonical\" href=\"http:\/\/culturbaine.com\/index.php\/2023\/12\/12\/page-noire-la-chanteuse-sud-africaine-dafro-pop-zahara-est-decedee\/\" \/>\n<meta property=\"og:locale\" content=\"fr_FR\" \/>\n<meta property=\"og:type\" content=\"article\" \/>\n<meta property=\"og:title\" content=\"Page noire : La chanteuse sud-africaine d&#039;afro-pop, Zahara est d\u00e9c\u00e9d\u00e9e !\" \/>\n<meta property=\"og:description\" content=\"La musique sud-africaine est \u00e0 nouveau endeuill\u00e9e. La chanteuse Zahara, l&rsquo;une des prouesses incontournables de l&rsquo;Afro pop africain, souvent compar\u00e9e pour son style et sa voix \u00e0 la chanteuse am\u00e9ricaine Tracy Chapman, est d\u00e9c\u00e9d\u00e9e \u00e0 l&rsquo;\u00e2ge de 36 ans. D\u00e9c\u00e8s survenu dans la nuit du lundi \u00e0 mardi, dans un h\u00f4pital de Johannesburg. De par [&hellip;]\" \/>\n<meta property=\"og:url\" content=\"http:\/\/culturbaine.com\/index.php\/2023\/12\/12\/page-noire-la-chanteuse-sud-africaine-dafro-pop-zahara-est-decedee\/\" \/>\n<meta property=\"og:site_name\" content=\"Culturbaine\" \/>\n<meta property=\"article:publisher\" content=\"https:\/\/www.facebook.com\/Culturbaines\" \/>\n<meta property=\"article:published_time\" content=\"2023-12-12T15:28:20+00:00\" \/>\n<meta property=\"og:image\" content=\"http:\/\/culturbaine.com\/wp-content\/uploads\/2023\/12\/Award-winning-singer-Zahara-Picture-Instagram-750x422-1.jpg\" \/>\n\t<meta property=\"og:image:width\" content=\"750\" \/>\n\t<meta property=\"og:image:height\" content=\"421\" \/>\n\t<meta property=\"og:image:type\" content=\"image\/jpeg\" \/>\n<meta name=\"author\" content=\"admin1\" \/>\n<meta name=\"twitter:card\" content=\"summary_large_image\" \/>\n<meta name=\"twitter:creator\" content=\"@culturbaines\" \/>\n<meta name=\"twitter:site\" content=\"@culturbaines\" \/>\n<meta name=\"twitter:label1\" content=\"\u00c9crit par\" \/>\n\t<meta name=\"twitter:data1\" content=\"admin1\" \/>\n\t<meta name=\"twitter:label2\" content=\"Dur\u00e9e de lecture estim\u00e9e\" \/>\n\t<meta name=\"twitter:data2\" content=\"1 minute\" \/>\n<script type=\"application\/ld+json\" class=\"yoast-schema-graph\">{\"@context\":\"https:\/\/schema.org\",\"@graph\":[{\"@type\":\"Article\",\"@id\":\"http:\/\/culturbaine.com\/index.php\/2023\/12\/12\/page-noire-la-chanteuse-sud-africaine-dafro-pop-zahara-est-decedee\/#article\",\"isPartOf\":{\"@id\":\"http:\/\/culturbaine.com\/index.php\/2023\/12\/12\/page-noire-la-chanteuse-sud-africaine-dafro-pop-zahara-est-decedee\/\"},\"author\":{\"name\":\"admin1\",\"@id\":\"https:\/\/culturbaine.com\/#\/schema\/person\/42eb7485c572e0746c1ea6b8216c3814\"},\"headline\":\"Page noire : La chanteuse sud-africaine d&rsquo;afro-pop, Zahara est d\u00e9c\u00e9d\u00e9e !\",\"datePublished\":\"2023-12-12T15:28:20+00:00\",\"dateModified\":\"2023-12-12T15:28:20+00:00\",\"mainEntityOfPage\":{\"@id\":\"http:\/\/culturbaine.com\/index.php\/2023\/12\/12\/page-noire-la-chanteuse-sud-africaine-dafro-pop-zahara-est-decedee\/\"},\"wordCount\":191,\"publisher\":{\"@id\":\"https:\/\/culturbaine.com\/#organization\"},\"image\":{\"@id\":\"http:\/\/culturbaine.com\/index.php\/2023\/12\/12\/page-noire-la-chanteuse-sud-africaine-dafro-pop-zahara-est-decedee\/#primaryimage\"},\"thumbnailUrl\":\"https:\/\/culturbaine.com\/wp-content\/uploads\/2023\/12\/Award-winning-singer-Zahara-Picture-Instagram-750x422-1.jpg\",\"keywords\":[\"Page sud-africaine d'afro-pop\",\"Zahara est d\u00e9c\u00e9d\u00e9e\"],\"articleSection\":[\"Actualit\u00e9\"],\"inLanguage\":\"fr-FR\"},{\"@type\":\"WebPage\",\"@id\":\"http:\/\/culturbaine.com\/index.php\/2023\/12\/12\/page-noire-la-chanteuse-sud-africaine-dafro-pop-zahara-est-decedee\/\",\"url\":\"http:\/\/culturbaine.com\/index.php\/2023\/12\/12\/page-noire-la-chanteuse-sud-africaine-dafro-pop-zahara-est-decedee\/\",\"name\":\"Page noire : La chanteuse sud-africaine d'afro-pop, Zahara est d\u00e9c\u00e9d\u00e9e ! - Culturbaine\",\"isPartOf\":{\"@id\":\"https:\/\/culturbaine.com\/#website\"},\"primaryImageOfPage\":{\"@id\":\"http:\/\/culturbaine.com\/index.php\/2023\/12\/12\/page-noire-la-chanteuse-sud-africaine-dafro-pop-zahara-est-decedee\/#primaryimage\"},\"image\":{\"@id\":\"http:\/\/culturbaine.com\/index.php\/2023\/12\/12\/page-noire-la-chanteuse-sud-africaine-dafro-pop-zahara-est-decedee\/#primaryimage\"},\"thumbnailUrl\":\"https:\/\/culturbaine.com\/wp-content\/uploads\/2023\/12\/Award-winning-singer-Zahara-Picture-Instagram-750x422-1.jpg\",\"datePublished\":\"2023-12-12T15:28:20+00:00\",\"dateModified\":\"2023-12-12T15:28:20+00:00\",\"breadcrumb\":{\"@id\":\"http:\/\/culturbaine.com\/index.php\/2023\/12\/12\/page-noire-la-chanteuse-sud-africaine-dafro-pop-zahara-est-decedee\/#breadcrumb\"},\"inLanguage\":\"fr-FR\",\"potentialAction\":[{\"@type\":\"ReadAction\",\"target\":[\"http:\/\/culturbaine.com\/index.php\/2023\/12\/12\/page-noire-la-chanteuse-sud-africaine-dafro-pop-zahara-est-decedee\/\"]}]},{\"@type\":\"ImageObject\",\"inLanguage\":\"fr-FR\",\"@id\":\"http:\/\/culturbaine.com\/index.php\/2023\/12\/12\/page-noire-la-chanteuse-sud-africaine-dafro-pop-zahara-est-decedee\/#primaryimage\",\"url\":\"https:\/\/culturbaine.com\/wp-content\/uploads\/2023\/12\/Award-winning-singer-Zahara-Picture-Instagram-750x422-1.jpg\",\"contentUrl\":\"https:\/\/culturbaine.com\/wp-content\/uploads\/2023\/12\/Award-winning-singer-Zahara-Picture-Instagram-750x422-1.jpg\",\"width\":750,\"height\":421},{\"@type\":\"BreadcrumbList\",\"@id\":\"http:\/\/culturbaine.com\/index.php\/2023\/12\/12\/page-noire-la-chanteuse-sud-africaine-dafro-pop-zahara-est-decedee\/#breadcrumb\",\"itemListElement\":[{\"@type\":\"ListItem\",\"position\":1,\"name\":\"Home\",\"item\":\"https:\/\/culturbaine.com\/\"},{\"@type\":\"ListItem\",\"position\":2,\"name\":\"Page noire : La chanteuse sud-africaine d&rsquo;afro-pop, Zahara est d\u00e9c\u00e9d\u00e9e !\"}]},{\"@type\":\"WebSite\",\"@id\":\"https:\/\/culturbaine.com\/#website\",\"url\":\"https:\/\/culturbaine.com\/\",\"name\":\"Culturbaine.com\",\"description\":\"Toute l&#039;actualit\u00e9 des Cultures Urbaines, en un clic  !\",\"publisher\":{\"@id\":\"https:\/\/culturbaine.com\/#organization\"},\"potentialAction\":[{\"@type\":\"SearchAction\",\"target\":{\"@type\":\"EntryPoint\",\"urlTemplate\":\"https:\/\/culturbaine.com\/?s={search_term_string}\"},\"query-input\":{\"@type\":\"PropertyValueSpecification\",\"valueRequired\":true,\"valueName\":\"search_term_string\"}}],\"inLanguage\":\"fr-FR\"},{\"@type\":\"Organization\",\"@id\":\"https:\/\/culturbaine.com\/#organization\",\"name\":\"Culturbaine.com\",\"url\":\"https:\/\/culturbaine.com\/\",\"logo\":{\"@type\":\"ImageObject\",\"inLanguage\":\"fr-FR\",\"@id\":\"https:\/\/culturbaine.com\/#\/schema\/logo\/image\/\",\"url\":\"https:\/\/culturbaine.com\/wp-content\/uploads\/2023\/07\/WhatsApp-Image-2023-07-17-at-14.38.18.jpeg\",\"contentUrl\":\"https:\/\/culturbaine.com\/wp-content\/uploads\/2023\/07\/WhatsApp-Image-2023-07-17-at-14.38.18.jpeg\",\"width\":855,\"height\":270,\"caption\":\"Culturbaine.com\"},\"image\":{\"@id\":\"https:\/\/culturbaine.com\/#\/schema\/logo\/image\/\"},\"sameAs\":[\"https:\/\/www.facebook.com\/Culturbaines\",\"https:\/\/x.com\/culturbaines\"]},{\"@type\":\"Person\",\"@id\":\"https:\/\/culturbaine.com\/#\/schema\/person\/42eb7485c572e0746c1ea6b8216c3814\",\"name\":\"admin1\",\"image\":{\"@type\":\"ImageObject\",\"inLanguage\":\"fr-FR\",\"@id\":\"https:\/\/culturbaine.com\/#\/schema\/person\/image\/\",\"url\":\"https:\/\/secure.gravatar.com\/avatar\/c268f4d483ce0486e5a10fee87bbf756?s=96&d=mm&r=g\",\"contentUrl\":\"https:\/\/secure.gravatar.com\/avatar\/c268f4d483ce0486e5a10fee87bbf756?s=96&d=mm&r=g\",\"caption\":\"admin1\"},\"url\":\"https:\/\/culturbaine.com\/index.php\/author\/admin1\/\"}]}<\/script>\n<!-- \/ Yoast SEO Premium plugin. -->","yoast_head_json":{"title":"Page noire : La chanteuse sud-africaine d'afro-pop, Zahara est d\u00e9c\u00e9d\u00e9e ! - Culturbaine","robots":{"index":"index","follow":"follow","max-snippet":"max-snippet:-1","max-image-preview":"max-image-preview:large","max-video-preview":"max-video-preview:-1"},"canonical":"http:\/\/culturbaine.com\/index.php\/2023\/12\/12\/page-noire-la-chanteuse-sud-africaine-dafro-pop-zahara-est-decedee\/","og_locale":"fr_FR","og_type":"article","og_title":"Page noire : La chanteuse sud-africaine d'afro-pop, Zahara est d\u00e9c\u00e9d\u00e9e !","og_description":"La musique sud-africaine est \u00e0 nouveau endeuill\u00e9e. La chanteuse Zahara, l&rsquo;une des prouesses incontournables de l&rsquo;Afro pop africain, souvent compar\u00e9e pour son style et sa voix \u00e0 la chanteuse am\u00e9ricaine Tracy Chapman, est d\u00e9c\u00e9d\u00e9e \u00e0 l&rsquo;\u00e2ge de 36 ans. D\u00e9c\u00e8s survenu dans la nuit du lundi \u00e0 mardi, dans un h\u00f4pital de Johannesburg. De par [&hellip;]","og_url":"http:\/\/culturbaine.com\/index.php\/2023\/12\/12\/page-noire-la-chanteuse-sud-africaine-dafro-pop-zahara-est-decedee\/","og_site_name":"Culturbaine","article_publisher":"https:\/\/www.facebook.com\/Culturbaines","article_published_time":"2023-12-12T15:28:20+00:00","og_image":[{"width":750,"height":421,"url":"http:\/\/culturbaine.com\/wp-content\/uploads\/2023\/12\/Award-winning-singer-Zahara-Picture-Instagram-750x422-1.jpg","type":"image\/jpeg"}],"author":"admin1","twitter_card":"summary_large_image","twitter_creator":"@culturbaines","twitter_site":"@culturbaines","twitter_misc":{"\u00c9crit par":"admin1","Dur\u00e9e de lecture estim\u00e9e":"1 minute"},"schema":{"@context":"https:\/\/schema.org","@graph":[{"@type":"Article","@id":"http:\/\/culturbaine.com\/index.php\/2023\/12\/12\/page-noire-la-chanteuse-sud-africaine-dafro-pop-zahara-est-decedee\/#article","isPartOf":{"@id":"http:\/\/culturbaine.com\/index.php\/2023\/12\/12\/page-noire-la-chanteuse-sud-africaine-dafro-pop-zahara-est-decedee\/"},"author":{"name":"admin1","@id":"https:\/\/culturbaine.com\/#\/schema\/person\/42eb7485c572e0746c1ea6b8216c3814"},"headline":"Page noire : La chanteuse sud-africaine d&rsquo;afro-pop, Zahara est d\u00e9c\u00e9d\u00e9e !","datePublished":"2023-12-12T15:28:20+00:00","dateModified":"2023-12-12T15:28:20+00:00","mainEntityOfPage":{"@id":"http:\/\/culturbaine.com\/index.php\/2023\/12\/12\/page-noire-la-chanteuse-sud-africaine-dafro-pop-zahara-est-decedee\/"},"wordCount":191,"publisher":{"@id":"https:\/\/culturbaine.com\/#organization"},"image":{"@id":"http:\/\/culturbaine.com\/index.php\/2023\/12\/12\/page-noire-la-chanteuse-sud-africaine-dafro-pop-zahara-est-decedee\/#primaryimage"},"thumbnailUrl":"https:\/\/culturbaine.com\/wp-content\/uploads\/2023\/12\/Award-winning-singer-Zahara-Picture-Instagram-750x422-1.jpg","keywords":["Page sud-africaine d'afro-pop","Zahara est d\u00e9c\u00e9d\u00e9e"],"articleSection":["Actualit\u00e9"],"inLanguage":"fr-FR"},{"@type":"WebPage","@id":"http:\/\/culturbaine.com\/index.php\/2023\/12\/12\/page-noire-la-chanteuse-sud-africaine-dafro-pop-zahara-est-decedee\/","url":"http:\/\/culturbaine.com\/index.php\/2023\/12\/12\/page-noire-la-chanteuse-sud-africaine-dafro-pop-zahara-est-decedee\/","name":"Page noire : La chanteuse sud-africaine d'afro-pop, Zahara est d\u00e9c\u00e9d\u00e9e ! - Culturbaine","isPartOf":{"@id":"https:\/\/culturbaine.com\/#website"},"primaryImageOfPage":{"@id":"http:\/\/culturbaine.com\/index.php\/2023\/12\/12\/page-noire-la-chanteuse-sud-africaine-dafro-pop-zahara-est-decedee\/#primaryimage"},"image":{"@id":"http:\/\/culturbaine.com\/index.php\/2023\/12\/12\/page-noire-la-chanteuse-sud-africaine-dafro-pop-zahara-est-decedee\/#primaryimage"},"thumbnailUrl":"https:\/\/culturbaine.com\/wp-content\/uploads\/2023\/12\/Award-winning-singer-Zahara-Picture-Instagram-750x422-1.jpg","datePublished":"2023-12-12T15:28:20+00:00","dateModified":"2023-12-12T15:28:20+00:00","breadcrumb":{"@id":"http:\/\/culturbaine.com\/index.php\/2023\/12\/12\/page-noire-la-chanteuse-sud-africaine-dafro-pop-zahara-est-decedee\/#breadcrumb"},"inLanguage":"fr-FR","potentialAction":[{"@type":"ReadAction","target":["http:\/\/culturbaine.com\/index.php\/2023\/12\/12\/page-noire-la-chanteuse-sud-africaine-dafro-pop-zahara-est-decedee\/"]}]},{"@type":"ImageObject","inLanguage":"fr-FR","@id":"http:\/\/culturbaine.com\/index.php\/2023\/12\/12\/page-noire-la-chanteuse-sud-africaine-dafro-pop-zahara-est-decedee\/#primaryimage","url":"https:\/\/culturbaine.com\/wp-content\/uploads\/2023\/12\/Award-winning-singer-Zahara-Picture-Instagram-750x422-1.jpg","contentUrl":"https:\/\/culturbaine.com\/wp-content\/uploads\/2023\/12\/Award-winning-singer-Zahara-Picture-Instagram-750x422-1.jpg","width":750,"height":421},{"@type":"BreadcrumbList","@id":"http:\/\/culturbaine.com\/index.php\/2023\/12\/12\/page-noire-la-chanteuse-sud-africaine-dafro-pop-zahara-est-decedee\/#breadcrumb","itemListElement":[{"@type":"ListItem","position":1,"name":"Home","item":"https:\/\/culturbaine.com\/"},{"@type":"ListItem","position":2,"name":"Page noire : La chanteuse sud-africaine d&rsquo;afro-pop, Zahara est d\u00e9c\u00e9d\u00e9e !"}]},{"@type":"WebSite","@id":"https:\/\/culturbaine.com\/#website","url":"https:\/\/culturbaine.com\/","name":"Culturbaine.com","description":"Toute l&#039;actualit\u00e9 des Cultures Urbaines, en un clic  !","publisher":{"@id":"https:\/\/culturbaine.com\/#organization"},"potentialAction":[{"@type":"SearchAction","target":{"@type":"EntryPoint","urlTemplate":"https:\/\/culturbaine.com\/?s={search_term_string}"},"query-input":{"@type":"PropertyValueSpecification","valueRequired":true,"valueName":"search_term_string"}}],"inLanguage":"fr-FR"},{"@type":"Organization","@id":"https:\/\/culturbaine.com\/#organization","name":"Culturbaine.com","url":"https:\/\/culturbaine.com\/","logo":{"@type":"ImageObject","inLanguage":"fr-FR","@id":"https:\/\/culturbaine.com\/#\/schema\/logo\/image\/","url":"https:\/\/culturbaine.com\/wp-content\/uploads\/2023\/07\/WhatsApp-Image-2023-07-17-at-14.38.18.jpeg","contentUrl":"https:\/\/culturbaine.com\/wp-content\/uploads\/2023\/07\/WhatsApp-Image-2023-07-17-at-14.38.18.jpeg","width":855,"height":270,"caption":"Culturbaine.com"},"image":{"@id":"https:\/\/culturbaine.com\/#\/schema\/logo\/image\/"},"sameAs":["https:\/\/www.facebook.com\/Culturbaines","https:\/\/x.com\/culturbaines"]},{"@type":"Person","@id":"https:\/\/culturbaine.com\/#\/schema\/person\/42eb7485c572e0746c1ea6b8216c3814","name":"admin1","image":{"@type":"ImageObject","inLanguage":"fr-FR","@id":"https:\/\/culturbaine.com\/#\/schema\/person\/image\/","url":"https:\/\/secure.gravatar.com\/avatar\/c268f4d483ce0486e5a10fee87bbf756?s=96&d=mm&r=g","contentUrl":"https:\/\/secure.gravatar.com\/avatar\/c268f4d483ce0486e5a10fee87bbf756?s=96&d=mm&r=g","caption":"admin1"},"url":"https:\/\/culturbaine.com\/index.php\/author\/admin1\/"}]}},"_links":{"self":[{"href":"https:\/\/culturbaine.com\/index.php\/wp-json\/wp\/v2\/posts\/2966"}],"collection":[{"href":"https:\/\/culturbaine.com\/index.php\/wp-json\/wp\/v2\/posts"}],"about":[{"href":"https:\/\/culturbaine.com\/index.php\/wp-json\/wp\/v2\/types\/post"}],"author":[{"embeddable":true,"href":"https:\/\/culturbaine.com\/index.php\/wp-json\/wp\/v2\/users\/2"}],"replies":[{"embeddable":true,"href":"https:\/\/culturbaine.com\/index.php\/wp-json\/wp\/v2\/comments?post=2966"}],"version-history":[{"count":0,"href":"https:\/\/culturbaine.com\/index.php\/wp-json\/wp\/v2\/posts\/2966\/revisions"}],"wp:featuredmedia":[{"embeddable":true,"href":"https:\/\/culturbaine.com\/index.php\/wp-json\/wp\/v2\/media\/2968"}],"wp:attachment":[{"href":"https:\/\/culturbaine.com\/index.php\/wp-json\/wp\/v2\/media?parent=2966"}],"wp:term":[{"taxonomy":"category","embeddable":true,"href":"https:\/\/culturbaine.com\/index.php\/wp-json\/wp\/v2\/categories?post=2966"},{"taxonomy":"post_tag","embeddable":true,"href":"https:\/\/culturbaine.com\/index.php\/wp-json\/wp\/v2\/tags?post=2966"}],"curies":[{"name":"wp","href":"https:\/\/api.w.org\/{rel}","templated":true}]}}