{"id":2843,"date":"2023-12-05T19:39:00","date_gmt":"2023-12-05T19:39:00","guid":{"rendered":"https:\/\/culturbaine.com\/?p=2843"},"modified":"2023-12-05T19:39:00","modified_gmt":"2023-12-05T19:39:00","slug":"le-fodac-invite-les-operateurs-culturels-et-artistes-guineens-a-soumettre-leurs-projets-pour-la-periode-2023-2024","status":"publish","type":"post","link":"https:\/\/culturbaine.com\/index.php\/2023\/12\/05\/le-fodac-invite-les-operateurs-culturels-et-artistes-guineens-a-soumettre-leurs-projets-pour-la-periode-2023-2024\/","title":{"rendered":"Le FODAC invite les op\u00e9rateurs culturels et artistes guin\u00e9ens \u00e0 soumettre leurs projets pour la p\u00e9riode 2023-2024"},"content":{"rendered":"<p>Dans la matin\u00e9e de ce mardi 05 d\u00e9cembre 2023, le Fonds<strong> de d\u00e9veloppement des arts et de la culture (FODAC)<\/strong> a anim\u00e9 une conf\u00e9rence de presse dans ses locaux \u00e0 Kaloum. En toile de fond, parler de leur dernier communiqu\u00e9 invitant les op\u00e9rateurs culturels et artistes guin\u00e9ens \u00e0 soumettre leurs projets pour la p\u00e9riode de 2023-2024 et d&rsquo;autres informations compl\u00e9mentaires.<\/p>\n<p><span style=\"font-weight: 400;\">Dans son allocution, <\/span><b>Malick K\u00e9b\u00e9<\/b><span style=\"font-weight: 400;\">, directeur g\u00e9n\u00e9ral du <\/span><b>FODAC,<\/b><span style=\"font-weight: 400;\"> a soulign\u00e9 que l&rsquo;id\u00e9al est de vulgariser cet appel \u00e0 projets tant \u00e0 Conakry, mais aussi \u00e0 l&rsquo;int\u00e9rieur du pays, tout en invitant les op\u00e9rateurs culturels \u00e0 aller visiter leur site o\u00f9 se trouvent toutes les informations, mais aussi soumettre leurs projets en ligne.<\/span><\/p>\n<p><span style=\"font-weight: 400;\">Pour ce qui est de l\u2019\u00e9ligibilit\u00e9 des projets, <\/span><b>Malick K\u00e9b\u00e9<\/b><span style=\"font-weight: 400;\"> r\u00e9pond : \u00ab Les projets concernant les subventions, aide \u00e0 la cr\u00e9ation et \u00e0 la mobilit\u00e9, mais \u00e9galement aux projets institutionnels \u00bb.<\/span><\/p>\n<p><span style=\"font-weight: 400;\">En ce qui concerne le processus de s\u00e9lection des projets, une commission sera mise en place au <\/span><b>FODAC<\/b><span style=\"font-weight: 400;\">, qui va \u00e9tudier minutieusement tous les projets et les meilleurs seront retenus. Apr\u00e8s s\u00e9lection, le d\u00e9partement suivi et \u00e9valuation accompagnera le projet pour savoir si ce qui a \u00e9t\u00e9 dit est conforme \u00e0 la r\u00e9alit\u00e9. Au cas \u00e9ch\u00e9ant, rappeler \u00e0 l&rsquo;ordre les int\u00e9ress\u00e9s.<\/span><\/p>\n<p><span style=\"font-weight: 400;\">Il faut aussi noter qu&rsquo;\u00e0 partir du 10 d\u00e9cembre, un certain nombre de projets de 2023 seront \u00e9valu\u00e9s et les meilleurs seront financ\u00e9s, afin que ces activit\u00e9s puissent se tenir cette ann\u00e9e, dans les meilleures conditions. D&rsquo;ici-l\u00e0, les acteurs culturels et artistes peuvent soumettre leurs projets jusqu&rsquo;au 31 d\u00e9cembre 2023.<\/span><\/p>\n<p><img loading=\"lazy\" decoding=\"async\" class=\"alignnone size-medium wp-image-2845\" src=\"http:\/\/culturbaine.com\/wp-content\/uploads\/2023\/12\/IMG-20231205-WA0017-212x300.jpg\" alt=\"\" width=\"212\" height=\"300\" srcset=\"https:\/\/culturbaine.com\/wp-content\/uploads\/2023\/12\/IMG-20231205-WA0017-212x300.jpg 212w, https:\/\/culturbaine.com\/wp-content\/uploads\/2023\/12\/IMG-20231205-WA0017-723x1024.jpg 723w, https:\/\/culturbaine.com\/wp-content\/uploads\/2023\/12\/IMG-20231205-WA0017-768x1087.jpg 768w, https:\/\/culturbaine.com\/wp-content\/uploads\/2023\/12\/IMG-20231205-WA0017.jpg 904w\" sizes=\"(max-width: 212px) 100vw, 212px\" \/><\/p>\n<p><b>Mohamed Cinq Sylla\u00a0<\/b><\/p>\n","protected":false},"excerpt":{"rendered":"<p>Dans la matin\u00e9e de ce mardi 05 d\u00e9cembre 2023, le Fonds de d\u00e9veloppement des arts et de la culture (FODAC) a anim\u00e9 une conf\u00e9rence de presse dans ses locaux \u00e0 Kaloum. En toile de fond, parler de leur dernier communiqu\u00e9 invitant les op\u00e9rateurs culturels et artistes guin\u00e9ens \u00e0 soumettre leurs projets pour la p\u00e9riode de [&hellip;]<\/p>\n","protected":false},"author":2,"featured_media":2846,"comment_status":"closed","ping_status":"closed","sticky":false,"template":"","format":"standard","meta":{"_mi_skip_tracking":false,"_monsterinsights_sitenote_active":false,"_monsterinsights_sitenote_note":"","_monsterinsights_sitenote_category":0,"footnotes":""},"categories":[21],"tags":[1185,1184,1183,1002,1182],"class_list":["post-2843","post","type-post","status-publish","format-standard","has-post-thumbnail","hentry","category-actualite","tag-2023-2024","tag-acteurs-culturels-et-artistes-guineens","tag-appel-a-projets","tag-fodac","tag-fonds-de-developpement-des-arts-et-de-la-culture"],"yoast_head":"<!-- This site is optimized with the Yoast SEO Premium plugin v20.1 (Yoast SEO v24.0) - https:\/\/yoast.com\/wordpress\/plugins\/seo\/ -->\n<title>Le FODAC invite les op\u00e9rateurs culturels et artistes guin\u00e9ens \u00e0 soumettre leurs projets pour la p\u00e9riode 2023-2024 - Culturbaine<\/title>\n<meta name=\"robots\" content=\"index, follow, max-snippet:-1, max-image-preview:large, max-video-preview:-1\" \/>\n<link rel=\"canonical\" href=\"http:\/\/culturbaine.com\/index.php\/2023\/12\/05\/le-fodac-invite-les-operateurs-culturels-et-artistes-guineens-a-soumettre-leurs-projets-pour-la-periode-2023-2024\/\" \/>\n<meta property=\"og:locale\" content=\"fr_FR\" \/>\n<meta property=\"og:type\" content=\"article\" \/>\n<meta property=\"og:title\" content=\"Le FODAC invite les op\u00e9rateurs culturels et artistes guin\u00e9ens \u00e0 soumettre leurs projets pour la p\u00e9riode 2023-2024\" \/>\n<meta property=\"og:description\" content=\"Dans la matin\u00e9e de ce mardi 05 d\u00e9cembre 2023, le Fonds de d\u00e9veloppement des arts et de la culture (FODAC) a anim\u00e9 une conf\u00e9rence de presse dans ses locaux \u00e0 Kaloum. En toile de fond, parler de leur dernier communiqu\u00e9 invitant les op\u00e9rateurs culturels et artistes guin\u00e9ens \u00e0 soumettre leurs projets pour la p\u00e9riode de [&hellip;]\" \/>\n<meta property=\"og:url\" content=\"http:\/\/culturbaine.com\/index.php\/2023\/12\/05\/le-fodac-invite-les-operateurs-culturels-et-artistes-guineens-a-soumettre-leurs-projets-pour-la-periode-2023-2024\/\" \/>\n<meta property=\"og:site_name\" content=\"Culturbaine\" \/>\n<meta property=\"article:publisher\" content=\"https:\/\/www.facebook.com\/Culturbaines\" \/>\n<meta property=\"article:published_time\" content=\"2023-12-05T19:39:00+00:00\" \/>\n<meta property=\"og:image\" content=\"http:\/\/culturbaine.com\/wp-content\/uploads\/2023\/12\/IMG_20231205_1118492-scaled.jpg\" \/>\n\t<meta property=\"og:image:width\" content=\"2560\" \/>\n\t<meta property=\"og:image:height\" content=\"1503\" \/>\n\t<meta property=\"og:image:type\" content=\"image\/jpeg\" \/>\n<meta name=\"author\" content=\"admin1\" \/>\n<meta name=\"twitter:card\" content=\"summary_large_image\" \/>\n<meta name=\"twitter:creator\" content=\"@culturbaines\" \/>\n<meta name=\"twitter:site\" content=\"@culturbaines\" \/>\n<meta name=\"twitter:label1\" content=\"\u00c9crit par\" \/>\n\t<meta name=\"twitter:data1\" content=\"admin1\" \/>\n\t<meta name=\"twitter:label2\" content=\"Dur\u00e9e de lecture estim\u00e9e\" \/>\n\t<meta name=\"twitter:data2\" content=\"2 minutes\" \/>\n<script type=\"application\/ld+json\" class=\"yoast-schema-graph\">{\"@context\":\"https:\/\/schema.org\",\"@graph\":[{\"@type\":\"Article\",\"@id\":\"http:\/\/culturbaine.com\/index.php\/2023\/12\/05\/le-fodac-invite-les-operateurs-culturels-et-artistes-guineens-a-soumettre-leurs-projets-pour-la-periode-2023-2024\/#article\",\"isPartOf\":{\"@id\":\"http:\/\/culturbaine.com\/index.php\/2023\/12\/05\/le-fodac-invite-les-operateurs-culturels-et-artistes-guineens-a-soumettre-leurs-projets-pour-la-periode-2023-2024\/\"},\"author\":{\"name\":\"admin1\",\"@id\":\"https:\/\/culturbaine.com\/#\/schema\/person\/42eb7485c572e0746c1ea6b8216c3814\"},\"headline\":\"Le FODAC invite les op\u00e9rateurs culturels et artistes guin\u00e9ens \u00e0 soumettre leurs projets pour la p\u00e9riode 2023-2024\",\"datePublished\":\"2023-12-05T19:39:00+00:00\",\"dateModified\":\"2023-12-05T19:39:00+00:00\",\"mainEntityOfPage\":{\"@id\":\"http:\/\/culturbaine.com\/index.php\/2023\/12\/05\/le-fodac-invite-les-operateurs-culturels-et-artistes-guineens-a-soumettre-leurs-projets-pour-la-periode-2023-2024\/\"},\"wordCount\":297,\"publisher\":{\"@id\":\"https:\/\/culturbaine.com\/#organization\"},\"image\":{\"@id\":\"http:\/\/culturbaine.com\/index.php\/2023\/12\/05\/le-fodac-invite-les-operateurs-culturels-et-artistes-guineens-a-soumettre-leurs-projets-pour-la-periode-2023-2024\/#primaryimage\"},\"thumbnailUrl\":\"https:\/\/culturbaine.com\/wp-content\/uploads\/2023\/12\/IMG_20231205_1118492-scaled.jpg\",\"keywords\":[\"2023-2024\",\"Acteurs culturels et artistes guin\u00e9ens\",\"appel \u00e0 projets\",\"FODAC\",\"fonds de d\u00e9veloppement des arts et de la culture\"],\"articleSection\":[\"Actualit\u00e9\"],\"inLanguage\":\"fr-FR\"},{\"@type\":\"WebPage\",\"@id\":\"http:\/\/culturbaine.com\/index.php\/2023\/12\/05\/le-fodac-invite-les-operateurs-culturels-et-artistes-guineens-a-soumettre-leurs-projets-pour-la-periode-2023-2024\/\",\"url\":\"http:\/\/culturbaine.com\/index.php\/2023\/12\/05\/le-fodac-invite-les-operateurs-culturels-et-artistes-guineens-a-soumettre-leurs-projets-pour-la-periode-2023-2024\/\",\"name\":\"Le FODAC invite les op\u00e9rateurs culturels et artistes guin\u00e9ens \u00e0 soumettre leurs projets pour la p\u00e9riode 2023-2024 - Culturbaine\",\"isPartOf\":{\"@id\":\"https:\/\/culturbaine.com\/#website\"},\"primaryImageOfPage\":{\"@id\":\"http:\/\/culturbaine.com\/index.php\/2023\/12\/05\/le-fodac-invite-les-operateurs-culturels-et-artistes-guineens-a-soumettre-leurs-projets-pour-la-periode-2023-2024\/#primaryimage\"},\"image\":{\"@id\":\"http:\/\/culturbaine.com\/index.php\/2023\/12\/05\/le-fodac-invite-les-operateurs-culturels-et-artistes-guineens-a-soumettre-leurs-projets-pour-la-periode-2023-2024\/#primaryimage\"},\"thumbnailUrl\":\"https:\/\/culturbaine.com\/wp-content\/uploads\/2023\/12\/IMG_20231205_1118492-scaled.jpg\",\"datePublished\":\"2023-12-05T19:39:00+00:00\",\"dateModified\":\"2023-12-05T19:39:00+00:00\",\"breadcrumb\":{\"@id\":\"http:\/\/culturbaine.com\/index.php\/2023\/12\/05\/le-fodac-invite-les-operateurs-culturels-et-artistes-guineens-a-soumettre-leurs-projets-pour-la-periode-2023-2024\/#breadcrumb\"},\"inLanguage\":\"fr-FR\",\"potentialAction\":[{\"@type\":\"ReadAction\",\"target\":[\"http:\/\/culturbaine.com\/index.php\/2023\/12\/05\/le-fodac-invite-les-operateurs-culturels-et-artistes-guineens-a-soumettre-leurs-projets-pour-la-periode-2023-2024\/\"]}]},{\"@type\":\"ImageObject\",\"inLanguage\":\"fr-FR\",\"@id\":\"http:\/\/culturbaine.com\/index.php\/2023\/12\/05\/le-fodac-invite-les-operateurs-culturels-et-artistes-guineens-a-soumettre-leurs-projets-pour-la-periode-2023-2024\/#primaryimage\",\"url\":\"https:\/\/culturbaine.com\/wp-content\/uploads\/2023\/12\/IMG_20231205_1118492-scaled.jpg\",\"contentUrl\":\"https:\/\/culturbaine.com\/wp-content\/uploads\/2023\/12\/IMG_20231205_1118492-scaled.jpg\",\"width\":2560,\"height\":1503},{\"@type\":\"BreadcrumbList\",\"@id\":\"http:\/\/culturbaine.com\/index.php\/2023\/12\/05\/le-fodac-invite-les-operateurs-culturels-et-artistes-guineens-a-soumettre-leurs-projets-pour-la-periode-2023-2024\/#breadcrumb\",\"itemListElement\":[{\"@type\":\"ListItem\",\"position\":1,\"name\":\"Home\",\"item\":\"https:\/\/culturbaine.com\/\"},{\"@type\":\"ListItem\",\"position\":2,\"name\":\"Le FODAC invite les op\u00e9rateurs culturels et artistes guin\u00e9ens \u00e0 soumettre leurs projets pour la p\u00e9riode 2023-2024\"}]},{\"@type\":\"WebSite\",\"@id\":\"https:\/\/culturbaine.com\/#website\",\"url\":\"https:\/\/culturbaine.com\/\",\"name\":\"Culturbaine.com\",\"description\":\"Toute l&#039;actualit\u00e9 des Cultures Urbaines, en un clic  !\",\"publisher\":{\"@id\":\"https:\/\/culturbaine.com\/#organization\"},\"potentialAction\":[{\"@type\":\"SearchAction\",\"target\":{\"@type\":\"EntryPoint\",\"urlTemplate\":\"https:\/\/culturbaine.com\/?s={search_term_string}\"},\"query-input\":{\"@type\":\"PropertyValueSpecification\",\"valueRequired\":true,\"valueName\":\"search_term_string\"}}],\"inLanguage\":\"fr-FR\"},{\"@type\":\"Organization\",\"@id\":\"https:\/\/culturbaine.com\/#organization\",\"name\":\"Culturbaine.com\",\"url\":\"https:\/\/culturbaine.com\/\",\"logo\":{\"@type\":\"ImageObject\",\"inLanguage\":\"fr-FR\",\"@id\":\"https:\/\/culturbaine.com\/#\/schema\/logo\/image\/\",\"url\":\"https:\/\/culturbaine.com\/wp-content\/uploads\/2023\/07\/WhatsApp-Image-2023-07-17-at-14.38.18.jpeg\",\"contentUrl\":\"https:\/\/culturbaine.com\/wp-content\/uploads\/2023\/07\/WhatsApp-Image-2023-07-17-at-14.38.18.jpeg\",\"width\":855,\"height\":270,\"caption\":\"Culturbaine.com\"},\"image\":{\"@id\":\"https:\/\/culturbaine.com\/#\/schema\/logo\/image\/\"},\"sameAs\":[\"https:\/\/www.facebook.com\/Culturbaines\",\"https:\/\/x.com\/culturbaines\"]},{\"@type\":\"Person\",\"@id\":\"https:\/\/culturbaine.com\/#\/schema\/person\/42eb7485c572e0746c1ea6b8216c3814\",\"name\":\"admin1\",\"image\":{\"@type\":\"ImageObject\",\"inLanguage\":\"fr-FR\",\"@id\":\"https:\/\/culturbaine.com\/#\/schema\/person\/image\/\",\"url\":\"https:\/\/secure.gravatar.com\/avatar\/c268f4d483ce0486e5a10fee87bbf756?s=96&d=mm&r=g\",\"contentUrl\":\"https:\/\/secure.gravatar.com\/avatar\/c268f4d483ce0486e5a10fee87bbf756?s=96&d=mm&r=g\",\"caption\":\"admin1\"},\"url\":\"https:\/\/culturbaine.com\/index.php\/author\/admin1\/\"}]}<\/script>\n<!-- \/ Yoast SEO Premium plugin. -->","yoast_head_json":{"title":"Le FODAC invite les op\u00e9rateurs culturels et artistes guin\u00e9ens \u00e0 soumettre leurs projets pour la p\u00e9riode 2023-2024 - Culturbaine","robots":{"index":"index","follow":"follow","max-snippet":"max-snippet:-1","max-image-preview":"max-image-preview:large","max-video-preview":"max-video-preview:-1"},"canonical":"http:\/\/culturbaine.com\/index.php\/2023\/12\/05\/le-fodac-invite-les-operateurs-culturels-et-artistes-guineens-a-soumettre-leurs-projets-pour-la-periode-2023-2024\/","og_locale":"fr_FR","og_type":"article","og_title":"Le FODAC invite les op\u00e9rateurs culturels et artistes guin\u00e9ens \u00e0 soumettre leurs projets pour la p\u00e9riode 2023-2024","og_description":"Dans la matin\u00e9e de ce mardi 05 d\u00e9cembre 2023, le Fonds de d\u00e9veloppement des arts et de la culture (FODAC) a anim\u00e9 une conf\u00e9rence de presse dans ses locaux \u00e0 Kaloum. En toile de fond, parler de leur dernier communiqu\u00e9 invitant les op\u00e9rateurs culturels et artistes guin\u00e9ens \u00e0 soumettre leurs projets pour la p\u00e9riode de [&hellip;]","og_url":"http:\/\/culturbaine.com\/index.php\/2023\/12\/05\/le-fodac-invite-les-operateurs-culturels-et-artistes-guineens-a-soumettre-leurs-projets-pour-la-periode-2023-2024\/","og_site_name":"Culturbaine","article_publisher":"https:\/\/www.facebook.com\/Culturbaines","article_published_time":"2023-12-05T19:39:00+00:00","og_image":[{"width":2560,"height":1503,"url":"http:\/\/culturbaine.com\/wp-content\/uploads\/2023\/12\/IMG_20231205_1118492-scaled.jpg","type":"image\/jpeg"}],"author":"admin1","twitter_card":"summary_large_image","twitter_creator":"@culturbaines","twitter_site":"@culturbaines","twitter_misc":{"\u00c9crit par":"admin1","Dur\u00e9e de lecture estim\u00e9e":"2 minutes"},"schema":{"@context":"https:\/\/schema.org","@graph":[{"@type":"Article","@id":"http:\/\/culturbaine.com\/index.php\/2023\/12\/05\/le-fodac-invite-les-operateurs-culturels-et-artistes-guineens-a-soumettre-leurs-projets-pour-la-periode-2023-2024\/#article","isPartOf":{"@id":"http:\/\/culturbaine.com\/index.php\/2023\/12\/05\/le-fodac-invite-les-operateurs-culturels-et-artistes-guineens-a-soumettre-leurs-projets-pour-la-periode-2023-2024\/"},"author":{"name":"admin1","@id":"https:\/\/culturbaine.com\/#\/schema\/person\/42eb7485c572e0746c1ea6b8216c3814"},"headline":"Le FODAC invite les op\u00e9rateurs culturels et artistes guin\u00e9ens \u00e0 soumettre leurs projets pour la p\u00e9riode 2023-2024","datePublished":"2023-12-05T19:39:00+00:00","dateModified":"2023-12-05T19:39:00+00:00","mainEntityOfPage":{"@id":"http:\/\/culturbaine.com\/index.php\/2023\/12\/05\/le-fodac-invite-les-operateurs-culturels-et-artistes-guineens-a-soumettre-leurs-projets-pour-la-periode-2023-2024\/"},"wordCount":297,"publisher":{"@id":"https:\/\/culturbaine.com\/#organization"},"image":{"@id":"http:\/\/culturbaine.com\/index.php\/2023\/12\/05\/le-fodac-invite-les-operateurs-culturels-et-artistes-guineens-a-soumettre-leurs-projets-pour-la-periode-2023-2024\/#primaryimage"},"thumbnailUrl":"https:\/\/culturbaine.com\/wp-content\/uploads\/2023\/12\/IMG_20231205_1118492-scaled.jpg","keywords":["2023-2024","Acteurs culturels et artistes guin\u00e9ens","appel \u00e0 projets","FODAC","fonds de d\u00e9veloppement des arts et de la culture"],"articleSection":["Actualit\u00e9"],"inLanguage":"fr-FR"},{"@type":"WebPage","@id":"http:\/\/culturbaine.com\/index.php\/2023\/12\/05\/le-fodac-invite-les-operateurs-culturels-et-artistes-guineens-a-soumettre-leurs-projets-pour-la-periode-2023-2024\/","url":"http:\/\/culturbaine.com\/index.php\/2023\/12\/05\/le-fodac-invite-les-operateurs-culturels-et-artistes-guineens-a-soumettre-leurs-projets-pour-la-periode-2023-2024\/","name":"Le FODAC invite les op\u00e9rateurs culturels et artistes guin\u00e9ens \u00e0 soumettre leurs projets pour la p\u00e9riode 2023-2024 - Culturbaine","isPartOf":{"@id":"https:\/\/culturbaine.com\/#website"},"primaryImageOfPage":{"@id":"http:\/\/culturbaine.com\/index.php\/2023\/12\/05\/le-fodac-invite-les-operateurs-culturels-et-artistes-guineens-a-soumettre-leurs-projets-pour-la-periode-2023-2024\/#primaryimage"},"image":{"@id":"http:\/\/culturbaine.com\/index.php\/2023\/12\/05\/le-fodac-invite-les-operateurs-culturels-et-artistes-guineens-a-soumettre-leurs-projets-pour-la-periode-2023-2024\/#primaryimage"},"thumbnailUrl":"https:\/\/culturbaine.com\/wp-content\/uploads\/2023\/12\/IMG_20231205_1118492-scaled.jpg","datePublished":"2023-12-05T19:39:00+00:00","dateModified":"2023-12-05T19:39:00+00:00","breadcrumb":{"@id":"http:\/\/culturbaine.com\/index.php\/2023\/12\/05\/le-fodac-invite-les-operateurs-culturels-et-artistes-guineens-a-soumettre-leurs-projets-pour-la-periode-2023-2024\/#breadcrumb"},"inLanguage":"fr-FR","potentialAction":[{"@type":"ReadAction","target":["http:\/\/culturbaine.com\/index.php\/2023\/12\/05\/le-fodac-invite-les-operateurs-culturels-et-artistes-guineens-a-soumettre-leurs-projets-pour-la-periode-2023-2024\/"]}]},{"@type":"ImageObject","inLanguage":"fr-FR","@id":"http:\/\/culturbaine.com\/index.php\/2023\/12\/05\/le-fodac-invite-les-operateurs-culturels-et-artistes-guineens-a-soumettre-leurs-projets-pour-la-periode-2023-2024\/#primaryimage","url":"https:\/\/culturbaine.com\/wp-content\/uploads\/2023\/12\/IMG_20231205_1118492-scaled.jpg","contentUrl":"https:\/\/culturbaine.com\/wp-content\/uploads\/2023\/12\/IMG_20231205_1118492-scaled.jpg","width":2560,"height":1503},{"@type":"BreadcrumbList","@id":"http:\/\/culturbaine.com\/index.php\/2023\/12\/05\/le-fodac-invite-les-operateurs-culturels-et-artistes-guineens-a-soumettre-leurs-projets-pour-la-periode-2023-2024\/#breadcrumb","itemListElement":[{"@type":"ListItem","position":1,"name":"Home","item":"https:\/\/culturbaine.com\/"},{"@type":"ListItem","position":2,"name":"Le FODAC invite les op\u00e9rateurs culturels et artistes guin\u00e9ens \u00e0 soumettre leurs projets pour la p\u00e9riode 2023-2024"}]},{"@type":"WebSite","@id":"https:\/\/culturbaine.com\/#website","url":"https:\/\/culturbaine.com\/","name":"Culturbaine.com","description":"Toute l&#039;actualit\u00e9 des Cultures Urbaines, en un clic  !","publisher":{"@id":"https:\/\/culturbaine.com\/#organization"},"potentialAction":[{"@type":"SearchAction","target":{"@type":"EntryPoint","urlTemplate":"https:\/\/culturbaine.com\/?s={search_term_string}"},"query-input":{"@type":"PropertyValueSpecification","valueRequired":true,"valueName":"search_term_string"}}],"inLanguage":"fr-FR"},{"@type":"Organization","@id":"https:\/\/culturbaine.com\/#organization","name":"Culturbaine.com","url":"https:\/\/culturbaine.com\/","logo":{"@type":"ImageObject","inLanguage":"fr-FR","@id":"https:\/\/culturbaine.com\/#\/schema\/logo\/image\/","url":"https:\/\/culturbaine.com\/wp-content\/uploads\/2023\/07\/WhatsApp-Image-2023-07-17-at-14.38.18.jpeg","contentUrl":"https:\/\/culturbaine.com\/wp-content\/uploads\/2023\/07\/WhatsApp-Image-2023-07-17-at-14.38.18.jpeg","width":855,"height":270,"caption":"Culturbaine.com"},"image":{"@id":"https:\/\/culturbaine.com\/#\/schema\/logo\/image\/"},"sameAs":["https:\/\/www.facebook.com\/Culturbaines","https:\/\/x.com\/culturbaines"]},{"@type":"Person","@id":"https:\/\/culturbaine.com\/#\/schema\/person\/42eb7485c572e0746c1ea6b8216c3814","name":"admin1","image":{"@type":"ImageObject","inLanguage":"fr-FR","@id":"https:\/\/culturbaine.com\/#\/schema\/person\/image\/","url":"https:\/\/secure.gravatar.com\/avatar\/c268f4d483ce0486e5a10fee87bbf756?s=96&d=mm&r=g","contentUrl":"https:\/\/secure.gravatar.com\/avatar\/c268f4d483ce0486e5a10fee87bbf756?s=96&d=mm&r=g","caption":"admin1"},"url":"https:\/\/culturbaine.com\/index.php\/author\/admin1\/"}]}},"_links":{"self":[{"href":"https:\/\/culturbaine.com\/index.php\/wp-json\/wp\/v2\/posts\/2843"}],"collection":[{"href":"https:\/\/culturbaine.com\/index.php\/wp-json\/wp\/v2\/posts"}],"about":[{"href":"https:\/\/culturbaine.com\/index.php\/wp-json\/wp\/v2\/types\/post"}],"author":[{"embeddable":true,"href":"https:\/\/culturbaine.com\/index.php\/wp-json\/wp\/v2\/users\/2"}],"replies":[{"embeddable":true,"href":"https:\/\/culturbaine.com\/index.php\/wp-json\/wp\/v2\/comments?post=2843"}],"version-history":[{"count":0,"href":"https:\/\/culturbaine.com\/index.php\/wp-json\/wp\/v2\/posts\/2843\/revisions"}],"wp:featuredmedia":[{"embeddable":true,"href":"https:\/\/culturbaine.com\/index.php\/wp-json\/wp\/v2\/media\/2846"}],"wp:attachment":[{"href":"https:\/\/culturbaine.com\/index.php\/wp-json\/wp\/v2\/media?parent=2843"}],"wp:term":[{"taxonomy":"category","embeddable":true,"href":"https:\/\/culturbaine.com\/index.php\/wp-json\/wp\/v2\/categories?post=2843"},{"taxonomy":"post_tag","embeddable":true,"href":"https:\/\/culturbaine.com\/index.php\/wp-json\/wp\/v2\/tags?post=2843"}],"curies":[{"name":"wp","href":"https:\/\/api.w.org\/{rel}","templated":true}]}}