{"id":2760,"date":"2023-12-01T21:34:24","date_gmt":"2023-12-01T21:34:24","guid":{"rendered":"https:\/\/culturbaine.com\/?p=2760"},"modified":"2023-12-01T21:34:24","modified_gmt":"2023-12-01T21:34:24","slug":"annulation-du-festival-des-cultures-urbaines-les-organisateurs-prets-a-engager-des-procedures-legales","status":"publish","type":"post","link":"https:\/\/culturbaine.com\/index.php\/2023\/12\/01\/annulation-du-festival-des-cultures-urbaines-les-organisateurs-prets-a-engager-des-procedures-legales\/","title":{"rendered":"Annulation du Festival des Cultures Urbaines : Les Organisateurs Pr\u00eats \u00e0 Engager des Proc\u00e9dures L\u00e9gales"},"content":{"rendered":"<p><span>La premi\u00e8re \u00e9dition tant attendue du <\/span><b>Festival des Cultures Urbaines<\/b><span>, pr\u00e9vue du 01 au 03 d\u00e9cembre 2023 au Stade <\/span><b>G\u00e9n\u00e9ral Lansana Cont\u00e9<\/b><span> de Nongo, a \u00e9t\u00e9 brusquement annul\u00e9e en raison d&rsquo;une interdiction \u00e9mise par le minist\u00e8re des sports. L&rsquo;arr\u00eat\u00e9 interdit tout spectacle dans l&rsquo;enceinte de l&rsquo;esplanade du stade, laissant les organisateurs perplexes et d\u00e9\u00e7us. Sur ce, les organisateurs \u00e9taient devant un parterre de journalistes cet apr\u00e8s-midi dans un r\u00e9ceptif h\u00f4telier de la place pour parler de ce report et les prochaines d\u00e9marches \u00e0 suivre.<\/span><\/p>\n<p><b>Fresh DD<\/b><span style=\"font-weight: 400;\">, l&rsquo;un des cofondateurs du festival, a exprim\u00e9 sa d\u00e9ception face \u00e0 cette annulation, soulignant que l&rsquo;\u00e9v\u00e9nement \u00e9tait con\u00e7u pour offrir une plateforme d&rsquo;expression aux jeunes talents, englobant des domaines tels que la musique, le graffiti et le Deejaying. Malgr\u00e9 des efforts soutenus aupr\u00e8s du minist\u00e8re de la culture, du tourisme et de l&rsquo;artisanat, ainsi que de l&rsquo;agence guin\u00e9enne de Spectacle, aucune autorisation n&rsquo;a \u00e9t\u00e9 accord\u00e9e, laissant les organisateurs sans autre choix que d&rsquo;annuler l&rsquo;\u00e9v\u00e9nement.<\/span><\/p>\n<p><span style=\"font-weight: 400;\">Dans une tentative de faire entendre leur voix, les organisateurs ont d\u00e9cid\u00e9 de prendre des mesures l\u00e9gales. <\/span><b>Mohamed Cont\u00e9,<\/b><span style=\"font-weight: 400;\"> commissaire du festival, a d\u00e9clar\u00e9 que la premi\u00e8re \u00e9tape consisterait \u00e0 adresser un courrier au minist\u00e8re, d\u00e9taillant les d\u00e9penses engag\u00e9es et cherchant des r\u00e9ponses. En cas d&rsquo;absence de r\u00e9ponse, ils envisagent de saisir des cabinets pour faire valoir leurs droits.<\/span><\/p>\n<p><span style=\"font-weight: 400;\">Malgr\u00e9 l&rsquo;annulation, les prochains jours verront les experts d\u00e9j\u00e0 pr\u00e9sents en Guin\u00e9e consacrer quatre jours \u00e0 former les jeunes locaux au Deejaying, au Graffiti. L&rsquo;objectif est de ne pas laisser les efforts d\u00e9j\u00e0 d\u00e9ploy\u00e9s \u00eatre vains.<\/span><\/p>\n<p><span style=\"font-weight: 400;\">L&rsquo;investissement actuel dans le festival d\u00e9passe les 500 millions GNF, mais les organisateurs demeurent d\u00e9termin\u00e9s \u00e0 faire valoir leurs droits l\u00e9galement et \u00e0 poursuivre leur mission de promouvoir et d\u00e9velopper les cultures urbaines en Guin\u00e9e.\u00a0<\/span><\/p>\n<p><b>Mohamed Cinq Sylla<\/b><\/p>\n","protected":false},"excerpt":{"rendered":"<p>La premi\u00e8re \u00e9dition tant attendue du Festival des Cultures Urbaines, pr\u00e9vue du 01 au 03 d\u00e9cembre 2023 au Stade G\u00e9n\u00e9ral Lansana Cont\u00e9 de Nongo, a \u00e9t\u00e9 brusquement annul\u00e9e en raison d&rsquo;une interdiction \u00e9mise par le minist\u00e8re des sports. L&rsquo;arr\u00eat\u00e9 interdit tout spectacle dans l&rsquo;enceinte de l&rsquo;esplanade du stade, laissant les organisateurs perplexes et d\u00e9\u00e7us. Sur [&hellip;]<\/p>\n","protected":false},"author":2,"featured_media":2762,"comment_status":"closed","ping_status":"closed","sticky":false,"template":"","format":"standard","meta":{"_mi_skip_tracking":false,"_monsterinsights_sitenote_active":false,"_monsterinsights_sitenote_note":"","_monsterinsights_sitenote_category":0,"footnotes":""},"categories":[21],"tags":[1158,1157,507,279],"class_list":["post-2760","post","type-post","status-publish","format-standard","has-post-thumbnail","hentry","category-actualite","tag-annule","tag-festival-des-cultures-urbaines","tag-fresh-dd","tag-guinee"],"yoast_head":"<!-- This site is optimized with the Yoast SEO Premium plugin v20.1 (Yoast SEO v24.0) - https:\/\/yoast.com\/wordpress\/plugins\/seo\/ -->\n<title>Annulation du Festival des Cultures Urbaines : Les Organisateurs Pr\u00eats \u00e0 Engager des Proc\u00e9dures L\u00e9gales - Culturbaine<\/title>\n<meta name=\"robots\" content=\"index, follow, max-snippet:-1, max-image-preview:large, max-video-preview:-1\" \/>\n<link rel=\"canonical\" href=\"http:\/\/culturbaine.com\/index.php\/2023\/12\/01\/annulation-du-festival-des-cultures-urbaines-les-organisateurs-prets-a-engager-des-procedures-legales\/\" \/>\n<meta property=\"og:locale\" content=\"fr_FR\" \/>\n<meta property=\"og:type\" content=\"article\" \/>\n<meta property=\"og:title\" content=\"Annulation du Festival des Cultures Urbaines : Les Organisateurs Pr\u00eats \u00e0 Engager des Proc\u00e9dures L\u00e9gales\" \/>\n<meta property=\"og:description\" content=\"La premi\u00e8re \u00e9dition tant attendue du Festival des Cultures Urbaines, pr\u00e9vue du 01 au 03 d\u00e9cembre 2023 au Stade G\u00e9n\u00e9ral Lansana Cont\u00e9 de Nongo, a \u00e9t\u00e9 brusquement annul\u00e9e en raison d&rsquo;une interdiction \u00e9mise par le minist\u00e8re des sports. L&rsquo;arr\u00eat\u00e9 interdit tout spectacle dans l&rsquo;enceinte de l&rsquo;esplanade du stade, laissant les organisateurs perplexes et d\u00e9\u00e7us. Sur [&hellip;]\" \/>\n<meta property=\"og:url\" content=\"http:\/\/culturbaine.com\/index.php\/2023\/12\/01\/annulation-du-festival-des-cultures-urbaines-les-organisateurs-prets-a-engager-des-procedures-legales\/\" \/>\n<meta property=\"og:site_name\" content=\"Culturbaine\" \/>\n<meta property=\"article:publisher\" content=\"https:\/\/www.facebook.com\/Culturbaines\" \/>\n<meta property=\"article:published_time\" content=\"2023-12-01T21:34:24+00:00\" \/>\n<meta property=\"og:image\" content=\"http:\/\/culturbaine.com\/wp-content\/uploads\/2023\/12\/IMG-20231201-WA0043.jpg\" \/>\n\t<meta property=\"og:image:width\" content=\"1024\" \/>\n\t<meta property=\"og:image:height\" content=\"576\" \/>\n\t<meta property=\"og:image:type\" content=\"image\/jpeg\" \/>\n<meta name=\"author\" content=\"admin1\" \/>\n<meta name=\"twitter:card\" content=\"summary_large_image\" \/>\n<meta name=\"twitter:creator\" content=\"@culturbaines\" \/>\n<meta name=\"twitter:site\" content=\"@culturbaines\" \/>\n<meta name=\"twitter:label1\" content=\"\u00c9crit par\" \/>\n\t<meta name=\"twitter:data1\" content=\"admin1\" \/>\n\t<meta name=\"twitter:label2\" content=\"Dur\u00e9e de lecture estim\u00e9e\" \/>\n\t<meta name=\"twitter:data2\" content=\"2 minutes\" \/>\n<script type=\"application\/ld+json\" class=\"yoast-schema-graph\">{\"@context\":\"https:\/\/schema.org\",\"@graph\":[{\"@type\":\"Article\",\"@id\":\"http:\/\/culturbaine.com\/index.php\/2023\/12\/01\/annulation-du-festival-des-cultures-urbaines-les-organisateurs-prets-a-engager-des-procedures-legales\/#article\",\"isPartOf\":{\"@id\":\"http:\/\/culturbaine.com\/index.php\/2023\/12\/01\/annulation-du-festival-des-cultures-urbaines-les-organisateurs-prets-a-engager-des-procedures-legales\/\"},\"author\":{\"name\":\"admin1\",\"@id\":\"https:\/\/culturbaine.com\/#\/schema\/person\/42eb7485c572e0746c1ea6b8216c3814\"},\"headline\":\"Annulation du Festival des Cultures Urbaines : Les Organisateurs Pr\u00eats \u00e0 Engager des Proc\u00e9dures L\u00e9gales\",\"datePublished\":\"2023-12-01T21:34:24+00:00\",\"dateModified\":\"2023-12-01T21:34:24+00:00\",\"mainEntityOfPage\":{\"@id\":\"http:\/\/culturbaine.com\/index.php\/2023\/12\/01\/annulation-du-festival-des-cultures-urbaines-les-organisateurs-prets-a-engager-des-procedures-legales\/\"},\"wordCount\":358,\"publisher\":{\"@id\":\"https:\/\/culturbaine.com\/#organization\"},\"image\":{\"@id\":\"http:\/\/culturbaine.com\/index.php\/2023\/12\/01\/annulation-du-festival-des-cultures-urbaines-les-organisateurs-prets-a-engager-des-procedures-legales\/#primaryimage\"},\"thumbnailUrl\":\"https:\/\/culturbaine.com\/wp-content\/uploads\/2023\/12\/IMG-20231201-WA0043.jpg\",\"keywords\":[\"annul\u00e9\",\"Festival des cultures urbaines\",\"FRESH DD\",\"Guin\u00e9e\"],\"articleSection\":[\"Actualit\u00e9\"],\"inLanguage\":\"fr-FR\"},{\"@type\":\"WebPage\",\"@id\":\"http:\/\/culturbaine.com\/index.php\/2023\/12\/01\/annulation-du-festival-des-cultures-urbaines-les-organisateurs-prets-a-engager-des-procedures-legales\/\",\"url\":\"http:\/\/culturbaine.com\/index.php\/2023\/12\/01\/annulation-du-festival-des-cultures-urbaines-les-organisateurs-prets-a-engager-des-procedures-legales\/\",\"name\":\"Annulation du Festival des Cultures Urbaines : Les Organisateurs Pr\u00eats \u00e0 Engager des Proc\u00e9dures L\u00e9gales - Culturbaine\",\"isPartOf\":{\"@id\":\"https:\/\/culturbaine.com\/#website\"},\"primaryImageOfPage\":{\"@id\":\"http:\/\/culturbaine.com\/index.php\/2023\/12\/01\/annulation-du-festival-des-cultures-urbaines-les-organisateurs-prets-a-engager-des-procedures-legales\/#primaryimage\"},\"image\":{\"@id\":\"http:\/\/culturbaine.com\/index.php\/2023\/12\/01\/annulation-du-festival-des-cultures-urbaines-les-organisateurs-prets-a-engager-des-procedures-legales\/#primaryimage\"},\"thumbnailUrl\":\"https:\/\/culturbaine.com\/wp-content\/uploads\/2023\/12\/IMG-20231201-WA0043.jpg\",\"datePublished\":\"2023-12-01T21:34:24+00:00\",\"dateModified\":\"2023-12-01T21:34:24+00:00\",\"breadcrumb\":{\"@id\":\"http:\/\/culturbaine.com\/index.php\/2023\/12\/01\/annulation-du-festival-des-cultures-urbaines-les-organisateurs-prets-a-engager-des-procedures-legales\/#breadcrumb\"},\"inLanguage\":\"fr-FR\",\"potentialAction\":[{\"@type\":\"ReadAction\",\"target\":[\"http:\/\/culturbaine.com\/index.php\/2023\/12\/01\/annulation-du-festival-des-cultures-urbaines-les-organisateurs-prets-a-engager-des-procedures-legales\/\"]}]},{\"@type\":\"ImageObject\",\"inLanguage\":\"fr-FR\",\"@id\":\"http:\/\/culturbaine.com\/index.php\/2023\/12\/01\/annulation-du-festival-des-cultures-urbaines-les-organisateurs-prets-a-engager-des-procedures-legales\/#primaryimage\",\"url\":\"https:\/\/culturbaine.com\/wp-content\/uploads\/2023\/12\/IMG-20231201-WA0043.jpg\",\"contentUrl\":\"https:\/\/culturbaine.com\/wp-content\/uploads\/2023\/12\/IMG-20231201-WA0043.jpg\",\"width\":1024,\"height\":576},{\"@type\":\"BreadcrumbList\",\"@id\":\"http:\/\/culturbaine.com\/index.php\/2023\/12\/01\/annulation-du-festival-des-cultures-urbaines-les-organisateurs-prets-a-engager-des-procedures-legales\/#breadcrumb\",\"itemListElement\":[{\"@type\":\"ListItem\",\"position\":1,\"name\":\"Home\",\"item\":\"https:\/\/culturbaine.com\/\"},{\"@type\":\"ListItem\",\"position\":2,\"name\":\"Annulation du Festival des Cultures Urbaines : Les Organisateurs Pr\u00eats \u00e0 Engager des Proc\u00e9dures L\u00e9gales\"}]},{\"@type\":\"WebSite\",\"@id\":\"https:\/\/culturbaine.com\/#website\",\"url\":\"https:\/\/culturbaine.com\/\",\"name\":\"Culturbaine.com\",\"description\":\"Toute l&#039;actualit\u00e9 des Cultures Urbaines, en un clic  !\",\"publisher\":{\"@id\":\"https:\/\/culturbaine.com\/#organization\"},\"potentialAction\":[{\"@type\":\"SearchAction\",\"target\":{\"@type\":\"EntryPoint\",\"urlTemplate\":\"https:\/\/culturbaine.com\/?s={search_term_string}\"},\"query-input\":{\"@type\":\"PropertyValueSpecification\",\"valueRequired\":true,\"valueName\":\"search_term_string\"}}],\"inLanguage\":\"fr-FR\"},{\"@type\":\"Organization\",\"@id\":\"https:\/\/culturbaine.com\/#organization\",\"name\":\"Culturbaine.com\",\"url\":\"https:\/\/culturbaine.com\/\",\"logo\":{\"@type\":\"ImageObject\",\"inLanguage\":\"fr-FR\",\"@id\":\"https:\/\/culturbaine.com\/#\/schema\/logo\/image\/\",\"url\":\"https:\/\/culturbaine.com\/wp-content\/uploads\/2023\/07\/WhatsApp-Image-2023-07-17-at-14.38.18.jpeg\",\"contentUrl\":\"https:\/\/culturbaine.com\/wp-content\/uploads\/2023\/07\/WhatsApp-Image-2023-07-17-at-14.38.18.jpeg\",\"width\":855,\"height\":270,\"caption\":\"Culturbaine.com\"},\"image\":{\"@id\":\"https:\/\/culturbaine.com\/#\/schema\/logo\/image\/\"},\"sameAs\":[\"https:\/\/www.facebook.com\/Culturbaines\",\"https:\/\/x.com\/culturbaines\"]},{\"@type\":\"Person\",\"@id\":\"https:\/\/culturbaine.com\/#\/schema\/person\/42eb7485c572e0746c1ea6b8216c3814\",\"name\":\"admin1\",\"image\":{\"@type\":\"ImageObject\",\"inLanguage\":\"fr-FR\",\"@id\":\"https:\/\/culturbaine.com\/#\/schema\/person\/image\/\",\"url\":\"https:\/\/secure.gravatar.com\/avatar\/c268f4d483ce0486e5a10fee87bbf756?s=96&d=mm&r=g\",\"contentUrl\":\"https:\/\/secure.gravatar.com\/avatar\/c268f4d483ce0486e5a10fee87bbf756?s=96&d=mm&r=g\",\"caption\":\"admin1\"},\"url\":\"https:\/\/culturbaine.com\/index.php\/author\/admin1\/\"}]}<\/script>\n<!-- \/ Yoast SEO Premium plugin. -->","yoast_head_json":{"title":"Annulation du Festival des Cultures Urbaines : Les Organisateurs Pr\u00eats \u00e0 Engager des Proc\u00e9dures L\u00e9gales - Culturbaine","robots":{"index":"index","follow":"follow","max-snippet":"max-snippet:-1","max-image-preview":"max-image-preview:large","max-video-preview":"max-video-preview:-1"},"canonical":"http:\/\/culturbaine.com\/index.php\/2023\/12\/01\/annulation-du-festival-des-cultures-urbaines-les-organisateurs-prets-a-engager-des-procedures-legales\/","og_locale":"fr_FR","og_type":"article","og_title":"Annulation du Festival des Cultures Urbaines : Les Organisateurs Pr\u00eats \u00e0 Engager des Proc\u00e9dures L\u00e9gales","og_description":"La premi\u00e8re \u00e9dition tant attendue du Festival des Cultures Urbaines, pr\u00e9vue du 01 au 03 d\u00e9cembre 2023 au Stade G\u00e9n\u00e9ral Lansana Cont\u00e9 de Nongo, a \u00e9t\u00e9 brusquement annul\u00e9e en raison d&rsquo;une interdiction \u00e9mise par le minist\u00e8re des sports. L&rsquo;arr\u00eat\u00e9 interdit tout spectacle dans l&rsquo;enceinte de l&rsquo;esplanade du stade, laissant les organisateurs perplexes et d\u00e9\u00e7us. Sur [&hellip;]","og_url":"http:\/\/culturbaine.com\/index.php\/2023\/12\/01\/annulation-du-festival-des-cultures-urbaines-les-organisateurs-prets-a-engager-des-procedures-legales\/","og_site_name":"Culturbaine","article_publisher":"https:\/\/www.facebook.com\/Culturbaines","article_published_time":"2023-12-01T21:34:24+00:00","og_image":[{"width":1024,"height":576,"url":"http:\/\/culturbaine.com\/wp-content\/uploads\/2023\/12\/IMG-20231201-WA0043.jpg","type":"image\/jpeg"}],"author":"admin1","twitter_card":"summary_large_image","twitter_creator":"@culturbaines","twitter_site":"@culturbaines","twitter_misc":{"\u00c9crit par":"admin1","Dur\u00e9e de lecture estim\u00e9e":"2 minutes"},"schema":{"@context":"https:\/\/schema.org","@graph":[{"@type":"Article","@id":"http:\/\/culturbaine.com\/index.php\/2023\/12\/01\/annulation-du-festival-des-cultures-urbaines-les-organisateurs-prets-a-engager-des-procedures-legales\/#article","isPartOf":{"@id":"http:\/\/culturbaine.com\/index.php\/2023\/12\/01\/annulation-du-festival-des-cultures-urbaines-les-organisateurs-prets-a-engager-des-procedures-legales\/"},"author":{"name":"admin1","@id":"https:\/\/culturbaine.com\/#\/schema\/person\/42eb7485c572e0746c1ea6b8216c3814"},"headline":"Annulation du Festival des Cultures Urbaines : Les Organisateurs Pr\u00eats \u00e0 Engager des Proc\u00e9dures L\u00e9gales","datePublished":"2023-12-01T21:34:24+00:00","dateModified":"2023-12-01T21:34:24+00:00","mainEntityOfPage":{"@id":"http:\/\/culturbaine.com\/index.php\/2023\/12\/01\/annulation-du-festival-des-cultures-urbaines-les-organisateurs-prets-a-engager-des-procedures-legales\/"},"wordCount":358,"publisher":{"@id":"https:\/\/culturbaine.com\/#organization"},"image":{"@id":"http:\/\/culturbaine.com\/index.php\/2023\/12\/01\/annulation-du-festival-des-cultures-urbaines-les-organisateurs-prets-a-engager-des-procedures-legales\/#primaryimage"},"thumbnailUrl":"https:\/\/culturbaine.com\/wp-content\/uploads\/2023\/12\/IMG-20231201-WA0043.jpg","keywords":["annul\u00e9","Festival des cultures urbaines","FRESH DD","Guin\u00e9e"],"articleSection":["Actualit\u00e9"],"inLanguage":"fr-FR"},{"@type":"WebPage","@id":"http:\/\/culturbaine.com\/index.php\/2023\/12\/01\/annulation-du-festival-des-cultures-urbaines-les-organisateurs-prets-a-engager-des-procedures-legales\/","url":"http:\/\/culturbaine.com\/index.php\/2023\/12\/01\/annulation-du-festival-des-cultures-urbaines-les-organisateurs-prets-a-engager-des-procedures-legales\/","name":"Annulation du Festival des Cultures Urbaines : Les Organisateurs Pr\u00eats \u00e0 Engager des Proc\u00e9dures L\u00e9gales - Culturbaine","isPartOf":{"@id":"https:\/\/culturbaine.com\/#website"},"primaryImageOfPage":{"@id":"http:\/\/culturbaine.com\/index.php\/2023\/12\/01\/annulation-du-festival-des-cultures-urbaines-les-organisateurs-prets-a-engager-des-procedures-legales\/#primaryimage"},"image":{"@id":"http:\/\/culturbaine.com\/index.php\/2023\/12\/01\/annulation-du-festival-des-cultures-urbaines-les-organisateurs-prets-a-engager-des-procedures-legales\/#primaryimage"},"thumbnailUrl":"https:\/\/culturbaine.com\/wp-content\/uploads\/2023\/12\/IMG-20231201-WA0043.jpg","datePublished":"2023-12-01T21:34:24+00:00","dateModified":"2023-12-01T21:34:24+00:00","breadcrumb":{"@id":"http:\/\/culturbaine.com\/index.php\/2023\/12\/01\/annulation-du-festival-des-cultures-urbaines-les-organisateurs-prets-a-engager-des-procedures-legales\/#breadcrumb"},"inLanguage":"fr-FR","potentialAction":[{"@type":"ReadAction","target":["http:\/\/culturbaine.com\/index.php\/2023\/12\/01\/annulation-du-festival-des-cultures-urbaines-les-organisateurs-prets-a-engager-des-procedures-legales\/"]}]},{"@type":"ImageObject","inLanguage":"fr-FR","@id":"http:\/\/culturbaine.com\/index.php\/2023\/12\/01\/annulation-du-festival-des-cultures-urbaines-les-organisateurs-prets-a-engager-des-procedures-legales\/#primaryimage","url":"https:\/\/culturbaine.com\/wp-content\/uploads\/2023\/12\/IMG-20231201-WA0043.jpg","contentUrl":"https:\/\/culturbaine.com\/wp-content\/uploads\/2023\/12\/IMG-20231201-WA0043.jpg","width":1024,"height":576},{"@type":"BreadcrumbList","@id":"http:\/\/culturbaine.com\/index.php\/2023\/12\/01\/annulation-du-festival-des-cultures-urbaines-les-organisateurs-prets-a-engager-des-procedures-legales\/#breadcrumb","itemListElement":[{"@type":"ListItem","position":1,"name":"Home","item":"https:\/\/culturbaine.com\/"},{"@type":"ListItem","position":2,"name":"Annulation du Festival des Cultures Urbaines : Les Organisateurs Pr\u00eats \u00e0 Engager des Proc\u00e9dures L\u00e9gales"}]},{"@type":"WebSite","@id":"https:\/\/culturbaine.com\/#website","url":"https:\/\/culturbaine.com\/","name":"Culturbaine.com","description":"Toute l&#039;actualit\u00e9 des Cultures Urbaines, en un clic  !","publisher":{"@id":"https:\/\/culturbaine.com\/#organization"},"potentialAction":[{"@type":"SearchAction","target":{"@type":"EntryPoint","urlTemplate":"https:\/\/culturbaine.com\/?s={search_term_string}"},"query-input":{"@type":"PropertyValueSpecification","valueRequired":true,"valueName":"search_term_string"}}],"inLanguage":"fr-FR"},{"@type":"Organization","@id":"https:\/\/culturbaine.com\/#organization","name":"Culturbaine.com","url":"https:\/\/culturbaine.com\/","logo":{"@type":"ImageObject","inLanguage":"fr-FR","@id":"https:\/\/culturbaine.com\/#\/schema\/logo\/image\/","url":"https:\/\/culturbaine.com\/wp-content\/uploads\/2023\/07\/WhatsApp-Image-2023-07-17-at-14.38.18.jpeg","contentUrl":"https:\/\/culturbaine.com\/wp-content\/uploads\/2023\/07\/WhatsApp-Image-2023-07-17-at-14.38.18.jpeg","width":855,"height":270,"caption":"Culturbaine.com"},"image":{"@id":"https:\/\/culturbaine.com\/#\/schema\/logo\/image\/"},"sameAs":["https:\/\/www.facebook.com\/Culturbaines","https:\/\/x.com\/culturbaines"]},{"@type":"Person","@id":"https:\/\/culturbaine.com\/#\/schema\/person\/42eb7485c572e0746c1ea6b8216c3814","name":"admin1","image":{"@type":"ImageObject","inLanguage":"fr-FR","@id":"https:\/\/culturbaine.com\/#\/schema\/person\/image\/","url":"https:\/\/secure.gravatar.com\/avatar\/c268f4d483ce0486e5a10fee87bbf756?s=96&d=mm&r=g","contentUrl":"https:\/\/secure.gravatar.com\/avatar\/c268f4d483ce0486e5a10fee87bbf756?s=96&d=mm&r=g","caption":"admin1"},"url":"https:\/\/culturbaine.com\/index.php\/author\/admin1\/"}]}},"_links":{"self":[{"href":"https:\/\/culturbaine.com\/index.php\/wp-json\/wp\/v2\/posts\/2760"}],"collection":[{"href":"https:\/\/culturbaine.com\/index.php\/wp-json\/wp\/v2\/posts"}],"about":[{"href":"https:\/\/culturbaine.com\/index.php\/wp-json\/wp\/v2\/types\/post"}],"author":[{"embeddable":true,"href":"https:\/\/culturbaine.com\/index.php\/wp-json\/wp\/v2\/users\/2"}],"replies":[{"embeddable":true,"href":"https:\/\/culturbaine.com\/index.php\/wp-json\/wp\/v2\/comments?post=2760"}],"version-history":[{"count":0,"href":"https:\/\/culturbaine.com\/index.php\/wp-json\/wp\/v2\/posts\/2760\/revisions"}],"wp:featuredmedia":[{"embeddable":true,"href":"https:\/\/culturbaine.com\/index.php\/wp-json\/wp\/v2\/media\/2762"}],"wp:attachment":[{"href":"https:\/\/culturbaine.com\/index.php\/wp-json\/wp\/v2\/media?parent=2760"}],"wp:term":[{"taxonomy":"category","embeddable":true,"href":"https:\/\/culturbaine.com\/index.php\/wp-json\/wp\/v2\/categories?post=2760"},{"taxonomy":"post_tag","embeddable":true,"href":"https:\/\/culturbaine.com\/index.php\/wp-json\/wp\/v2\/tags?post=2760"}],"curies":[{"name":"wp","href":"https:\/\/api.w.org\/{rel}","templated":true}]}}