{"id":266,"date":"2023-07-23T16:53:27","date_gmt":"2023-07-23T16:53:27","guid":{"rendered":"https:\/\/culturbaine.com\/?p=266"},"modified":"2023-07-23T16:55:59","modified_gmt":"2023-07-23T16:55:59","slug":"black-m-invite-le-melangeur-sur-son-prochain-album","status":"publish","type":"post","link":"https:\/\/culturbaine.com\/index.php\/2023\/07\/23\/black-m-invite-le-melangeur-sur-son-prochain-album\/","title":{"rendered":"Black M invite Le M\u00e9langeur sur son prochain album !"},"content":{"rendered":"<p>La carri\u00e8re du jeune rappeur guin\u00e9en <b>Le M\u00e9langeur<\/b> ne cesse de d\u00e9coller comme une fus\u00e9e. En sous peu de temps, il s&rsquo;est d\u00e9sormais fait une place de choix dans le game guin\u00e9en \u00e0 travers la Drill. Apr\u00e8s sa participation \u00e0 l&rsquo;album <b>Evolution 2 <\/b>de <b>Soul Bang&rsquo;s<\/b> sur le titre <b>Khoui<\/b>, il vient d&rsquo;\u00eatre appel\u00e9 sur un autre projet et non le moindre. Devinez lequel, <b>La l\u00e9gende Black<\/b>, celui du rappeur fran\u00e7ais d&rsquo;origine guin\u00e9enne <b>Black M<\/b>.<\/p>\n<p><span style=\"font-weight: 400;\">Cette importante annonce a \u00e9t\u00e9 faite par l&rsquo;artiste via la storie de son compte Facebook cet apr\u00e8s-midi.<\/span><\/p>\n<p>\u00c0 travers cette autre invitation, le rappeur guin\u00e9en en vogue s&rsquo;offrira une visibilit\u00e9 sur l&rsquo;\u00e9chiquier international. C<span>i-dessous la capture d&rsquo;\u00e9cran de la dite conversation avec le soci\u00e9taire du groupe de rap fran\u00e7ais <\/span><b>Sexion d&rsquo;assaut<\/b><\/p>\n<p><img loading=\"lazy\" decoding=\"async\" class=\"alignnone size-medium wp-image-268\" src=\"http:\/\/culturbaine.com\/wp-content\/uploads\/2023\/07\/received_1756417664828101-139x300.jpeg\" alt=\"\" width=\"139\" height=\"300\" srcset=\"https:\/\/culturbaine.com\/wp-content\/uploads\/2023\/07\/received_1756417664828101-139x300.jpeg 139w, https:\/\/culturbaine.com\/wp-content\/uploads\/2023\/07\/received_1756417664828101-473x1024.jpeg 473w, https:\/\/culturbaine.com\/wp-content\/uploads\/2023\/07\/received_1756417664828101-768x1662.jpeg 768w, https:\/\/culturbaine.com\/wp-content\/uploads\/2023\/07\/received_1756417664828101-710x1536.jpeg 710w, https:\/\/culturbaine.com\/wp-content\/uploads\/2023\/07\/received_1756417664828101.jpeg 828w\" sizes=\"(max-width: 139px) 100vw, 139px\" \/><\/p>\n<p><b>MohamedCinq Sylla<\/b><\/p>\n","protected":false},"excerpt":{"rendered":"<p>La carri\u00e8re du jeune rappeur guin\u00e9en Le M\u00e9langeur ne cesse de d\u00e9coller comme une fus\u00e9e. En sous peu de temps, il s&rsquo;est d\u00e9sormais fait une place de choix dans le game guin\u00e9en \u00e0 travers la Drill. Apr\u00e8s sa participation \u00e0 l&rsquo;album Evolution 2 de Soul Bang&rsquo;s sur le titre Khoui, il vient d&rsquo;\u00eatre appel\u00e9 sur [&hellip;]<\/p>\n","protected":false},"author":2,"featured_media":269,"comment_status":"open","ping_status":"open","sticky":false,"template":"","format":"standard","meta":{"_mi_skip_tracking":false,"_monsterinsights_sitenote_active":false,"_monsterinsights_sitenote_note":"","_monsterinsights_sitenote_category":0,"footnotes":""},"categories":[21],"tags":[82,79,81,83,80,52,71],"class_list":["post-266","post","type-post","status-publish","format-standard","has-post-thumbnail","hentry","category-actualite","tag-album","tag-black-m","tag-feat-en-cours","tag-la-legende-black","tag-le-melangeur","tag-rap-francais","tag-rap-guineen"],"yoast_head":"<!-- This site is optimized with the Yoast SEO Premium plugin v20.1 (Yoast SEO v24.0) - https:\/\/yoast.com\/wordpress\/plugins\/seo\/ -->\n<title>Black M invite Le M\u00e9langeur sur son prochain album ! - Culturbaine<\/title>\n<meta name=\"robots\" content=\"index, follow, max-snippet:-1, max-image-preview:large, max-video-preview:-1\" \/>\n<link rel=\"canonical\" href=\"http:\/\/culturbaine.com\/index.php\/2023\/07\/23\/black-m-invite-le-melangeur-sur-son-prochain-album\/\" \/>\n<meta property=\"og:locale\" content=\"fr_FR\" \/>\n<meta property=\"og:type\" content=\"article\" \/>\n<meta property=\"og:title\" content=\"Black M invite Le M\u00e9langeur sur son prochain album !\" \/>\n<meta property=\"og:description\" content=\"La carri\u00e8re du jeune rappeur guin\u00e9en Le M\u00e9langeur ne cesse de d\u00e9coller comme une fus\u00e9e. En sous peu de temps, il s&rsquo;est d\u00e9sormais fait une place de choix dans le game guin\u00e9en \u00e0 travers la Drill. Apr\u00e8s sa participation \u00e0 l&rsquo;album Evolution 2 de Soul Bang&rsquo;s sur le titre Khoui, il vient d&rsquo;\u00eatre appel\u00e9 sur [&hellip;]\" \/>\n<meta property=\"og:url\" content=\"http:\/\/culturbaine.com\/index.php\/2023\/07\/23\/black-m-invite-le-melangeur-sur-son-prochain-album\/\" \/>\n<meta property=\"og:site_name\" content=\"Culturbaine\" \/>\n<meta property=\"article:publisher\" content=\"https:\/\/www.facebook.com\/Culturbaines\" \/>\n<meta property=\"article:published_time\" content=\"2023-07-23T16:53:27+00:00\" \/>\n<meta property=\"article:modified_time\" content=\"2023-07-23T16:55:59+00:00\" \/>\n<meta property=\"og:image\" content=\"http:\/\/culturbaine.com\/wp-content\/uploads\/2023\/07\/PhotoCollage_1690129936767.png\" \/>\n\t<meta property=\"og:image:width\" content=\"1080\" \/>\n\t<meta property=\"og:image:height\" content=\"607\" \/>\n\t<meta property=\"og:image:type\" content=\"image\/png\" \/>\n<meta name=\"author\" content=\"admin1\" \/>\n<meta name=\"twitter:card\" content=\"summary_large_image\" \/>\n<meta name=\"twitter:creator\" content=\"@culturbaines\" \/>\n<meta name=\"twitter:site\" content=\"@culturbaines\" \/>\n<meta name=\"twitter:label1\" content=\"\u00c9crit par\" \/>\n\t<meta name=\"twitter:data1\" content=\"admin1\" \/>\n\t<meta name=\"twitter:label2\" content=\"Dur\u00e9e de lecture estim\u00e9e\" \/>\n\t<meta name=\"twitter:data2\" content=\"1 minute\" \/>\n<script type=\"application\/ld+json\" class=\"yoast-schema-graph\">{\"@context\":\"https:\/\/schema.org\",\"@graph\":[{\"@type\":\"Article\",\"@id\":\"http:\/\/culturbaine.com\/index.php\/2023\/07\/23\/black-m-invite-le-melangeur-sur-son-prochain-album\/#article\",\"isPartOf\":{\"@id\":\"http:\/\/culturbaine.com\/index.php\/2023\/07\/23\/black-m-invite-le-melangeur-sur-son-prochain-album\/\"},\"author\":{\"name\":\"admin1\",\"@id\":\"https:\/\/culturbaine.com\/#\/schema\/person\/42eb7485c572e0746c1ea6b8216c3814\"},\"headline\":\"Black M invite Le M\u00e9langeur sur son prochain album !\",\"datePublished\":\"2023-07-23T16:53:27+00:00\",\"dateModified\":\"2023-07-23T16:55:59+00:00\",\"mainEntityOfPage\":{\"@id\":\"http:\/\/culturbaine.com\/index.php\/2023\/07\/23\/black-m-invite-le-melangeur-sur-son-prochain-album\/\"},\"wordCount\":159,\"commentCount\":0,\"publisher\":{\"@id\":\"https:\/\/culturbaine.com\/#organization\"},\"image\":{\"@id\":\"http:\/\/culturbaine.com\/index.php\/2023\/07\/23\/black-m-invite-le-melangeur-sur-son-prochain-album\/#primaryimage\"},\"thumbnailUrl\":\"https:\/\/culturbaine.com\/wp-content\/uploads\/2023\/07\/PhotoCollage_1690129936767.png\",\"keywords\":[\"album\",\"Black M\",\"Feat en cours\",\"la l\u00e9gende Black\",\"Le M\u00e9langeur\",\"rap fran\u00e7ais\",\"rap guin\u00e9en\"],\"articleSection\":[\"Actualit\u00e9\"],\"inLanguage\":\"fr-FR\"},{\"@type\":\"WebPage\",\"@id\":\"http:\/\/culturbaine.com\/index.php\/2023\/07\/23\/black-m-invite-le-melangeur-sur-son-prochain-album\/\",\"url\":\"http:\/\/culturbaine.com\/index.php\/2023\/07\/23\/black-m-invite-le-melangeur-sur-son-prochain-album\/\",\"name\":\"Black M invite Le M\u00e9langeur sur son prochain album ! - Culturbaine\",\"isPartOf\":{\"@id\":\"https:\/\/culturbaine.com\/#website\"},\"primaryImageOfPage\":{\"@id\":\"http:\/\/culturbaine.com\/index.php\/2023\/07\/23\/black-m-invite-le-melangeur-sur-son-prochain-album\/#primaryimage\"},\"image\":{\"@id\":\"http:\/\/culturbaine.com\/index.php\/2023\/07\/23\/black-m-invite-le-melangeur-sur-son-prochain-album\/#primaryimage\"},\"thumbnailUrl\":\"https:\/\/culturbaine.com\/wp-content\/uploads\/2023\/07\/PhotoCollage_1690129936767.png\",\"datePublished\":\"2023-07-23T16:53:27+00:00\",\"dateModified\":\"2023-07-23T16:55:59+00:00\",\"breadcrumb\":{\"@id\":\"http:\/\/culturbaine.com\/index.php\/2023\/07\/23\/black-m-invite-le-melangeur-sur-son-prochain-album\/#breadcrumb\"},\"inLanguage\":\"fr-FR\",\"potentialAction\":[{\"@type\":\"ReadAction\",\"target\":[\"http:\/\/culturbaine.com\/index.php\/2023\/07\/23\/black-m-invite-le-melangeur-sur-son-prochain-album\/\"]}]},{\"@type\":\"ImageObject\",\"inLanguage\":\"fr-FR\",\"@id\":\"http:\/\/culturbaine.com\/index.php\/2023\/07\/23\/black-m-invite-le-melangeur-sur-son-prochain-album\/#primaryimage\",\"url\":\"https:\/\/culturbaine.com\/wp-content\/uploads\/2023\/07\/PhotoCollage_1690129936767.png\",\"contentUrl\":\"https:\/\/culturbaine.com\/wp-content\/uploads\/2023\/07\/PhotoCollage_1690129936767.png\",\"width\":1080,\"height\":607},{\"@type\":\"BreadcrumbList\",\"@id\":\"http:\/\/culturbaine.com\/index.php\/2023\/07\/23\/black-m-invite-le-melangeur-sur-son-prochain-album\/#breadcrumb\",\"itemListElement\":[{\"@type\":\"ListItem\",\"position\":1,\"name\":\"Home\",\"item\":\"https:\/\/culturbaine.com\/\"},{\"@type\":\"ListItem\",\"position\":2,\"name\":\"Black M invite Le M\u00e9langeur sur son prochain album !\"}]},{\"@type\":\"WebSite\",\"@id\":\"https:\/\/culturbaine.com\/#website\",\"url\":\"https:\/\/culturbaine.com\/\",\"name\":\"Culturbaine.com\",\"description\":\"Toute l&#039;actualit\u00e9 des Cultures Urbaines, en un clic  !\",\"publisher\":{\"@id\":\"https:\/\/culturbaine.com\/#organization\"},\"potentialAction\":[{\"@type\":\"SearchAction\",\"target\":{\"@type\":\"EntryPoint\",\"urlTemplate\":\"https:\/\/culturbaine.com\/?s={search_term_string}\"},\"query-input\":{\"@type\":\"PropertyValueSpecification\",\"valueRequired\":true,\"valueName\":\"search_term_string\"}}],\"inLanguage\":\"fr-FR\"},{\"@type\":\"Organization\",\"@id\":\"https:\/\/culturbaine.com\/#organization\",\"name\":\"Culturbaine.com\",\"url\":\"https:\/\/culturbaine.com\/\",\"logo\":{\"@type\":\"ImageObject\",\"inLanguage\":\"fr-FR\",\"@id\":\"https:\/\/culturbaine.com\/#\/schema\/logo\/image\/\",\"url\":\"https:\/\/culturbaine.com\/wp-content\/uploads\/2023\/07\/WhatsApp-Image-2023-07-17-at-14.38.18.jpeg\",\"contentUrl\":\"https:\/\/culturbaine.com\/wp-content\/uploads\/2023\/07\/WhatsApp-Image-2023-07-17-at-14.38.18.jpeg\",\"width\":855,\"height\":270,\"caption\":\"Culturbaine.com\"},\"image\":{\"@id\":\"https:\/\/culturbaine.com\/#\/schema\/logo\/image\/\"},\"sameAs\":[\"https:\/\/www.facebook.com\/Culturbaines\",\"https:\/\/x.com\/culturbaines\"]},{\"@type\":\"Person\",\"@id\":\"https:\/\/culturbaine.com\/#\/schema\/person\/42eb7485c572e0746c1ea6b8216c3814\",\"name\":\"admin1\",\"image\":{\"@type\":\"ImageObject\",\"inLanguage\":\"fr-FR\",\"@id\":\"https:\/\/culturbaine.com\/#\/schema\/person\/image\/\",\"url\":\"https:\/\/secure.gravatar.com\/avatar\/c268f4d483ce0486e5a10fee87bbf756?s=96&d=mm&r=g\",\"contentUrl\":\"https:\/\/secure.gravatar.com\/avatar\/c268f4d483ce0486e5a10fee87bbf756?s=96&d=mm&r=g\",\"caption\":\"admin1\"},\"url\":\"https:\/\/culturbaine.com\/index.php\/author\/admin1\/\"}]}<\/script>\n<!-- \/ Yoast SEO Premium plugin. -->","yoast_head_json":{"title":"Black M invite Le M\u00e9langeur sur son prochain album ! - Culturbaine","robots":{"index":"index","follow":"follow","max-snippet":"max-snippet:-1","max-image-preview":"max-image-preview:large","max-video-preview":"max-video-preview:-1"},"canonical":"http:\/\/culturbaine.com\/index.php\/2023\/07\/23\/black-m-invite-le-melangeur-sur-son-prochain-album\/","og_locale":"fr_FR","og_type":"article","og_title":"Black M invite Le M\u00e9langeur sur son prochain album !","og_description":"La carri\u00e8re du jeune rappeur guin\u00e9en Le M\u00e9langeur ne cesse de d\u00e9coller comme une fus\u00e9e. En sous peu de temps, il s&rsquo;est d\u00e9sormais fait une place de choix dans le game guin\u00e9en \u00e0 travers la Drill. Apr\u00e8s sa participation \u00e0 l&rsquo;album Evolution 2 de Soul Bang&rsquo;s sur le titre Khoui, il vient d&rsquo;\u00eatre appel\u00e9 sur [&hellip;]","og_url":"http:\/\/culturbaine.com\/index.php\/2023\/07\/23\/black-m-invite-le-melangeur-sur-son-prochain-album\/","og_site_name":"Culturbaine","article_publisher":"https:\/\/www.facebook.com\/Culturbaines","article_published_time":"2023-07-23T16:53:27+00:00","article_modified_time":"2023-07-23T16:55:59+00:00","og_image":[{"width":1080,"height":607,"url":"http:\/\/culturbaine.com\/wp-content\/uploads\/2023\/07\/PhotoCollage_1690129936767.png","type":"image\/png"}],"author":"admin1","twitter_card":"summary_large_image","twitter_creator":"@culturbaines","twitter_site":"@culturbaines","twitter_misc":{"\u00c9crit par":"admin1","Dur\u00e9e de lecture estim\u00e9e":"1 minute"},"schema":{"@context":"https:\/\/schema.org","@graph":[{"@type":"Article","@id":"http:\/\/culturbaine.com\/index.php\/2023\/07\/23\/black-m-invite-le-melangeur-sur-son-prochain-album\/#article","isPartOf":{"@id":"http:\/\/culturbaine.com\/index.php\/2023\/07\/23\/black-m-invite-le-melangeur-sur-son-prochain-album\/"},"author":{"name":"admin1","@id":"https:\/\/culturbaine.com\/#\/schema\/person\/42eb7485c572e0746c1ea6b8216c3814"},"headline":"Black M invite Le M\u00e9langeur sur son prochain album !","datePublished":"2023-07-23T16:53:27+00:00","dateModified":"2023-07-23T16:55:59+00:00","mainEntityOfPage":{"@id":"http:\/\/culturbaine.com\/index.php\/2023\/07\/23\/black-m-invite-le-melangeur-sur-son-prochain-album\/"},"wordCount":159,"commentCount":0,"publisher":{"@id":"https:\/\/culturbaine.com\/#organization"},"image":{"@id":"http:\/\/culturbaine.com\/index.php\/2023\/07\/23\/black-m-invite-le-melangeur-sur-son-prochain-album\/#primaryimage"},"thumbnailUrl":"https:\/\/culturbaine.com\/wp-content\/uploads\/2023\/07\/PhotoCollage_1690129936767.png","keywords":["album","Black M","Feat en cours","la l\u00e9gende Black","Le M\u00e9langeur","rap fran\u00e7ais","rap guin\u00e9en"],"articleSection":["Actualit\u00e9"],"inLanguage":"fr-FR"},{"@type":"WebPage","@id":"http:\/\/culturbaine.com\/index.php\/2023\/07\/23\/black-m-invite-le-melangeur-sur-son-prochain-album\/","url":"http:\/\/culturbaine.com\/index.php\/2023\/07\/23\/black-m-invite-le-melangeur-sur-son-prochain-album\/","name":"Black M invite Le M\u00e9langeur sur son prochain album ! - Culturbaine","isPartOf":{"@id":"https:\/\/culturbaine.com\/#website"},"primaryImageOfPage":{"@id":"http:\/\/culturbaine.com\/index.php\/2023\/07\/23\/black-m-invite-le-melangeur-sur-son-prochain-album\/#primaryimage"},"image":{"@id":"http:\/\/culturbaine.com\/index.php\/2023\/07\/23\/black-m-invite-le-melangeur-sur-son-prochain-album\/#primaryimage"},"thumbnailUrl":"https:\/\/culturbaine.com\/wp-content\/uploads\/2023\/07\/PhotoCollage_1690129936767.png","datePublished":"2023-07-23T16:53:27+00:00","dateModified":"2023-07-23T16:55:59+00:00","breadcrumb":{"@id":"http:\/\/culturbaine.com\/index.php\/2023\/07\/23\/black-m-invite-le-melangeur-sur-son-prochain-album\/#breadcrumb"},"inLanguage":"fr-FR","potentialAction":[{"@type":"ReadAction","target":["http:\/\/culturbaine.com\/index.php\/2023\/07\/23\/black-m-invite-le-melangeur-sur-son-prochain-album\/"]}]},{"@type":"ImageObject","inLanguage":"fr-FR","@id":"http:\/\/culturbaine.com\/index.php\/2023\/07\/23\/black-m-invite-le-melangeur-sur-son-prochain-album\/#primaryimage","url":"https:\/\/culturbaine.com\/wp-content\/uploads\/2023\/07\/PhotoCollage_1690129936767.png","contentUrl":"https:\/\/culturbaine.com\/wp-content\/uploads\/2023\/07\/PhotoCollage_1690129936767.png","width":1080,"height":607},{"@type":"BreadcrumbList","@id":"http:\/\/culturbaine.com\/index.php\/2023\/07\/23\/black-m-invite-le-melangeur-sur-son-prochain-album\/#breadcrumb","itemListElement":[{"@type":"ListItem","position":1,"name":"Home","item":"https:\/\/culturbaine.com\/"},{"@type":"ListItem","position":2,"name":"Black M invite Le M\u00e9langeur sur son prochain album !"}]},{"@type":"WebSite","@id":"https:\/\/culturbaine.com\/#website","url":"https:\/\/culturbaine.com\/","name":"Culturbaine.com","description":"Toute l&#039;actualit\u00e9 des Cultures Urbaines, en un clic  !","publisher":{"@id":"https:\/\/culturbaine.com\/#organization"},"potentialAction":[{"@type":"SearchAction","target":{"@type":"EntryPoint","urlTemplate":"https:\/\/culturbaine.com\/?s={search_term_string}"},"query-input":{"@type":"PropertyValueSpecification","valueRequired":true,"valueName":"search_term_string"}}],"inLanguage":"fr-FR"},{"@type":"Organization","@id":"https:\/\/culturbaine.com\/#organization","name":"Culturbaine.com","url":"https:\/\/culturbaine.com\/","logo":{"@type":"ImageObject","inLanguage":"fr-FR","@id":"https:\/\/culturbaine.com\/#\/schema\/logo\/image\/","url":"https:\/\/culturbaine.com\/wp-content\/uploads\/2023\/07\/WhatsApp-Image-2023-07-17-at-14.38.18.jpeg","contentUrl":"https:\/\/culturbaine.com\/wp-content\/uploads\/2023\/07\/WhatsApp-Image-2023-07-17-at-14.38.18.jpeg","width":855,"height":270,"caption":"Culturbaine.com"},"image":{"@id":"https:\/\/culturbaine.com\/#\/schema\/logo\/image\/"},"sameAs":["https:\/\/www.facebook.com\/Culturbaines","https:\/\/x.com\/culturbaines"]},{"@type":"Person","@id":"https:\/\/culturbaine.com\/#\/schema\/person\/42eb7485c572e0746c1ea6b8216c3814","name":"admin1","image":{"@type":"ImageObject","inLanguage":"fr-FR","@id":"https:\/\/culturbaine.com\/#\/schema\/person\/image\/","url":"https:\/\/secure.gravatar.com\/avatar\/c268f4d483ce0486e5a10fee87bbf756?s=96&d=mm&r=g","contentUrl":"https:\/\/secure.gravatar.com\/avatar\/c268f4d483ce0486e5a10fee87bbf756?s=96&d=mm&r=g","caption":"admin1"},"url":"https:\/\/culturbaine.com\/index.php\/author\/admin1\/"}]}},"_links":{"self":[{"href":"https:\/\/culturbaine.com\/index.php\/wp-json\/wp\/v2\/posts\/266"}],"collection":[{"href":"https:\/\/culturbaine.com\/index.php\/wp-json\/wp\/v2\/posts"}],"about":[{"href":"https:\/\/culturbaine.com\/index.php\/wp-json\/wp\/v2\/types\/post"}],"author":[{"embeddable":true,"href":"https:\/\/culturbaine.com\/index.php\/wp-json\/wp\/v2\/users\/2"}],"replies":[{"embeddable":true,"href":"https:\/\/culturbaine.com\/index.php\/wp-json\/wp\/v2\/comments?post=266"}],"version-history":[{"count":0,"href":"https:\/\/culturbaine.com\/index.php\/wp-json\/wp\/v2\/posts\/266\/revisions"}],"wp:featuredmedia":[{"embeddable":true,"href":"https:\/\/culturbaine.com\/index.php\/wp-json\/wp\/v2\/media\/269"}],"wp:attachment":[{"href":"https:\/\/culturbaine.com\/index.php\/wp-json\/wp\/v2\/media?parent=266"}],"wp:term":[{"taxonomy":"category","embeddable":true,"href":"https:\/\/culturbaine.com\/index.php\/wp-json\/wp\/v2\/categories?post=266"},{"taxonomy":"post_tag","embeddable":true,"href":"https:\/\/culturbaine.com\/index.php\/wp-json\/wp\/v2\/tags?post=266"}],"curies":[{"name":"wp","href":"https:\/\/api.w.org\/{rel}","templated":true}]}}