{"id":2602,"date":"2023-11-26T11:15:41","date_gmt":"2023-11-26T11:15:41","guid":{"rendered":"http:\/\/culturbaine.com\/?p=2602"},"modified":"2023-11-26T14:09:37","modified_gmt":"2023-11-26T14:09:37","slug":"kiff-no-beat-etait-au-grand-complet-au-concert-de-didi-b-a-abidjan","status":"publish","type":"post","link":"https:\/\/culturbaine.com\/index.php\/2023\/11\/26\/kiff-no-beat-etait-au-grand-complet-au-concert-de-didi-b-a-abidjan\/","title":{"rendered":"Kiff No Beat \u00e9tait au grand complet au concert de Didi B \u00e0 Abidjan"},"content":{"rendered":"<p>Hier Samedi 25 novembre, le laur\u00e9at du <b>Primud d&rsquo;or 2023<\/b>, <b>Didi B,<\/b> a \u00e9lectris\u00e9 le Parc des expositions d&rsquo;Abidjan lors de son concert m\u00e9morable. L&rsquo;\u00e9v\u00e9nement a atteint son apog\u00e9e avec la r\u00e9union exceptionnelle du groupe embl\u00e9matique <b>Kiff No Beat<\/b>, r\u00e9unissant <b>Did B,<\/b> <b>Joochar, Eljay, Elown&rsquo;n<\/b> et <b>Black K<\/b> sur une m\u00eame sc\u00e8ne apr\u00e8s plusieurs ann\u00e9es d&rsquo;absence collective.<\/p>\n<p><span style=\"font-weight: 400;\">Devant une salle sur le point d&rsquo;\u00e9clater, l&rsquo;unit\u00e9 retrouv\u00e9e des <\/span><b>\u00ab\u00a05 loups<\/b><span style=\"font-weight: 400;\">\u00a0\u00bb a captiv\u00e9 des milliers de fans venus de toute la C\u00f4te d&rsquo;Ivoire. Cette performance historique a soulign\u00e9 l&rsquo;attachement du public ivoirien envers le groupe, qui a marqu\u00e9 de son empreinte la sc\u00e8ne du rap ivoirien.<\/span><\/p>\n<p><span style=\"font-weight: 400;\">Au cours de leur prestation \u00e9poustouflante, <\/span><b>Kiff No Beat<\/b><span style=\"font-weight: 400;\"> a replong\u00e9 le public dans la nostalgie en reprenant en ch\u0153ur plusieurs de leurs classiques devenus des hymnes incontournables du genre. Cette r\u00e9union exceptionnelle a suscit\u00e9 de nombreuses interrogations quant au futur du groupe, laissant les fans impatients de conna\u00eetre la date tant attendue de leur retour complet.<\/span><\/p>\n<p><span style=\"font-weight: 400;\">Reste \u00e0 savoir quand le groupe mythique r\u00e9it\u00e9rera l&rsquo;exploit, laissant planer une question excitante dans l&rsquo;air : \u00e0 quand le retour tant esp\u00e9r\u00e9 de <\/span><b>Kiff No Beat<\/b><span style=\"font-weight: 400;\"> ?<\/span><\/p>\n<p><iframe loading=\"lazy\" title=\"DIDI B ET KIFF NO BEAT LIVE AU PAR DES EXPOSITIONS #kiffnobeat #didib\" width=\"1170\" height=\"658\" src=\"https:\/\/www.youtube.com\/embed\/US3KMwVwI1c?wmode=transparent&amp;rel=0&amp;feature=oembed\" frameborder=\"0\" allow=\"accelerometer; autoplay; clipboard-write; encrypted-media; gyroscope; picture-in-picture; web-share\" allowfullscreen><\/iframe><\/p>\n<p><b>Mohamed Cinq Sylla\u00a0<\/b><\/p>\n","protected":false},"excerpt":{"rendered":"<p>Hier Samedi 25 novembre, le laur\u00e9at du Primud d&rsquo;or 2023, Didi B, a \u00e9lectris\u00e9 le Parc des expositions d&rsquo;Abidjan lors de son concert m\u00e9morable. L&rsquo;\u00e9v\u00e9nement a atteint son apog\u00e9e avec la r\u00e9union exceptionnelle du groupe embl\u00e9matique Kiff No Beat, r\u00e9unissant Did B, Joochar, Eljay, Elown&rsquo;n et Black K sur une m\u00eame sc\u00e8ne apr\u00e8s plusieurs ann\u00e9es [&hellip;]<\/p>\n","protected":false},"author":2,"featured_media":2618,"comment_status":"closed","ping_status":"closed","sticky":false,"template":"","format":"standard","meta":{"_mi_skip_tracking":false,"_monsterinsights_sitenote_active":false,"_monsterinsights_sitenote_note":"","_monsterinsights_sitenote_category":0,"footnotes":""},"categories":[21,512],"tags":[381,1106,343,84,88,1107],"class_list":["post-2602","post","type-post","status-publish","format-standard","has-post-thumbnail","hentry","category-actualite","category-rap","tag-381","tag-complet","tag-concert","tag-didi-b","tag-kiff-no-beat","tag-parc-des-expositions-dabidjan"],"yoast_head":"<!-- This site is optimized with the Yoast SEO Premium plugin v20.1 (Yoast SEO v24.0) - https:\/\/yoast.com\/wordpress\/plugins\/seo\/ -->\n<title>Kiff No Beat \u00e9tait au grand complet au concert de Didi B \u00e0 Abidjan - Culturbaine<\/title>\n<meta name=\"robots\" content=\"index, follow, max-snippet:-1, max-image-preview:large, max-video-preview:-1\" \/>\n<link rel=\"canonical\" href=\"http:\/\/culturbaine.com\/index.php\/2023\/11\/26\/kiff-no-beat-etait-au-grand-complet-au-concert-de-didi-b-a-abidjan\/\" \/>\n<meta property=\"og:locale\" content=\"fr_FR\" \/>\n<meta property=\"og:type\" content=\"article\" \/>\n<meta property=\"og:title\" content=\"Kiff No Beat \u00e9tait au grand complet au concert de Didi B \u00e0 Abidjan\" \/>\n<meta property=\"og:description\" content=\"Hier Samedi 25 novembre, le laur\u00e9at du Primud d&rsquo;or 2023, Didi B, a \u00e9lectris\u00e9 le Parc des expositions d&rsquo;Abidjan lors de son concert m\u00e9morable. L&rsquo;\u00e9v\u00e9nement a atteint son apog\u00e9e avec la r\u00e9union exceptionnelle du groupe embl\u00e9matique Kiff No Beat, r\u00e9unissant Did B, Joochar, Eljay, Elown&rsquo;n et Black K sur une m\u00eame sc\u00e8ne apr\u00e8s plusieurs ann\u00e9es [&hellip;]\" \/>\n<meta property=\"og:url\" content=\"http:\/\/culturbaine.com\/index.php\/2023\/11\/26\/kiff-no-beat-etait-au-grand-complet-au-concert-de-didi-b-a-abidjan\/\" \/>\n<meta property=\"og:site_name\" content=\"Culturbaine\" \/>\n<meta property=\"article:publisher\" content=\"https:\/\/www.facebook.com\/Culturbaines\" \/>\n<meta property=\"article:published_time\" content=\"2023-11-26T11:15:41+00:00\" \/>\n<meta property=\"article:modified_time\" content=\"2023-11-26T14:09:37+00:00\" \/>\n<meta property=\"og:image\" content=\"http:\/\/culturbaine.com\/wp-content\/uploads\/2023\/11\/17010075202202.jpg\" \/>\n\t<meta property=\"og:image:width\" content=\"720\" \/>\n\t<meta property=\"og:image:height\" content=\"457\" \/>\n\t<meta property=\"og:image:type\" content=\"image\/jpeg\" \/>\n<meta name=\"author\" content=\"admin1\" \/>\n<meta name=\"twitter:card\" content=\"summary_large_image\" \/>\n<meta name=\"twitter:creator\" content=\"@culturbaines\" \/>\n<meta name=\"twitter:site\" content=\"@culturbaines\" \/>\n<meta name=\"twitter:label1\" content=\"\u00c9crit par\" \/>\n\t<meta name=\"twitter:data1\" content=\"admin1\" \/>\n\t<meta name=\"twitter:label2\" content=\"Dur\u00e9e de lecture estim\u00e9e\" \/>\n\t<meta name=\"twitter:data2\" content=\"1 minute\" \/>\n<script type=\"application\/ld+json\" class=\"yoast-schema-graph\">{\"@context\":\"https:\/\/schema.org\",\"@graph\":[{\"@type\":\"Article\",\"@id\":\"http:\/\/culturbaine.com\/index.php\/2023\/11\/26\/kiff-no-beat-etait-au-grand-complet-au-concert-de-didi-b-a-abidjan\/#article\",\"isPartOf\":{\"@id\":\"http:\/\/culturbaine.com\/index.php\/2023\/11\/26\/kiff-no-beat-etait-au-grand-complet-au-concert-de-didi-b-a-abidjan\/\"},\"author\":{\"name\":\"admin1\",\"@id\":\"https:\/\/culturbaine.com\/#\/schema\/person\/42eb7485c572e0746c1ea6b8216c3814\"},\"headline\":\"Kiff No Beat \u00e9tait au grand complet au concert de Didi B \u00e0 Abidjan\",\"datePublished\":\"2023-11-26T11:15:41+00:00\",\"dateModified\":\"2023-11-26T14:09:37+00:00\",\"mainEntityOfPage\":{\"@id\":\"http:\/\/culturbaine.com\/index.php\/2023\/11\/26\/kiff-no-beat-etait-au-grand-complet-au-concert-de-didi-b-a-abidjan\/\"},\"wordCount\":240,\"publisher\":{\"@id\":\"https:\/\/culturbaine.com\/#organization\"},\"image\":{\"@id\":\"http:\/\/culturbaine.com\/index.php\/2023\/11\/26\/kiff-no-beat-etait-au-grand-complet-au-concert-de-didi-b-a-abidjan\/#primaryimage\"},\"thumbnailUrl\":\"https:\/\/culturbaine.com\/wp-content\/uploads\/2023\/11\/17010075202202.jpg\",\"keywords\":[\"2023\",\"complet\",\"Concert\",\"Didi B\",\"Kiff No beat\",\"Parc des expositions d'Abidjan\"],\"articleSection\":[\"Actualit\u00e9\",\"Rap\"],\"inLanguage\":\"fr-FR\"},{\"@type\":\"WebPage\",\"@id\":\"http:\/\/culturbaine.com\/index.php\/2023\/11\/26\/kiff-no-beat-etait-au-grand-complet-au-concert-de-didi-b-a-abidjan\/\",\"url\":\"http:\/\/culturbaine.com\/index.php\/2023\/11\/26\/kiff-no-beat-etait-au-grand-complet-au-concert-de-didi-b-a-abidjan\/\",\"name\":\"Kiff No Beat \u00e9tait au grand complet au concert de Didi B \u00e0 Abidjan - Culturbaine\",\"isPartOf\":{\"@id\":\"https:\/\/culturbaine.com\/#website\"},\"primaryImageOfPage\":{\"@id\":\"http:\/\/culturbaine.com\/index.php\/2023\/11\/26\/kiff-no-beat-etait-au-grand-complet-au-concert-de-didi-b-a-abidjan\/#primaryimage\"},\"image\":{\"@id\":\"http:\/\/culturbaine.com\/index.php\/2023\/11\/26\/kiff-no-beat-etait-au-grand-complet-au-concert-de-didi-b-a-abidjan\/#primaryimage\"},\"thumbnailUrl\":\"https:\/\/culturbaine.com\/wp-content\/uploads\/2023\/11\/17010075202202.jpg\",\"datePublished\":\"2023-11-26T11:15:41+00:00\",\"dateModified\":\"2023-11-26T14:09:37+00:00\",\"breadcrumb\":{\"@id\":\"http:\/\/culturbaine.com\/index.php\/2023\/11\/26\/kiff-no-beat-etait-au-grand-complet-au-concert-de-didi-b-a-abidjan\/#breadcrumb\"},\"inLanguage\":\"fr-FR\",\"potentialAction\":[{\"@type\":\"ReadAction\",\"target\":[\"http:\/\/culturbaine.com\/index.php\/2023\/11\/26\/kiff-no-beat-etait-au-grand-complet-au-concert-de-didi-b-a-abidjan\/\"]}]},{\"@type\":\"ImageObject\",\"inLanguage\":\"fr-FR\",\"@id\":\"http:\/\/culturbaine.com\/index.php\/2023\/11\/26\/kiff-no-beat-etait-au-grand-complet-au-concert-de-didi-b-a-abidjan\/#primaryimage\",\"url\":\"https:\/\/culturbaine.com\/wp-content\/uploads\/2023\/11\/17010075202202.jpg\",\"contentUrl\":\"https:\/\/culturbaine.com\/wp-content\/uploads\/2023\/11\/17010075202202.jpg\",\"width\":720,\"height\":457},{\"@type\":\"BreadcrumbList\",\"@id\":\"http:\/\/culturbaine.com\/index.php\/2023\/11\/26\/kiff-no-beat-etait-au-grand-complet-au-concert-de-didi-b-a-abidjan\/#breadcrumb\",\"itemListElement\":[{\"@type\":\"ListItem\",\"position\":1,\"name\":\"Home\",\"item\":\"https:\/\/culturbaine.com\/\"},{\"@type\":\"ListItem\",\"position\":2,\"name\":\"Kiff No Beat \u00e9tait au grand complet au concert de Didi B \u00e0 Abidjan\"}]},{\"@type\":\"WebSite\",\"@id\":\"https:\/\/culturbaine.com\/#website\",\"url\":\"https:\/\/culturbaine.com\/\",\"name\":\"Culturbaine.com\",\"description\":\"Toute l&#039;actualit\u00e9 des Cultures Urbaines, en un clic  !\",\"publisher\":{\"@id\":\"https:\/\/culturbaine.com\/#organization\"},\"potentialAction\":[{\"@type\":\"SearchAction\",\"target\":{\"@type\":\"EntryPoint\",\"urlTemplate\":\"https:\/\/culturbaine.com\/?s={search_term_string}\"},\"query-input\":{\"@type\":\"PropertyValueSpecification\",\"valueRequired\":true,\"valueName\":\"search_term_string\"}}],\"inLanguage\":\"fr-FR\"},{\"@type\":\"Organization\",\"@id\":\"https:\/\/culturbaine.com\/#organization\",\"name\":\"Culturbaine.com\",\"url\":\"https:\/\/culturbaine.com\/\",\"logo\":{\"@type\":\"ImageObject\",\"inLanguage\":\"fr-FR\",\"@id\":\"https:\/\/culturbaine.com\/#\/schema\/logo\/image\/\",\"url\":\"https:\/\/culturbaine.com\/wp-content\/uploads\/2023\/07\/WhatsApp-Image-2023-07-17-at-14.38.18.jpeg\",\"contentUrl\":\"https:\/\/culturbaine.com\/wp-content\/uploads\/2023\/07\/WhatsApp-Image-2023-07-17-at-14.38.18.jpeg\",\"width\":855,\"height\":270,\"caption\":\"Culturbaine.com\"},\"image\":{\"@id\":\"https:\/\/culturbaine.com\/#\/schema\/logo\/image\/\"},\"sameAs\":[\"https:\/\/www.facebook.com\/Culturbaines\",\"https:\/\/x.com\/culturbaines\"]},{\"@type\":\"Person\",\"@id\":\"https:\/\/culturbaine.com\/#\/schema\/person\/42eb7485c572e0746c1ea6b8216c3814\",\"name\":\"admin1\",\"image\":{\"@type\":\"ImageObject\",\"inLanguage\":\"fr-FR\",\"@id\":\"https:\/\/culturbaine.com\/#\/schema\/person\/image\/\",\"url\":\"https:\/\/secure.gravatar.com\/avatar\/c268f4d483ce0486e5a10fee87bbf756?s=96&d=mm&r=g\",\"contentUrl\":\"https:\/\/secure.gravatar.com\/avatar\/c268f4d483ce0486e5a10fee87bbf756?s=96&d=mm&r=g\",\"caption\":\"admin1\"},\"url\":\"https:\/\/culturbaine.com\/index.php\/author\/admin1\/\"}]}<\/script>\n<!-- \/ Yoast SEO Premium plugin. -->","yoast_head_json":{"title":"Kiff No Beat \u00e9tait au grand complet au concert de Didi B \u00e0 Abidjan - Culturbaine","robots":{"index":"index","follow":"follow","max-snippet":"max-snippet:-1","max-image-preview":"max-image-preview:large","max-video-preview":"max-video-preview:-1"},"canonical":"http:\/\/culturbaine.com\/index.php\/2023\/11\/26\/kiff-no-beat-etait-au-grand-complet-au-concert-de-didi-b-a-abidjan\/","og_locale":"fr_FR","og_type":"article","og_title":"Kiff No Beat \u00e9tait au grand complet au concert de Didi B \u00e0 Abidjan","og_description":"Hier Samedi 25 novembre, le laur\u00e9at du Primud d&rsquo;or 2023, Didi B, a \u00e9lectris\u00e9 le Parc des expositions d&rsquo;Abidjan lors de son concert m\u00e9morable. L&rsquo;\u00e9v\u00e9nement a atteint son apog\u00e9e avec la r\u00e9union exceptionnelle du groupe embl\u00e9matique Kiff No Beat, r\u00e9unissant Did B, Joochar, Eljay, Elown&rsquo;n et Black K sur une m\u00eame sc\u00e8ne apr\u00e8s plusieurs ann\u00e9es [&hellip;]","og_url":"http:\/\/culturbaine.com\/index.php\/2023\/11\/26\/kiff-no-beat-etait-au-grand-complet-au-concert-de-didi-b-a-abidjan\/","og_site_name":"Culturbaine","article_publisher":"https:\/\/www.facebook.com\/Culturbaines","article_published_time":"2023-11-26T11:15:41+00:00","article_modified_time":"2023-11-26T14:09:37+00:00","og_image":[{"width":720,"height":457,"url":"http:\/\/culturbaine.com\/wp-content\/uploads\/2023\/11\/17010075202202.jpg","type":"image\/jpeg"}],"author":"admin1","twitter_card":"summary_large_image","twitter_creator":"@culturbaines","twitter_site":"@culturbaines","twitter_misc":{"\u00c9crit par":"admin1","Dur\u00e9e de lecture estim\u00e9e":"1 minute"},"schema":{"@context":"https:\/\/schema.org","@graph":[{"@type":"Article","@id":"http:\/\/culturbaine.com\/index.php\/2023\/11\/26\/kiff-no-beat-etait-au-grand-complet-au-concert-de-didi-b-a-abidjan\/#article","isPartOf":{"@id":"http:\/\/culturbaine.com\/index.php\/2023\/11\/26\/kiff-no-beat-etait-au-grand-complet-au-concert-de-didi-b-a-abidjan\/"},"author":{"name":"admin1","@id":"https:\/\/culturbaine.com\/#\/schema\/person\/42eb7485c572e0746c1ea6b8216c3814"},"headline":"Kiff No Beat \u00e9tait au grand complet au concert de Didi B \u00e0 Abidjan","datePublished":"2023-11-26T11:15:41+00:00","dateModified":"2023-11-26T14:09:37+00:00","mainEntityOfPage":{"@id":"http:\/\/culturbaine.com\/index.php\/2023\/11\/26\/kiff-no-beat-etait-au-grand-complet-au-concert-de-didi-b-a-abidjan\/"},"wordCount":240,"publisher":{"@id":"https:\/\/culturbaine.com\/#organization"},"image":{"@id":"http:\/\/culturbaine.com\/index.php\/2023\/11\/26\/kiff-no-beat-etait-au-grand-complet-au-concert-de-didi-b-a-abidjan\/#primaryimage"},"thumbnailUrl":"https:\/\/culturbaine.com\/wp-content\/uploads\/2023\/11\/17010075202202.jpg","keywords":["2023","complet","Concert","Didi B","Kiff No beat","Parc des expositions d'Abidjan"],"articleSection":["Actualit\u00e9","Rap"],"inLanguage":"fr-FR"},{"@type":"WebPage","@id":"http:\/\/culturbaine.com\/index.php\/2023\/11\/26\/kiff-no-beat-etait-au-grand-complet-au-concert-de-didi-b-a-abidjan\/","url":"http:\/\/culturbaine.com\/index.php\/2023\/11\/26\/kiff-no-beat-etait-au-grand-complet-au-concert-de-didi-b-a-abidjan\/","name":"Kiff No Beat \u00e9tait au grand complet au concert de Didi B \u00e0 Abidjan - Culturbaine","isPartOf":{"@id":"https:\/\/culturbaine.com\/#website"},"primaryImageOfPage":{"@id":"http:\/\/culturbaine.com\/index.php\/2023\/11\/26\/kiff-no-beat-etait-au-grand-complet-au-concert-de-didi-b-a-abidjan\/#primaryimage"},"image":{"@id":"http:\/\/culturbaine.com\/index.php\/2023\/11\/26\/kiff-no-beat-etait-au-grand-complet-au-concert-de-didi-b-a-abidjan\/#primaryimage"},"thumbnailUrl":"https:\/\/culturbaine.com\/wp-content\/uploads\/2023\/11\/17010075202202.jpg","datePublished":"2023-11-26T11:15:41+00:00","dateModified":"2023-11-26T14:09:37+00:00","breadcrumb":{"@id":"http:\/\/culturbaine.com\/index.php\/2023\/11\/26\/kiff-no-beat-etait-au-grand-complet-au-concert-de-didi-b-a-abidjan\/#breadcrumb"},"inLanguage":"fr-FR","potentialAction":[{"@type":"ReadAction","target":["http:\/\/culturbaine.com\/index.php\/2023\/11\/26\/kiff-no-beat-etait-au-grand-complet-au-concert-de-didi-b-a-abidjan\/"]}]},{"@type":"ImageObject","inLanguage":"fr-FR","@id":"http:\/\/culturbaine.com\/index.php\/2023\/11\/26\/kiff-no-beat-etait-au-grand-complet-au-concert-de-didi-b-a-abidjan\/#primaryimage","url":"https:\/\/culturbaine.com\/wp-content\/uploads\/2023\/11\/17010075202202.jpg","contentUrl":"https:\/\/culturbaine.com\/wp-content\/uploads\/2023\/11\/17010075202202.jpg","width":720,"height":457},{"@type":"BreadcrumbList","@id":"http:\/\/culturbaine.com\/index.php\/2023\/11\/26\/kiff-no-beat-etait-au-grand-complet-au-concert-de-didi-b-a-abidjan\/#breadcrumb","itemListElement":[{"@type":"ListItem","position":1,"name":"Home","item":"https:\/\/culturbaine.com\/"},{"@type":"ListItem","position":2,"name":"Kiff No Beat \u00e9tait au grand complet au concert de Didi B \u00e0 Abidjan"}]},{"@type":"WebSite","@id":"https:\/\/culturbaine.com\/#website","url":"https:\/\/culturbaine.com\/","name":"Culturbaine.com","description":"Toute l&#039;actualit\u00e9 des Cultures Urbaines, en un clic  !","publisher":{"@id":"https:\/\/culturbaine.com\/#organization"},"potentialAction":[{"@type":"SearchAction","target":{"@type":"EntryPoint","urlTemplate":"https:\/\/culturbaine.com\/?s={search_term_string}"},"query-input":{"@type":"PropertyValueSpecification","valueRequired":true,"valueName":"search_term_string"}}],"inLanguage":"fr-FR"},{"@type":"Organization","@id":"https:\/\/culturbaine.com\/#organization","name":"Culturbaine.com","url":"https:\/\/culturbaine.com\/","logo":{"@type":"ImageObject","inLanguage":"fr-FR","@id":"https:\/\/culturbaine.com\/#\/schema\/logo\/image\/","url":"https:\/\/culturbaine.com\/wp-content\/uploads\/2023\/07\/WhatsApp-Image-2023-07-17-at-14.38.18.jpeg","contentUrl":"https:\/\/culturbaine.com\/wp-content\/uploads\/2023\/07\/WhatsApp-Image-2023-07-17-at-14.38.18.jpeg","width":855,"height":270,"caption":"Culturbaine.com"},"image":{"@id":"https:\/\/culturbaine.com\/#\/schema\/logo\/image\/"},"sameAs":["https:\/\/www.facebook.com\/Culturbaines","https:\/\/x.com\/culturbaines"]},{"@type":"Person","@id":"https:\/\/culturbaine.com\/#\/schema\/person\/42eb7485c572e0746c1ea6b8216c3814","name":"admin1","image":{"@type":"ImageObject","inLanguage":"fr-FR","@id":"https:\/\/culturbaine.com\/#\/schema\/person\/image\/","url":"https:\/\/secure.gravatar.com\/avatar\/c268f4d483ce0486e5a10fee87bbf756?s=96&d=mm&r=g","contentUrl":"https:\/\/secure.gravatar.com\/avatar\/c268f4d483ce0486e5a10fee87bbf756?s=96&d=mm&r=g","caption":"admin1"},"url":"https:\/\/culturbaine.com\/index.php\/author\/admin1\/"}]}},"_links":{"self":[{"href":"https:\/\/culturbaine.com\/index.php\/wp-json\/wp\/v2\/posts\/2602"}],"collection":[{"href":"https:\/\/culturbaine.com\/index.php\/wp-json\/wp\/v2\/posts"}],"about":[{"href":"https:\/\/culturbaine.com\/index.php\/wp-json\/wp\/v2\/types\/post"}],"author":[{"embeddable":true,"href":"https:\/\/culturbaine.com\/index.php\/wp-json\/wp\/v2\/users\/2"}],"replies":[{"embeddable":true,"href":"https:\/\/culturbaine.com\/index.php\/wp-json\/wp\/v2\/comments?post=2602"}],"version-history":[{"count":0,"href":"https:\/\/culturbaine.com\/index.php\/wp-json\/wp\/v2\/posts\/2602\/revisions"}],"wp:featuredmedia":[{"embeddable":true,"href":"https:\/\/culturbaine.com\/index.php\/wp-json\/wp\/v2\/media\/2618"}],"wp:attachment":[{"href":"https:\/\/culturbaine.com\/index.php\/wp-json\/wp\/v2\/media?parent=2602"}],"wp:term":[{"taxonomy":"category","embeddable":true,"href":"https:\/\/culturbaine.com\/index.php\/wp-json\/wp\/v2\/categories?post=2602"},{"taxonomy":"post_tag","embeddable":true,"href":"https:\/\/culturbaine.com\/index.php\/wp-json\/wp\/v2\/tags?post=2602"}],"curies":[{"name":"wp","href":"https:\/\/api.w.org\/{rel}","templated":true}]}}