{"id":2570,"date":"2023-11-25T06:46:26","date_gmt":"2023-11-25T06:46:26","guid":{"rendered":"http:\/\/culturbaine.com\/?p=2570"},"modified":"2023-11-25T06:46:26","modified_gmt":"2023-11-25T06:46:26","slug":"la-5eme-edition-de-magic-park-sannonce-avec-plus-de-nouveautes","status":"publish","type":"post","link":"https:\/\/culturbaine.com\/index.php\/2023\/11\/25\/la-5eme-edition-de-magic-park-sannonce-avec-plus-de-nouveautes\/","title":{"rendered":"La 5\u00e8me \u00e9dition de Magic Park s&rsquo;annonce avec plus de nouveaut\u00e9s !"},"content":{"rendered":"<p><span>La f\u00e9brilit\u00e9 est \u00e0 son comble alors que la 5\u00e8me \u00e9dition tant attendue de <\/span><b>Magic Park<\/b><span> se profile \u00e0 l&rsquo;horizon. Les organisateurs ont r\u00e9cemment tenu un d\u00e9jeuner de presse convivial, rassemblant journalistes, blogueurs, op\u00e9rateurs culturels et partenaires pour d\u00e9voiler les d\u00e9tails passionnants de cet \u00e9v\u00e9nement incontournable.<\/span><\/p>\n<p><b>Mme Camara Fatou<\/b><span style=\"font-weight: 400;\">, commissaire de <\/span><b>Magic Park<\/b><span style=\"font-weight: 400;\"> a pris la parole, captivant l&rsquo;audience avec une pr\u00e9sentation \u00e9clatante sur l&rsquo;univers enchant\u00e9 de <\/span><b>Magic Park<\/b><span style=\"font-weight: 400;\">. Elle a partag\u00e9 les innovations majeures qui marqueront cette \u00e9dition, \u00e9veillant l&rsquo;anticipation des participants.<\/span><\/p>\n<p><span style=\"font-weight: 400;\">L&rsquo;une des annonces les plus accueillies a \u00e9t\u00e9 la r\u00e9duction significative du prix des tickets d&rsquo;entr\u00e9e. Passant de 50.000 GNF \u00e0 seulement 20.000 GNF, cette d\u00e9cision vise \u00e0 soulager les familles nombreuses d\u00e9sireuses de permettre \u00e0 leurs enfants de profiter des nombreuses attractions.<\/span><\/p>\n<p><span style=\"font-weight: 400;\">La s\u00e9curit\u00e9 des enfants est \u00e9galement une pr\u00e9occupation primordiale, confi\u00e9e \u00e0 une \u00e9quipe exp\u00e9riment\u00e9e de <\/span><b>Cav S\u00e9curit\u00e9<\/b><span style=\"font-weight: 400;\">, garantissant ainsi la qui\u00e9tude des visiteurs.<\/span><\/p>\n<p><b>Mme Fatou Camara<\/b><span style=\"font-weight: 400;\"> a d\u00e9voil\u00e9 avec enthousiasme les nouveaut\u00e9s exceptionnelles qui marqueront cette \u00e9dition. En rupture avec les ann\u00e9es pr\u00e9c\u00e9dentes, <\/span><b>Magic Park<\/b><span style=\"font-weight: 400;\"> \u00e9largit son \u00e9ventail d&rsquo;attractions, proposant non seulement des jeux d&rsquo;arcade et des structures m\u00e9talliques, mais aussi des jeux de circuit, des jeux d&rsquo;aviation, des auto-tamponneuses, offrant ainsi une exp\u00e9rience unique pour les petits et les grands.<\/span><\/p>\n<p><span style=\"font-weight: 400;\">Au-del\u00e0 des attractions palpitantes, les organisateurs ambitionnent de cr\u00e9er un environnement propice aux retrouvailles familiales. Des services \u00e9tendus tels que restauration, cr\u00e9merie, banques, assurances et agences de d\u00e9coration seront disponibles, offrant une exp\u00e9rience compl\u00e8te \u00e0 tous les participants.<\/span><\/p>\n<p><span style=\"font-weight: 400;\">Cette \u00e9dition ne se limite pas \u00e0 l&rsquo;amusement, mais introduit \u00e9galement des concepts novateurs. <\/span><b>Aqua Gaming<\/b><span style=\"font-weight: 400;\">, le <strong>Festival de branding National,<\/strong> mettra en lumi\u00e8re les talents artistiques guin\u00e9ens, tandis que des sessions de conte et un r\u00e9veillon chaleureux renforceront les liens familiaux.<\/span><\/p>\n<p><img loading=\"lazy\" decoding=\"async\" class=\"alignnone size-medium wp-image-2574\" src=\"http:\/\/culturbaine.com\/wp-content\/uploads\/2023\/11\/1700894421392-300x300.jpg\" alt=\"\" width=\"300\" height=\"300\" srcset=\"https:\/\/culturbaine.com\/wp-content\/uploads\/2023\/11\/1700894421392-300x300.jpg 300w, https:\/\/culturbaine.com\/wp-content\/uploads\/2023\/11\/1700894421392-150x150.jpg 150w, https:\/\/culturbaine.com\/wp-content\/uploads\/2023\/11\/1700894421392.jpg 720w\" sizes=\"(max-width: 300px) 100vw, 300px\" \/><\/p>\n<p><span style=\"font-weight: 400;\">Les particularit\u00e9s ne s&rsquo;arr\u00eatent pas l\u00e0. Le Battle Inter-quartier fait son entr\u00e9e, mettant en avant les danses urbaines locales, et l&rsquo;<\/span><b>Ophan Magic Day<\/b><span style=\"font-weight: 400;\"> revient pour apporter de la joie aux orphelins, suivi de <\/span><b>Guinean Queen Night<\/b><span style=\"font-weight: 400;\">, une soir\u00e9e enti\u00e8rement d\u00e9di\u00e9e \u00e0 la gent f\u00e9minine.<\/span><\/p>\n<p><img loading=\"lazy\" decoding=\"async\" class=\"alignnone size-medium wp-image-2575\" src=\"http:\/\/culturbaine.com\/wp-content\/uploads\/2023\/11\/1700894399215-300x300.jpg\" alt=\"\" width=\"300\" height=\"300\" srcset=\"https:\/\/culturbaine.com\/wp-content\/uploads\/2023\/11\/1700894399215-300x300.jpg 300w, https:\/\/culturbaine.com\/wp-content\/uploads\/2023\/11\/1700894399215-150x150.jpg 150w, https:\/\/culturbaine.com\/wp-content\/uploads\/2023\/11\/1700894399215.jpg 720w\" sizes=\"(max-width: 300px) 100vw, 300px\" \/><\/p>\n<p><img loading=\"lazy\" decoding=\"async\" class=\"alignnone size-medium wp-image-2572\" src=\"http:\/\/culturbaine.com\/wp-content\/uploads\/2023\/11\/1700894416419-300x300.jpg\" alt=\"\" width=\"300\" height=\"300\" srcset=\"https:\/\/culturbaine.com\/wp-content\/uploads\/2023\/11\/1700894416419-300x300.jpg 300w, https:\/\/culturbaine.com\/wp-content\/uploads\/2023\/11\/1700894416419-150x150.jpg 150w, https:\/\/culturbaine.com\/wp-content\/uploads\/2023\/11\/1700894416419.jpg 720w\" sizes=\"(max-width: 300px) 100vw, 300px\" \/><\/p>\n<p><img loading=\"lazy\" decoding=\"async\" class=\"alignnone size-medium wp-image-2573\" src=\"http:\/\/culturbaine.com\/wp-content\/uploads\/2023\/11\/1700894425667-300x300.jpg\" alt=\"\" width=\"300\" height=\"300\" srcset=\"https:\/\/culturbaine.com\/wp-content\/uploads\/2023\/11\/1700894425667-300x300.jpg 300w, https:\/\/culturbaine.com\/wp-content\/uploads\/2023\/11\/1700894425667-150x150.jpg 150w, https:\/\/culturbaine.com\/wp-content\/uploads\/2023\/11\/1700894425667.jpg 720w\" sizes=\"(max-width: 300px) 100vw, 300px\" \/><\/p>\n<p><span style=\"font-weight: 400;\">Le coup d&rsquo;envoi officiel de <\/span><b>Magic Park<\/b><span style=\"font-weight: 400;\"> est fix\u00e9 au 15 d\u00e9cembre au Stade G\u00e9n\u00e9ral <\/span><b>Lansana Cont\u00e9<\/b><span style=\"font-weight: 400;\">, avec une performance sensationnelle de <\/span><b>Didi B,<\/b><span style=\"font-weight: 400;\"> le ph\u00e9nom\u00e8ne du moment. La promesse est claire : une f\u00eate foraine exceptionnelle, m\u00ealant divertissement, convivialit\u00e9 et d\u00e9couvertes, cr\u00e9ant ainsi des souvenirs inoubliables pour tous les participants. Rendez-vous \u00e0 ne pas manquer !<\/span><\/p>\n<p><img loading=\"lazy\" decoding=\"async\" class=\"alignnone size-medium wp-image-2553\" src=\"http:\/\/culturbaine.com\/wp-content\/uploads\/2023\/11\/1700821443017-300x300.jpg\" alt=\"\" width=\"300\" height=\"300\" srcset=\"https:\/\/culturbaine.com\/wp-content\/uploads\/2023\/11\/1700821443017-300x300.jpg 300w, https:\/\/culturbaine.com\/wp-content\/uploads\/2023\/11\/1700821443017-150x150.jpg 150w, https:\/\/culturbaine.com\/wp-content\/uploads\/2023\/11\/1700821443017.jpg 720w\" sizes=\"(max-width: 300px) 100vw, 300px\" \/><\/p>\n<p><b>Mohamed Cinq Sylla<\/b><\/p>\n","protected":false},"excerpt":{"rendered":"<p>La f\u00e9brilit\u00e9 est \u00e0 son comble alors que la 5\u00e8me \u00e9dition tant attendue de Magic Park se profile \u00e0 l&rsquo;horizon. Les organisateurs ont r\u00e9cemment tenu un d\u00e9jeuner de presse convivial, rassemblant journalistes, blogueurs, op\u00e9rateurs culturels et partenaires pour d\u00e9voiler les d\u00e9tails passionnants de cet \u00e9v\u00e9nement incontournable. Mme Camara Fatou, commissaire de Magic Park a pris [&hellip;]<\/p>\n","protected":false},"author":2,"featured_media":2554,"comment_status":"closed","ping_status":"closed","sticky":false,"template":"","format":"standard","meta":{"_mi_skip_tracking":false,"_monsterinsights_sitenote_active":false,"_monsterinsights_sitenote_note":"","_monsterinsights_sitenote_category":0,"footnotes":""},"categories":[21,33],"tags":[995,84,1093,1098],"class_list":["post-2570","post","type-post","status-publish","format-standard","has-post-thumbnail","hentry","category-actualite","category-agenda","tag-acte-5","tag-didi-b","tag-magic-park","tag-plus-de-nouveautes"],"yoast_head":"<!-- This site is optimized with the Yoast SEO Premium plugin v20.1 (Yoast SEO v24.0) - https:\/\/yoast.com\/wordpress\/plugins\/seo\/ -->\n<title>La 5\u00e8me \u00e9dition de Magic Park s&#039;annonce avec plus de nouveaut\u00e9s ! - Culturbaine<\/title>\n<meta name=\"robots\" content=\"index, follow, max-snippet:-1, max-image-preview:large, max-video-preview:-1\" \/>\n<link rel=\"canonical\" href=\"https:\/\/culturbaine.com\/index.php\/2023\/11\/25\/la-5eme-edition-de-magic-park-sannonce-avec-plus-de-nouveautes\/\" \/>\n<meta property=\"og:locale\" content=\"fr_FR\" \/>\n<meta property=\"og:type\" content=\"article\" \/>\n<meta property=\"og:title\" content=\"La 5\u00e8me \u00e9dition de Magic Park s&#039;annonce avec plus de nouveaut\u00e9s !\" \/>\n<meta property=\"og:description\" content=\"La f\u00e9brilit\u00e9 est \u00e0 son comble alors que la 5\u00e8me \u00e9dition tant attendue de Magic Park se profile \u00e0 l&rsquo;horizon. Les organisateurs ont r\u00e9cemment tenu un d\u00e9jeuner de presse convivial, rassemblant journalistes, blogueurs, op\u00e9rateurs culturels et partenaires pour d\u00e9voiler les d\u00e9tails passionnants de cet \u00e9v\u00e9nement incontournable. Mme Camara Fatou, commissaire de Magic Park a pris [&hellip;]\" \/>\n<meta property=\"og:url\" content=\"https:\/\/culturbaine.com\/index.php\/2023\/11\/25\/la-5eme-edition-de-magic-park-sannonce-avec-plus-de-nouveautes\/\" \/>\n<meta property=\"og:site_name\" content=\"Culturbaine\" \/>\n<meta property=\"article:publisher\" content=\"https:\/\/www.facebook.com\/Culturbaines\" \/>\n<meta property=\"article:published_time\" content=\"2023-11-25T06:46:26+00:00\" \/>\n<meta property=\"og:image\" content=\"https:\/\/culturbaine.com\/wp-content\/uploads\/2023\/11\/17008214248592.jpg\" \/>\n\t<meta property=\"og:image:width\" content=\"720\" \/>\n\t<meta property=\"og:image:height\" content=\"452\" \/>\n\t<meta property=\"og:image:type\" content=\"image\/jpeg\" \/>\n<meta name=\"author\" content=\"admin1\" \/>\n<meta name=\"twitter:card\" content=\"summary_large_image\" \/>\n<meta name=\"twitter:creator\" content=\"@culturbaines\" \/>\n<meta name=\"twitter:site\" content=\"@culturbaines\" \/>\n<meta name=\"twitter:label1\" content=\"\u00c9crit par\" \/>\n\t<meta name=\"twitter:data1\" content=\"admin1\" \/>\n\t<meta name=\"twitter:label2\" content=\"Dur\u00e9e de lecture estim\u00e9e\" \/>\n\t<meta name=\"twitter:data2\" content=\"3 minutes\" \/>\n<script type=\"application\/ld+json\" class=\"yoast-schema-graph\">{\"@context\":\"https:\/\/schema.org\",\"@graph\":[{\"@type\":\"Article\",\"@id\":\"https:\/\/culturbaine.com\/index.php\/2023\/11\/25\/la-5eme-edition-de-magic-park-sannonce-avec-plus-de-nouveautes\/#article\",\"isPartOf\":{\"@id\":\"https:\/\/culturbaine.com\/index.php\/2023\/11\/25\/la-5eme-edition-de-magic-park-sannonce-avec-plus-de-nouveautes\/\"},\"author\":{\"name\":\"admin1\",\"@id\":\"https:\/\/culturbaine.com\/#\/schema\/person\/42eb7485c572e0746c1ea6b8216c3814\"},\"headline\":\"La 5\u00e8me \u00e9dition de Magic Park s&rsquo;annonce avec plus de nouveaut\u00e9s !\",\"datePublished\":\"2023-11-25T06:46:26+00:00\",\"dateModified\":\"2023-11-25T06:46:26+00:00\",\"mainEntityOfPage\":{\"@id\":\"https:\/\/culturbaine.com\/index.php\/2023\/11\/25\/la-5eme-edition-de-magic-park-sannonce-avec-plus-de-nouveautes\/\"},\"wordCount\":453,\"publisher\":{\"@id\":\"https:\/\/culturbaine.com\/#organization\"},\"image\":{\"@id\":\"https:\/\/culturbaine.com\/index.php\/2023\/11\/25\/la-5eme-edition-de-magic-park-sannonce-avec-plus-de-nouveautes\/#primaryimage\"},\"thumbnailUrl\":\"https:\/\/culturbaine.com\/wp-content\/uploads\/2023\/11\/17008214248592.jpg\",\"keywords\":[\"Acte 5\",\"Didi B\",\"Magic Park\",\"plus de nouveaut\u00e9s\"],\"articleSection\":[\"Actualit\u00e9\",\"Agenda\"],\"inLanguage\":\"fr-FR\"},{\"@type\":\"WebPage\",\"@id\":\"https:\/\/culturbaine.com\/index.php\/2023\/11\/25\/la-5eme-edition-de-magic-park-sannonce-avec-plus-de-nouveautes\/\",\"url\":\"https:\/\/culturbaine.com\/index.php\/2023\/11\/25\/la-5eme-edition-de-magic-park-sannonce-avec-plus-de-nouveautes\/\",\"name\":\"La 5\u00e8me \u00e9dition de Magic Park s'annonce avec plus de nouveaut\u00e9s ! - Culturbaine\",\"isPartOf\":{\"@id\":\"https:\/\/culturbaine.com\/#website\"},\"primaryImageOfPage\":{\"@id\":\"https:\/\/culturbaine.com\/index.php\/2023\/11\/25\/la-5eme-edition-de-magic-park-sannonce-avec-plus-de-nouveautes\/#primaryimage\"},\"image\":{\"@id\":\"https:\/\/culturbaine.com\/index.php\/2023\/11\/25\/la-5eme-edition-de-magic-park-sannonce-avec-plus-de-nouveautes\/#primaryimage\"},\"thumbnailUrl\":\"https:\/\/culturbaine.com\/wp-content\/uploads\/2023\/11\/17008214248592.jpg\",\"datePublished\":\"2023-11-25T06:46:26+00:00\",\"dateModified\":\"2023-11-25T06:46:26+00:00\",\"breadcrumb\":{\"@id\":\"https:\/\/culturbaine.com\/index.php\/2023\/11\/25\/la-5eme-edition-de-magic-park-sannonce-avec-plus-de-nouveautes\/#breadcrumb\"},\"inLanguage\":\"fr-FR\",\"potentialAction\":[{\"@type\":\"ReadAction\",\"target\":[\"https:\/\/culturbaine.com\/index.php\/2023\/11\/25\/la-5eme-edition-de-magic-park-sannonce-avec-plus-de-nouveautes\/\"]}]},{\"@type\":\"ImageObject\",\"inLanguage\":\"fr-FR\",\"@id\":\"https:\/\/culturbaine.com\/index.php\/2023\/11\/25\/la-5eme-edition-de-magic-park-sannonce-avec-plus-de-nouveautes\/#primaryimage\",\"url\":\"https:\/\/culturbaine.com\/wp-content\/uploads\/2023\/11\/17008214248592.jpg\",\"contentUrl\":\"https:\/\/culturbaine.com\/wp-content\/uploads\/2023\/11\/17008214248592.jpg\",\"width\":720,\"height\":452},{\"@type\":\"BreadcrumbList\",\"@id\":\"https:\/\/culturbaine.com\/index.php\/2023\/11\/25\/la-5eme-edition-de-magic-park-sannonce-avec-plus-de-nouveautes\/#breadcrumb\",\"itemListElement\":[{\"@type\":\"ListItem\",\"position\":1,\"name\":\"Home\",\"item\":\"https:\/\/culturbaine.com\/\"},{\"@type\":\"ListItem\",\"position\":2,\"name\":\"La 5\u00e8me \u00e9dition de Magic Park s&rsquo;annonce avec plus de nouveaut\u00e9s !\"}]},{\"@type\":\"WebSite\",\"@id\":\"https:\/\/culturbaine.com\/#website\",\"url\":\"https:\/\/culturbaine.com\/\",\"name\":\"Culturbaine.com\",\"description\":\"Toute l&#039;actualit\u00e9 des Cultures Urbaines, en un clic  !\",\"publisher\":{\"@id\":\"https:\/\/culturbaine.com\/#organization\"},\"potentialAction\":[{\"@type\":\"SearchAction\",\"target\":{\"@type\":\"EntryPoint\",\"urlTemplate\":\"https:\/\/culturbaine.com\/?s={search_term_string}\"},\"query-input\":{\"@type\":\"PropertyValueSpecification\",\"valueRequired\":true,\"valueName\":\"search_term_string\"}}],\"inLanguage\":\"fr-FR\"},{\"@type\":\"Organization\",\"@id\":\"https:\/\/culturbaine.com\/#organization\",\"name\":\"Culturbaine.com\",\"url\":\"https:\/\/culturbaine.com\/\",\"logo\":{\"@type\":\"ImageObject\",\"inLanguage\":\"fr-FR\",\"@id\":\"https:\/\/culturbaine.com\/#\/schema\/logo\/image\/\",\"url\":\"https:\/\/culturbaine.com\/wp-content\/uploads\/2023\/07\/WhatsApp-Image-2023-07-17-at-14.38.18.jpeg\",\"contentUrl\":\"https:\/\/culturbaine.com\/wp-content\/uploads\/2023\/07\/WhatsApp-Image-2023-07-17-at-14.38.18.jpeg\",\"width\":855,\"height\":270,\"caption\":\"Culturbaine.com\"},\"image\":{\"@id\":\"https:\/\/culturbaine.com\/#\/schema\/logo\/image\/\"},\"sameAs\":[\"https:\/\/www.facebook.com\/Culturbaines\",\"https:\/\/x.com\/culturbaines\"]},{\"@type\":\"Person\",\"@id\":\"https:\/\/culturbaine.com\/#\/schema\/person\/42eb7485c572e0746c1ea6b8216c3814\",\"name\":\"admin1\",\"image\":{\"@type\":\"ImageObject\",\"inLanguage\":\"fr-FR\",\"@id\":\"https:\/\/culturbaine.com\/#\/schema\/person\/image\/\",\"url\":\"https:\/\/secure.gravatar.com\/avatar\/c268f4d483ce0486e5a10fee87bbf756?s=96&d=mm&r=g\",\"contentUrl\":\"https:\/\/secure.gravatar.com\/avatar\/c268f4d483ce0486e5a10fee87bbf756?s=96&d=mm&r=g\",\"caption\":\"admin1\"},\"url\":\"https:\/\/culturbaine.com\/index.php\/author\/admin1\/\"}]}<\/script>\n<!-- \/ Yoast SEO Premium plugin. -->","yoast_head_json":{"title":"La 5\u00e8me \u00e9dition de Magic Park s'annonce avec plus de nouveaut\u00e9s ! - Culturbaine","robots":{"index":"index","follow":"follow","max-snippet":"max-snippet:-1","max-image-preview":"max-image-preview:large","max-video-preview":"max-video-preview:-1"},"canonical":"https:\/\/culturbaine.com\/index.php\/2023\/11\/25\/la-5eme-edition-de-magic-park-sannonce-avec-plus-de-nouveautes\/","og_locale":"fr_FR","og_type":"article","og_title":"La 5\u00e8me \u00e9dition de Magic Park s'annonce avec plus de nouveaut\u00e9s !","og_description":"La f\u00e9brilit\u00e9 est \u00e0 son comble alors que la 5\u00e8me \u00e9dition tant attendue de Magic Park se profile \u00e0 l&rsquo;horizon. Les organisateurs ont r\u00e9cemment tenu un d\u00e9jeuner de presse convivial, rassemblant journalistes, blogueurs, op\u00e9rateurs culturels et partenaires pour d\u00e9voiler les d\u00e9tails passionnants de cet \u00e9v\u00e9nement incontournable. Mme Camara Fatou, commissaire de Magic Park a pris [&hellip;]","og_url":"https:\/\/culturbaine.com\/index.php\/2023\/11\/25\/la-5eme-edition-de-magic-park-sannonce-avec-plus-de-nouveautes\/","og_site_name":"Culturbaine","article_publisher":"https:\/\/www.facebook.com\/Culturbaines","article_published_time":"2023-11-25T06:46:26+00:00","og_image":[{"width":720,"height":452,"url":"https:\/\/culturbaine.com\/wp-content\/uploads\/2023\/11\/17008214248592.jpg","type":"image\/jpeg"}],"author":"admin1","twitter_card":"summary_large_image","twitter_creator":"@culturbaines","twitter_site":"@culturbaines","twitter_misc":{"\u00c9crit par":"admin1","Dur\u00e9e de lecture estim\u00e9e":"3 minutes"},"schema":{"@context":"https:\/\/schema.org","@graph":[{"@type":"Article","@id":"https:\/\/culturbaine.com\/index.php\/2023\/11\/25\/la-5eme-edition-de-magic-park-sannonce-avec-plus-de-nouveautes\/#article","isPartOf":{"@id":"https:\/\/culturbaine.com\/index.php\/2023\/11\/25\/la-5eme-edition-de-magic-park-sannonce-avec-plus-de-nouveautes\/"},"author":{"name":"admin1","@id":"https:\/\/culturbaine.com\/#\/schema\/person\/42eb7485c572e0746c1ea6b8216c3814"},"headline":"La 5\u00e8me \u00e9dition de Magic Park s&rsquo;annonce avec plus de nouveaut\u00e9s !","datePublished":"2023-11-25T06:46:26+00:00","dateModified":"2023-11-25T06:46:26+00:00","mainEntityOfPage":{"@id":"https:\/\/culturbaine.com\/index.php\/2023\/11\/25\/la-5eme-edition-de-magic-park-sannonce-avec-plus-de-nouveautes\/"},"wordCount":453,"publisher":{"@id":"https:\/\/culturbaine.com\/#organization"},"image":{"@id":"https:\/\/culturbaine.com\/index.php\/2023\/11\/25\/la-5eme-edition-de-magic-park-sannonce-avec-plus-de-nouveautes\/#primaryimage"},"thumbnailUrl":"https:\/\/culturbaine.com\/wp-content\/uploads\/2023\/11\/17008214248592.jpg","keywords":["Acte 5","Didi B","Magic Park","plus de nouveaut\u00e9s"],"articleSection":["Actualit\u00e9","Agenda"],"inLanguage":"fr-FR"},{"@type":"WebPage","@id":"https:\/\/culturbaine.com\/index.php\/2023\/11\/25\/la-5eme-edition-de-magic-park-sannonce-avec-plus-de-nouveautes\/","url":"https:\/\/culturbaine.com\/index.php\/2023\/11\/25\/la-5eme-edition-de-magic-park-sannonce-avec-plus-de-nouveautes\/","name":"La 5\u00e8me \u00e9dition de Magic Park s'annonce avec plus de nouveaut\u00e9s ! - Culturbaine","isPartOf":{"@id":"https:\/\/culturbaine.com\/#website"},"primaryImageOfPage":{"@id":"https:\/\/culturbaine.com\/index.php\/2023\/11\/25\/la-5eme-edition-de-magic-park-sannonce-avec-plus-de-nouveautes\/#primaryimage"},"image":{"@id":"https:\/\/culturbaine.com\/index.php\/2023\/11\/25\/la-5eme-edition-de-magic-park-sannonce-avec-plus-de-nouveautes\/#primaryimage"},"thumbnailUrl":"https:\/\/culturbaine.com\/wp-content\/uploads\/2023\/11\/17008214248592.jpg","datePublished":"2023-11-25T06:46:26+00:00","dateModified":"2023-11-25T06:46:26+00:00","breadcrumb":{"@id":"https:\/\/culturbaine.com\/index.php\/2023\/11\/25\/la-5eme-edition-de-magic-park-sannonce-avec-plus-de-nouveautes\/#breadcrumb"},"inLanguage":"fr-FR","potentialAction":[{"@type":"ReadAction","target":["https:\/\/culturbaine.com\/index.php\/2023\/11\/25\/la-5eme-edition-de-magic-park-sannonce-avec-plus-de-nouveautes\/"]}]},{"@type":"ImageObject","inLanguage":"fr-FR","@id":"https:\/\/culturbaine.com\/index.php\/2023\/11\/25\/la-5eme-edition-de-magic-park-sannonce-avec-plus-de-nouveautes\/#primaryimage","url":"https:\/\/culturbaine.com\/wp-content\/uploads\/2023\/11\/17008214248592.jpg","contentUrl":"https:\/\/culturbaine.com\/wp-content\/uploads\/2023\/11\/17008214248592.jpg","width":720,"height":452},{"@type":"BreadcrumbList","@id":"https:\/\/culturbaine.com\/index.php\/2023\/11\/25\/la-5eme-edition-de-magic-park-sannonce-avec-plus-de-nouveautes\/#breadcrumb","itemListElement":[{"@type":"ListItem","position":1,"name":"Home","item":"https:\/\/culturbaine.com\/"},{"@type":"ListItem","position":2,"name":"La 5\u00e8me \u00e9dition de Magic Park s&rsquo;annonce avec plus de nouveaut\u00e9s !"}]},{"@type":"WebSite","@id":"https:\/\/culturbaine.com\/#website","url":"https:\/\/culturbaine.com\/","name":"Culturbaine.com","description":"Toute l&#039;actualit\u00e9 des Cultures Urbaines, en un clic  !","publisher":{"@id":"https:\/\/culturbaine.com\/#organization"},"potentialAction":[{"@type":"SearchAction","target":{"@type":"EntryPoint","urlTemplate":"https:\/\/culturbaine.com\/?s={search_term_string}"},"query-input":{"@type":"PropertyValueSpecification","valueRequired":true,"valueName":"search_term_string"}}],"inLanguage":"fr-FR"},{"@type":"Organization","@id":"https:\/\/culturbaine.com\/#organization","name":"Culturbaine.com","url":"https:\/\/culturbaine.com\/","logo":{"@type":"ImageObject","inLanguage":"fr-FR","@id":"https:\/\/culturbaine.com\/#\/schema\/logo\/image\/","url":"https:\/\/culturbaine.com\/wp-content\/uploads\/2023\/07\/WhatsApp-Image-2023-07-17-at-14.38.18.jpeg","contentUrl":"https:\/\/culturbaine.com\/wp-content\/uploads\/2023\/07\/WhatsApp-Image-2023-07-17-at-14.38.18.jpeg","width":855,"height":270,"caption":"Culturbaine.com"},"image":{"@id":"https:\/\/culturbaine.com\/#\/schema\/logo\/image\/"},"sameAs":["https:\/\/www.facebook.com\/Culturbaines","https:\/\/x.com\/culturbaines"]},{"@type":"Person","@id":"https:\/\/culturbaine.com\/#\/schema\/person\/42eb7485c572e0746c1ea6b8216c3814","name":"admin1","image":{"@type":"ImageObject","inLanguage":"fr-FR","@id":"https:\/\/culturbaine.com\/#\/schema\/person\/image\/","url":"https:\/\/secure.gravatar.com\/avatar\/c268f4d483ce0486e5a10fee87bbf756?s=96&d=mm&r=g","contentUrl":"https:\/\/secure.gravatar.com\/avatar\/c268f4d483ce0486e5a10fee87bbf756?s=96&d=mm&r=g","caption":"admin1"},"url":"https:\/\/culturbaine.com\/index.php\/author\/admin1\/"}]}},"_links":{"self":[{"href":"https:\/\/culturbaine.com\/index.php\/wp-json\/wp\/v2\/posts\/2570"}],"collection":[{"href":"https:\/\/culturbaine.com\/index.php\/wp-json\/wp\/v2\/posts"}],"about":[{"href":"https:\/\/culturbaine.com\/index.php\/wp-json\/wp\/v2\/types\/post"}],"author":[{"embeddable":true,"href":"https:\/\/culturbaine.com\/index.php\/wp-json\/wp\/v2\/users\/2"}],"replies":[{"embeddable":true,"href":"https:\/\/culturbaine.com\/index.php\/wp-json\/wp\/v2\/comments?post=2570"}],"version-history":[{"count":0,"href":"https:\/\/culturbaine.com\/index.php\/wp-json\/wp\/v2\/posts\/2570\/revisions"}],"wp:featuredmedia":[{"embeddable":true,"href":"https:\/\/culturbaine.com\/index.php\/wp-json\/wp\/v2\/media\/2554"}],"wp:attachment":[{"href":"https:\/\/culturbaine.com\/index.php\/wp-json\/wp\/v2\/media?parent=2570"}],"wp:term":[{"taxonomy":"category","embeddable":true,"href":"https:\/\/culturbaine.com\/index.php\/wp-json\/wp\/v2\/categories?post=2570"},{"taxonomy":"post_tag","embeddable":true,"href":"https:\/\/culturbaine.com\/index.php\/wp-json\/wp\/v2\/tags?post=2570"}],"curies":[{"name":"wp","href":"https:\/\/api.w.org\/{rel}","templated":true}]}}