{"id":229,"date":"2023-07-19T17:02:50","date_gmt":"2023-07-19T17:02:50","guid":{"rendered":"https:\/\/culturbaine.com\/?p=229"},"modified":"2023-07-19T17:02:50","modified_gmt":"2023-07-19T17:02:50","slug":"festival-panaf-bruxelles-plusieurs-artistes-urbains-guineens-ont-enregistre-une-compile","status":"publish","type":"post","link":"https:\/\/culturbaine.com\/index.php\/2023\/07\/19\/festival-panaf-bruxelles-plusieurs-artistes-urbains-guineens-ont-enregistre-une-compile\/","title":{"rendered":"Festival Panaf &#8211; Bruxelles : plusieurs artistes urbains guin\u00e9ens ont enregistr\u00e9 une compile !"},"content":{"rendered":"<p><span style=\"font-weight: 400;\">Certains artistes guin\u00e9ens et non les moindres, du registre urbain ont \u00e9t\u00e9 aper\u00e7us, \u00e0 Summum Studio chez CD A LA PROD, au cours de laquelle une compilation a \u00e9t\u00e9 enregistr\u00e9e.\u00a0<\/span><\/p>\n<p><span style=\"font-weight: 400;\">A en croire les informations, c&rsquo;est au compte du festival panafricain PANAF, organis\u00e9 \u00e0 Bruxelles quasiment chaque ann\u00e9e avec la structure D&amp;J Prod.<\/span><\/p>\n<p><span style=\"font-weight: 400;\">Pilot\u00e9 par l\u2019ancien manager de Djanii Alfa, Mousto, la programmation musicale a \u00e9t\u00e9 assur\u00e9e par Cam\u2019s M\u00e9lodie. Et on notait la pr\u00e9sence du concepteur du hit <\/span><b><i>N\u2019tondi<\/i><\/b><span style=\"font-weight: 400;\"> One Time, Araphan DJ, SMS, Thiird, et tant d\u2019autres. C\u00f4t\u00e9 r\u00e9alisation, cette t\u00e2che a \u00e9t\u00e9 confi\u00e9e \u00e0 King Moneyman.<\/span><\/p>\n<p><span style=\"font-weight: 400;\">Joint au t\u00e9l\u00e9phone par notre r\u00e9daction pour avoir plus d&rsquo;informations sur ce projet, Manager Mousto a d\u00e9clar\u00e9 : \u00ab le panaf est \u00e0 sa 6\u00e8me \u00e9dition. Donc il est normal de cr\u00e9er un son compile autour de ce projet qui doit normalement se passer du 03 au 04 novembre en Belgique. C&rsquo;est une mani\u00e8re de booster l&rsquo;\u00e9v\u00e9nement, pour qu&rsquo;on est des contenus avant l&rsquo;\u00e9v\u00e9nement.\u00bb<\/span><\/p>\n<p><span style=\"font-weight: 400;\">\u00c0 la question de savoir si les artistes qui sont sur cette compile seront forc\u00e9ment \u00e0 cette 6\u00e8me \u00e9dition, Mousto affirme par une n\u00e9gation. Pour lui, la programmation se fera en fonction de la demande des artistes.<\/span><\/p>\n<p><span style=\"font-weight: 400;\">Ci-dessous quelques images de leur s\u00e9ance studio au Summum chez CD A LA PROD.<\/span><\/p>\n<p><img loading=\"lazy\" decoding=\"async\" class=\"size-medium wp-image-232 aligncenter\" src=\"http:\/\/culturbaine.com\/wp-content\/uploads\/2023\/07\/received_3679732075587900-300x169.jpeg\" alt=\"\" width=\"300\" height=\"169\" srcset=\"https:\/\/culturbaine.com\/wp-content\/uploads\/2023\/07\/received_3679732075587900-300x169.jpeg 300w, https:\/\/culturbaine.com\/wp-content\/uploads\/2023\/07\/received_3679732075587900-1024x576.jpeg 1024w, https:\/\/culturbaine.com\/wp-content\/uploads\/2023\/07\/received_3679732075587900-768x432.jpeg 768w, https:\/\/culturbaine.com\/wp-content\/uploads\/2023\/07\/received_3679732075587900-1536x864.jpeg 1536w, https:\/\/culturbaine.com\/wp-content\/uploads\/2023\/07\/received_3679732075587900.jpeg 1707w\" sizes=\"(max-width: 300px) 100vw, 300px\" \/><\/p>\n<p><b>Mohamed Cinq Sylla<\/b><\/p>\n","protected":false},"excerpt":{"rendered":"<p>Certains artistes guin\u00e9ens et non les moindres, du registre urbain ont \u00e9t\u00e9 aper\u00e7us, \u00e0 Summum Studio chez CD A LA PROD, au cours de laquelle une compilation a \u00e9t\u00e9 enregistr\u00e9e.\u00a0 A en croire les informations, c&rsquo;est au compte du festival panafricain PANAF, organis\u00e9 \u00e0 Bruxelles quasiment chaque ann\u00e9e avec la structure D&amp;J Prod. Pilot\u00e9 par [&hellip;]<\/p>\n","protected":false},"author":2,"featured_media":233,"comment_status":"open","ping_status":"open","sticky":false,"template":"","format":"standard","meta":{"_mi_skip_tracking":false,"_monsterinsights_sitenote_active":false,"_monsterinsights_sitenote_note":"","_monsterinsights_sitenote_category":0,"footnotes":""},"categories":[21],"tags":[],"class_list":["post-229","post","type-post","status-publish","format-standard","has-post-thumbnail","hentry","category-actualite"],"yoast_head":"<!-- This site is optimized with the Yoast SEO Premium plugin v20.1 (Yoast SEO v24.0) - https:\/\/yoast.com\/wordpress\/plugins\/seo\/ -->\n<title>Festival Panaf - Bruxelles : plusieurs artistes urbains guin\u00e9ens ont enregistr\u00e9 une compile ! - Culturbaine<\/title>\n<meta name=\"robots\" content=\"index, follow, max-snippet:-1, max-image-preview:large, max-video-preview:-1\" \/>\n<link rel=\"canonical\" href=\"http:\/\/culturbaine.com\/index.php\/2023\/07\/19\/festival-panaf-bruxelles-plusieurs-artistes-urbains-guineens-ont-enregistre-une-compile\/\" \/>\n<meta property=\"og:locale\" content=\"fr_FR\" \/>\n<meta property=\"og:type\" content=\"article\" \/>\n<meta property=\"og:title\" content=\"Festival Panaf - Bruxelles : plusieurs artistes urbains guin\u00e9ens ont enregistr\u00e9 une compile !\" \/>\n<meta property=\"og:description\" content=\"Certains artistes guin\u00e9ens et non les moindres, du registre urbain ont \u00e9t\u00e9 aper\u00e7us, \u00e0 Summum Studio chez CD A LA PROD, au cours de laquelle une compilation a \u00e9t\u00e9 enregistr\u00e9e.\u00a0 A en croire les informations, c&rsquo;est au compte du festival panafricain PANAF, organis\u00e9 \u00e0 Bruxelles quasiment chaque ann\u00e9e avec la structure D&amp;J Prod. Pilot\u00e9 par [&hellip;]\" \/>\n<meta property=\"og:url\" content=\"http:\/\/culturbaine.com\/index.php\/2023\/07\/19\/festival-panaf-bruxelles-plusieurs-artistes-urbains-guineens-ont-enregistre-une-compile\/\" \/>\n<meta property=\"og:site_name\" content=\"Culturbaine\" \/>\n<meta property=\"article:publisher\" content=\"https:\/\/www.facebook.com\/Culturbaines\" \/>\n<meta property=\"article:published_time\" content=\"2023-07-19T17:02:50+00:00\" \/>\n<meta property=\"og:image\" content=\"http:\/\/culturbaine.com\/wp-content\/uploads\/2023\/07\/received_1197582534266682.jpeg\" \/>\n\t<meta property=\"og:image:width\" content=\"720\" \/>\n\t<meta property=\"og:image:height\" content=\"405\" \/>\n\t<meta property=\"og:image:type\" content=\"image\/jpeg\" \/>\n<meta name=\"author\" content=\"admin1\" \/>\n<meta name=\"twitter:card\" content=\"summary_large_image\" \/>\n<meta name=\"twitter:creator\" content=\"@culturbaines\" \/>\n<meta name=\"twitter:site\" content=\"@culturbaines\" \/>\n<meta name=\"twitter:label1\" content=\"\u00c9crit par\" \/>\n\t<meta name=\"twitter:data1\" content=\"admin1\" \/>\n\t<meta name=\"twitter:label2\" content=\"Dur\u00e9e de lecture estim\u00e9e\" \/>\n\t<meta name=\"twitter:data2\" content=\"2 minutes\" \/>\n<script type=\"application\/ld+json\" class=\"yoast-schema-graph\">{\"@context\":\"https:\/\/schema.org\",\"@graph\":[{\"@type\":\"Article\",\"@id\":\"http:\/\/culturbaine.com\/index.php\/2023\/07\/19\/festival-panaf-bruxelles-plusieurs-artistes-urbains-guineens-ont-enregistre-une-compile\/#article\",\"isPartOf\":{\"@id\":\"http:\/\/culturbaine.com\/index.php\/2023\/07\/19\/festival-panaf-bruxelles-plusieurs-artistes-urbains-guineens-ont-enregistre-une-compile\/\"},\"author\":{\"name\":\"admin1\",\"@id\":\"https:\/\/culturbaine.com\/#\/schema\/person\/42eb7485c572e0746c1ea6b8216c3814\"},\"headline\":\"Festival Panaf &#8211; Bruxelles : plusieurs artistes urbains guin\u00e9ens ont enregistr\u00e9 une compile !\",\"datePublished\":\"2023-07-19T17:02:50+00:00\",\"dateModified\":\"2023-07-19T17:02:50+00:00\",\"mainEntityOfPage\":{\"@id\":\"http:\/\/culturbaine.com\/index.php\/2023\/07\/19\/festival-panaf-bruxelles-plusieurs-artistes-urbains-guineens-ont-enregistre-une-compile\/\"},\"wordCount\":254,\"commentCount\":0,\"publisher\":{\"@id\":\"https:\/\/culturbaine.com\/#organization\"},\"image\":{\"@id\":\"http:\/\/culturbaine.com\/index.php\/2023\/07\/19\/festival-panaf-bruxelles-plusieurs-artistes-urbains-guineens-ont-enregistre-une-compile\/#primaryimage\"},\"thumbnailUrl\":\"https:\/\/culturbaine.com\/wp-content\/uploads\/2023\/07\/received_1197582534266682.jpeg\",\"articleSection\":[\"Actualit\u00e9\"],\"inLanguage\":\"fr-FR\"},{\"@type\":\"WebPage\",\"@id\":\"http:\/\/culturbaine.com\/index.php\/2023\/07\/19\/festival-panaf-bruxelles-plusieurs-artistes-urbains-guineens-ont-enregistre-une-compile\/\",\"url\":\"http:\/\/culturbaine.com\/index.php\/2023\/07\/19\/festival-panaf-bruxelles-plusieurs-artistes-urbains-guineens-ont-enregistre-une-compile\/\",\"name\":\"Festival Panaf - Bruxelles : plusieurs artistes urbains guin\u00e9ens ont enregistr\u00e9 une compile ! - Culturbaine\",\"isPartOf\":{\"@id\":\"https:\/\/culturbaine.com\/#website\"},\"primaryImageOfPage\":{\"@id\":\"http:\/\/culturbaine.com\/index.php\/2023\/07\/19\/festival-panaf-bruxelles-plusieurs-artistes-urbains-guineens-ont-enregistre-une-compile\/#primaryimage\"},\"image\":{\"@id\":\"http:\/\/culturbaine.com\/index.php\/2023\/07\/19\/festival-panaf-bruxelles-plusieurs-artistes-urbains-guineens-ont-enregistre-une-compile\/#primaryimage\"},\"thumbnailUrl\":\"https:\/\/culturbaine.com\/wp-content\/uploads\/2023\/07\/received_1197582534266682.jpeg\",\"datePublished\":\"2023-07-19T17:02:50+00:00\",\"dateModified\":\"2023-07-19T17:02:50+00:00\",\"breadcrumb\":{\"@id\":\"http:\/\/culturbaine.com\/index.php\/2023\/07\/19\/festival-panaf-bruxelles-plusieurs-artistes-urbains-guineens-ont-enregistre-une-compile\/#breadcrumb\"},\"inLanguage\":\"fr-FR\",\"potentialAction\":[{\"@type\":\"ReadAction\",\"target\":[\"http:\/\/culturbaine.com\/index.php\/2023\/07\/19\/festival-panaf-bruxelles-plusieurs-artistes-urbains-guineens-ont-enregistre-une-compile\/\"]}]},{\"@type\":\"ImageObject\",\"inLanguage\":\"fr-FR\",\"@id\":\"http:\/\/culturbaine.com\/index.php\/2023\/07\/19\/festival-panaf-bruxelles-plusieurs-artistes-urbains-guineens-ont-enregistre-une-compile\/#primaryimage\",\"url\":\"https:\/\/culturbaine.com\/wp-content\/uploads\/2023\/07\/received_1197582534266682.jpeg\",\"contentUrl\":\"https:\/\/culturbaine.com\/wp-content\/uploads\/2023\/07\/received_1197582534266682.jpeg\",\"width\":720,\"height\":405},{\"@type\":\"BreadcrumbList\",\"@id\":\"http:\/\/culturbaine.com\/index.php\/2023\/07\/19\/festival-panaf-bruxelles-plusieurs-artistes-urbains-guineens-ont-enregistre-une-compile\/#breadcrumb\",\"itemListElement\":[{\"@type\":\"ListItem\",\"position\":1,\"name\":\"Home\",\"item\":\"https:\/\/culturbaine.com\/\"},{\"@type\":\"ListItem\",\"position\":2,\"name\":\"Festival Panaf &#8211; Bruxelles : plusieurs artistes urbains guin\u00e9ens ont enregistr\u00e9 une compile !\"}]},{\"@type\":\"WebSite\",\"@id\":\"https:\/\/culturbaine.com\/#website\",\"url\":\"https:\/\/culturbaine.com\/\",\"name\":\"Culturbaine.com\",\"description\":\"Toute l&#039;actualit\u00e9 des Cultures Urbaines, en un clic  !\",\"publisher\":{\"@id\":\"https:\/\/culturbaine.com\/#organization\"},\"potentialAction\":[{\"@type\":\"SearchAction\",\"target\":{\"@type\":\"EntryPoint\",\"urlTemplate\":\"https:\/\/culturbaine.com\/?s={search_term_string}\"},\"query-input\":{\"@type\":\"PropertyValueSpecification\",\"valueRequired\":true,\"valueName\":\"search_term_string\"}}],\"inLanguage\":\"fr-FR\"},{\"@type\":\"Organization\",\"@id\":\"https:\/\/culturbaine.com\/#organization\",\"name\":\"Culturbaine.com\",\"url\":\"https:\/\/culturbaine.com\/\",\"logo\":{\"@type\":\"ImageObject\",\"inLanguage\":\"fr-FR\",\"@id\":\"https:\/\/culturbaine.com\/#\/schema\/logo\/image\/\",\"url\":\"https:\/\/culturbaine.com\/wp-content\/uploads\/2023\/07\/WhatsApp-Image-2023-07-17-at-14.38.18.jpeg\",\"contentUrl\":\"https:\/\/culturbaine.com\/wp-content\/uploads\/2023\/07\/WhatsApp-Image-2023-07-17-at-14.38.18.jpeg\",\"width\":855,\"height\":270,\"caption\":\"Culturbaine.com\"},\"image\":{\"@id\":\"https:\/\/culturbaine.com\/#\/schema\/logo\/image\/\"},\"sameAs\":[\"https:\/\/www.facebook.com\/Culturbaines\",\"https:\/\/x.com\/culturbaines\"]},{\"@type\":\"Person\",\"@id\":\"https:\/\/culturbaine.com\/#\/schema\/person\/42eb7485c572e0746c1ea6b8216c3814\",\"name\":\"admin1\",\"image\":{\"@type\":\"ImageObject\",\"inLanguage\":\"fr-FR\",\"@id\":\"https:\/\/culturbaine.com\/#\/schema\/person\/image\/\",\"url\":\"https:\/\/secure.gravatar.com\/avatar\/c268f4d483ce0486e5a10fee87bbf756?s=96&d=mm&r=g\",\"contentUrl\":\"https:\/\/secure.gravatar.com\/avatar\/c268f4d483ce0486e5a10fee87bbf756?s=96&d=mm&r=g\",\"caption\":\"admin1\"},\"url\":\"https:\/\/culturbaine.com\/index.php\/author\/admin1\/\"}]}<\/script>\n<!-- \/ Yoast SEO Premium plugin. -->","yoast_head_json":{"title":"Festival Panaf - Bruxelles : plusieurs artistes urbains guin\u00e9ens ont enregistr\u00e9 une compile ! - Culturbaine","robots":{"index":"index","follow":"follow","max-snippet":"max-snippet:-1","max-image-preview":"max-image-preview:large","max-video-preview":"max-video-preview:-1"},"canonical":"http:\/\/culturbaine.com\/index.php\/2023\/07\/19\/festival-panaf-bruxelles-plusieurs-artistes-urbains-guineens-ont-enregistre-une-compile\/","og_locale":"fr_FR","og_type":"article","og_title":"Festival Panaf - Bruxelles : plusieurs artistes urbains guin\u00e9ens ont enregistr\u00e9 une compile !","og_description":"Certains artistes guin\u00e9ens et non les moindres, du registre urbain ont \u00e9t\u00e9 aper\u00e7us, \u00e0 Summum Studio chez CD A LA PROD, au cours de laquelle une compilation a \u00e9t\u00e9 enregistr\u00e9e.\u00a0 A en croire les informations, c&rsquo;est au compte du festival panafricain PANAF, organis\u00e9 \u00e0 Bruxelles quasiment chaque ann\u00e9e avec la structure D&amp;J Prod. Pilot\u00e9 par [&hellip;]","og_url":"http:\/\/culturbaine.com\/index.php\/2023\/07\/19\/festival-panaf-bruxelles-plusieurs-artistes-urbains-guineens-ont-enregistre-une-compile\/","og_site_name":"Culturbaine","article_publisher":"https:\/\/www.facebook.com\/Culturbaines","article_published_time":"2023-07-19T17:02:50+00:00","og_image":[{"width":720,"height":405,"url":"http:\/\/culturbaine.com\/wp-content\/uploads\/2023\/07\/received_1197582534266682.jpeg","type":"image\/jpeg"}],"author":"admin1","twitter_card":"summary_large_image","twitter_creator":"@culturbaines","twitter_site":"@culturbaines","twitter_misc":{"\u00c9crit par":"admin1","Dur\u00e9e de lecture estim\u00e9e":"2 minutes"},"schema":{"@context":"https:\/\/schema.org","@graph":[{"@type":"Article","@id":"http:\/\/culturbaine.com\/index.php\/2023\/07\/19\/festival-panaf-bruxelles-plusieurs-artistes-urbains-guineens-ont-enregistre-une-compile\/#article","isPartOf":{"@id":"http:\/\/culturbaine.com\/index.php\/2023\/07\/19\/festival-panaf-bruxelles-plusieurs-artistes-urbains-guineens-ont-enregistre-une-compile\/"},"author":{"name":"admin1","@id":"https:\/\/culturbaine.com\/#\/schema\/person\/42eb7485c572e0746c1ea6b8216c3814"},"headline":"Festival Panaf &#8211; Bruxelles : plusieurs artistes urbains guin\u00e9ens ont enregistr\u00e9 une compile !","datePublished":"2023-07-19T17:02:50+00:00","dateModified":"2023-07-19T17:02:50+00:00","mainEntityOfPage":{"@id":"http:\/\/culturbaine.com\/index.php\/2023\/07\/19\/festival-panaf-bruxelles-plusieurs-artistes-urbains-guineens-ont-enregistre-une-compile\/"},"wordCount":254,"commentCount":0,"publisher":{"@id":"https:\/\/culturbaine.com\/#organization"},"image":{"@id":"http:\/\/culturbaine.com\/index.php\/2023\/07\/19\/festival-panaf-bruxelles-plusieurs-artistes-urbains-guineens-ont-enregistre-une-compile\/#primaryimage"},"thumbnailUrl":"https:\/\/culturbaine.com\/wp-content\/uploads\/2023\/07\/received_1197582534266682.jpeg","articleSection":["Actualit\u00e9"],"inLanguage":"fr-FR"},{"@type":"WebPage","@id":"http:\/\/culturbaine.com\/index.php\/2023\/07\/19\/festival-panaf-bruxelles-plusieurs-artistes-urbains-guineens-ont-enregistre-une-compile\/","url":"http:\/\/culturbaine.com\/index.php\/2023\/07\/19\/festival-panaf-bruxelles-plusieurs-artistes-urbains-guineens-ont-enregistre-une-compile\/","name":"Festival Panaf - Bruxelles : plusieurs artistes urbains guin\u00e9ens ont enregistr\u00e9 une compile ! - Culturbaine","isPartOf":{"@id":"https:\/\/culturbaine.com\/#website"},"primaryImageOfPage":{"@id":"http:\/\/culturbaine.com\/index.php\/2023\/07\/19\/festival-panaf-bruxelles-plusieurs-artistes-urbains-guineens-ont-enregistre-une-compile\/#primaryimage"},"image":{"@id":"http:\/\/culturbaine.com\/index.php\/2023\/07\/19\/festival-panaf-bruxelles-plusieurs-artistes-urbains-guineens-ont-enregistre-une-compile\/#primaryimage"},"thumbnailUrl":"https:\/\/culturbaine.com\/wp-content\/uploads\/2023\/07\/received_1197582534266682.jpeg","datePublished":"2023-07-19T17:02:50+00:00","dateModified":"2023-07-19T17:02:50+00:00","breadcrumb":{"@id":"http:\/\/culturbaine.com\/index.php\/2023\/07\/19\/festival-panaf-bruxelles-plusieurs-artistes-urbains-guineens-ont-enregistre-une-compile\/#breadcrumb"},"inLanguage":"fr-FR","potentialAction":[{"@type":"ReadAction","target":["http:\/\/culturbaine.com\/index.php\/2023\/07\/19\/festival-panaf-bruxelles-plusieurs-artistes-urbains-guineens-ont-enregistre-une-compile\/"]}]},{"@type":"ImageObject","inLanguage":"fr-FR","@id":"http:\/\/culturbaine.com\/index.php\/2023\/07\/19\/festival-panaf-bruxelles-plusieurs-artistes-urbains-guineens-ont-enregistre-une-compile\/#primaryimage","url":"https:\/\/culturbaine.com\/wp-content\/uploads\/2023\/07\/received_1197582534266682.jpeg","contentUrl":"https:\/\/culturbaine.com\/wp-content\/uploads\/2023\/07\/received_1197582534266682.jpeg","width":720,"height":405},{"@type":"BreadcrumbList","@id":"http:\/\/culturbaine.com\/index.php\/2023\/07\/19\/festival-panaf-bruxelles-plusieurs-artistes-urbains-guineens-ont-enregistre-une-compile\/#breadcrumb","itemListElement":[{"@type":"ListItem","position":1,"name":"Home","item":"https:\/\/culturbaine.com\/"},{"@type":"ListItem","position":2,"name":"Festival Panaf &#8211; Bruxelles : plusieurs artistes urbains guin\u00e9ens ont enregistr\u00e9 une compile !"}]},{"@type":"WebSite","@id":"https:\/\/culturbaine.com\/#website","url":"https:\/\/culturbaine.com\/","name":"Culturbaine.com","description":"Toute l&#039;actualit\u00e9 des Cultures Urbaines, en un clic  !","publisher":{"@id":"https:\/\/culturbaine.com\/#organization"},"potentialAction":[{"@type":"SearchAction","target":{"@type":"EntryPoint","urlTemplate":"https:\/\/culturbaine.com\/?s={search_term_string}"},"query-input":{"@type":"PropertyValueSpecification","valueRequired":true,"valueName":"search_term_string"}}],"inLanguage":"fr-FR"},{"@type":"Organization","@id":"https:\/\/culturbaine.com\/#organization","name":"Culturbaine.com","url":"https:\/\/culturbaine.com\/","logo":{"@type":"ImageObject","inLanguage":"fr-FR","@id":"https:\/\/culturbaine.com\/#\/schema\/logo\/image\/","url":"https:\/\/culturbaine.com\/wp-content\/uploads\/2023\/07\/WhatsApp-Image-2023-07-17-at-14.38.18.jpeg","contentUrl":"https:\/\/culturbaine.com\/wp-content\/uploads\/2023\/07\/WhatsApp-Image-2023-07-17-at-14.38.18.jpeg","width":855,"height":270,"caption":"Culturbaine.com"},"image":{"@id":"https:\/\/culturbaine.com\/#\/schema\/logo\/image\/"},"sameAs":["https:\/\/www.facebook.com\/Culturbaines","https:\/\/x.com\/culturbaines"]},{"@type":"Person","@id":"https:\/\/culturbaine.com\/#\/schema\/person\/42eb7485c572e0746c1ea6b8216c3814","name":"admin1","image":{"@type":"ImageObject","inLanguage":"fr-FR","@id":"https:\/\/culturbaine.com\/#\/schema\/person\/image\/","url":"https:\/\/secure.gravatar.com\/avatar\/c268f4d483ce0486e5a10fee87bbf756?s=96&d=mm&r=g","contentUrl":"https:\/\/secure.gravatar.com\/avatar\/c268f4d483ce0486e5a10fee87bbf756?s=96&d=mm&r=g","caption":"admin1"},"url":"https:\/\/culturbaine.com\/index.php\/author\/admin1\/"}]}},"_links":{"self":[{"href":"https:\/\/culturbaine.com\/index.php\/wp-json\/wp\/v2\/posts\/229"}],"collection":[{"href":"https:\/\/culturbaine.com\/index.php\/wp-json\/wp\/v2\/posts"}],"about":[{"href":"https:\/\/culturbaine.com\/index.php\/wp-json\/wp\/v2\/types\/post"}],"author":[{"embeddable":true,"href":"https:\/\/culturbaine.com\/index.php\/wp-json\/wp\/v2\/users\/2"}],"replies":[{"embeddable":true,"href":"https:\/\/culturbaine.com\/index.php\/wp-json\/wp\/v2\/comments?post=229"}],"version-history":[{"count":0,"href":"https:\/\/culturbaine.com\/index.php\/wp-json\/wp\/v2\/posts\/229\/revisions"}],"wp:featuredmedia":[{"embeddable":true,"href":"https:\/\/culturbaine.com\/index.php\/wp-json\/wp\/v2\/media\/233"}],"wp:attachment":[{"href":"https:\/\/culturbaine.com\/index.php\/wp-json\/wp\/v2\/media?parent=229"}],"wp:term":[{"taxonomy":"category","embeddable":true,"href":"https:\/\/culturbaine.com\/index.php\/wp-json\/wp\/v2\/categories?post=229"},{"taxonomy":"post_tag","embeddable":true,"href":"https:\/\/culturbaine.com\/index.php\/wp-json\/wp\/v2\/tags?post=229"}],"curies":[{"name":"wp","href":"https:\/\/api.w.org\/{rel}","templated":true}]}}