{"id":2200,"date":"2023-11-11T12:54:48","date_gmt":"2023-11-11T12:54:48","guid":{"rendered":"http:\/\/culturbaine.com\/?p=2200"},"modified":"2023-11-11T12:54:48","modified_gmt":"2023-11-11T12:54:48","slug":"la-guinee-pays-invite-dhonneur-de-la-2eme-edition-de-tarru-rap-galsen-au-senegal","status":"publish","type":"post","link":"https:\/\/culturbaine.com\/index.php\/2023\/11\/11\/la-guinee-pays-invite-dhonneur-de-la-2eme-edition-de-tarru-rap-galsen-au-senegal\/","title":{"rendered":"La Guin\u00e9e, pays invit\u00e9 d&rsquo;honneur de la 2\u00e8me \u00e9dition de Tarru Rap Galsen au S\u00e9n\u00e9gal\u00a0"},"content":{"rendered":"<p><b>Dakar Arena<\/b><span> sera le lieu de convergence des cultures urbaines du 19 au 23 d\u00e9cembre prochain, lors de la deuxi\u00e8me \u00e9dition de <\/span><b>Tarru Rap Gal<\/b><span>sen. Un \u00e9v\u00e9nement majeur qui co\u00efncide avec le cinquanti\u00e8me anniversaire du hip-hop dans le monde. Cette \u00e9dition mettra en lumi\u00e8re les th\u00e8mes \u00ab\u00a0Le <\/span><b>Hip-hop et le num\u00e9rique<\/b><span>\u00a0\u00bb et \u00ab\u00a0<\/span><b>Les m\u00e9tiers de la musique<\/b><span>\u00ab\u00a0, marquant ainsi une c\u00e9l\u00e9bration singuli\u00e8re de l&rsquo;impact du hip-hop \u00e0 l&rsquo;\u00e8re num\u00e9rique.<\/span><\/p>\n<p><span style=\"font-weight: 400;\">La Guin\u00e9e a \u00e9t\u00e9 s\u00e9lectionn\u00e9e comme pays invit\u00e9 d&rsquo;honneur, une d\u00e9cision motiv\u00e9e par les liens amicaux et fraternels entre la Guin\u00e9e et le S\u00e9n\u00e9gal. Une d\u00e9l\u00e9gation s\u00e9n\u00e9galaise, comprenant <\/span><b>Mme Khoudia Diagne,<\/b><span style=\"font-weight: 400;\"> Directrice des Arts au Minist\u00e8re de la culture, du Patrimoine historique du S\u00e9n\u00e9gal, <\/span><b>Moustapha Dieng<\/b><span style=\"font-weight: 400;\">, pr\u00e9sident de Sen Art Vision, et M. <\/span><b>Djidjak Diouf<\/b><span style=\"font-weight: 400;\">, promoteur culturel, a officialis\u00e9 cette invitation lors d&rsquo;une audience avec M. <\/span><b>Alpha Soumah<\/b><span style=\"font-weight: 400;\">, ministre de la culture, du tourisme et de l&rsquo;artisanat guin\u00e9en, en pr\u00e9sence de M. <\/span><b>Malick K\u00e9b\u00e9<\/b><span style=\"font-weight: 400;\">, DG du FODAC, Idrissa Barry Directeur g\u00e9n\u00e9ral de Tounkan et DJ Soul.<\/span><\/p>\n<p><span style=\"font-weight: 400;\">L&rsquo;ancien rappeur, <\/span><b>Bill de Sam<\/b><span style=\"font-weight: 400;\">, issu des cultures urbaines, s&rsquo;est r\u00e9joui de cette initiative et a accept\u00e9 avec enthousiasme d&rsquo;accompagner cet \u00e9v\u00e9nement. Au-del\u00e0 des performances artistiques, <\/span><b>Tarru Rap Galsen<\/b><span style=\"font-weight: 400;\"> proposera \u00e9galement des forums, des panels, des masterclass et diverses activit\u00e9s artistiques, offrant ainsi une plateforme enrichissante pour les passionn\u00e9s de hip-hop et les acteurs de l&rsquo;industrie musicale.<\/span><\/p>\n<p><span style=\"font-weight: 400;\">Force est de reconna\u00eetre que trois artistes guin\u00e9ens prendront part \u00e0 ce rendez-vous Urbain. Il s&rsquo;agit entre autres de <\/span><b>Soul Bang&rsquo;s, Manamba Kant\u00e9 <\/b><span style=\"font-weight: 400;\">et<\/span><b> Amaza<\/b><span style=\"font-weight: 400;\">.<\/span><\/p>\n<p><b>Mohamed Cinq Sylla<\/b><\/p>\n","protected":false},"excerpt":{"rendered":"<p>Dakar Arena sera le lieu de convergence des cultures urbaines du 19 au 23 d\u00e9cembre prochain, lors de la deuxi\u00e8me \u00e9dition de Tarru Rap Galsen. Un \u00e9v\u00e9nement majeur qui co\u00efncide avec le cinquanti\u00e8me anniversaire du hip-hop dans le monde. Cette \u00e9dition mettra en lumi\u00e8re les th\u00e8mes \u00ab\u00a0Le Hip-hop et le num\u00e9rique\u00a0\u00bb et \u00ab\u00a0Les m\u00e9tiers de [&hellip;]<\/p>\n","protected":false},"author":2,"featured_media":2202,"comment_status":"closed","ping_status":"closed","sticky":false,"template":"","format":"standard","meta":{"_mi_skip_tracking":false,"_monsterinsights_sitenote_active":false,"_monsterinsights_sitenote_note":"","_monsterinsights_sitenote_category":0,"footnotes":""},"categories":[21,33],"tags":[964,181,966,279,963,109,965],"class_list":["post-2200","post","type-post","status-publish","format-standard","has-post-thumbnail","hentry","category-actualite","category-agenda","tag-2eme-edition-de","tag-acte-2","tag-cultures-urbaines","tag-guinee","tag-pays-invite-dhonneur","tag-senegal","tag-tarru-rap-galsen"],"yoast_head":"<!-- This site is optimized with the Yoast SEO Premium plugin v20.1 (Yoast SEO v24.0) - https:\/\/yoast.com\/wordpress\/plugins\/seo\/ -->\n<title>La Guin\u00e9e, pays invit\u00e9 d&#039;honneur de la 2\u00e8me \u00e9dition de Tarru Rap Galsen au S\u00e9n\u00e9gal\u00a0 - Culturbaine<\/title>\n<meta name=\"robots\" content=\"index, follow, max-snippet:-1, max-image-preview:large, max-video-preview:-1\" \/>\n<link rel=\"canonical\" href=\"http:\/\/culturbaine.com\/index.php\/2023\/11\/11\/la-guinee-pays-invite-dhonneur-de-la-2eme-edition-de-tarru-rap-galsen-au-senegal\/\" \/>\n<meta property=\"og:locale\" content=\"fr_FR\" \/>\n<meta property=\"og:type\" content=\"article\" \/>\n<meta property=\"og:title\" content=\"La Guin\u00e9e, pays invit\u00e9 d&#039;honneur de la 2\u00e8me \u00e9dition de Tarru Rap Galsen au S\u00e9n\u00e9gal\u00a0\" \/>\n<meta property=\"og:description\" content=\"Dakar Arena sera le lieu de convergence des cultures urbaines du 19 au 23 d\u00e9cembre prochain, lors de la deuxi\u00e8me \u00e9dition de Tarru Rap Galsen. Un \u00e9v\u00e9nement majeur qui co\u00efncide avec le cinquanti\u00e8me anniversaire du hip-hop dans le monde. Cette \u00e9dition mettra en lumi\u00e8re les th\u00e8mes \u00ab\u00a0Le Hip-hop et le num\u00e9rique\u00a0\u00bb et \u00ab\u00a0Les m\u00e9tiers de [&hellip;]\" \/>\n<meta property=\"og:url\" content=\"http:\/\/culturbaine.com\/index.php\/2023\/11\/11\/la-guinee-pays-invite-dhonneur-de-la-2eme-edition-de-tarru-rap-galsen-au-senegal\/\" \/>\n<meta property=\"og:site_name\" content=\"Culturbaine\" \/>\n<meta property=\"article:publisher\" content=\"https:\/\/www.facebook.com\/Culturbaines\" \/>\n<meta property=\"article:published_time\" content=\"2023-11-11T12:54:48+00:00\" \/>\n<meta property=\"og:image\" content=\"http:\/\/culturbaine.com\/wp-content\/uploads\/2023\/11\/16996063298482.jpg\" \/>\n\t<meta property=\"og:image:width\" content=\"720\" \/>\n\t<meta property=\"og:image:height\" content=\"434\" \/>\n\t<meta property=\"og:image:type\" content=\"image\/jpeg\" \/>\n<meta name=\"author\" content=\"admin1\" \/>\n<meta name=\"twitter:card\" content=\"summary_large_image\" \/>\n<meta name=\"twitter:creator\" content=\"@culturbaines\" \/>\n<meta name=\"twitter:site\" content=\"@culturbaines\" \/>\n<meta name=\"twitter:label1\" content=\"\u00c9crit par\" \/>\n\t<meta name=\"twitter:data1\" content=\"admin1\" \/>\n\t<meta name=\"twitter:label2\" content=\"Dur\u00e9e de lecture estim\u00e9e\" \/>\n\t<meta name=\"twitter:data2\" content=\"2 minutes\" \/>\n<script type=\"application\/ld+json\" class=\"yoast-schema-graph\">{\"@context\":\"https:\/\/schema.org\",\"@graph\":[{\"@type\":\"Article\",\"@id\":\"http:\/\/culturbaine.com\/index.php\/2023\/11\/11\/la-guinee-pays-invite-dhonneur-de-la-2eme-edition-de-tarru-rap-galsen-au-senegal\/#article\",\"isPartOf\":{\"@id\":\"http:\/\/culturbaine.com\/index.php\/2023\/11\/11\/la-guinee-pays-invite-dhonneur-de-la-2eme-edition-de-tarru-rap-galsen-au-senegal\/\"},\"author\":{\"name\":\"admin1\",\"@id\":\"https:\/\/culturbaine.com\/#\/schema\/person\/42eb7485c572e0746c1ea6b8216c3814\"},\"headline\":\"La Guin\u00e9e, pays invit\u00e9 d&rsquo;honneur de la 2\u00e8me \u00e9dition de Tarru Rap Galsen au S\u00e9n\u00e9gal\u00a0\",\"datePublished\":\"2023-11-11T12:54:48+00:00\",\"dateModified\":\"2023-11-11T12:54:48+00:00\",\"mainEntityOfPage\":{\"@id\":\"http:\/\/culturbaine.com\/index.php\/2023\/11\/11\/la-guinee-pays-invite-dhonneur-de-la-2eme-edition-de-tarru-rap-galsen-au-senegal\/\"},\"wordCount\":317,\"publisher\":{\"@id\":\"https:\/\/culturbaine.com\/#organization\"},\"image\":{\"@id\":\"http:\/\/culturbaine.com\/index.php\/2023\/11\/11\/la-guinee-pays-invite-dhonneur-de-la-2eme-edition-de-tarru-rap-galsen-au-senegal\/#primaryimage\"},\"thumbnailUrl\":\"https:\/\/culturbaine.com\/wp-content\/uploads\/2023\/11\/16996063298482.jpg\",\"keywords\":[\"2\u00e8me \u00e9dition de\",\"Acte 2\",\"Cultures urbaines\",\"Guin\u00e9e\",\"pays invit\u00e9 d'honneur\",\"S\u00e9n\u00e9gal\",\"Tarru Rap Galsen\"],\"articleSection\":[\"Actualit\u00e9\",\"Agenda\"],\"inLanguage\":\"fr-FR\"},{\"@type\":\"WebPage\",\"@id\":\"http:\/\/culturbaine.com\/index.php\/2023\/11\/11\/la-guinee-pays-invite-dhonneur-de-la-2eme-edition-de-tarru-rap-galsen-au-senegal\/\",\"url\":\"http:\/\/culturbaine.com\/index.php\/2023\/11\/11\/la-guinee-pays-invite-dhonneur-de-la-2eme-edition-de-tarru-rap-galsen-au-senegal\/\",\"name\":\"La Guin\u00e9e, pays invit\u00e9 d'honneur de la 2\u00e8me \u00e9dition de Tarru Rap Galsen au S\u00e9n\u00e9gal\u00a0 - Culturbaine\",\"isPartOf\":{\"@id\":\"https:\/\/culturbaine.com\/#website\"},\"primaryImageOfPage\":{\"@id\":\"http:\/\/culturbaine.com\/index.php\/2023\/11\/11\/la-guinee-pays-invite-dhonneur-de-la-2eme-edition-de-tarru-rap-galsen-au-senegal\/#primaryimage\"},\"image\":{\"@id\":\"http:\/\/culturbaine.com\/index.php\/2023\/11\/11\/la-guinee-pays-invite-dhonneur-de-la-2eme-edition-de-tarru-rap-galsen-au-senegal\/#primaryimage\"},\"thumbnailUrl\":\"https:\/\/culturbaine.com\/wp-content\/uploads\/2023\/11\/16996063298482.jpg\",\"datePublished\":\"2023-11-11T12:54:48+00:00\",\"dateModified\":\"2023-11-11T12:54:48+00:00\",\"breadcrumb\":{\"@id\":\"http:\/\/culturbaine.com\/index.php\/2023\/11\/11\/la-guinee-pays-invite-dhonneur-de-la-2eme-edition-de-tarru-rap-galsen-au-senegal\/#breadcrumb\"},\"inLanguage\":\"fr-FR\",\"potentialAction\":[{\"@type\":\"ReadAction\",\"target\":[\"http:\/\/culturbaine.com\/index.php\/2023\/11\/11\/la-guinee-pays-invite-dhonneur-de-la-2eme-edition-de-tarru-rap-galsen-au-senegal\/\"]}]},{\"@type\":\"ImageObject\",\"inLanguage\":\"fr-FR\",\"@id\":\"http:\/\/culturbaine.com\/index.php\/2023\/11\/11\/la-guinee-pays-invite-dhonneur-de-la-2eme-edition-de-tarru-rap-galsen-au-senegal\/#primaryimage\",\"url\":\"https:\/\/culturbaine.com\/wp-content\/uploads\/2023\/11\/16996063298482.jpg\",\"contentUrl\":\"https:\/\/culturbaine.com\/wp-content\/uploads\/2023\/11\/16996063298482.jpg\",\"width\":720,\"height\":434},{\"@type\":\"BreadcrumbList\",\"@id\":\"http:\/\/culturbaine.com\/index.php\/2023\/11\/11\/la-guinee-pays-invite-dhonneur-de-la-2eme-edition-de-tarru-rap-galsen-au-senegal\/#breadcrumb\",\"itemListElement\":[{\"@type\":\"ListItem\",\"position\":1,\"name\":\"Home\",\"item\":\"https:\/\/culturbaine.com\/\"},{\"@type\":\"ListItem\",\"position\":2,\"name\":\"La Guin\u00e9e, pays invit\u00e9 d&rsquo;honneur de la 2\u00e8me \u00e9dition de Tarru Rap Galsen au S\u00e9n\u00e9gal\u00a0\"}]},{\"@type\":\"WebSite\",\"@id\":\"https:\/\/culturbaine.com\/#website\",\"url\":\"https:\/\/culturbaine.com\/\",\"name\":\"Culturbaine.com\",\"description\":\"Toute l&#039;actualit\u00e9 des Cultures Urbaines, en un clic  !\",\"publisher\":{\"@id\":\"https:\/\/culturbaine.com\/#organization\"},\"potentialAction\":[{\"@type\":\"SearchAction\",\"target\":{\"@type\":\"EntryPoint\",\"urlTemplate\":\"https:\/\/culturbaine.com\/?s={search_term_string}\"},\"query-input\":{\"@type\":\"PropertyValueSpecification\",\"valueRequired\":true,\"valueName\":\"search_term_string\"}}],\"inLanguage\":\"fr-FR\"},{\"@type\":\"Organization\",\"@id\":\"https:\/\/culturbaine.com\/#organization\",\"name\":\"Culturbaine.com\",\"url\":\"https:\/\/culturbaine.com\/\",\"logo\":{\"@type\":\"ImageObject\",\"inLanguage\":\"fr-FR\",\"@id\":\"https:\/\/culturbaine.com\/#\/schema\/logo\/image\/\",\"url\":\"https:\/\/culturbaine.com\/wp-content\/uploads\/2023\/07\/WhatsApp-Image-2023-07-17-at-14.38.18.jpeg\",\"contentUrl\":\"https:\/\/culturbaine.com\/wp-content\/uploads\/2023\/07\/WhatsApp-Image-2023-07-17-at-14.38.18.jpeg\",\"width\":855,\"height\":270,\"caption\":\"Culturbaine.com\"},\"image\":{\"@id\":\"https:\/\/culturbaine.com\/#\/schema\/logo\/image\/\"},\"sameAs\":[\"https:\/\/www.facebook.com\/Culturbaines\",\"https:\/\/x.com\/culturbaines\"]},{\"@type\":\"Person\",\"@id\":\"https:\/\/culturbaine.com\/#\/schema\/person\/42eb7485c572e0746c1ea6b8216c3814\",\"name\":\"admin1\",\"image\":{\"@type\":\"ImageObject\",\"inLanguage\":\"fr-FR\",\"@id\":\"https:\/\/culturbaine.com\/#\/schema\/person\/image\/\",\"url\":\"https:\/\/secure.gravatar.com\/avatar\/c268f4d483ce0486e5a10fee87bbf756?s=96&d=mm&r=g\",\"contentUrl\":\"https:\/\/secure.gravatar.com\/avatar\/c268f4d483ce0486e5a10fee87bbf756?s=96&d=mm&r=g\",\"caption\":\"admin1\"},\"url\":\"https:\/\/culturbaine.com\/index.php\/author\/admin1\/\"}]}<\/script>\n<!-- \/ Yoast SEO Premium plugin. -->","yoast_head_json":{"title":"La Guin\u00e9e, pays invit\u00e9 d'honneur de la 2\u00e8me \u00e9dition de Tarru Rap Galsen au S\u00e9n\u00e9gal\u00a0 - Culturbaine","robots":{"index":"index","follow":"follow","max-snippet":"max-snippet:-1","max-image-preview":"max-image-preview:large","max-video-preview":"max-video-preview:-1"},"canonical":"http:\/\/culturbaine.com\/index.php\/2023\/11\/11\/la-guinee-pays-invite-dhonneur-de-la-2eme-edition-de-tarru-rap-galsen-au-senegal\/","og_locale":"fr_FR","og_type":"article","og_title":"La Guin\u00e9e, pays invit\u00e9 d'honneur de la 2\u00e8me \u00e9dition de Tarru Rap Galsen au S\u00e9n\u00e9gal\u00a0","og_description":"Dakar Arena sera le lieu de convergence des cultures urbaines du 19 au 23 d\u00e9cembre prochain, lors de la deuxi\u00e8me \u00e9dition de Tarru Rap Galsen. Un \u00e9v\u00e9nement majeur qui co\u00efncide avec le cinquanti\u00e8me anniversaire du hip-hop dans le monde. Cette \u00e9dition mettra en lumi\u00e8re les th\u00e8mes \u00ab\u00a0Le Hip-hop et le num\u00e9rique\u00a0\u00bb et \u00ab\u00a0Les m\u00e9tiers de [&hellip;]","og_url":"http:\/\/culturbaine.com\/index.php\/2023\/11\/11\/la-guinee-pays-invite-dhonneur-de-la-2eme-edition-de-tarru-rap-galsen-au-senegal\/","og_site_name":"Culturbaine","article_publisher":"https:\/\/www.facebook.com\/Culturbaines","article_published_time":"2023-11-11T12:54:48+00:00","og_image":[{"width":720,"height":434,"url":"http:\/\/culturbaine.com\/wp-content\/uploads\/2023\/11\/16996063298482.jpg","type":"image\/jpeg"}],"author":"admin1","twitter_card":"summary_large_image","twitter_creator":"@culturbaines","twitter_site":"@culturbaines","twitter_misc":{"\u00c9crit par":"admin1","Dur\u00e9e de lecture estim\u00e9e":"2 minutes"},"schema":{"@context":"https:\/\/schema.org","@graph":[{"@type":"Article","@id":"http:\/\/culturbaine.com\/index.php\/2023\/11\/11\/la-guinee-pays-invite-dhonneur-de-la-2eme-edition-de-tarru-rap-galsen-au-senegal\/#article","isPartOf":{"@id":"http:\/\/culturbaine.com\/index.php\/2023\/11\/11\/la-guinee-pays-invite-dhonneur-de-la-2eme-edition-de-tarru-rap-galsen-au-senegal\/"},"author":{"name":"admin1","@id":"https:\/\/culturbaine.com\/#\/schema\/person\/42eb7485c572e0746c1ea6b8216c3814"},"headline":"La Guin\u00e9e, pays invit\u00e9 d&rsquo;honneur de la 2\u00e8me \u00e9dition de Tarru Rap Galsen au S\u00e9n\u00e9gal\u00a0","datePublished":"2023-11-11T12:54:48+00:00","dateModified":"2023-11-11T12:54:48+00:00","mainEntityOfPage":{"@id":"http:\/\/culturbaine.com\/index.php\/2023\/11\/11\/la-guinee-pays-invite-dhonneur-de-la-2eme-edition-de-tarru-rap-galsen-au-senegal\/"},"wordCount":317,"publisher":{"@id":"https:\/\/culturbaine.com\/#organization"},"image":{"@id":"http:\/\/culturbaine.com\/index.php\/2023\/11\/11\/la-guinee-pays-invite-dhonneur-de-la-2eme-edition-de-tarru-rap-galsen-au-senegal\/#primaryimage"},"thumbnailUrl":"https:\/\/culturbaine.com\/wp-content\/uploads\/2023\/11\/16996063298482.jpg","keywords":["2\u00e8me \u00e9dition de","Acte 2","Cultures urbaines","Guin\u00e9e","pays invit\u00e9 d'honneur","S\u00e9n\u00e9gal","Tarru Rap Galsen"],"articleSection":["Actualit\u00e9","Agenda"],"inLanguage":"fr-FR"},{"@type":"WebPage","@id":"http:\/\/culturbaine.com\/index.php\/2023\/11\/11\/la-guinee-pays-invite-dhonneur-de-la-2eme-edition-de-tarru-rap-galsen-au-senegal\/","url":"http:\/\/culturbaine.com\/index.php\/2023\/11\/11\/la-guinee-pays-invite-dhonneur-de-la-2eme-edition-de-tarru-rap-galsen-au-senegal\/","name":"La Guin\u00e9e, pays invit\u00e9 d'honneur de la 2\u00e8me \u00e9dition de Tarru Rap Galsen au S\u00e9n\u00e9gal\u00a0 - Culturbaine","isPartOf":{"@id":"https:\/\/culturbaine.com\/#website"},"primaryImageOfPage":{"@id":"http:\/\/culturbaine.com\/index.php\/2023\/11\/11\/la-guinee-pays-invite-dhonneur-de-la-2eme-edition-de-tarru-rap-galsen-au-senegal\/#primaryimage"},"image":{"@id":"http:\/\/culturbaine.com\/index.php\/2023\/11\/11\/la-guinee-pays-invite-dhonneur-de-la-2eme-edition-de-tarru-rap-galsen-au-senegal\/#primaryimage"},"thumbnailUrl":"https:\/\/culturbaine.com\/wp-content\/uploads\/2023\/11\/16996063298482.jpg","datePublished":"2023-11-11T12:54:48+00:00","dateModified":"2023-11-11T12:54:48+00:00","breadcrumb":{"@id":"http:\/\/culturbaine.com\/index.php\/2023\/11\/11\/la-guinee-pays-invite-dhonneur-de-la-2eme-edition-de-tarru-rap-galsen-au-senegal\/#breadcrumb"},"inLanguage":"fr-FR","potentialAction":[{"@type":"ReadAction","target":["http:\/\/culturbaine.com\/index.php\/2023\/11\/11\/la-guinee-pays-invite-dhonneur-de-la-2eme-edition-de-tarru-rap-galsen-au-senegal\/"]}]},{"@type":"ImageObject","inLanguage":"fr-FR","@id":"http:\/\/culturbaine.com\/index.php\/2023\/11\/11\/la-guinee-pays-invite-dhonneur-de-la-2eme-edition-de-tarru-rap-galsen-au-senegal\/#primaryimage","url":"https:\/\/culturbaine.com\/wp-content\/uploads\/2023\/11\/16996063298482.jpg","contentUrl":"https:\/\/culturbaine.com\/wp-content\/uploads\/2023\/11\/16996063298482.jpg","width":720,"height":434},{"@type":"BreadcrumbList","@id":"http:\/\/culturbaine.com\/index.php\/2023\/11\/11\/la-guinee-pays-invite-dhonneur-de-la-2eme-edition-de-tarru-rap-galsen-au-senegal\/#breadcrumb","itemListElement":[{"@type":"ListItem","position":1,"name":"Home","item":"https:\/\/culturbaine.com\/"},{"@type":"ListItem","position":2,"name":"La Guin\u00e9e, pays invit\u00e9 d&rsquo;honneur de la 2\u00e8me \u00e9dition de Tarru Rap Galsen au S\u00e9n\u00e9gal\u00a0"}]},{"@type":"WebSite","@id":"https:\/\/culturbaine.com\/#website","url":"https:\/\/culturbaine.com\/","name":"Culturbaine.com","description":"Toute l&#039;actualit\u00e9 des Cultures Urbaines, en un clic  !","publisher":{"@id":"https:\/\/culturbaine.com\/#organization"},"potentialAction":[{"@type":"SearchAction","target":{"@type":"EntryPoint","urlTemplate":"https:\/\/culturbaine.com\/?s={search_term_string}"},"query-input":{"@type":"PropertyValueSpecification","valueRequired":true,"valueName":"search_term_string"}}],"inLanguage":"fr-FR"},{"@type":"Organization","@id":"https:\/\/culturbaine.com\/#organization","name":"Culturbaine.com","url":"https:\/\/culturbaine.com\/","logo":{"@type":"ImageObject","inLanguage":"fr-FR","@id":"https:\/\/culturbaine.com\/#\/schema\/logo\/image\/","url":"https:\/\/culturbaine.com\/wp-content\/uploads\/2023\/07\/WhatsApp-Image-2023-07-17-at-14.38.18.jpeg","contentUrl":"https:\/\/culturbaine.com\/wp-content\/uploads\/2023\/07\/WhatsApp-Image-2023-07-17-at-14.38.18.jpeg","width":855,"height":270,"caption":"Culturbaine.com"},"image":{"@id":"https:\/\/culturbaine.com\/#\/schema\/logo\/image\/"},"sameAs":["https:\/\/www.facebook.com\/Culturbaines","https:\/\/x.com\/culturbaines"]},{"@type":"Person","@id":"https:\/\/culturbaine.com\/#\/schema\/person\/42eb7485c572e0746c1ea6b8216c3814","name":"admin1","image":{"@type":"ImageObject","inLanguage":"fr-FR","@id":"https:\/\/culturbaine.com\/#\/schema\/person\/image\/","url":"https:\/\/secure.gravatar.com\/avatar\/c268f4d483ce0486e5a10fee87bbf756?s=96&d=mm&r=g","contentUrl":"https:\/\/secure.gravatar.com\/avatar\/c268f4d483ce0486e5a10fee87bbf756?s=96&d=mm&r=g","caption":"admin1"},"url":"https:\/\/culturbaine.com\/index.php\/author\/admin1\/"}]}},"_links":{"self":[{"href":"https:\/\/culturbaine.com\/index.php\/wp-json\/wp\/v2\/posts\/2200"}],"collection":[{"href":"https:\/\/culturbaine.com\/index.php\/wp-json\/wp\/v2\/posts"}],"about":[{"href":"https:\/\/culturbaine.com\/index.php\/wp-json\/wp\/v2\/types\/post"}],"author":[{"embeddable":true,"href":"https:\/\/culturbaine.com\/index.php\/wp-json\/wp\/v2\/users\/2"}],"replies":[{"embeddable":true,"href":"https:\/\/culturbaine.com\/index.php\/wp-json\/wp\/v2\/comments?post=2200"}],"version-history":[{"count":0,"href":"https:\/\/culturbaine.com\/index.php\/wp-json\/wp\/v2\/posts\/2200\/revisions"}],"wp:featuredmedia":[{"embeddable":true,"href":"https:\/\/culturbaine.com\/index.php\/wp-json\/wp\/v2\/media\/2202"}],"wp:attachment":[{"href":"https:\/\/culturbaine.com\/index.php\/wp-json\/wp\/v2\/media?parent=2200"}],"wp:term":[{"taxonomy":"category","embeddable":true,"href":"https:\/\/culturbaine.com\/index.php\/wp-json\/wp\/v2\/categories?post=2200"},{"taxonomy":"post_tag","embeddable":true,"href":"https:\/\/culturbaine.com\/index.php\/wp-json\/wp\/v2\/tags?post=2200"}],"curies":[{"name":"wp","href":"https:\/\/api.w.org\/{rel}","templated":true}]}}