{"id":1780,"date":"2023-10-18T20:14:18","date_gmt":"2023-10-18T20:14:18","guid":{"rendered":"http:\/\/culturbaine.com\/?p=1780"},"modified":"2023-10-18T20:14:18","modified_gmt":"2023-10-18T20:14:18","slug":"wally-b-seck-brise-les-frontieres-musicales-avec-son-album-i-wanna-be-free","status":"publish","type":"post","link":"https:\/\/culturbaine.com\/index.php\/2023\/10\/18\/wally-b-seck-brise-les-frontieres-musicales-avec-son-album-i-wanna-be-free\/","title":{"rendered":"Wally B Seck Brise les Fronti\u00e8res Musicales avec son album \u00ab\u00a0I Wanna Be Free\u00a0\u00bb\u00a0"},"content":{"rendered":"<p><span>Le 6 octobre dernier, <\/span><b>Wally B Seck,<\/b><span> l&rsquo;artiste s\u00e9n\u00e9galais de renom, a d\u00e9voil\u00e9 son dernier chef-d&rsquo;\u0153uvre musical intitul\u00e9 <\/span><b>\u00ab\u00a0I Wanna Be Free<\/b><span>.\u00a0\u00bb Cet album, compos\u00e9 de 20 titres, est le fruit d&rsquo;une collaboration internationale qui a vu <\/span><b>Wally<\/b><span> inviter des talents tels que son p\u00e8re <\/span><b>Thionne Ballago<\/b> <b>Seck, Marco Alexander,<\/b><span> et le rappeur fran\u00e7ais <\/span><b>Landy<\/b><span>.<\/span><\/p>\n<p><span style=\"font-weight: 400;\">Lors de sa r\u00e9cente apparition sur l&rsquo;\u00e9mission \u00ab\u00a0<\/span><b>Couleur Tropicale<\/b><span style=\"font-weight: 400;\">\u00a0\u00bb sur RFI, Wally B Seck a \u00e9t\u00e9 interrog\u00e9 sur le sens du titre de son album, \u00ab\u00a0I <\/span><b>Wanna Be Free<\/b><span style=\"font-weight: 400;\">,\u00a0\u00bb qui se traduit litt\u00e9ralement par \u00ab\u00a0Je veux \u00eatre libre.\u00a0\u00bb Sa r\u00e9ponse \u00e0 cette question est r\u00e9v\u00e9latrice de l&rsquo;essence de l&rsquo;album. Il a expliqu\u00e9 que sa qu\u00eate de libert\u00e9 s&rsquo;articule principalement autour de la libert\u00e9 musicale, celle qui lui permet de parcourir le monde et de partager sa musique avec divers publics.<\/span><\/p>\n<p><span style=\"font-weight: 400;\">Ce nouvel opus de Wally B Seck embrasse une vaste palette de registres musicaux, fusionnant avec brio la musique traditionnelle et la musique urbaine. L&rsquo;album explore des genres tels que le RnB, l&rsquo;Afrobeat, et bien d&rsquo;autres, d\u00e9montrant la polyvalence de l&rsquo;artiste. En ce qui concerne cette diversit\u00e9 musicale, Wally d\u00e9clare : \u00ab\u00a0<\/span><b><i>Pour moi, cela se produit naturellement en raison de la soci\u00e9t\u00e9 et de mes voyages. En envoyant des id\u00e9es, il suffit d&rsquo;\u00eatre authentique dans tes compositions pour toucher les c\u0153urs et exprimer tout ce que tu d\u00e9sires<\/i><\/b><span style=\"font-weight: 400;\">.\u00a0\u00bb<\/span><\/p>\n<p><span style=\"font-weight: 400;\">\u00ab\u00a0<\/span><b>I Wanna Be Free<\/b><span style=\"font-weight: 400;\">\u00a0\u00bb est un voyage musical exaltant, une fusion d&rsquo;influences culturelles qui transcende les fronti\u00e8res. Wally B Seck a su capturer l&rsquo;essence de la libert\u00e9 \u00e0 travers sa musique, et cet album est un t\u00e9moignage de son talent artistique exceptionnel.<\/span><\/p>\n<p><span style=\"font-weight: 400;\">Pour d\u00e9couvrir l&rsquo;album \u00ab\u00a0<\/span><b>I Wanna Be Free<\/b><span style=\"font-weight: 400;\">\u00a0\u00bb de <\/span><b>Wally B Seck,<\/b><span style=\"font-weight: 400;\"> suivez ce lien :\u00a0<\/span><\/p>\n<p><a href=\"https:\/\/spotify.link\/OFOGWI0i0Db\">https:\/\/spotify.link\/OFOGWI0i0Db<\/a><\/p>\n<p><b>Mohamed Cinq Sylla<\/b><\/p>\n","protected":false},"excerpt":{"rendered":"<p>Le 6 octobre dernier, Wally B Seck, l&rsquo;artiste s\u00e9n\u00e9galais de renom, a d\u00e9voil\u00e9 son dernier chef-d&rsquo;\u0153uvre musical intitul\u00e9 \u00ab\u00a0I Wanna Be Free.\u00a0\u00bb Cet album, compos\u00e9 de 20 titres, est le fruit d&rsquo;une collaboration internationale qui a vu Wally inviter des talents tels que son p\u00e8re Thionne Ballago Seck, Marco Alexander, et le rappeur fran\u00e7ais Landy. [&hellip;]<\/p>\n","protected":false},"author":2,"featured_media":1782,"comment_status":"open","ping_status":"open","sticky":false,"template":"","format":"standard","meta":{"_mi_skip_tracking":false,"_monsterinsights_sitenote_active":false,"_monsterinsights_sitenote_note":"","_monsterinsights_sitenote_category":0,"footnotes":""},"categories":[21,500],"tags":[804,120,109,803],"class_list":["post-1780","post","type-post","status-publish","format-standard","has-post-thumbnail","hentry","category-actualite","category-musique","tag-i-wanna-be-free","tag-nouvel-album","tag-senegal","tag-wally-b-seck"],"yoast_head":"<!-- This site is optimized with the Yoast SEO Premium plugin v20.1 (Yoast SEO v24.0) - https:\/\/yoast.com\/wordpress\/plugins\/seo\/ -->\n<title>Wally B Seck Brise les Fronti\u00e8res Musicales avec son album &quot;I Wanna Be Free&quot;\u00a0 - Culturbaine<\/title>\n<meta name=\"robots\" content=\"index, follow, max-snippet:-1, max-image-preview:large, max-video-preview:-1\" \/>\n<link rel=\"canonical\" href=\"http:\/\/culturbaine.com\/index.php\/2023\/10\/18\/wally-b-seck-brise-les-frontieres-musicales-avec-son-album-i-wanna-be-free\/\" \/>\n<meta property=\"og:locale\" content=\"fr_FR\" \/>\n<meta property=\"og:type\" content=\"article\" \/>\n<meta property=\"og:title\" content=\"Wally B Seck Brise les Fronti\u00e8res Musicales avec son album &quot;I Wanna Be Free&quot;\u00a0\" \/>\n<meta property=\"og:description\" content=\"Le 6 octobre dernier, Wally B Seck, l&rsquo;artiste s\u00e9n\u00e9galais de renom, a d\u00e9voil\u00e9 son dernier chef-d&rsquo;\u0153uvre musical intitul\u00e9 \u00ab\u00a0I Wanna Be Free.\u00a0\u00bb Cet album, compos\u00e9 de 20 titres, est le fruit d&rsquo;une collaboration internationale qui a vu Wally inviter des talents tels que son p\u00e8re Thionne Ballago Seck, Marco Alexander, et le rappeur fran\u00e7ais Landy. [&hellip;]\" \/>\n<meta property=\"og:url\" content=\"http:\/\/culturbaine.com\/index.php\/2023\/10\/18\/wally-b-seck-brise-les-frontieres-musicales-avec-son-album-i-wanna-be-free\/\" \/>\n<meta property=\"og:site_name\" content=\"Culturbaine\" \/>\n<meta property=\"article:publisher\" content=\"https:\/\/www.facebook.com\/Culturbaines\" \/>\n<meta property=\"article:published_time\" content=\"2023-10-18T20:14:18+00:00\" \/>\n<meta property=\"og:image\" content=\"http:\/\/culturbaine.com\/wp-content\/uploads\/2023\/10\/Screenshot_20231018-200852.jpg\" \/>\n\t<meta property=\"og:image:width\" content=\"720\" \/>\n\t<meta property=\"og:image:height\" content=\"457\" \/>\n\t<meta property=\"og:image:type\" content=\"image\/jpeg\" \/>\n<meta name=\"author\" content=\"admin1\" \/>\n<meta name=\"twitter:card\" content=\"summary_large_image\" \/>\n<meta name=\"twitter:creator\" content=\"@culturbaines\" \/>\n<meta name=\"twitter:site\" content=\"@culturbaines\" \/>\n<meta name=\"twitter:label1\" content=\"\u00c9crit par\" \/>\n\t<meta name=\"twitter:data1\" content=\"admin1\" \/>\n\t<meta name=\"twitter:label2\" content=\"Dur\u00e9e de lecture estim\u00e9e\" \/>\n\t<meta name=\"twitter:data2\" content=\"2 minutes\" \/>\n<script type=\"application\/ld+json\" class=\"yoast-schema-graph\">{\"@context\":\"https:\/\/schema.org\",\"@graph\":[{\"@type\":\"Article\",\"@id\":\"http:\/\/culturbaine.com\/index.php\/2023\/10\/18\/wally-b-seck-brise-les-frontieres-musicales-avec-son-album-i-wanna-be-free\/#article\",\"isPartOf\":{\"@id\":\"http:\/\/culturbaine.com\/index.php\/2023\/10\/18\/wally-b-seck-brise-les-frontieres-musicales-avec-son-album-i-wanna-be-free\/\"},\"author\":{\"name\":\"admin1\",\"@id\":\"https:\/\/culturbaine.com\/#\/schema\/person\/42eb7485c572e0746c1ea6b8216c3814\"},\"headline\":\"Wally B Seck Brise les Fronti\u00e8res Musicales avec son album \u00ab\u00a0I Wanna Be Free\u00a0\u00bb\u00a0\",\"datePublished\":\"2023-10-18T20:14:18+00:00\",\"dateModified\":\"2023-10-18T20:14:18+00:00\",\"mainEntityOfPage\":{\"@id\":\"http:\/\/culturbaine.com\/index.php\/2023\/10\/18\/wally-b-seck-brise-les-frontieres-musicales-avec-son-album-i-wanna-be-free\/\"},\"wordCount\":333,\"commentCount\":0,\"publisher\":{\"@id\":\"https:\/\/culturbaine.com\/#organization\"},\"image\":{\"@id\":\"http:\/\/culturbaine.com\/index.php\/2023\/10\/18\/wally-b-seck-brise-les-frontieres-musicales-avec-son-album-i-wanna-be-free\/#primaryimage\"},\"thumbnailUrl\":\"https:\/\/culturbaine.com\/wp-content\/uploads\/2023\/10\/Screenshot_20231018-200852.jpg\",\"keywords\":[\"I WANNA BE FREE\",\"nouvel album\",\"S\u00e9n\u00e9gal\",\"Wally B SECK\"],\"articleSection\":[\"Actualit\u00e9\",\"Musique\"],\"inLanguage\":\"fr-FR\"},{\"@type\":\"WebPage\",\"@id\":\"http:\/\/culturbaine.com\/index.php\/2023\/10\/18\/wally-b-seck-brise-les-frontieres-musicales-avec-son-album-i-wanna-be-free\/\",\"url\":\"http:\/\/culturbaine.com\/index.php\/2023\/10\/18\/wally-b-seck-brise-les-frontieres-musicales-avec-son-album-i-wanna-be-free\/\",\"name\":\"Wally B Seck Brise les Fronti\u00e8res Musicales avec son album \\\"I Wanna Be Free\\\"\u00a0 - Culturbaine\",\"isPartOf\":{\"@id\":\"https:\/\/culturbaine.com\/#website\"},\"primaryImageOfPage\":{\"@id\":\"http:\/\/culturbaine.com\/index.php\/2023\/10\/18\/wally-b-seck-brise-les-frontieres-musicales-avec-son-album-i-wanna-be-free\/#primaryimage\"},\"image\":{\"@id\":\"http:\/\/culturbaine.com\/index.php\/2023\/10\/18\/wally-b-seck-brise-les-frontieres-musicales-avec-son-album-i-wanna-be-free\/#primaryimage\"},\"thumbnailUrl\":\"https:\/\/culturbaine.com\/wp-content\/uploads\/2023\/10\/Screenshot_20231018-200852.jpg\",\"datePublished\":\"2023-10-18T20:14:18+00:00\",\"dateModified\":\"2023-10-18T20:14:18+00:00\",\"breadcrumb\":{\"@id\":\"http:\/\/culturbaine.com\/index.php\/2023\/10\/18\/wally-b-seck-brise-les-frontieres-musicales-avec-son-album-i-wanna-be-free\/#breadcrumb\"},\"inLanguage\":\"fr-FR\",\"potentialAction\":[{\"@type\":\"ReadAction\",\"target\":[\"http:\/\/culturbaine.com\/index.php\/2023\/10\/18\/wally-b-seck-brise-les-frontieres-musicales-avec-son-album-i-wanna-be-free\/\"]}]},{\"@type\":\"ImageObject\",\"inLanguage\":\"fr-FR\",\"@id\":\"http:\/\/culturbaine.com\/index.php\/2023\/10\/18\/wally-b-seck-brise-les-frontieres-musicales-avec-son-album-i-wanna-be-free\/#primaryimage\",\"url\":\"https:\/\/culturbaine.com\/wp-content\/uploads\/2023\/10\/Screenshot_20231018-200852.jpg\",\"contentUrl\":\"https:\/\/culturbaine.com\/wp-content\/uploads\/2023\/10\/Screenshot_20231018-200852.jpg\",\"width\":720,\"height\":457},{\"@type\":\"BreadcrumbList\",\"@id\":\"http:\/\/culturbaine.com\/index.php\/2023\/10\/18\/wally-b-seck-brise-les-frontieres-musicales-avec-son-album-i-wanna-be-free\/#breadcrumb\",\"itemListElement\":[{\"@type\":\"ListItem\",\"position\":1,\"name\":\"Home\",\"item\":\"https:\/\/culturbaine.com\/\"},{\"@type\":\"ListItem\",\"position\":2,\"name\":\"Wally B Seck Brise les Fronti\u00e8res Musicales avec son album \u00ab\u00a0I Wanna Be Free\u00a0\u00bb\u00a0\"}]},{\"@type\":\"WebSite\",\"@id\":\"https:\/\/culturbaine.com\/#website\",\"url\":\"https:\/\/culturbaine.com\/\",\"name\":\"Culturbaine.com\",\"description\":\"Toute l&#039;actualit\u00e9 des Cultures Urbaines, en un clic  !\",\"publisher\":{\"@id\":\"https:\/\/culturbaine.com\/#organization\"},\"potentialAction\":[{\"@type\":\"SearchAction\",\"target\":{\"@type\":\"EntryPoint\",\"urlTemplate\":\"https:\/\/culturbaine.com\/?s={search_term_string}\"},\"query-input\":{\"@type\":\"PropertyValueSpecification\",\"valueRequired\":true,\"valueName\":\"search_term_string\"}}],\"inLanguage\":\"fr-FR\"},{\"@type\":\"Organization\",\"@id\":\"https:\/\/culturbaine.com\/#organization\",\"name\":\"Culturbaine.com\",\"url\":\"https:\/\/culturbaine.com\/\",\"logo\":{\"@type\":\"ImageObject\",\"inLanguage\":\"fr-FR\",\"@id\":\"https:\/\/culturbaine.com\/#\/schema\/logo\/image\/\",\"url\":\"https:\/\/culturbaine.com\/wp-content\/uploads\/2023\/07\/WhatsApp-Image-2023-07-17-at-14.38.18.jpeg\",\"contentUrl\":\"https:\/\/culturbaine.com\/wp-content\/uploads\/2023\/07\/WhatsApp-Image-2023-07-17-at-14.38.18.jpeg\",\"width\":855,\"height\":270,\"caption\":\"Culturbaine.com\"},\"image\":{\"@id\":\"https:\/\/culturbaine.com\/#\/schema\/logo\/image\/\"},\"sameAs\":[\"https:\/\/www.facebook.com\/Culturbaines\",\"https:\/\/x.com\/culturbaines\"]},{\"@type\":\"Person\",\"@id\":\"https:\/\/culturbaine.com\/#\/schema\/person\/42eb7485c572e0746c1ea6b8216c3814\",\"name\":\"admin1\",\"image\":{\"@type\":\"ImageObject\",\"inLanguage\":\"fr-FR\",\"@id\":\"https:\/\/culturbaine.com\/#\/schema\/person\/image\/\",\"url\":\"https:\/\/secure.gravatar.com\/avatar\/c268f4d483ce0486e5a10fee87bbf756?s=96&d=mm&r=g\",\"contentUrl\":\"https:\/\/secure.gravatar.com\/avatar\/c268f4d483ce0486e5a10fee87bbf756?s=96&d=mm&r=g\",\"caption\":\"admin1\"},\"url\":\"https:\/\/culturbaine.com\/index.php\/author\/admin1\/\"}]}<\/script>\n<!-- \/ Yoast SEO Premium plugin. -->","yoast_head_json":{"title":"Wally B Seck Brise les Fronti\u00e8res Musicales avec son album \"I Wanna Be Free\"\u00a0 - Culturbaine","robots":{"index":"index","follow":"follow","max-snippet":"max-snippet:-1","max-image-preview":"max-image-preview:large","max-video-preview":"max-video-preview:-1"},"canonical":"http:\/\/culturbaine.com\/index.php\/2023\/10\/18\/wally-b-seck-brise-les-frontieres-musicales-avec-son-album-i-wanna-be-free\/","og_locale":"fr_FR","og_type":"article","og_title":"Wally B Seck Brise les Fronti\u00e8res Musicales avec son album \"I Wanna Be Free\"\u00a0","og_description":"Le 6 octobre dernier, Wally B Seck, l&rsquo;artiste s\u00e9n\u00e9galais de renom, a d\u00e9voil\u00e9 son dernier chef-d&rsquo;\u0153uvre musical intitul\u00e9 \u00ab\u00a0I Wanna Be Free.\u00a0\u00bb Cet album, compos\u00e9 de 20 titres, est le fruit d&rsquo;une collaboration internationale qui a vu Wally inviter des talents tels que son p\u00e8re Thionne Ballago Seck, Marco Alexander, et le rappeur fran\u00e7ais Landy. [&hellip;]","og_url":"http:\/\/culturbaine.com\/index.php\/2023\/10\/18\/wally-b-seck-brise-les-frontieres-musicales-avec-son-album-i-wanna-be-free\/","og_site_name":"Culturbaine","article_publisher":"https:\/\/www.facebook.com\/Culturbaines","article_published_time":"2023-10-18T20:14:18+00:00","og_image":[{"width":720,"height":457,"url":"http:\/\/culturbaine.com\/wp-content\/uploads\/2023\/10\/Screenshot_20231018-200852.jpg","type":"image\/jpeg"}],"author":"admin1","twitter_card":"summary_large_image","twitter_creator":"@culturbaines","twitter_site":"@culturbaines","twitter_misc":{"\u00c9crit par":"admin1","Dur\u00e9e de lecture estim\u00e9e":"2 minutes"},"schema":{"@context":"https:\/\/schema.org","@graph":[{"@type":"Article","@id":"http:\/\/culturbaine.com\/index.php\/2023\/10\/18\/wally-b-seck-brise-les-frontieres-musicales-avec-son-album-i-wanna-be-free\/#article","isPartOf":{"@id":"http:\/\/culturbaine.com\/index.php\/2023\/10\/18\/wally-b-seck-brise-les-frontieres-musicales-avec-son-album-i-wanna-be-free\/"},"author":{"name":"admin1","@id":"https:\/\/culturbaine.com\/#\/schema\/person\/42eb7485c572e0746c1ea6b8216c3814"},"headline":"Wally B Seck Brise les Fronti\u00e8res Musicales avec son album \u00ab\u00a0I Wanna Be Free\u00a0\u00bb\u00a0","datePublished":"2023-10-18T20:14:18+00:00","dateModified":"2023-10-18T20:14:18+00:00","mainEntityOfPage":{"@id":"http:\/\/culturbaine.com\/index.php\/2023\/10\/18\/wally-b-seck-brise-les-frontieres-musicales-avec-son-album-i-wanna-be-free\/"},"wordCount":333,"commentCount":0,"publisher":{"@id":"https:\/\/culturbaine.com\/#organization"},"image":{"@id":"http:\/\/culturbaine.com\/index.php\/2023\/10\/18\/wally-b-seck-brise-les-frontieres-musicales-avec-son-album-i-wanna-be-free\/#primaryimage"},"thumbnailUrl":"https:\/\/culturbaine.com\/wp-content\/uploads\/2023\/10\/Screenshot_20231018-200852.jpg","keywords":["I WANNA BE FREE","nouvel album","S\u00e9n\u00e9gal","Wally B SECK"],"articleSection":["Actualit\u00e9","Musique"],"inLanguage":"fr-FR"},{"@type":"WebPage","@id":"http:\/\/culturbaine.com\/index.php\/2023\/10\/18\/wally-b-seck-brise-les-frontieres-musicales-avec-son-album-i-wanna-be-free\/","url":"http:\/\/culturbaine.com\/index.php\/2023\/10\/18\/wally-b-seck-brise-les-frontieres-musicales-avec-son-album-i-wanna-be-free\/","name":"Wally B Seck Brise les Fronti\u00e8res Musicales avec son album \"I Wanna Be Free\"\u00a0 - Culturbaine","isPartOf":{"@id":"https:\/\/culturbaine.com\/#website"},"primaryImageOfPage":{"@id":"http:\/\/culturbaine.com\/index.php\/2023\/10\/18\/wally-b-seck-brise-les-frontieres-musicales-avec-son-album-i-wanna-be-free\/#primaryimage"},"image":{"@id":"http:\/\/culturbaine.com\/index.php\/2023\/10\/18\/wally-b-seck-brise-les-frontieres-musicales-avec-son-album-i-wanna-be-free\/#primaryimage"},"thumbnailUrl":"https:\/\/culturbaine.com\/wp-content\/uploads\/2023\/10\/Screenshot_20231018-200852.jpg","datePublished":"2023-10-18T20:14:18+00:00","dateModified":"2023-10-18T20:14:18+00:00","breadcrumb":{"@id":"http:\/\/culturbaine.com\/index.php\/2023\/10\/18\/wally-b-seck-brise-les-frontieres-musicales-avec-son-album-i-wanna-be-free\/#breadcrumb"},"inLanguage":"fr-FR","potentialAction":[{"@type":"ReadAction","target":["http:\/\/culturbaine.com\/index.php\/2023\/10\/18\/wally-b-seck-brise-les-frontieres-musicales-avec-son-album-i-wanna-be-free\/"]}]},{"@type":"ImageObject","inLanguage":"fr-FR","@id":"http:\/\/culturbaine.com\/index.php\/2023\/10\/18\/wally-b-seck-brise-les-frontieres-musicales-avec-son-album-i-wanna-be-free\/#primaryimage","url":"https:\/\/culturbaine.com\/wp-content\/uploads\/2023\/10\/Screenshot_20231018-200852.jpg","contentUrl":"https:\/\/culturbaine.com\/wp-content\/uploads\/2023\/10\/Screenshot_20231018-200852.jpg","width":720,"height":457},{"@type":"BreadcrumbList","@id":"http:\/\/culturbaine.com\/index.php\/2023\/10\/18\/wally-b-seck-brise-les-frontieres-musicales-avec-son-album-i-wanna-be-free\/#breadcrumb","itemListElement":[{"@type":"ListItem","position":1,"name":"Home","item":"https:\/\/culturbaine.com\/"},{"@type":"ListItem","position":2,"name":"Wally B Seck Brise les Fronti\u00e8res Musicales avec son album \u00ab\u00a0I Wanna Be Free\u00a0\u00bb\u00a0"}]},{"@type":"WebSite","@id":"https:\/\/culturbaine.com\/#website","url":"https:\/\/culturbaine.com\/","name":"Culturbaine.com","description":"Toute l&#039;actualit\u00e9 des Cultures Urbaines, en un clic  !","publisher":{"@id":"https:\/\/culturbaine.com\/#organization"},"potentialAction":[{"@type":"SearchAction","target":{"@type":"EntryPoint","urlTemplate":"https:\/\/culturbaine.com\/?s={search_term_string}"},"query-input":{"@type":"PropertyValueSpecification","valueRequired":true,"valueName":"search_term_string"}}],"inLanguage":"fr-FR"},{"@type":"Organization","@id":"https:\/\/culturbaine.com\/#organization","name":"Culturbaine.com","url":"https:\/\/culturbaine.com\/","logo":{"@type":"ImageObject","inLanguage":"fr-FR","@id":"https:\/\/culturbaine.com\/#\/schema\/logo\/image\/","url":"https:\/\/culturbaine.com\/wp-content\/uploads\/2023\/07\/WhatsApp-Image-2023-07-17-at-14.38.18.jpeg","contentUrl":"https:\/\/culturbaine.com\/wp-content\/uploads\/2023\/07\/WhatsApp-Image-2023-07-17-at-14.38.18.jpeg","width":855,"height":270,"caption":"Culturbaine.com"},"image":{"@id":"https:\/\/culturbaine.com\/#\/schema\/logo\/image\/"},"sameAs":["https:\/\/www.facebook.com\/Culturbaines","https:\/\/x.com\/culturbaines"]},{"@type":"Person","@id":"https:\/\/culturbaine.com\/#\/schema\/person\/42eb7485c572e0746c1ea6b8216c3814","name":"admin1","image":{"@type":"ImageObject","inLanguage":"fr-FR","@id":"https:\/\/culturbaine.com\/#\/schema\/person\/image\/","url":"https:\/\/secure.gravatar.com\/avatar\/c268f4d483ce0486e5a10fee87bbf756?s=96&d=mm&r=g","contentUrl":"https:\/\/secure.gravatar.com\/avatar\/c268f4d483ce0486e5a10fee87bbf756?s=96&d=mm&r=g","caption":"admin1"},"url":"https:\/\/culturbaine.com\/index.php\/author\/admin1\/"}]}},"_links":{"self":[{"href":"https:\/\/culturbaine.com\/index.php\/wp-json\/wp\/v2\/posts\/1780"}],"collection":[{"href":"https:\/\/culturbaine.com\/index.php\/wp-json\/wp\/v2\/posts"}],"about":[{"href":"https:\/\/culturbaine.com\/index.php\/wp-json\/wp\/v2\/types\/post"}],"author":[{"embeddable":true,"href":"https:\/\/culturbaine.com\/index.php\/wp-json\/wp\/v2\/users\/2"}],"replies":[{"embeddable":true,"href":"https:\/\/culturbaine.com\/index.php\/wp-json\/wp\/v2\/comments?post=1780"}],"version-history":[{"count":0,"href":"https:\/\/culturbaine.com\/index.php\/wp-json\/wp\/v2\/posts\/1780\/revisions"}],"wp:featuredmedia":[{"embeddable":true,"href":"https:\/\/culturbaine.com\/index.php\/wp-json\/wp\/v2\/media\/1782"}],"wp:attachment":[{"href":"https:\/\/culturbaine.com\/index.php\/wp-json\/wp\/v2\/media?parent=1780"}],"wp:term":[{"taxonomy":"category","embeddable":true,"href":"https:\/\/culturbaine.com\/index.php\/wp-json\/wp\/v2\/categories?post=1780"},{"taxonomy":"post_tag","embeddable":true,"href":"https:\/\/culturbaine.com\/index.php\/wp-json\/wp\/v2\/tags?post=1780"}],"curies":[{"name":"wp","href":"https:\/\/api.w.org\/{rel}","templated":true}]}}