{"id":1719,"date":"2023-10-16T22:26:20","date_gmt":"2023-10-16T22:26:20","guid":{"rendered":"https:\/\/culturbaine.com\/?p=1719"},"modified":"2023-10-16T22:26:20","modified_gmt":"2023-10-16T22:26:20","slug":"banlieuzart-sous-lombre-de-la-blacklist-revelations-choc-de-marcus","status":"publish","type":"post","link":"https:\/\/culturbaine.com\/index.php\/2023\/10\/16\/banlieuzart-sous-lombre-de-la-blacklist-revelations-choc-de-marcus\/","title":{"rendered":"Banlieuz&rsquo;art sous l&rsquo;Ombre de la Blacklist : R\u00e9v\u00e9lations Choc de Marcus !"},"content":{"rendered":"<p><span>Lors de son passage dans l&rsquo;\u00e9mission <\/span><b>Before Grandes Gueules<\/b><span> de la radio Espace le week-end dernier, l&rsquo;artiste <\/span><b>Marcus<\/b><span> du groupe <\/span><b>Banlieuz&rsquo;art<\/b><span> a \u00e9voqu\u00e9 leur absence r\u00e9p\u00e9t\u00e9e au devant de la sc\u00e8ne.<\/span><\/p>\n<p><span style=\"font-weight: 400;\">Depuis leur s\u00e9paration avec leur manager <\/span><b>Abdou M&rsquo;baye<\/b><span style=\"font-weight: 400;\"> il y a quelques ann\u00e9es, le duo <\/span><b>Konko Malela<\/b><span style=\"font-weight: 400;\"> &amp; <\/span><b>King Salamon<\/b><span style=\"font-weight: 400;\"> peine \u00e0 acc\u00e9der aux sc\u00e8nes de renomm\u00e9e nationale, sous r\u00e9gionale voire internationale. Cette serait due en grande partie au fait que leur nom ait \u00e9t\u00e9 blacklist\u00e9 par certains acteurs culturels majeurs du pays.<\/span><\/p>\n<p><span style=\"font-weight: 400;\">Selon Marcus, <\/span><b>\u00ab Banlieuz&rsquo;art on est blacklist\u00e9 . Il ne nous invite pas sur leurs projets, mais ils savent qu&rsquo;on sait faire le show \u00bb. <\/b><span style=\"font-weight: 400;\">Cette d\u00e9claration a laiss\u00e9 de nombreuses personnes stup\u00e9faites et a soulev\u00e9 des interrogations sur les responsables de ces agissements. Malgr\u00e9 tout, <\/span><b>Sigui Baba<\/b><span style=\"font-weight: 400;\"> a gard\u00e9 l&rsquo;anonymat des personnes impliqu\u00e9es.<\/span><\/p>\n<p><span style=\"font-weight: 400;\">Cette sortie met en \u00e9vidence, de nombreux d\u00e9fis auxquels les artistes guin\u00e9ens sont confront\u00e9s pour se faire une place dans l&rsquo;industrie musicale. Alors que leur talent est reconnu par tous, des barri\u00e8res invisibles semblent entraver leur progression.<\/span><\/p>\n<p><span style=\"font-weight: 400;\">D&rsquo;ici-l\u00e0, leur blacklistage reste une \u00e9nigme \u00e0 suivre de pr\u00e8s.<\/span><\/p>\n<p><b>Mohamed Cinq Sylla\u00a0<\/b><\/p>\n","protected":false},"excerpt":{"rendered":"<p>Lors de son passage dans l&rsquo;\u00e9mission Before Grandes Gueules de la radio Espace le week-end dernier, l&rsquo;artiste Marcus du groupe Banlieuz&rsquo;art a \u00e9voqu\u00e9 leur absence r\u00e9p\u00e9t\u00e9e au devant de la sc\u00e8ne. Depuis leur s\u00e9paration avec leur manager Abdou M&rsquo;baye il y a quelques ann\u00e9es, le duo Konko Malela &amp; King Salamon peine \u00e0 acc\u00e9der aux [&hellip;]<\/p>\n","protected":false},"author":2,"featured_media":1721,"comment_status":"open","ping_status":"open","sticky":false,"template":"","format":"standard","meta":{"_mi_skip_tracking":false,"_monsterinsights_sitenote_active":false,"_monsterinsights_sitenote_note":"","_monsterinsights_sitenote_category":0,"footnotes":""},"categories":[21],"tags":[47,780,779,279],"class_list":["post-1719","post","type-post","status-publish","format-standard","has-post-thumbnail","hentry","category-actualite","tag-banlieuzart","tag-blacklist","tag-groupe-urbain","tag-guinee"],"yoast_head":"<!-- This site is optimized with the Yoast SEO Premium plugin v20.1 (Yoast SEO v24.0) - https:\/\/yoast.com\/wordpress\/plugins\/seo\/ -->\n<title>Banlieuz&#039;art sous l&#039;Ombre de la Blacklist : R\u00e9v\u00e9lations Choc de Marcus ! - Culturbaine<\/title>\n<meta name=\"robots\" content=\"index, follow, max-snippet:-1, max-image-preview:large, max-video-preview:-1\" \/>\n<link rel=\"canonical\" href=\"http:\/\/culturbaine.com\/index.php\/2023\/10\/16\/banlieuzart-sous-lombre-de-la-blacklist-revelations-choc-de-marcus\/\" \/>\n<meta property=\"og:locale\" content=\"fr_FR\" \/>\n<meta property=\"og:type\" content=\"article\" \/>\n<meta property=\"og:title\" content=\"Banlieuz&#039;art sous l&#039;Ombre de la Blacklist : R\u00e9v\u00e9lations Choc de Marcus !\" \/>\n<meta property=\"og:description\" content=\"Lors de son passage dans l&rsquo;\u00e9mission Before Grandes Gueules de la radio Espace le week-end dernier, l&rsquo;artiste Marcus du groupe Banlieuz&rsquo;art a \u00e9voqu\u00e9 leur absence r\u00e9p\u00e9t\u00e9e au devant de la sc\u00e8ne. Depuis leur s\u00e9paration avec leur manager Abdou M&rsquo;baye il y a quelques ann\u00e9es, le duo Konko Malela &amp; King Salamon peine \u00e0 acc\u00e9der aux [&hellip;]\" \/>\n<meta property=\"og:url\" content=\"http:\/\/culturbaine.com\/index.php\/2023\/10\/16\/banlieuzart-sous-lombre-de-la-blacklist-revelations-choc-de-marcus\/\" \/>\n<meta property=\"og:site_name\" content=\"Culturbaine\" \/>\n<meta property=\"article:publisher\" content=\"https:\/\/www.facebook.com\/Culturbaines\" \/>\n<meta property=\"article:published_time\" content=\"2023-10-16T22:26:20+00:00\" \/>\n<meta property=\"og:image\" content=\"http:\/\/culturbaine.com\/wp-content\/uploads\/2023\/10\/16974949020312.jpg\" \/>\n\t<meta property=\"og:image:width\" content=\"715\" \/>\n\t<meta property=\"og:image:height\" content=\"432\" \/>\n\t<meta property=\"og:image:type\" content=\"image\/jpeg\" \/>\n<meta name=\"author\" content=\"admin1\" \/>\n<meta name=\"twitter:card\" content=\"summary_large_image\" \/>\n<meta name=\"twitter:creator\" content=\"@culturbaines\" \/>\n<meta name=\"twitter:site\" content=\"@culturbaines\" \/>\n<meta name=\"twitter:label1\" content=\"\u00c9crit par\" \/>\n\t<meta name=\"twitter:data1\" content=\"admin1\" \/>\n\t<meta name=\"twitter:label2\" content=\"Dur\u00e9e de lecture estim\u00e9e\" \/>\n\t<meta name=\"twitter:data2\" content=\"1 minute\" \/>\n<script type=\"application\/ld+json\" class=\"yoast-schema-graph\">{\"@context\":\"https:\/\/schema.org\",\"@graph\":[{\"@type\":\"Article\",\"@id\":\"http:\/\/culturbaine.com\/index.php\/2023\/10\/16\/banlieuzart-sous-lombre-de-la-blacklist-revelations-choc-de-marcus\/#article\",\"isPartOf\":{\"@id\":\"http:\/\/culturbaine.com\/index.php\/2023\/10\/16\/banlieuzart-sous-lombre-de-la-blacklist-revelations-choc-de-marcus\/\"},\"author\":{\"name\":\"admin1\",\"@id\":\"https:\/\/culturbaine.com\/#\/schema\/person\/42eb7485c572e0746c1ea6b8216c3814\"},\"headline\":\"Banlieuz&rsquo;art sous l&rsquo;Ombre de la Blacklist : R\u00e9v\u00e9lations Choc de Marcus !\",\"datePublished\":\"2023-10-16T22:26:20+00:00\",\"dateModified\":\"2023-10-16T22:26:20+00:00\",\"mainEntityOfPage\":{\"@id\":\"http:\/\/culturbaine.com\/index.php\/2023\/10\/16\/banlieuzart-sous-lombre-de-la-blacklist-revelations-choc-de-marcus\/\"},\"wordCount\":224,\"commentCount\":0,\"publisher\":{\"@id\":\"https:\/\/culturbaine.com\/#organization\"},\"image\":{\"@id\":\"http:\/\/culturbaine.com\/index.php\/2023\/10\/16\/banlieuzart-sous-lombre-de-la-blacklist-revelations-choc-de-marcus\/#primaryimage\"},\"thumbnailUrl\":\"https:\/\/culturbaine.com\/wp-content\/uploads\/2023\/10\/16974949020312.jpg\",\"keywords\":[\"banlieuzart\",\"Blacklist\",\"groupe urbain\",\"Guin\u00e9e\"],\"articleSection\":[\"Actualit\u00e9\"],\"inLanguage\":\"fr-FR\"},{\"@type\":\"WebPage\",\"@id\":\"http:\/\/culturbaine.com\/index.php\/2023\/10\/16\/banlieuzart-sous-lombre-de-la-blacklist-revelations-choc-de-marcus\/\",\"url\":\"http:\/\/culturbaine.com\/index.php\/2023\/10\/16\/banlieuzart-sous-lombre-de-la-blacklist-revelations-choc-de-marcus\/\",\"name\":\"Banlieuz'art sous l'Ombre de la Blacklist : R\u00e9v\u00e9lations Choc de Marcus ! - Culturbaine\",\"isPartOf\":{\"@id\":\"https:\/\/culturbaine.com\/#website\"},\"primaryImageOfPage\":{\"@id\":\"http:\/\/culturbaine.com\/index.php\/2023\/10\/16\/banlieuzart-sous-lombre-de-la-blacklist-revelations-choc-de-marcus\/#primaryimage\"},\"image\":{\"@id\":\"http:\/\/culturbaine.com\/index.php\/2023\/10\/16\/banlieuzart-sous-lombre-de-la-blacklist-revelations-choc-de-marcus\/#primaryimage\"},\"thumbnailUrl\":\"https:\/\/culturbaine.com\/wp-content\/uploads\/2023\/10\/16974949020312.jpg\",\"datePublished\":\"2023-10-16T22:26:20+00:00\",\"dateModified\":\"2023-10-16T22:26:20+00:00\",\"breadcrumb\":{\"@id\":\"http:\/\/culturbaine.com\/index.php\/2023\/10\/16\/banlieuzart-sous-lombre-de-la-blacklist-revelations-choc-de-marcus\/#breadcrumb\"},\"inLanguage\":\"fr-FR\",\"potentialAction\":[{\"@type\":\"ReadAction\",\"target\":[\"http:\/\/culturbaine.com\/index.php\/2023\/10\/16\/banlieuzart-sous-lombre-de-la-blacklist-revelations-choc-de-marcus\/\"]}]},{\"@type\":\"ImageObject\",\"inLanguage\":\"fr-FR\",\"@id\":\"http:\/\/culturbaine.com\/index.php\/2023\/10\/16\/banlieuzart-sous-lombre-de-la-blacklist-revelations-choc-de-marcus\/#primaryimage\",\"url\":\"https:\/\/culturbaine.com\/wp-content\/uploads\/2023\/10\/16974949020312.jpg\",\"contentUrl\":\"https:\/\/culturbaine.com\/wp-content\/uploads\/2023\/10\/16974949020312.jpg\",\"width\":715,\"height\":432},{\"@type\":\"BreadcrumbList\",\"@id\":\"http:\/\/culturbaine.com\/index.php\/2023\/10\/16\/banlieuzart-sous-lombre-de-la-blacklist-revelations-choc-de-marcus\/#breadcrumb\",\"itemListElement\":[{\"@type\":\"ListItem\",\"position\":1,\"name\":\"Home\",\"item\":\"https:\/\/culturbaine.com\/\"},{\"@type\":\"ListItem\",\"position\":2,\"name\":\"Banlieuz&rsquo;art sous l&rsquo;Ombre de la Blacklist : R\u00e9v\u00e9lations Choc de Marcus !\"}]},{\"@type\":\"WebSite\",\"@id\":\"https:\/\/culturbaine.com\/#website\",\"url\":\"https:\/\/culturbaine.com\/\",\"name\":\"Culturbaine.com\",\"description\":\"Toute l&#039;actualit\u00e9 des Cultures Urbaines, en un clic  !\",\"publisher\":{\"@id\":\"https:\/\/culturbaine.com\/#organization\"},\"potentialAction\":[{\"@type\":\"SearchAction\",\"target\":{\"@type\":\"EntryPoint\",\"urlTemplate\":\"https:\/\/culturbaine.com\/?s={search_term_string}\"},\"query-input\":{\"@type\":\"PropertyValueSpecification\",\"valueRequired\":true,\"valueName\":\"search_term_string\"}}],\"inLanguage\":\"fr-FR\"},{\"@type\":\"Organization\",\"@id\":\"https:\/\/culturbaine.com\/#organization\",\"name\":\"Culturbaine.com\",\"url\":\"https:\/\/culturbaine.com\/\",\"logo\":{\"@type\":\"ImageObject\",\"inLanguage\":\"fr-FR\",\"@id\":\"https:\/\/culturbaine.com\/#\/schema\/logo\/image\/\",\"url\":\"https:\/\/culturbaine.com\/wp-content\/uploads\/2023\/07\/WhatsApp-Image-2023-07-17-at-14.38.18.jpeg\",\"contentUrl\":\"https:\/\/culturbaine.com\/wp-content\/uploads\/2023\/07\/WhatsApp-Image-2023-07-17-at-14.38.18.jpeg\",\"width\":855,\"height\":270,\"caption\":\"Culturbaine.com\"},\"image\":{\"@id\":\"https:\/\/culturbaine.com\/#\/schema\/logo\/image\/\"},\"sameAs\":[\"https:\/\/www.facebook.com\/Culturbaines\",\"https:\/\/x.com\/culturbaines\"]},{\"@type\":\"Person\",\"@id\":\"https:\/\/culturbaine.com\/#\/schema\/person\/42eb7485c572e0746c1ea6b8216c3814\",\"name\":\"admin1\",\"image\":{\"@type\":\"ImageObject\",\"inLanguage\":\"fr-FR\",\"@id\":\"https:\/\/culturbaine.com\/#\/schema\/person\/image\/\",\"url\":\"https:\/\/secure.gravatar.com\/avatar\/c268f4d483ce0486e5a10fee87bbf756?s=96&d=mm&r=g\",\"contentUrl\":\"https:\/\/secure.gravatar.com\/avatar\/c268f4d483ce0486e5a10fee87bbf756?s=96&d=mm&r=g\",\"caption\":\"admin1\"},\"url\":\"https:\/\/culturbaine.com\/index.php\/author\/admin1\/\"}]}<\/script>\n<!-- \/ Yoast SEO Premium plugin. -->","yoast_head_json":{"title":"Banlieuz'art sous l'Ombre de la Blacklist : R\u00e9v\u00e9lations Choc de Marcus ! - Culturbaine","robots":{"index":"index","follow":"follow","max-snippet":"max-snippet:-1","max-image-preview":"max-image-preview:large","max-video-preview":"max-video-preview:-1"},"canonical":"http:\/\/culturbaine.com\/index.php\/2023\/10\/16\/banlieuzart-sous-lombre-de-la-blacklist-revelations-choc-de-marcus\/","og_locale":"fr_FR","og_type":"article","og_title":"Banlieuz'art sous l'Ombre de la Blacklist : R\u00e9v\u00e9lations Choc de Marcus !","og_description":"Lors de son passage dans l&rsquo;\u00e9mission Before Grandes Gueules de la radio Espace le week-end dernier, l&rsquo;artiste Marcus du groupe Banlieuz&rsquo;art a \u00e9voqu\u00e9 leur absence r\u00e9p\u00e9t\u00e9e au devant de la sc\u00e8ne. Depuis leur s\u00e9paration avec leur manager Abdou M&rsquo;baye il y a quelques ann\u00e9es, le duo Konko Malela &amp; King Salamon peine \u00e0 acc\u00e9der aux [&hellip;]","og_url":"http:\/\/culturbaine.com\/index.php\/2023\/10\/16\/banlieuzart-sous-lombre-de-la-blacklist-revelations-choc-de-marcus\/","og_site_name":"Culturbaine","article_publisher":"https:\/\/www.facebook.com\/Culturbaines","article_published_time":"2023-10-16T22:26:20+00:00","og_image":[{"width":715,"height":432,"url":"http:\/\/culturbaine.com\/wp-content\/uploads\/2023\/10\/16974949020312.jpg","type":"image\/jpeg"}],"author":"admin1","twitter_card":"summary_large_image","twitter_creator":"@culturbaines","twitter_site":"@culturbaines","twitter_misc":{"\u00c9crit par":"admin1","Dur\u00e9e de lecture estim\u00e9e":"1 minute"},"schema":{"@context":"https:\/\/schema.org","@graph":[{"@type":"Article","@id":"http:\/\/culturbaine.com\/index.php\/2023\/10\/16\/banlieuzart-sous-lombre-de-la-blacklist-revelations-choc-de-marcus\/#article","isPartOf":{"@id":"http:\/\/culturbaine.com\/index.php\/2023\/10\/16\/banlieuzart-sous-lombre-de-la-blacklist-revelations-choc-de-marcus\/"},"author":{"name":"admin1","@id":"https:\/\/culturbaine.com\/#\/schema\/person\/42eb7485c572e0746c1ea6b8216c3814"},"headline":"Banlieuz&rsquo;art sous l&rsquo;Ombre de la Blacklist : R\u00e9v\u00e9lations Choc de Marcus !","datePublished":"2023-10-16T22:26:20+00:00","dateModified":"2023-10-16T22:26:20+00:00","mainEntityOfPage":{"@id":"http:\/\/culturbaine.com\/index.php\/2023\/10\/16\/banlieuzart-sous-lombre-de-la-blacklist-revelations-choc-de-marcus\/"},"wordCount":224,"commentCount":0,"publisher":{"@id":"https:\/\/culturbaine.com\/#organization"},"image":{"@id":"http:\/\/culturbaine.com\/index.php\/2023\/10\/16\/banlieuzart-sous-lombre-de-la-blacklist-revelations-choc-de-marcus\/#primaryimage"},"thumbnailUrl":"https:\/\/culturbaine.com\/wp-content\/uploads\/2023\/10\/16974949020312.jpg","keywords":["banlieuzart","Blacklist","groupe urbain","Guin\u00e9e"],"articleSection":["Actualit\u00e9"],"inLanguage":"fr-FR"},{"@type":"WebPage","@id":"http:\/\/culturbaine.com\/index.php\/2023\/10\/16\/banlieuzart-sous-lombre-de-la-blacklist-revelations-choc-de-marcus\/","url":"http:\/\/culturbaine.com\/index.php\/2023\/10\/16\/banlieuzart-sous-lombre-de-la-blacklist-revelations-choc-de-marcus\/","name":"Banlieuz'art sous l'Ombre de la Blacklist : R\u00e9v\u00e9lations Choc de Marcus ! - Culturbaine","isPartOf":{"@id":"https:\/\/culturbaine.com\/#website"},"primaryImageOfPage":{"@id":"http:\/\/culturbaine.com\/index.php\/2023\/10\/16\/banlieuzart-sous-lombre-de-la-blacklist-revelations-choc-de-marcus\/#primaryimage"},"image":{"@id":"http:\/\/culturbaine.com\/index.php\/2023\/10\/16\/banlieuzart-sous-lombre-de-la-blacklist-revelations-choc-de-marcus\/#primaryimage"},"thumbnailUrl":"https:\/\/culturbaine.com\/wp-content\/uploads\/2023\/10\/16974949020312.jpg","datePublished":"2023-10-16T22:26:20+00:00","dateModified":"2023-10-16T22:26:20+00:00","breadcrumb":{"@id":"http:\/\/culturbaine.com\/index.php\/2023\/10\/16\/banlieuzart-sous-lombre-de-la-blacklist-revelations-choc-de-marcus\/#breadcrumb"},"inLanguage":"fr-FR","potentialAction":[{"@type":"ReadAction","target":["http:\/\/culturbaine.com\/index.php\/2023\/10\/16\/banlieuzart-sous-lombre-de-la-blacklist-revelations-choc-de-marcus\/"]}]},{"@type":"ImageObject","inLanguage":"fr-FR","@id":"http:\/\/culturbaine.com\/index.php\/2023\/10\/16\/banlieuzart-sous-lombre-de-la-blacklist-revelations-choc-de-marcus\/#primaryimage","url":"https:\/\/culturbaine.com\/wp-content\/uploads\/2023\/10\/16974949020312.jpg","contentUrl":"https:\/\/culturbaine.com\/wp-content\/uploads\/2023\/10\/16974949020312.jpg","width":715,"height":432},{"@type":"BreadcrumbList","@id":"http:\/\/culturbaine.com\/index.php\/2023\/10\/16\/banlieuzart-sous-lombre-de-la-blacklist-revelations-choc-de-marcus\/#breadcrumb","itemListElement":[{"@type":"ListItem","position":1,"name":"Home","item":"https:\/\/culturbaine.com\/"},{"@type":"ListItem","position":2,"name":"Banlieuz&rsquo;art sous l&rsquo;Ombre de la Blacklist : R\u00e9v\u00e9lations Choc de Marcus !"}]},{"@type":"WebSite","@id":"https:\/\/culturbaine.com\/#website","url":"https:\/\/culturbaine.com\/","name":"Culturbaine.com","description":"Toute l&#039;actualit\u00e9 des Cultures Urbaines, en un clic  !","publisher":{"@id":"https:\/\/culturbaine.com\/#organization"},"potentialAction":[{"@type":"SearchAction","target":{"@type":"EntryPoint","urlTemplate":"https:\/\/culturbaine.com\/?s={search_term_string}"},"query-input":{"@type":"PropertyValueSpecification","valueRequired":true,"valueName":"search_term_string"}}],"inLanguage":"fr-FR"},{"@type":"Organization","@id":"https:\/\/culturbaine.com\/#organization","name":"Culturbaine.com","url":"https:\/\/culturbaine.com\/","logo":{"@type":"ImageObject","inLanguage":"fr-FR","@id":"https:\/\/culturbaine.com\/#\/schema\/logo\/image\/","url":"https:\/\/culturbaine.com\/wp-content\/uploads\/2023\/07\/WhatsApp-Image-2023-07-17-at-14.38.18.jpeg","contentUrl":"https:\/\/culturbaine.com\/wp-content\/uploads\/2023\/07\/WhatsApp-Image-2023-07-17-at-14.38.18.jpeg","width":855,"height":270,"caption":"Culturbaine.com"},"image":{"@id":"https:\/\/culturbaine.com\/#\/schema\/logo\/image\/"},"sameAs":["https:\/\/www.facebook.com\/Culturbaines","https:\/\/x.com\/culturbaines"]},{"@type":"Person","@id":"https:\/\/culturbaine.com\/#\/schema\/person\/42eb7485c572e0746c1ea6b8216c3814","name":"admin1","image":{"@type":"ImageObject","inLanguage":"fr-FR","@id":"https:\/\/culturbaine.com\/#\/schema\/person\/image\/","url":"https:\/\/secure.gravatar.com\/avatar\/c268f4d483ce0486e5a10fee87bbf756?s=96&d=mm&r=g","contentUrl":"https:\/\/secure.gravatar.com\/avatar\/c268f4d483ce0486e5a10fee87bbf756?s=96&d=mm&r=g","caption":"admin1"},"url":"https:\/\/culturbaine.com\/index.php\/author\/admin1\/"}]}},"_links":{"self":[{"href":"https:\/\/culturbaine.com\/index.php\/wp-json\/wp\/v2\/posts\/1719"}],"collection":[{"href":"https:\/\/culturbaine.com\/index.php\/wp-json\/wp\/v2\/posts"}],"about":[{"href":"https:\/\/culturbaine.com\/index.php\/wp-json\/wp\/v2\/types\/post"}],"author":[{"embeddable":true,"href":"https:\/\/culturbaine.com\/index.php\/wp-json\/wp\/v2\/users\/2"}],"replies":[{"embeddable":true,"href":"https:\/\/culturbaine.com\/index.php\/wp-json\/wp\/v2\/comments?post=1719"}],"version-history":[{"count":0,"href":"https:\/\/culturbaine.com\/index.php\/wp-json\/wp\/v2\/posts\/1719\/revisions"}],"wp:featuredmedia":[{"embeddable":true,"href":"https:\/\/culturbaine.com\/index.php\/wp-json\/wp\/v2\/media\/1721"}],"wp:attachment":[{"href":"https:\/\/culturbaine.com\/index.php\/wp-json\/wp\/v2\/media?parent=1719"}],"wp:term":[{"taxonomy":"category","embeddable":true,"href":"https:\/\/culturbaine.com\/index.php\/wp-json\/wp\/v2\/categories?post=1719"},{"taxonomy":"post_tag","embeddable":true,"href":"https:\/\/culturbaine.com\/index.php\/wp-json\/wp\/v2\/tags?post=1719"}],"curies":[{"name":"wp","href":"https:\/\/api.w.org\/{rel}","templated":true}]}}