{"id":1564,"date":"2023-09-26T12:35:54","date_gmt":"2023-09-26T12:35:54","guid":{"rendered":"http:\/\/culturbaine.com\/?p=1564"},"modified":"2023-09-26T12:35:54","modified_gmt":"2023-09-26T12:35:54","slug":"b-boy-dany-la-star-du-breakdance-francais-prete-pour-les-jo-de-paris-2024","status":"publish","type":"post","link":"https:\/\/culturbaine.com\/index.php\/2023\/09\/26\/b-boy-dany-la-star-du-breakdance-francais-prete-pour-les-jo-de-paris-2024\/","title":{"rendered":"B-boy Dany : La Star du Breakdance Fran\u00e7ais Pr\u00eate pour les JO de Paris 2024"},"content":{"rendered":"<p>Dany Dann, plus connu sous le nom de <b>B-boy Dany<\/b>, est une sensation du breakdance fran\u00e7ais qui a conquis le monde de la danse urbaine gr\u00e2ce \u00e0 son talent incontestable et son d\u00e9vouement in\u00e9branlable. Cette ann\u00e9e, il a marqu\u00e9 l&rsquo;histoire en devenant le premier danseur fran\u00e7ais \u00e0 \u00eatre officiellement qualifi\u00e9 pour les Jeux Olympiques de Paris 2024 dans la nouvelle discipline olympique, le breakdance.<\/p>\n<p><span style=\"font-weight: 400;\">Originaire de Paris, Dany Dann a \u00e9t\u00e9 attir\u00e9 par le monde du hip-hop d\u00e8s son plus jeune \u00e2ge. Il a rapidement d\u00e9velopp\u00e9 un style de danse unique, m\u00e9langeant des mouvements acrobatiques, des rythmes entra\u00eenants et une cr\u00e9ativit\u00e9 d\u00e9bordante. Sa passion pour la danse urbaine l&rsquo;a conduit \u00e0 participer \u00e0 des comp\u00e9titions locales, nationales et internationales, o\u00f9 il a rapidement fait sensation.<\/span><\/p>\n<p><span style=\"font-weight: 400;\">Au fil des ann\u00e9es, <strong>B-boy Dany<\/strong> a accumul\u00e9 un palmar\u00e8s impressionnant, remportant de nombreuses comp\u00e9titions prestigieuses et gagnant le respect de ses pairs. Son influence dans le monde du breakdance ne s&rsquo;est pas limit\u00e9e \u00e0 la sc\u00e8ne comp\u00e9titive. Il a \u00e9galement jou\u00e9 un r\u00f4le essentiel dans la promotion de cette forme d&rsquo;art en tant que v\u00e9ritable discipline artistique.<\/span><\/p>\n<p><span style=\"font-weight: 400;\">Lorsque le breakdance a \u00e9t\u00e9 inclus dans le programme des Jeux Olympiques de Paris 2024, Dany Dann a vu l&rsquo;opportunit\u00e9 de r\u00e9aliser un r\u00eave qu&rsquo;il avait depuis longtemps : repr\u00e9senter la France aux Jeux Olympiques. Pour y parvenir, il a d\u00fb relever de nombreux d\u00e9fis, notamment des comp\u00e9titions de qualification nationales et internationales extr\u00eamement comp\u00e9titives.<\/span><\/p>\n<p><span style=\"font-weight: 400;\">Sa pers\u00e9v\u00e9rance et son d\u00e9vouement ont finalement port\u00e9 leurs fruits lorsqu&rsquo;il a \u00e9t\u00e9 officiellement s\u00e9lectionn\u00e9 comme l&rsquo;un des athl\u00e8tes fran\u00e7ais de breakdance pour les Jeux Olympiques de 2024. Il consid\u00e8re ainsi cette qualification comme une opportunit\u00e9 de briller sur la sc\u00e8ne olympique tout en continuant \u00e0 promouvoir le breakdance en tant que forme d&rsquo;expression artistique l\u00e9gitime. Il aspire \u00e0 inspirer la prochaine g\u00e9n\u00e9ration de danseurs et \u00e0 montrer au monde entier l&rsquo;incroyable cr\u00e9ativit\u00e9 et la passion qui caract\u00e9risent la communaut\u00e9 du breakdance.<\/span><\/p>\n<p><span style=\"font-weight: 400;\">Il faut noter que <\/span><b>B-boy Dany<\/b><span style=\"font-weight: 400;\"> est bien plus qu&rsquo;un simple danseur, il est un ambassadeur de la culture hip-hop qui est pr\u00eat \u00e0 \u00e9crire un nouveau chapitre de l&rsquo;histoire du breakdance aux Jeux Olympiques de Paris 2024.<\/span><\/p>\n<p><iframe loading=\"lazy\" title=\"BBOY DANY DANN VS MENNO FINAL BATTLE EURO GAMES 2O23\" width=\"1170\" height=\"658\" src=\"https:\/\/www.youtube.com\/embed\/kK0Oo47y2G8?wmode=transparent&amp;rel=0&amp;feature=oembed\" frameborder=\"0\" allow=\"accelerometer; autoplay; clipboard-write; encrypted-media; gyroscope; picture-in-picture; web-share\" allowfullscreen><\/iframe><\/p>\n<p><b>Mohamed Cinq Sylla<\/b><\/p>\n","protected":false},"excerpt":{"rendered":"<p>Dany Dann, plus connu sous le nom de B-boy Dany, est une sensation du breakdance fran\u00e7ais qui a conquis le monde de la danse urbaine gr\u00e2ce \u00e0 son talent incontestable et son d\u00e9vouement in\u00e9branlable. Cette ann\u00e9e, il a marqu\u00e9 l&rsquo;histoire en devenant le premier danseur fran\u00e7ais \u00e0 \u00eatre officiellement qualifi\u00e9 pour les Jeux Olympiques de [&hellip;]<\/p>\n","protected":false},"author":2,"featured_media":1566,"comment_status":"open","ping_status":"open","sticky":false,"template":"","format":"standard","meta":{"_mi_skip_tracking":false,"_monsterinsights_sitenote_active":false,"_monsterinsights_sitenote_note":"","_monsterinsights_sitenote_category":0,"footnotes":""},"categories":[21],"tags":[695,696,697,252,138],"class_list":["post-1564","post","type-post","status-publish","format-standard","has-post-thumbnail","hentry","category-actualite","tag-bboy-dany","tag-breakdance","tag-catalan","tag-europe","tag-numero-1"],"yoast_head":"<!-- This site is optimized with the Yoast SEO Premium plugin v20.1 (Yoast SEO v24.0) - https:\/\/yoast.com\/wordpress\/plugins\/seo\/ -->\n<title>B-boy Dany : La Star du Breakdance Fran\u00e7ais Pr\u00eate pour les JO de Paris 2024 - Culturbaine<\/title>\n<meta name=\"robots\" content=\"index, follow, max-snippet:-1, max-image-preview:large, max-video-preview:-1\" \/>\n<link rel=\"canonical\" href=\"http:\/\/culturbaine.com\/index.php\/2023\/09\/26\/b-boy-dany-la-star-du-breakdance-francais-prete-pour-les-jo-de-paris-2024\/\" \/>\n<meta property=\"og:locale\" content=\"fr_FR\" \/>\n<meta property=\"og:type\" content=\"article\" \/>\n<meta property=\"og:title\" content=\"B-boy Dany : La Star du Breakdance Fran\u00e7ais Pr\u00eate pour les JO de Paris 2024\" \/>\n<meta property=\"og:description\" content=\"Dany Dann, plus connu sous le nom de B-boy Dany, est une sensation du breakdance fran\u00e7ais qui a conquis le monde de la danse urbaine gr\u00e2ce \u00e0 son talent incontestable et son d\u00e9vouement in\u00e9branlable. Cette ann\u00e9e, il a marqu\u00e9 l&rsquo;histoire en devenant le premier danseur fran\u00e7ais \u00e0 \u00eatre officiellement qualifi\u00e9 pour les Jeux Olympiques de [&hellip;]\" \/>\n<meta property=\"og:url\" content=\"http:\/\/culturbaine.com\/index.php\/2023\/09\/26\/b-boy-dany-la-star-du-breakdance-francais-prete-pour-les-jo-de-paris-2024\/\" \/>\n<meta property=\"og:site_name\" content=\"Culturbaine\" \/>\n<meta property=\"article:publisher\" content=\"https:\/\/www.facebook.com\/Culturbaines\" \/>\n<meta property=\"article:published_time\" content=\"2023-09-26T12:35:54+00:00\" \/>\n<meta property=\"og:image\" content=\"http:\/\/culturbaine.com\/wp-content\/uploads\/2023\/09\/649d42eea7dcf_bboy-envers-maxpppp.jpg\" \/>\n\t<meta property=\"og:image:width\" content=\"600\" \/>\n\t<meta property=\"og:image:height\" content=\"400\" \/>\n\t<meta property=\"og:image:type\" content=\"image\/jpeg\" \/>\n<meta name=\"author\" content=\"admin1\" \/>\n<meta name=\"twitter:card\" content=\"summary_large_image\" \/>\n<meta name=\"twitter:creator\" content=\"@culturbaines\" \/>\n<meta name=\"twitter:site\" content=\"@culturbaines\" \/>\n<meta name=\"twitter:label1\" content=\"\u00c9crit par\" \/>\n\t<meta name=\"twitter:data1\" content=\"admin1\" \/>\n\t<meta name=\"twitter:label2\" content=\"Dur\u00e9e de lecture estim\u00e9e\" \/>\n\t<meta name=\"twitter:data2\" content=\"2 minutes\" \/>\n<script type=\"application\/ld+json\" class=\"yoast-schema-graph\">{\"@context\":\"https:\/\/schema.org\",\"@graph\":[{\"@type\":\"Article\",\"@id\":\"http:\/\/culturbaine.com\/index.php\/2023\/09\/26\/b-boy-dany-la-star-du-breakdance-francais-prete-pour-les-jo-de-paris-2024\/#article\",\"isPartOf\":{\"@id\":\"http:\/\/culturbaine.com\/index.php\/2023\/09\/26\/b-boy-dany-la-star-du-breakdance-francais-prete-pour-les-jo-de-paris-2024\/\"},\"author\":{\"name\":\"admin1\",\"@id\":\"https:\/\/culturbaine.com\/#\/schema\/person\/42eb7485c572e0746c1ea6b8216c3814\"},\"headline\":\"B-boy Dany : La Star du Breakdance Fran\u00e7ais Pr\u00eate pour les JO de Paris 2024\",\"datePublished\":\"2023-09-26T12:35:54+00:00\",\"dateModified\":\"2023-09-26T12:35:54+00:00\",\"mainEntityOfPage\":{\"@id\":\"http:\/\/culturbaine.com\/index.php\/2023\/09\/26\/b-boy-dany-la-star-du-breakdance-francais-prete-pour-les-jo-de-paris-2024\/\"},\"wordCount\":428,\"commentCount\":0,\"publisher\":{\"@id\":\"https:\/\/culturbaine.com\/#organization\"},\"image\":{\"@id\":\"http:\/\/culturbaine.com\/index.php\/2023\/09\/26\/b-boy-dany-la-star-du-breakdance-francais-prete-pour-les-jo-de-paris-2024\/#primaryimage\"},\"thumbnailUrl\":\"https:\/\/culturbaine.com\/wp-content\/uploads\/2023\/09\/649d42eea7dcf_bboy-envers-maxpppp.jpg\",\"keywords\":[\"Bboy Dany\",\"Breakdance\",\"Catalan\",\"Europe\",\"Num\u00e9ro 1\"],\"articleSection\":[\"Actualit\u00e9\"],\"inLanguage\":\"fr-FR\"},{\"@type\":\"WebPage\",\"@id\":\"http:\/\/culturbaine.com\/index.php\/2023\/09\/26\/b-boy-dany-la-star-du-breakdance-francais-prete-pour-les-jo-de-paris-2024\/\",\"url\":\"http:\/\/culturbaine.com\/index.php\/2023\/09\/26\/b-boy-dany-la-star-du-breakdance-francais-prete-pour-les-jo-de-paris-2024\/\",\"name\":\"B-boy Dany : La Star du Breakdance Fran\u00e7ais Pr\u00eate pour les JO de Paris 2024 - Culturbaine\",\"isPartOf\":{\"@id\":\"https:\/\/culturbaine.com\/#website\"},\"primaryImageOfPage\":{\"@id\":\"http:\/\/culturbaine.com\/index.php\/2023\/09\/26\/b-boy-dany-la-star-du-breakdance-francais-prete-pour-les-jo-de-paris-2024\/#primaryimage\"},\"image\":{\"@id\":\"http:\/\/culturbaine.com\/index.php\/2023\/09\/26\/b-boy-dany-la-star-du-breakdance-francais-prete-pour-les-jo-de-paris-2024\/#primaryimage\"},\"thumbnailUrl\":\"https:\/\/culturbaine.com\/wp-content\/uploads\/2023\/09\/649d42eea7dcf_bboy-envers-maxpppp.jpg\",\"datePublished\":\"2023-09-26T12:35:54+00:00\",\"dateModified\":\"2023-09-26T12:35:54+00:00\",\"breadcrumb\":{\"@id\":\"http:\/\/culturbaine.com\/index.php\/2023\/09\/26\/b-boy-dany-la-star-du-breakdance-francais-prete-pour-les-jo-de-paris-2024\/#breadcrumb\"},\"inLanguage\":\"fr-FR\",\"potentialAction\":[{\"@type\":\"ReadAction\",\"target\":[\"http:\/\/culturbaine.com\/index.php\/2023\/09\/26\/b-boy-dany-la-star-du-breakdance-francais-prete-pour-les-jo-de-paris-2024\/\"]}]},{\"@type\":\"ImageObject\",\"inLanguage\":\"fr-FR\",\"@id\":\"http:\/\/culturbaine.com\/index.php\/2023\/09\/26\/b-boy-dany-la-star-du-breakdance-francais-prete-pour-les-jo-de-paris-2024\/#primaryimage\",\"url\":\"https:\/\/culturbaine.com\/wp-content\/uploads\/2023\/09\/649d42eea7dcf_bboy-envers-maxpppp.jpg\",\"contentUrl\":\"https:\/\/culturbaine.com\/wp-content\/uploads\/2023\/09\/649d42eea7dcf_bboy-envers-maxpppp.jpg\",\"width\":600,\"height\":400},{\"@type\":\"BreadcrumbList\",\"@id\":\"http:\/\/culturbaine.com\/index.php\/2023\/09\/26\/b-boy-dany-la-star-du-breakdance-francais-prete-pour-les-jo-de-paris-2024\/#breadcrumb\",\"itemListElement\":[{\"@type\":\"ListItem\",\"position\":1,\"name\":\"Home\",\"item\":\"https:\/\/culturbaine.com\/\"},{\"@type\":\"ListItem\",\"position\":2,\"name\":\"B-boy Dany : La Star du Breakdance Fran\u00e7ais Pr\u00eate pour les JO de Paris 2024\"}]},{\"@type\":\"WebSite\",\"@id\":\"https:\/\/culturbaine.com\/#website\",\"url\":\"https:\/\/culturbaine.com\/\",\"name\":\"Culturbaine.com\",\"description\":\"Toute l&#039;actualit\u00e9 des Cultures Urbaines, en un clic  !\",\"publisher\":{\"@id\":\"https:\/\/culturbaine.com\/#organization\"},\"potentialAction\":[{\"@type\":\"SearchAction\",\"target\":{\"@type\":\"EntryPoint\",\"urlTemplate\":\"https:\/\/culturbaine.com\/?s={search_term_string}\"},\"query-input\":{\"@type\":\"PropertyValueSpecification\",\"valueRequired\":true,\"valueName\":\"search_term_string\"}}],\"inLanguage\":\"fr-FR\"},{\"@type\":\"Organization\",\"@id\":\"https:\/\/culturbaine.com\/#organization\",\"name\":\"Culturbaine.com\",\"url\":\"https:\/\/culturbaine.com\/\",\"logo\":{\"@type\":\"ImageObject\",\"inLanguage\":\"fr-FR\",\"@id\":\"https:\/\/culturbaine.com\/#\/schema\/logo\/image\/\",\"url\":\"https:\/\/culturbaine.com\/wp-content\/uploads\/2023\/07\/WhatsApp-Image-2023-07-17-at-14.38.18.jpeg\",\"contentUrl\":\"https:\/\/culturbaine.com\/wp-content\/uploads\/2023\/07\/WhatsApp-Image-2023-07-17-at-14.38.18.jpeg\",\"width\":855,\"height\":270,\"caption\":\"Culturbaine.com\"},\"image\":{\"@id\":\"https:\/\/culturbaine.com\/#\/schema\/logo\/image\/\"},\"sameAs\":[\"https:\/\/www.facebook.com\/Culturbaines\",\"https:\/\/x.com\/culturbaines\"]},{\"@type\":\"Person\",\"@id\":\"https:\/\/culturbaine.com\/#\/schema\/person\/42eb7485c572e0746c1ea6b8216c3814\",\"name\":\"admin1\",\"image\":{\"@type\":\"ImageObject\",\"inLanguage\":\"fr-FR\",\"@id\":\"https:\/\/culturbaine.com\/#\/schema\/person\/image\/\",\"url\":\"https:\/\/secure.gravatar.com\/avatar\/c268f4d483ce0486e5a10fee87bbf756?s=96&d=mm&r=g\",\"contentUrl\":\"https:\/\/secure.gravatar.com\/avatar\/c268f4d483ce0486e5a10fee87bbf756?s=96&d=mm&r=g\",\"caption\":\"admin1\"},\"url\":\"https:\/\/culturbaine.com\/index.php\/author\/admin1\/\"}]}<\/script>\n<!-- \/ Yoast SEO Premium plugin. -->","yoast_head_json":{"title":"B-boy Dany : La Star du Breakdance Fran\u00e7ais Pr\u00eate pour les JO de Paris 2024 - Culturbaine","robots":{"index":"index","follow":"follow","max-snippet":"max-snippet:-1","max-image-preview":"max-image-preview:large","max-video-preview":"max-video-preview:-1"},"canonical":"http:\/\/culturbaine.com\/index.php\/2023\/09\/26\/b-boy-dany-la-star-du-breakdance-francais-prete-pour-les-jo-de-paris-2024\/","og_locale":"fr_FR","og_type":"article","og_title":"B-boy Dany : La Star du Breakdance Fran\u00e7ais Pr\u00eate pour les JO de Paris 2024","og_description":"Dany Dann, plus connu sous le nom de B-boy Dany, est une sensation du breakdance fran\u00e7ais qui a conquis le monde de la danse urbaine gr\u00e2ce \u00e0 son talent incontestable et son d\u00e9vouement in\u00e9branlable. Cette ann\u00e9e, il a marqu\u00e9 l&rsquo;histoire en devenant le premier danseur fran\u00e7ais \u00e0 \u00eatre officiellement qualifi\u00e9 pour les Jeux Olympiques de [&hellip;]","og_url":"http:\/\/culturbaine.com\/index.php\/2023\/09\/26\/b-boy-dany-la-star-du-breakdance-francais-prete-pour-les-jo-de-paris-2024\/","og_site_name":"Culturbaine","article_publisher":"https:\/\/www.facebook.com\/Culturbaines","article_published_time":"2023-09-26T12:35:54+00:00","og_image":[{"width":600,"height":400,"url":"http:\/\/culturbaine.com\/wp-content\/uploads\/2023\/09\/649d42eea7dcf_bboy-envers-maxpppp.jpg","type":"image\/jpeg"}],"author":"admin1","twitter_card":"summary_large_image","twitter_creator":"@culturbaines","twitter_site":"@culturbaines","twitter_misc":{"\u00c9crit par":"admin1","Dur\u00e9e de lecture estim\u00e9e":"2 minutes"},"schema":{"@context":"https:\/\/schema.org","@graph":[{"@type":"Article","@id":"http:\/\/culturbaine.com\/index.php\/2023\/09\/26\/b-boy-dany-la-star-du-breakdance-francais-prete-pour-les-jo-de-paris-2024\/#article","isPartOf":{"@id":"http:\/\/culturbaine.com\/index.php\/2023\/09\/26\/b-boy-dany-la-star-du-breakdance-francais-prete-pour-les-jo-de-paris-2024\/"},"author":{"name":"admin1","@id":"https:\/\/culturbaine.com\/#\/schema\/person\/42eb7485c572e0746c1ea6b8216c3814"},"headline":"B-boy Dany : La Star du Breakdance Fran\u00e7ais Pr\u00eate pour les JO de Paris 2024","datePublished":"2023-09-26T12:35:54+00:00","dateModified":"2023-09-26T12:35:54+00:00","mainEntityOfPage":{"@id":"http:\/\/culturbaine.com\/index.php\/2023\/09\/26\/b-boy-dany-la-star-du-breakdance-francais-prete-pour-les-jo-de-paris-2024\/"},"wordCount":428,"commentCount":0,"publisher":{"@id":"https:\/\/culturbaine.com\/#organization"},"image":{"@id":"http:\/\/culturbaine.com\/index.php\/2023\/09\/26\/b-boy-dany-la-star-du-breakdance-francais-prete-pour-les-jo-de-paris-2024\/#primaryimage"},"thumbnailUrl":"https:\/\/culturbaine.com\/wp-content\/uploads\/2023\/09\/649d42eea7dcf_bboy-envers-maxpppp.jpg","keywords":["Bboy Dany","Breakdance","Catalan","Europe","Num\u00e9ro 1"],"articleSection":["Actualit\u00e9"],"inLanguage":"fr-FR"},{"@type":"WebPage","@id":"http:\/\/culturbaine.com\/index.php\/2023\/09\/26\/b-boy-dany-la-star-du-breakdance-francais-prete-pour-les-jo-de-paris-2024\/","url":"http:\/\/culturbaine.com\/index.php\/2023\/09\/26\/b-boy-dany-la-star-du-breakdance-francais-prete-pour-les-jo-de-paris-2024\/","name":"B-boy Dany : La Star du Breakdance Fran\u00e7ais Pr\u00eate pour les JO de Paris 2024 - Culturbaine","isPartOf":{"@id":"https:\/\/culturbaine.com\/#website"},"primaryImageOfPage":{"@id":"http:\/\/culturbaine.com\/index.php\/2023\/09\/26\/b-boy-dany-la-star-du-breakdance-francais-prete-pour-les-jo-de-paris-2024\/#primaryimage"},"image":{"@id":"http:\/\/culturbaine.com\/index.php\/2023\/09\/26\/b-boy-dany-la-star-du-breakdance-francais-prete-pour-les-jo-de-paris-2024\/#primaryimage"},"thumbnailUrl":"https:\/\/culturbaine.com\/wp-content\/uploads\/2023\/09\/649d42eea7dcf_bboy-envers-maxpppp.jpg","datePublished":"2023-09-26T12:35:54+00:00","dateModified":"2023-09-26T12:35:54+00:00","breadcrumb":{"@id":"http:\/\/culturbaine.com\/index.php\/2023\/09\/26\/b-boy-dany-la-star-du-breakdance-francais-prete-pour-les-jo-de-paris-2024\/#breadcrumb"},"inLanguage":"fr-FR","potentialAction":[{"@type":"ReadAction","target":["http:\/\/culturbaine.com\/index.php\/2023\/09\/26\/b-boy-dany-la-star-du-breakdance-francais-prete-pour-les-jo-de-paris-2024\/"]}]},{"@type":"ImageObject","inLanguage":"fr-FR","@id":"http:\/\/culturbaine.com\/index.php\/2023\/09\/26\/b-boy-dany-la-star-du-breakdance-francais-prete-pour-les-jo-de-paris-2024\/#primaryimage","url":"https:\/\/culturbaine.com\/wp-content\/uploads\/2023\/09\/649d42eea7dcf_bboy-envers-maxpppp.jpg","contentUrl":"https:\/\/culturbaine.com\/wp-content\/uploads\/2023\/09\/649d42eea7dcf_bboy-envers-maxpppp.jpg","width":600,"height":400},{"@type":"BreadcrumbList","@id":"http:\/\/culturbaine.com\/index.php\/2023\/09\/26\/b-boy-dany-la-star-du-breakdance-francais-prete-pour-les-jo-de-paris-2024\/#breadcrumb","itemListElement":[{"@type":"ListItem","position":1,"name":"Home","item":"https:\/\/culturbaine.com\/"},{"@type":"ListItem","position":2,"name":"B-boy Dany : La Star du Breakdance Fran\u00e7ais Pr\u00eate pour les JO de Paris 2024"}]},{"@type":"WebSite","@id":"https:\/\/culturbaine.com\/#website","url":"https:\/\/culturbaine.com\/","name":"Culturbaine.com","description":"Toute l&#039;actualit\u00e9 des Cultures Urbaines, en un clic  !","publisher":{"@id":"https:\/\/culturbaine.com\/#organization"},"potentialAction":[{"@type":"SearchAction","target":{"@type":"EntryPoint","urlTemplate":"https:\/\/culturbaine.com\/?s={search_term_string}"},"query-input":{"@type":"PropertyValueSpecification","valueRequired":true,"valueName":"search_term_string"}}],"inLanguage":"fr-FR"},{"@type":"Organization","@id":"https:\/\/culturbaine.com\/#organization","name":"Culturbaine.com","url":"https:\/\/culturbaine.com\/","logo":{"@type":"ImageObject","inLanguage":"fr-FR","@id":"https:\/\/culturbaine.com\/#\/schema\/logo\/image\/","url":"https:\/\/culturbaine.com\/wp-content\/uploads\/2023\/07\/WhatsApp-Image-2023-07-17-at-14.38.18.jpeg","contentUrl":"https:\/\/culturbaine.com\/wp-content\/uploads\/2023\/07\/WhatsApp-Image-2023-07-17-at-14.38.18.jpeg","width":855,"height":270,"caption":"Culturbaine.com"},"image":{"@id":"https:\/\/culturbaine.com\/#\/schema\/logo\/image\/"},"sameAs":["https:\/\/www.facebook.com\/Culturbaines","https:\/\/x.com\/culturbaines"]},{"@type":"Person","@id":"https:\/\/culturbaine.com\/#\/schema\/person\/42eb7485c572e0746c1ea6b8216c3814","name":"admin1","image":{"@type":"ImageObject","inLanguage":"fr-FR","@id":"https:\/\/culturbaine.com\/#\/schema\/person\/image\/","url":"https:\/\/secure.gravatar.com\/avatar\/c268f4d483ce0486e5a10fee87bbf756?s=96&d=mm&r=g","contentUrl":"https:\/\/secure.gravatar.com\/avatar\/c268f4d483ce0486e5a10fee87bbf756?s=96&d=mm&r=g","caption":"admin1"},"url":"https:\/\/culturbaine.com\/index.php\/author\/admin1\/"}]}},"_links":{"self":[{"href":"https:\/\/culturbaine.com\/index.php\/wp-json\/wp\/v2\/posts\/1564"}],"collection":[{"href":"https:\/\/culturbaine.com\/index.php\/wp-json\/wp\/v2\/posts"}],"about":[{"href":"https:\/\/culturbaine.com\/index.php\/wp-json\/wp\/v2\/types\/post"}],"author":[{"embeddable":true,"href":"https:\/\/culturbaine.com\/index.php\/wp-json\/wp\/v2\/users\/2"}],"replies":[{"embeddable":true,"href":"https:\/\/culturbaine.com\/index.php\/wp-json\/wp\/v2\/comments?post=1564"}],"version-history":[{"count":0,"href":"https:\/\/culturbaine.com\/index.php\/wp-json\/wp\/v2\/posts\/1564\/revisions"}],"wp:featuredmedia":[{"embeddable":true,"href":"https:\/\/culturbaine.com\/index.php\/wp-json\/wp\/v2\/media\/1566"}],"wp:attachment":[{"href":"https:\/\/culturbaine.com\/index.php\/wp-json\/wp\/v2\/media?parent=1564"}],"wp:term":[{"taxonomy":"category","embeddable":true,"href":"https:\/\/culturbaine.com\/index.php\/wp-json\/wp\/v2\/categories?post=1564"},{"taxonomy":"post_tag","embeddable":true,"href":"https:\/\/culturbaine.com\/index.php\/wp-json\/wp\/v2\/tags?post=1564"}],"curies":[{"name":"wp","href":"https:\/\/api.w.org\/{rel}","templated":true}]}}