{"id":14711,"date":"2026-09-04T22:31:17","date_gmt":"2026-09-04T22:31:17","guid":{"rendered":"https:\/\/culturbaine.com\/?p=14711"},"modified":"2026-09-04T22:31:17","modified_gmt":"2026-09-04T22:31:17","slug":"yanke-devoile-les-contours-de-son-premier-ep-disingue","status":"publish","type":"post","link":"https:\/\/culturbaine.com\/index.php\/2026\/09\/04\/yanke-devoile-les-contours-de-son-premier-ep-disingue\/","title":{"rendered":"Yank\u00e9 d\u00e9voile les contours de son premier EP \u00ab Disingu\u00e9 \u00bb"},"content":{"rendered":"<p>En pr\u00e9lude \u00e0 la sortie de son premier EP, l\u2019artiste chanteur guin\u00e9en <strong>Yank\u00e9<\/strong>, accompagn\u00e9 de son label <strong>7M Music<\/strong>, a anim\u00e9 une conf\u00e9rence de presse ce vendredi 4 septembre \u00e0 la Maison de la presse de la Mini\u00e8re. Cette rencontre a permis de pr\u00e9senter le projet et de revenir sur ses diff\u00e9rentes facettes.<\/p>\n<p>D\u2019entr\u00e9e, le manager de l\u2019artiste, <strong>Moustapha Tour\u00e9<\/strong>, a pr\u00e9sent\u00e9 les grandes lignes de cet EP compos\u00e9 de <strong>sept morceaux<\/strong>. Il a notamment rappel\u00e9 le parcours de <strong>Yank\u00e9<\/strong>, qui a fait ses premiers pas dans le milieu artistique en tant que jeune chor\u00e9graphe.<\/p>\n<p><em><strong>\u00ab \u00c0 la base, Yank\u00e9 est un jeune chor\u00e9graphe. C\u2019est un talent \u00e0 l\u2019\u00e9tat pur. Je vous invite \u00e0 \u00e9couter l\u2019EP de l\u2019artiste. \u00bb<\/strong><\/em><\/p>\n<p><strong>\u00ab Disingu\u00e9 \u00bb, un titre charg\u00e9 de sens<\/strong><\/p>\n<p>Pour Yank\u00e9, le choix du titre \u00e9ponyme <strong>\u00ab Disingu\u00e9 \u00bb<\/strong> n\u2019est pas anodin. L\u2019artiste explique que ce morceau occupe une place particuli\u00e8re dans le projet, notamment en raison du message qu\u2019il v\u00e9hicule.\u00ab <em><strong>Ce titre me tient tellement \u00e0 c\u0153ur. Il parle des difficult\u00e9s que rencontrent ses a\u00een\u00e9s. C\u2019est pour rendre hommage aux a\u00een\u00e9s de la famille. \u00bb<\/strong><\/em><\/p>\n<p>Pour donner une identit\u00e9 musicale vari\u00e9e \u00e0 son projet, Yank\u00e9 s\u2019est entour\u00e9 de plusieurs ing\u00e9nieurs du son, notamment <strong>CD A La Prod, DJ Kader, Fakry et Ledizo<\/strong>.<\/p>\n<p>L\u2019EP explore \u00e9galement plusieurs univers musicaux, allant du <strong>rap \u00e0 la musique contemporaine, en passant par la World Music<\/strong>. Une diversit\u00e9 assum\u00e9e par l\u2019artiste, qui souhaite toucher un public assez large, aussi bien ceux qui aiment \u00e9couter que ceux qui veulent danser.<\/p>\n<p><strong>Rendez-vous le 7 septembre pour la sortie<\/strong><\/p>\n<p>Apr\u00e8s cette pr\u00e9sentation, le public est d\u00e9sormais fix\u00e9 sur la date de sortie de <strong>\u00ab Disingu\u00e9 \u00bb<\/strong>, pr\u00e9vue pour le <strong>7 septembre<\/strong>.<\/p>\n<p>Yank\u00e9 donne \u00e9galement rendez-vous \u00e0 ses fans le <strong>21 novembre<\/strong> pour un grand concert \u00e0 la <strong>salle Malick Cond\u00e9<\/strong>. \u00c0 cette occasion, plusieurs artistes labellis\u00e9s chez <strong>7M Music<\/strong>, notamment <strong>Oxy K, Youppy, Albams et Yank\u00e9<\/strong>, sont annonc\u00e9s sur sc\u00e8ne.<\/p>\n<p>En attendant ce grand rendez-vous, le public pourra d\u00e9couvrir d\u00e8s le 7 septembre les <strong>sept titres<\/strong> qui composent le premier EP de <strong>Yank\u00e9.<\/strong><\/p>\n<p><strong>Mohamed Cinq Sylla<\/strong><\/p>\n","protected":false},"excerpt":{"rendered":"<p>En pr\u00e9lude \u00e0 la sortie de son premier EP, l\u2019artiste chanteur guin\u00e9en Yank\u00e9, accompagn\u00e9 de son label 7M Music, a anim\u00e9 une conf\u00e9rence de presse ce vendredi 4 septembre \u00e0 la Maison de la presse de la Mini\u00e8re. Cette rencontre a permis de pr\u00e9senter le projet et de revenir sur ses diff\u00e9rentes facettes. D\u2019entr\u00e9e, le [&hellip;]<\/p>\n","protected":false},"author":2,"featured_media":14715,"comment_status":"closed","ping_status":"closed","sticky":false,"template":"","format":"standard","meta":{"_mi_skip_tracking":false,"_monsterinsights_sitenote_active":false,"_monsterinsights_sitenote_note":"","_monsterinsights_sitenote_category":0,"footnotes":""},"categories":[21,3070],"tags":[4734],"class_list":["post-14711","post","type-post","status-publish","format-standard","has-post-thumbnail","hentry","category-actualite","category-sortie-dalbum","tag-yanke-devoile-les-contours-de-son-premier-ep-disingue"],"yoast_head":"<!-- This site is optimized with the Yoast SEO Premium plugin v20.1 (Yoast SEO v24.0) - https:\/\/yoast.com\/wordpress\/plugins\/seo\/ -->\n<title>Yank\u00e9 d\u00e9voile les contours de son premier EP \u00ab Disingu\u00e9 \u00bb - Culturbaine<\/title>\n<meta name=\"description\" content=\"Yank\u00e9 pr\u00e9sente son premier EP \u00ab Disingu\u00e9 \u00bb, un projet de 7 titres attendu le 7 septembre, avant un grand concert le 21 novembre \u00e0 Conakry.\" \/>\n<meta name=\"robots\" content=\"index, follow, max-snippet:-1, max-image-preview:large, max-video-preview:-1\" \/>\n<link rel=\"canonical\" href=\"https:\/\/culturbaine.com\/index.php\/2026\/09\/04\/yanke-devoile-les-contours-de-son-premier-ep-disingue\/\" \/>\n<meta property=\"og:locale\" content=\"fr_FR\" \/>\n<meta property=\"og:type\" content=\"article\" \/>\n<meta property=\"og:title\" content=\"Yank\u00e9 d\u00e9voile les contours de son premier EP \u00ab Disingu\u00e9 \u00bb\" \/>\n<meta property=\"og:description\" content=\"Yank\u00e9 pr\u00e9sente son premier EP \u00ab Disingu\u00e9 \u00bb, un projet de 7 titres attendu le 7 septembre, avant un grand concert le 21 novembre \u00e0 Conakry.\" \/>\n<meta property=\"og:url\" content=\"https:\/\/culturbaine.com\/index.php\/2026\/09\/04\/yanke-devoile-les-contours-de-son-premier-ep-disingue\/\" \/>\n<meta property=\"og:site_name\" content=\"Culturbaine\" \/>\n<meta property=\"article:publisher\" content=\"https:\/\/www.facebook.com\/Culturbaines\" \/>\n<meta property=\"article:published_time\" content=\"2026-09-04T22:31:17+00:00\" \/>\n<meta property=\"og:image\" content=\"https:\/\/culturbaine.com\/wp-content\/uploads\/2026\/09\/IMG_7058.jpeg\" \/>\n\t<meta property=\"og:image:width\" content=\"828\" \/>\n\t<meta property=\"og:image:height\" content=\"590\" \/>\n\t<meta property=\"og:image:type\" content=\"image\/jpeg\" \/>\n<meta name=\"author\" content=\"admin1\" \/>\n<meta name=\"twitter:card\" content=\"summary_large_image\" \/>\n<meta name=\"twitter:creator\" content=\"@culturbaines\" \/>\n<meta name=\"twitter:site\" content=\"@culturbaines\" \/>\n<meta name=\"twitter:label1\" content=\"\u00c9crit par\" \/>\n\t<meta name=\"twitter:data1\" content=\"admin1\" \/>\n\t<meta name=\"twitter:label2\" content=\"Dur\u00e9e de lecture estim\u00e9e\" \/>\n\t<meta name=\"twitter:data2\" content=\"2 minutes\" \/>\n<script type=\"application\/ld+json\" class=\"yoast-schema-graph\">{\"@context\":\"https:\/\/schema.org\",\"@graph\":[{\"@type\":\"Article\",\"@id\":\"https:\/\/culturbaine.com\/index.php\/2026\/09\/04\/yanke-devoile-les-contours-de-son-premier-ep-disingue\/#article\",\"isPartOf\":{\"@id\":\"https:\/\/culturbaine.com\/index.php\/2026\/09\/04\/yanke-devoile-les-contours-de-son-premier-ep-disingue\/\"},\"author\":{\"name\":\"admin1\",\"@id\":\"https:\/\/culturbaine.com\/#\/schema\/person\/42eb7485c572e0746c1ea6b8216c3814\"},\"headline\":\"Yank\u00e9 d\u00e9voile les contours de son premier EP \u00ab Disingu\u00e9 \u00bb\",\"datePublished\":\"2026-09-04T22:31:17+00:00\",\"dateModified\":\"2026-09-04T22:31:17+00:00\",\"mainEntityOfPage\":{\"@id\":\"https:\/\/culturbaine.com\/index.php\/2026\/09\/04\/yanke-devoile-les-contours-de-son-premier-ep-disingue\/\"},\"wordCount\":376,\"publisher\":{\"@id\":\"https:\/\/culturbaine.com\/#organization\"},\"image\":{\"@id\":\"https:\/\/culturbaine.com\/index.php\/2026\/09\/04\/yanke-devoile-les-contours-de-son-premier-ep-disingue\/#primaryimage\"},\"thumbnailUrl\":\"https:\/\/culturbaine.com\/wp-content\/uploads\/2026\/09\/IMG_7058.jpeg\",\"keywords\":[\"Yank\u00e9 d\u00e9voile les contours de son premier EP \u00ab Disingu\u00e9 \u00bb\"],\"articleSection\":[\"Actualit\u00e9\",\"Sortie d'album\"],\"inLanguage\":\"fr-FR\"},{\"@type\":\"WebPage\",\"@id\":\"https:\/\/culturbaine.com\/index.php\/2026\/09\/04\/yanke-devoile-les-contours-de-son-premier-ep-disingue\/\",\"url\":\"https:\/\/culturbaine.com\/index.php\/2026\/09\/04\/yanke-devoile-les-contours-de-son-premier-ep-disingue\/\",\"name\":\"Yank\u00e9 d\u00e9voile les contours de son premier EP \u00ab Disingu\u00e9 \u00bb - Culturbaine\",\"isPartOf\":{\"@id\":\"https:\/\/culturbaine.com\/#website\"},\"primaryImageOfPage\":{\"@id\":\"https:\/\/culturbaine.com\/index.php\/2026\/09\/04\/yanke-devoile-les-contours-de-son-premier-ep-disingue\/#primaryimage\"},\"image\":{\"@id\":\"https:\/\/culturbaine.com\/index.php\/2026\/09\/04\/yanke-devoile-les-contours-de-son-premier-ep-disingue\/#primaryimage\"},\"thumbnailUrl\":\"https:\/\/culturbaine.com\/wp-content\/uploads\/2026\/09\/IMG_7058.jpeg\",\"datePublished\":\"2026-09-04T22:31:17+00:00\",\"dateModified\":\"2026-09-04T22:31:17+00:00\",\"description\":\"Yank\u00e9 pr\u00e9sente son premier EP \u00ab Disingu\u00e9 \u00bb, un projet de 7 titres attendu le 7 septembre, avant un grand concert le 21 novembre \u00e0 Conakry.\",\"breadcrumb\":{\"@id\":\"https:\/\/culturbaine.com\/index.php\/2026\/09\/04\/yanke-devoile-les-contours-de-son-premier-ep-disingue\/#breadcrumb\"},\"inLanguage\":\"fr-FR\",\"potentialAction\":[{\"@type\":\"ReadAction\",\"target\":[\"https:\/\/culturbaine.com\/index.php\/2026\/09\/04\/yanke-devoile-les-contours-de-son-premier-ep-disingue\/\"]}]},{\"@type\":\"ImageObject\",\"inLanguage\":\"fr-FR\",\"@id\":\"https:\/\/culturbaine.com\/index.php\/2026\/09\/04\/yanke-devoile-les-contours-de-son-premier-ep-disingue\/#primaryimage\",\"url\":\"https:\/\/culturbaine.com\/wp-content\/uploads\/2026\/09\/IMG_7058.jpeg\",\"contentUrl\":\"https:\/\/culturbaine.com\/wp-content\/uploads\/2026\/09\/IMG_7058.jpeg\",\"width\":828,\"height\":590},{\"@type\":\"BreadcrumbList\",\"@id\":\"https:\/\/culturbaine.com\/index.php\/2026\/09\/04\/yanke-devoile-les-contours-de-son-premier-ep-disingue\/#breadcrumb\",\"itemListElement\":[{\"@type\":\"ListItem\",\"position\":1,\"name\":\"Home\",\"item\":\"https:\/\/culturbaine.com\/\"},{\"@type\":\"ListItem\",\"position\":2,\"name\":\"Yank\u00e9 d\u00e9voile les contours de son premier EP \u00ab Disingu\u00e9 \u00bb\"}]},{\"@type\":\"WebSite\",\"@id\":\"https:\/\/culturbaine.com\/#website\",\"url\":\"https:\/\/culturbaine.com\/\",\"name\":\"Culturbaine.com\",\"description\":\"Toute l&#039;actualit\u00e9 des Cultures Urbaines, en un clic  !\",\"publisher\":{\"@id\":\"https:\/\/culturbaine.com\/#organization\"},\"potentialAction\":[{\"@type\":\"SearchAction\",\"target\":{\"@type\":\"EntryPoint\",\"urlTemplate\":\"https:\/\/culturbaine.com\/?s={search_term_string}\"},\"query-input\":{\"@type\":\"PropertyValueSpecification\",\"valueRequired\":true,\"valueName\":\"search_term_string\"}}],\"inLanguage\":\"fr-FR\"},{\"@type\":\"Organization\",\"@id\":\"https:\/\/culturbaine.com\/#organization\",\"name\":\"Culturbaine.com\",\"url\":\"https:\/\/culturbaine.com\/\",\"logo\":{\"@type\":\"ImageObject\",\"inLanguage\":\"fr-FR\",\"@id\":\"https:\/\/culturbaine.com\/#\/schema\/logo\/image\/\",\"url\":\"https:\/\/culturbaine.com\/wp-content\/uploads\/2023\/07\/WhatsApp-Image-2023-07-17-at-14.38.18.jpeg\",\"contentUrl\":\"https:\/\/culturbaine.com\/wp-content\/uploads\/2023\/07\/WhatsApp-Image-2023-07-17-at-14.38.18.jpeg\",\"width\":855,\"height\":270,\"caption\":\"Culturbaine.com\"},\"image\":{\"@id\":\"https:\/\/culturbaine.com\/#\/schema\/logo\/image\/\"},\"sameAs\":[\"https:\/\/www.facebook.com\/Culturbaines\",\"https:\/\/x.com\/culturbaines\"]},{\"@type\":\"Person\",\"@id\":\"https:\/\/culturbaine.com\/#\/schema\/person\/42eb7485c572e0746c1ea6b8216c3814\",\"name\":\"admin1\",\"image\":{\"@type\":\"ImageObject\",\"inLanguage\":\"fr-FR\",\"@id\":\"https:\/\/culturbaine.com\/#\/schema\/person\/image\/\",\"url\":\"https:\/\/secure.gravatar.com\/avatar\/c268f4d483ce0486e5a10fee87bbf756?s=96&d=mm&r=g\",\"contentUrl\":\"https:\/\/secure.gravatar.com\/avatar\/c268f4d483ce0486e5a10fee87bbf756?s=96&d=mm&r=g\",\"caption\":\"admin1\"},\"url\":\"https:\/\/culturbaine.com\/index.php\/author\/admin1\/\"}]}<\/script>\n<!-- \/ Yoast SEO Premium plugin. -->","yoast_head_json":{"title":"Yank\u00e9 d\u00e9voile les contours de son premier EP \u00ab Disingu\u00e9 \u00bb - Culturbaine","description":"Yank\u00e9 pr\u00e9sente son premier EP \u00ab Disingu\u00e9 \u00bb, un projet de 7 titres attendu le 7 septembre, avant un grand concert le 21 novembre \u00e0 Conakry.","robots":{"index":"index","follow":"follow","max-snippet":"max-snippet:-1","max-image-preview":"max-image-preview:large","max-video-preview":"max-video-preview:-1"},"canonical":"https:\/\/culturbaine.com\/index.php\/2026\/09\/04\/yanke-devoile-les-contours-de-son-premier-ep-disingue\/","og_locale":"fr_FR","og_type":"article","og_title":"Yank\u00e9 d\u00e9voile les contours de son premier EP \u00ab Disingu\u00e9 \u00bb","og_description":"Yank\u00e9 pr\u00e9sente son premier EP \u00ab Disingu\u00e9 \u00bb, un projet de 7 titres attendu le 7 septembre, avant un grand concert le 21 novembre \u00e0 Conakry.","og_url":"https:\/\/culturbaine.com\/index.php\/2026\/09\/04\/yanke-devoile-les-contours-de-son-premier-ep-disingue\/","og_site_name":"Culturbaine","article_publisher":"https:\/\/www.facebook.com\/Culturbaines","article_published_time":"2026-09-04T22:31:17+00:00","og_image":[{"width":828,"height":590,"url":"https:\/\/culturbaine.com\/wp-content\/uploads\/2026\/09\/IMG_7058.jpeg","type":"image\/jpeg"}],"author":"admin1","twitter_card":"summary_large_image","twitter_creator":"@culturbaines","twitter_site":"@culturbaines","twitter_misc":{"\u00c9crit par":"admin1","Dur\u00e9e de lecture estim\u00e9e":"2 minutes"},"schema":{"@context":"https:\/\/schema.org","@graph":[{"@type":"Article","@id":"https:\/\/culturbaine.com\/index.php\/2026\/09\/04\/yanke-devoile-les-contours-de-son-premier-ep-disingue\/#article","isPartOf":{"@id":"https:\/\/culturbaine.com\/index.php\/2026\/09\/04\/yanke-devoile-les-contours-de-son-premier-ep-disingue\/"},"author":{"name":"admin1","@id":"https:\/\/culturbaine.com\/#\/schema\/person\/42eb7485c572e0746c1ea6b8216c3814"},"headline":"Yank\u00e9 d\u00e9voile les contours de son premier EP \u00ab Disingu\u00e9 \u00bb","datePublished":"2026-09-04T22:31:17+00:00","dateModified":"2026-09-04T22:31:17+00:00","mainEntityOfPage":{"@id":"https:\/\/culturbaine.com\/index.php\/2026\/09\/04\/yanke-devoile-les-contours-de-son-premier-ep-disingue\/"},"wordCount":376,"publisher":{"@id":"https:\/\/culturbaine.com\/#organization"},"image":{"@id":"https:\/\/culturbaine.com\/index.php\/2026\/09\/04\/yanke-devoile-les-contours-de-son-premier-ep-disingue\/#primaryimage"},"thumbnailUrl":"https:\/\/culturbaine.com\/wp-content\/uploads\/2026\/09\/IMG_7058.jpeg","keywords":["Yank\u00e9 d\u00e9voile les contours de son premier EP \u00ab Disingu\u00e9 \u00bb"],"articleSection":["Actualit\u00e9","Sortie d'album"],"inLanguage":"fr-FR"},{"@type":"WebPage","@id":"https:\/\/culturbaine.com\/index.php\/2026\/09\/04\/yanke-devoile-les-contours-de-son-premier-ep-disingue\/","url":"https:\/\/culturbaine.com\/index.php\/2026\/09\/04\/yanke-devoile-les-contours-de-son-premier-ep-disingue\/","name":"Yank\u00e9 d\u00e9voile les contours de son premier EP \u00ab Disingu\u00e9 \u00bb - Culturbaine","isPartOf":{"@id":"https:\/\/culturbaine.com\/#website"},"primaryImageOfPage":{"@id":"https:\/\/culturbaine.com\/index.php\/2026\/09\/04\/yanke-devoile-les-contours-de-son-premier-ep-disingue\/#primaryimage"},"image":{"@id":"https:\/\/culturbaine.com\/index.php\/2026\/09\/04\/yanke-devoile-les-contours-de-son-premier-ep-disingue\/#primaryimage"},"thumbnailUrl":"https:\/\/culturbaine.com\/wp-content\/uploads\/2026\/09\/IMG_7058.jpeg","datePublished":"2026-09-04T22:31:17+00:00","dateModified":"2026-09-04T22:31:17+00:00","description":"Yank\u00e9 pr\u00e9sente son premier EP \u00ab Disingu\u00e9 \u00bb, un projet de 7 titres attendu le 7 septembre, avant un grand concert le 21 novembre \u00e0 Conakry.","breadcrumb":{"@id":"https:\/\/culturbaine.com\/index.php\/2026\/09\/04\/yanke-devoile-les-contours-de-son-premier-ep-disingue\/#breadcrumb"},"inLanguage":"fr-FR","potentialAction":[{"@type":"ReadAction","target":["https:\/\/culturbaine.com\/index.php\/2026\/09\/04\/yanke-devoile-les-contours-de-son-premier-ep-disingue\/"]}]},{"@type":"ImageObject","inLanguage":"fr-FR","@id":"https:\/\/culturbaine.com\/index.php\/2026\/09\/04\/yanke-devoile-les-contours-de-son-premier-ep-disingue\/#primaryimage","url":"https:\/\/culturbaine.com\/wp-content\/uploads\/2026\/09\/IMG_7058.jpeg","contentUrl":"https:\/\/culturbaine.com\/wp-content\/uploads\/2026\/09\/IMG_7058.jpeg","width":828,"height":590},{"@type":"BreadcrumbList","@id":"https:\/\/culturbaine.com\/index.php\/2026\/09\/04\/yanke-devoile-les-contours-de-son-premier-ep-disingue\/#breadcrumb","itemListElement":[{"@type":"ListItem","position":1,"name":"Home","item":"https:\/\/culturbaine.com\/"},{"@type":"ListItem","position":2,"name":"Yank\u00e9 d\u00e9voile les contours de son premier EP \u00ab Disingu\u00e9 \u00bb"}]},{"@type":"WebSite","@id":"https:\/\/culturbaine.com\/#website","url":"https:\/\/culturbaine.com\/","name":"Culturbaine.com","description":"Toute l&#039;actualit\u00e9 des Cultures Urbaines, en un clic  !","publisher":{"@id":"https:\/\/culturbaine.com\/#organization"},"potentialAction":[{"@type":"SearchAction","target":{"@type":"EntryPoint","urlTemplate":"https:\/\/culturbaine.com\/?s={search_term_string}"},"query-input":{"@type":"PropertyValueSpecification","valueRequired":true,"valueName":"search_term_string"}}],"inLanguage":"fr-FR"},{"@type":"Organization","@id":"https:\/\/culturbaine.com\/#organization","name":"Culturbaine.com","url":"https:\/\/culturbaine.com\/","logo":{"@type":"ImageObject","inLanguage":"fr-FR","@id":"https:\/\/culturbaine.com\/#\/schema\/logo\/image\/","url":"https:\/\/culturbaine.com\/wp-content\/uploads\/2023\/07\/WhatsApp-Image-2023-07-17-at-14.38.18.jpeg","contentUrl":"https:\/\/culturbaine.com\/wp-content\/uploads\/2023\/07\/WhatsApp-Image-2023-07-17-at-14.38.18.jpeg","width":855,"height":270,"caption":"Culturbaine.com"},"image":{"@id":"https:\/\/culturbaine.com\/#\/schema\/logo\/image\/"},"sameAs":["https:\/\/www.facebook.com\/Culturbaines","https:\/\/x.com\/culturbaines"]},{"@type":"Person","@id":"https:\/\/culturbaine.com\/#\/schema\/person\/42eb7485c572e0746c1ea6b8216c3814","name":"admin1","image":{"@type":"ImageObject","inLanguage":"fr-FR","@id":"https:\/\/culturbaine.com\/#\/schema\/person\/image\/","url":"https:\/\/secure.gravatar.com\/avatar\/c268f4d483ce0486e5a10fee87bbf756?s=96&d=mm&r=g","contentUrl":"https:\/\/secure.gravatar.com\/avatar\/c268f4d483ce0486e5a10fee87bbf756?s=96&d=mm&r=g","caption":"admin1"},"url":"https:\/\/culturbaine.com\/index.php\/author\/admin1\/"}]}},"_links":{"self":[{"href":"https:\/\/culturbaine.com\/index.php\/wp-json\/wp\/v2\/posts\/14711"}],"collection":[{"href":"https:\/\/culturbaine.com\/index.php\/wp-json\/wp\/v2\/posts"}],"about":[{"href":"https:\/\/culturbaine.com\/index.php\/wp-json\/wp\/v2\/types\/post"}],"author":[{"embeddable":true,"href":"https:\/\/culturbaine.com\/index.php\/wp-json\/wp\/v2\/users\/2"}],"replies":[{"embeddable":true,"href":"https:\/\/culturbaine.com\/index.php\/wp-json\/wp\/v2\/comments?post=14711"}],"version-history":[{"count":1,"href":"https:\/\/culturbaine.com\/index.php\/wp-json\/wp\/v2\/posts\/14711\/revisions"}],"predecessor-version":[{"id":14716,"href":"https:\/\/culturbaine.com\/index.php\/wp-json\/wp\/v2\/posts\/14711\/revisions\/14716"}],"wp:featuredmedia":[{"embeddable":true,"href":"https:\/\/culturbaine.com\/index.php\/wp-json\/wp\/v2\/media\/14715"}],"wp:attachment":[{"href":"https:\/\/culturbaine.com\/index.php\/wp-json\/wp\/v2\/media?parent=14711"}],"wp:term":[{"taxonomy":"category","embeddable":true,"href":"https:\/\/culturbaine.com\/index.php\/wp-json\/wp\/v2\/categories?post=14711"},{"taxonomy":"post_tag","embeddable":true,"href":"https:\/\/culturbaine.com\/index.php\/wp-json\/wp\/v2\/tags?post=14711"}],"curies":[{"name":"wp","href":"https:\/\/api.w.org\/{rel}","templated":true}]}}