{"id":14700,"date":"2026-09-01T16:41:12","date_gmt":"2026-09-01T16:41:12","guid":{"rendered":"https:\/\/culturbaine.com\/?p=14700"},"modified":"2026-09-01T16:41:12","modified_gmt":"2026-09-01T16:41:12","slug":"defis-tiktok-quiz-musical-kaff-event-annonce-baye-baye-vacances","status":"publish","type":"post","link":"https:\/\/culturbaine.com\/index.php\/2026\/09\/01\/defis-tiktok-quiz-musical-kaff-event-annonce-baye-baye-vacances\/","title":{"rendered":"D\u00e9fis TikTok, quiz musical\u2026 Kaff Event annonce \u00ab Baye Baye Vacances \u00bb"},"content":{"rendered":"<p class=\"p1\"><span class=\"s1\">Les vacances tirent \u00e0 leur fin, mais <strong>Kaff Even<\/strong>t compte bien leur r\u00e9server une derni\u00e8re soir\u00e9e. La structure vient d\u2019annoncer les couleurs de \u00ab <strong>Baye<\/strong> <strong>Baye Vacances<\/strong> \u00bb, un \u00e9v\u00e9nement pr\u00e9vu le 24 septembre prochain au Night-club Parisien.<\/span><\/p>\n<p class=\"p1\"><span class=\"s1\">Pour l\u2019occasion, plusieurs activit\u00e9s sont annonc\u00e9es afin de mettre le public dans l\u2019ambiance. Au programme : d\u00e9fis TikTok, concours du meilleur look et quiz musical, entre autres animations.<\/span><\/p>\n<p class=\"p1\"><span class=\"s1\">L\u2019objectif est simple : offrir une derni\u00e8re parenth\u00e8se festive avant la rentr\u00e9e et permettre aux jeunes de se retrouver autour d\u2019une soir\u00e9e plac\u00e9e sous le signe du divertissement.<\/span><\/p>\n<figure id=\"attachment_14704\" aria-describedby=\"caption-attachment-14704\" style=\"width: 828px\" class=\"wp-caption aligncenter\"><img loading=\"lazy\" decoding=\"async\" class=\"size-full wp-image-14704\" src=\"https:\/\/culturbaine.com\/wp-content\/uploads\/2026\/09\/IMG_7014.jpeg\" alt=\"\" width=\"828\" height=\"1021\" srcset=\"https:\/\/culturbaine.com\/wp-content\/uploads\/2026\/09\/IMG_7014.jpeg 828w, https:\/\/culturbaine.com\/wp-content\/uploads\/2026\/09\/IMG_7014-243x300.jpeg 243w, https:\/\/culturbaine.com\/wp-content\/uploads\/2026\/09\/IMG_7014-768x947.jpeg 768w\" sizes=\"(max-width: 828px) 100vw, 828px\" \/><figcaption id=\"caption-attachment-14704\" class=\"wp-caption-text\">Screenshot<\/figcaption><\/figure>\n<p class=\"p1\"><strong><span class=\"s1\">Mohamed Cinq Sylla<\/span><\/strong><\/p>\n","protected":false},"excerpt":{"rendered":"<p>Les vacances tirent \u00e0 leur fin, mais Kaff Event compte bien leur r\u00e9server une derni\u00e8re soir\u00e9e. La structure vient d\u2019annoncer les couleurs de \u00ab Baye Baye Vacances \u00bb, un \u00e9v\u00e9nement pr\u00e9vu le 24 septembre prochain au Night-club Parisien. Pour l\u2019occasion, plusieurs activit\u00e9s sont annonc\u00e9es afin de mettre le public dans l\u2019ambiance. Au programme : d\u00e9fis [&hellip;]<\/p>\n","protected":false},"author":2,"featured_media":14703,"comment_status":"closed","ping_status":"closed","sticky":false,"template":"","format":"standard","meta":{"_mi_skip_tracking":false,"_monsterinsights_sitenote_active":false,"_monsterinsights_sitenote_note":"","_monsterinsights_sitenote_category":0,"footnotes":""},"categories":[21,33],"tags":[4730,4731],"class_list":["post-14700","post","type-post","status-publish","format-standard","has-post-thumbnail","hentry","category-actualite","category-agenda","tag-defis-tiktok","tag-quiz-musical-kaff-event-annonce-baye-baye-vacances"],"yoast_head":"<!-- This site is optimized with the Yoast SEO Premium plugin v20.1 (Yoast SEO v24.0) - https:\/\/yoast.com\/wordpress\/plugins\/seo\/ -->\n<title>D\u00e9fis TikTok, quiz musical\u2026 Kaff Event annonce \u00ab Baye Baye Vacances \u00bb - Culturbaine<\/title>\n<meta name=\"robots\" content=\"index, follow, max-snippet:-1, max-image-preview:large, max-video-preview:-1\" \/>\n<link rel=\"canonical\" href=\"https:\/\/culturbaine.com\/index.php\/2026\/09\/01\/defis-tiktok-quiz-musical-kaff-event-annonce-baye-baye-vacances\/\" \/>\n<meta property=\"og:locale\" content=\"fr_FR\" \/>\n<meta property=\"og:type\" content=\"article\" \/>\n<meta property=\"og:title\" content=\"D\u00e9fis TikTok, quiz musical\u2026 Kaff Event annonce \u00ab Baye Baye Vacances \u00bb\" \/>\n<meta property=\"og:description\" content=\"Les vacances tirent \u00e0 leur fin, mais Kaff Event compte bien leur r\u00e9server une derni\u00e8re soir\u00e9e. La structure vient d\u2019annoncer les couleurs de \u00ab Baye Baye Vacances \u00bb, un \u00e9v\u00e9nement pr\u00e9vu le 24 septembre prochain au Night-club Parisien. Pour l\u2019occasion, plusieurs activit\u00e9s sont annonc\u00e9es afin de mettre le public dans l\u2019ambiance. Au programme : d\u00e9fis [&hellip;]\" \/>\n<meta property=\"og:url\" content=\"https:\/\/culturbaine.com\/index.php\/2026\/09\/01\/defis-tiktok-quiz-musical-kaff-event-annonce-baye-baye-vacances\/\" \/>\n<meta property=\"og:site_name\" content=\"Culturbaine\" \/>\n<meta property=\"article:publisher\" content=\"https:\/\/www.facebook.com\/Culturbaines\" \/>\n<meta property=\"article:published_time\" content=\"2026-09-01T16:41:12+00:00\" \/>\n<meta property=\"og:image\" content=\"https:\/\/culturbaine.com\/wp-content\/uploads\/2026\/09\/IMG_7011.jpeg\" \/>\n\t<meta property=\"og:image:width\" content=\"828\" \/>\n\t<meta property=\"og:image:height\" content=\"533\" \/>\n\t<meta property=\"og:image:type\" content=\"image\/jpeg\" \/>\n<meta name=\"author\" content=\"admin1\" \/>\n<meta name=\"twitter:card\" content=\"summary_large_image\" \/>\n<meta name=\"twitter:creator\" content=\"@culturbaines\" \/>\n<meta name=\"twitter:site\" content=\"@culturbaines\" \/>\n<meta name=\"twitter:label1\" content=\"\u00c9crit par\" \/>\n\t<meta name=\"twitter:data1\" content=\"admin1\" \/>\n\t<meta name=\"twitter:label2\" content=\"Dur\u00e9e de lecture estim\u00e9e\" \/>\n\t<meta name=\"twitter:data2\" content=\"1 minute\" \/>\n<script type=\"application\/ld+json\" class=\"yoast-schema-graph\">{\"@context\":\"https:\/\/schema.org\",\"@graph\":[{\"@type\":\"Article\",\"@id\":\"https:\/\/culturbaine.com\/index.php\/2026\/09\/01\/defis-tiktok-quiz-musical-kaff-event-annonce-baye-baye-vacances\/#article\",\"isPartOf\":{\"@id\":\"https:\/\/culturbaine.com\/index.php\/2026\/09\/01\/defis-tiktok-quiz-musical-kaff-event-annonce-baye-baye-vacances\/\"},\"author\":{\"name\":\"admin1\",\"@id\":\"https:\/\/culturbaine.com\/#\/schema\/person\/42eb7485c572e0746c1ea6b8216c3814\"},\"headline\":\"D\u00e9fis TikTok, quiz musical\u2026 Kaff Event annonce \u00ab Baye Baye Vacances \u00bb\",\"datePublished\":\"2026-09-01T16:41:12+00:00\",\"dateModified\":\"2026-09-01T16:41:12+00:00\",\"mainEntityOfPage\":{\"@id\":\"https:\/\/culturbaine.com\/index.php\/2026\/09\/01\/defis-tiktok-quiz-musical-kaff-event-annonce-baye-baye-vacances\/\"},\"wordCount\":128,\"publisher\":{\"@id\":\"https:\/\/culturbaine.com\/#organization\"},\"image\":{\"@id\":\"https:\/\/culturbaine.com\/index.php\/2026\/09\/01\/defis-tiktok-quiz-musical-kaff-event-annonce-baye-baye-vacances\/#primaryimage\"},\"thumbnailUrl\":\"https:\/\/culturbaine.com\/wp-content\/uploads\/2026\/09\/IMG_7011.jpeg\",\"keywords\":[\"D\u00e9fis TikTok\",\"quiz musical\u2026 Kaff Event annonce \u00ab Baye Baye Vacances \u00bb\"],\"articleSection\":[\"Actualit\u00e9\",\"Agenda\"],\"inLanguage\":\"fr-FR\"},{\"@type\":\"WebPage\",\"@id\":\"https:\/\/culturbaine.com\/index.php\/2026\/09\/01\/defis-tiktok-quiz-musical-kaff-event-annonce-baye-baye-vacances\/\",\"url\":\"https:\/\/culturbaine.com\/index.php\/2026\/09\/01\/defis-tiktok-quiz-musical-kaff-event-annonce-baye-baye-vacances\/\",\"name\":\"D\u00e9fis TikTok, quiz musical\u2026 Kaff Event annonce \u00ab Baye Baye Vacances \u00bb - Culturbaine\",\"isPartOf\":{\"@id\":\"https:\/\/culturbaine.com\/#website\"},\"primaryImageOfPage\":{\"@id\":\"https:\/\/culturbaine.com\/index.php\/2026\/09\/01\/defis-tiktok-quiz-musical-kaff-event-annonce-baye-baye-vacances\/#primaryimage\"},\"image\":{\"@id\":\"https:\/\/culturbaine.com\/index.php\/2026\/09\/01\/defis-tiktok-quiz-musical-kaff-event-annonce-baye-baye-vacances\/#primaryimage\"},\"thumbnailUrl\":\"https:\/\/culturbaine.com\/wp-content\/uploads\/2026\/09\/IMG_7011.jpeg\",\"datePublished\":\"2026-09-01T16:41:12+00:00\",\"dateModified\":\"2026-09-01T16:41:12+00:00\",\"breadcrumb\":{\"@id\":\"https:\/\/culturbaine.com\/index.php\/2026\/09\/01\/defis-tiktok-quiz-musical-kaff-event-annonce-baye-baye-vacances\/#breadcrumb\"},\"inLanguage\":\"fr-FR\",\"potentialAction\":[{\"@type\":\"ReadAction\",\"target\":[\"https:\/\/culturbaine.com\/index.php\/2026\/09\/01\/defis-tiktok-quiz-musical-kaff-event-annonce-baye-baye-vacances\/\"]}]},{\"@type\":\"ImageObject\",\"inLanguage\":\"fr-FR\",\"@id\":\"https:\/\/culturbaine.com\/index.php\/2026\/09\/01\/defis-tiktok-quiz-musical-kaff-event-annonce-baye-baye-vacances\/#primaryimage\",\"url\":\"https:\/\/culturbaine.com\/wp-content\/uploads\/2026\/09\/IMG_7011.jpeg\",\"contentUrl\":\"https:\/\/culturbaine.com\/wp-content\/uploads\/2026\/09\/IMG_7011.jpeg\",\"width\":828,\"height\":533,\"caption\":\"Screenshot\"},{\"@type\":\"BreadcrumbList\",\"@id\":\"https:\/\/culturbaine.com\/index.php\/2026\/09\/01\/defis-tiktok-quiz-musical-kaff-event-annonce-baye-baye-vacances\/#breadcrumb\",\"itemListElement\":[{\"@type\":\"ListItem\",\"position\":1,\"name\":\"Home\",\"item\":\"https:\/\/culturbaine.com\/\"},{\"@type\":\"ListItem\",\"position\":2,\"name\":\"D\u00e9fis TikTok, quiz musical\u2026 Kaff Event annonce \u00ab Baye Baye Vacances \u00bb\"}]},{\"@type\":\"WebSite\",\"@id\":\"https:\/\/culturbaine.com\/#website\",\"url\":\"https:\/\/culturbaine.com\/\",\"name\":\"Culturbaine.com\",\"description\":\"Toute l&#039;actualit\u00e9 des Cultures Urbaines, en un clic  !\",\"publisher\":{\"@id\":\"https:\/\/culturbaine.com\/#organization\"},\"potentialAction\":[{\"@type\":\"SearchAction\",\"target\":{\"@type\":\"EntryPoint\",\"urlTemplate\":\"https:\/\/culturbaine.com\/?s={search_term_string}\"},\"query-input\":{\"@type\":\"PropertyValueSpecification\",\"valueRequired\":true,\"valueName\":\"search_term_string\"}}],\"inLanguage\":\"fr-FR\"},{\"@type\":\"Organization\",\"@id\":\"https:\/\/culturbaine.com\/#organization\",\"name\":\"Culturbaine.com\",\"url\":\"https:\/\/culturbaine.com\/\",\"logo\":{\"@type\":\"ImageObject\",\"inLanguage\":\"fr-FR\",\"@id\":\"https:\/\/culturbaine.com\/#\/schema\/logo\/image\/\",\"url\":\"https:\/\/culturbaine.com\/wp-content\/uploads\/2023\/07\/WhatsApp-Image-2023-07-17-at-14.38.18.jpeg\",\"contentUrl\":\"https:\/\/culturbaine.com\/wp-content\/uploads\/2023\/07\/WhatsApp-Image-2023-07-17-at-14.38.18.jpeg\",\"width\":855,\"height\":270,\"caption\":\"Culturbaine.com\"},\"image\":{\"@id\":\"https:\/\/culturbaine.com\/#\/schema\/logo\/image\/\"},\"sameAs\":[\"https:\/\/www.facebook.com\/Culturbaines\",\"https:\/\/x.com\/culturbaines\"]},{\"@type\":\"Person\",\"@id\":\"https:\/\/culturbaine.com\/#\/schema\/person\/42eb7485c572e0746c1ea6b8216c3814\",\"name\":\"admin1\",\"image\":{\"@type\":\"ImageObject\",\"inLanguage\":\"fr-FR\",\"@id\":\"https:\/\/culturbaine.com\/#\/schema\/person\/image\/\",\"url\":\"https:\/\/secure.gravatar.com\/avatar\/c268f4d483ce0486e5a10fee87bbf756?s=96&d=mm&r=g\",\"contentUrl\":\"https:\/\/secure.gravatar.com\/avatar\/c268f4d483ce0486e5a10fee87bbf756?s=96&d=mm&r=g\",\"caption\":\"admin1\"},\"url\":\"https:\/\/culturbaine.com\/index.php\/author\/admin1\/\"}]}<\/script>\n<!-- \/ Yoast SEO Premium plugin. -->","yoast_head_json":{"title":"D\u00e9fis TikTok, quiz musical\u2026 Kaff Event annonce \u00ab Baye Baye Vacances \u00bb - Culturbaine","robots":{"index":"index","follow":"follow","max-snippet":"max-snippet:-1","max-image-preview":"max-image-preview:large","max-video-preview":"max-video-preview:-1"},"canonical":"https:\/\/culturbaine.com\/index.php\/2026\/09\/01\/defis-tiktok-quiz-musical-kaff-event-annonce-baye-baye-vacances\/","og_locale":"fr_FR","og_type":"article","og_title":"D\u00e9fis TikTok, quiz musical\u2026 Kaff Event annonce \u00ab Baye Baye Vacances \u00bb","og_description":"Les vacances tirent \u00e0 leur fin, mais Kaff Event compte bien leur r\u00e9server une derni\u00e8re soir\u00e9e. La structure vient d\u2019annoncer les couleurs de \u00ab Baye Baye Vacances \u00bb, un \u00e9v\u00e9nement pr\u00e9vu le 24 septembre prochain au Night-club Parisien. Pour l\u2019occasion, plusieurs activit\u00e9s sont annonc\u00e9es afin de mettre le public dans l\u2019ambiance. Au programme : d\u00e9fis [&hellip;]","og_url":"https:\/\/culturbaine.com\/index.php\/2026\/09\/01\/defis-tiktok-quiz-musical-kaff-event-annonce-baye-baye-vacances\/","og_site_name":"Culturbaine","article_publisher":"https:\/\/www.facebook.com\/Culturbaines","article_published_time":"2026-09-01T16:41:12+00:00","og_image":[{"width":828,"height":533,"url":"https:\/\/culturbaine.com\/wp-content\/uploads\/2026\/09\/IMG_7011.jpeg","type":"image\/jpeg"}],"author":"admin1","twitter_card":"summary_large_image","twitter_creator":"@culturbaines","twitter_site":"@culturbaines","twitter_misc":{"\u00c9crit par":"admin1","Dur\u00e9e de lecture estim\u00e9e":"1 minute"},"schema":{"@context":"https:\/\/schema.org","@graph":[{"@type":"Article","@id":"https:\/\/culturbaine.com\/index.php\/2026\/09\/01\/defis-tiktok-quiz-musical-kaff-event-annonce-baye-baye-vacances\/#article","isPartOf":{"@id":"https:\/\/culturbaine.com\/index.php\/2026\/09\/01\/defis-tiktok-quiz-musical-kaff-event-annonce-baye-baye-vacances\/"},"author":{"name":"admin1","@id":"https:\/\/culturbaine.com\/#\/schema\/person\/42eb7485c572e0746c1ea6b8216c3814"},"headline":"D\u00e9fis TikTok, quiz musical\u2026 Kaff Event annonce \u00ab Baye Baye Vacances \u00bb","datePublished":"2026-09-01T16:41:12+00:00","dateModified":"2026-09-01T16:41:12+00:00","mainEntityOfPage":{"@id":"https:\/\/culturbaine.com\/index.php\/2026\/09\/01\/defis-tiktok-quiz-musical-kaff-event-annonce-baye-baye-vacances\/"},"wordCount":128,"publisher":{"@id":"https:\/\/culturbaine.com\/#organization"},"image":{"@id":"https:\/\/culturbaine.com\/index.php\/2026\/09\/01\/defis-tiktok-quiz-musical-kaff-event-annonce-baye-baye-vacances\/#primaryimage"},"thumbnailUrl":"https:\/\/culturbaine.com\/wp-content\/uploads\/2026\/09\/IMG_7011.jpeg","keywords":["D\u00e9fis TikTok","quiz musical\u2026 Kaff Event annonce \u00ab Baye Baye Vacances \u00bb"],"articleSection":["Actualit\u00e9","Agenda"],"inLanguage":"fr-FR"},{"@type":"WebPage","@id":"https:\/\/culturbaine.com\/index.php\/2026\/09\/01\/defis-tiktok-quiz-musical-kaff-event-annonce-baye-baye-vacances\/","url":"https:\/\/culturbaine.com\/index.php\/2026\/09\/01\/defis-tiktok-quiz-musical-kaff-event-annonce-baye-baye-vacances\/","name":"D\u00e9fis TikTok, quiz musical\u2026 Kaff Event annonce \u00ab Baye Baye Vacances \u00bb - Culturbaine","isPartOf":{"@id":"https:\/\/culturbaine.com\/#website"},"primaryImageOfPage":{"@id":"https:\/\/culturbaine.com\/index.php\/2026\/09\/01\/defis-tiktok-quiz-musical-kaff-event-annonce-baye-baye-vacances\/#primaryimage"},"image":{"@id":"https:\/\/culturbaine.com\/index.php\/2026\/09\/01\/defis-tiktok-quiz-musical-kaff-event-annonce-baye-baye-vacances\/#primaryimage"},"thumbnailUrl":"https:\/\/culturbaine.com\/wp-content\/uploads\/2026\/09\/IMG_7011.jpeg","datePublished":"2026-09-01T16:41:12+00:00","dateModified":"2026-09-01T16:41:12+00:00","breadcrumb":{"@id":"https:\/\/culturbaine.com\/index.php\/2026\/09\/01\/defis-tiktok-quiz-musical-kaff-event-annonce-baye-baye-vacances\/#breadcrumb"},"inLanguage":"fr-FR","potentialAction":[{"@type":"ReadAction","target":["https:\/\/culturbaine.com\/index.php\/2026\/09\/01\/defis-tiktok-quiz-musical-kaff-event-annonce-baye-baye-vacances\/"]}]},{"@type":"ImageObject","inLanguage":"fr-FR","@id":"https:\/\/culturbaine.com\/index.php\/2026\/09\/01\/defis-tiktok-quiz-musical-kaff-event-annonce-baye-baye-vacances\/#primaryimage","url":"https:\/\/culturbaine.com\/wp-content\/uploads\/2026\/09\/IMG_7011.jpeg","contentUrl":"https:\/\/culturbaine.com\/wp-content\/uploads\/2026\/09\/IMG_7011.jpeg","width":828,"height":533,"caption":"Screenshot"},{"@type":"BreadcrumbList","@id":"https:\/\/culturbaine.com\/index.php\/2026\/09\/01\/defis-tiktok-quiz-musical-kaff-event-annonce-baye-baye-vacances\/#breadcrumb","itemListElement":[{"@type":"ListItem","position":1,"name":"Home","item":"https:\/\/culturbaine.com\/"},{"@type":"ListItem","position":2,"name":"D\u00e9fis TikTok, quiz musical\u2026 Kaff Event annonce \u00ab Baye Baye Vacances \u00bb"}]},{"@type":"WebSite","@id":"https:\/\/culturbaine.com\/#website","url":"https:\/\/culturbaine.com\/","name":"Culturbaine.com","description":"Toute l&#039;actualit\u00e9 des Cultures Urbaines, en un clic  !","publisher":{"@id":"https:\/\/culturbaine.com\/#organization"},"potentialAction":[{"@type":"SearchAction","target":{"@type":"EntryPoint","urlTemplate":"https:\/\/culturbaine.com\/?s={search_term_string}"},"query-input":{"@type":"PropertyValueSpecification","valueRequired":true,"valueName":"search_term_string"}}],"inLanguage":"fr-FR"},{"@type":"Organization","@id":"https:\/\/culturbaine.com\/#organization","name":"Culturbaine.com","url":"https:\/\/culturbaine.com\/","logo":{"@type":"ImageObject","inLanguage":"fr-FR","@id":"https:\/\/culturbaine.com\/#\/schema\/logo\/image\/","url":"https:\/\/culturbaine.com\/wp-content\/uploads\/2023\/07\/WhatsApp-Image-2023-07-17-at-14.38.18.jpeg","contentUrl":"https:\/\/culturbaine.com\/wp-content\/uploads\/2023\/07\/WhatsApp-Image-2023-07-17-at-14.38.18.jpeg","width":855,"height":270,"caption":"Culturbaine.com"},"image":{"@id":"https:\/\/culturbaine.com\/#\/schema\/logo\/image\/"},"sameAs":["https:\/\/www.facebook.com\/Culturbaines","https:\/\/x.com\/culturbaines"]},{"@type":"Person","@id":"https:\/\/culturbaine.com\/#\/schema\/person\/42eb7485c572e0746c1ea6b8216c3814","name":"admin1","image":{"@type":"ImageObject","inLanguage":"fr-FR","@id":"https:\/\/culturbaine.com\/#\/schema\/person\/image\/","url":"https:\/\/secure.gravatar.com\/avatar\/c268f4d483ce0486e5a10fee87bbf756?s=96&d=mm&r=g","contentUrl":"https:\/\/secure.gravatar.com\/avatar\/c268f4d483ce0486e5a10fee87bbf756?s=96&d=mm&r=g","caption":"admin1"},"url":"https:\/\/culturbaine.com\/index.php\/author\/admin1\/"}]}},"_links":{"self":[{"href":"https:\/\/culturbaine.com\/index.php\/wp-json\/wp\/v2\/posts\/14700"}],"collection":[{"href":"https:\/\/culturbaine.com\/index.php\/wp-json\/wp\/v2\/posts"}],"about":[{"href":"https:\/\/culturbaine.com\/index.php\/wp-json\/wp\/v2\/types\/post"}],"author":[{"embeddable":true,"href":"https:\/\/culturbaine.com\/index.php\/wp-json\/wp\/v2\/users\/2"}],"replies":[{"embeddable":true,"href":"https:\/\/culturbaine.com\/index.php\/wp-json\/wp\/v2\/comments?post=14700"}],"version-history":[{"count":1,"href":"https:\/\/culturbaine.com\/index.php\/wp-json\/wp\/v2\/posts\/14700\/revisions"}],"predecessor-version":[{"id":14705,"href":"https:\/\/culturbaine.com\/index.php\/wp-json\/wp\/v2\/posts\/14700\/revisions\/14705"}],"wp:featuredmedia":[{"embeddable":true,"href":"https:\/\/culturbaine.com\/index.php\/wp-json\/wp\/v2\/media\/14703"}],"wp:attachment":[{"href":"https:\/\/culturbaine.com\/index.php\/wp-json\/wp\/v2\/media?parent=14700"}],"wp:term":[{"taxonomy":"category","embeddable":true,"href":"https:\/\/culturbaine.com\/index.php\/wp-json\/wp\/v2\/categories?post=14700"},{"taxonomy":"post_tag","embeddable":true,"href":"https:\/\/culturbaine.com\/index.php\/wp-json\/wp\/v2\/tags?post=14700"}],"curies":[{"name":"wp","href":"https:\/\/api.w.org\/{rel}","templated":true}]}}