{"id":14684,"date":"2026-09-01T09:52:15","date_gmt":"2026-09-01T09:52:15","guid":{"rendered":"https:\/\/culturbaine.com\/?p=14684"},"modified":"2026-09-01T10:26:07","modified_gmt":"2026-09-01T10:26:07","slug":"a-un-mois-du-concert-soul-bangs-et-manamba-kante-mobilises-a-abidjan","status":"publish","type":"post","link":"https:\/\/culturbaine.com\/index.php\/2026\/09\/01\/a-un-mois-du-concert-soul-bangs-et-manamba-kante-mobilises-a-abidjan\/","title":{"rendered":"\u00c0 un mois du concert, Soul Bang\u2019s et Manamba Kant\u00e9 mobilis\u00e9s \u00e0 Abidjan"},"content":{"rendered":"<p class=\"p1\">\u00c0 un peu plus d\u2019un mois de leur concert pr\u00e9vu le 03 octobre prochain au Palais de la Culture d\u2019Abidjan, <strong>Soul Bang\u2019s<\/strong> et <strong>Manamba Kant\u00e9<\/strong> sont de retour dans la capitale ivoirienne.<\/p>\n<p class=\"p1\"><span class=\"s1\">Le couple d\u2019artistes guin\u00e9ens a pos\u00e9 ses valises \u00e0 Abidjan afin de poursuivre les pr\u00e9paratifs de \u00ab <strong>Ind\u00e9pendance Day<\/strong> \u00bb, le Concert de la Fraternit\u00e9, un grand rendez-vous musical qui approche \u00e0 grands pas.<\/span><\/p>\n<p class=\"p1\"><span class=\"s1\">\u00c0 leur arriv\u00e9e \u00e0 l\u2019a\u00e9roport, <strong>Soul Bang\u2019s <\/strong>et<strong> Manamba<\/strong> <strong>Kant\u00e9<\/strong> ont re\u00e7u un accueil chaleureux de la part de leurs fans. Plusieurs supporters \u00e9taient pr\u00e9sents avec des banderoles annon\u00e7ant le concert et souhaitant la bienvenue aux deux artistes.<\/span><\/p>\n<p><img loading=\"lazy\" decoding=\"async\" class=\"aligncenter size-full wp-image-14693\" src=\"https:\/\/culturbaine.com\/wp-content\/uploads\/2026\/09\/f3ecfd61-c733-4c9c-bbc4-2c7cd3daa2fe.jpeg\" alt=\"\" width=\"2560\" height=\"2082\" srcset=\"https:\/\/culturbaine.com\/wp-content\/uploads\/2026\/09\/f3ecfd61-c733-4c9c-bbc4-2c7cd3daa2fe.jpeg 2560w, https:\/\/culturbaine.com\/wp-content\/uploads\/2026\/09\/f3ecfd61-c733-4c9c-bbc4-2c7cd3daa2fe-300x244.jpeg 300w, https:\/\/culturbaine.com\/wp-content\/uploads\/2026\/09\/f3ecfd61-c733-4c9c-bbc4-2c7cd3daa2fe-1024x833.jpeg 1024w, https:\/\/culturbaine.com\/wp-content\/uploads\/2026\/09\/f3ecfd61-c733-4c9c-bbc4-2c7cd3daa2fe-768x625.jpeg 768w, https:\/\/culturbaine.com\/wp-content\/uploads\/2026\/09\/f3ecfd61-c733-4c9c-bbc4-2c7cd3daa2fe-1536x1249.jpeg 1536w, https:\/\/culturbaine.com\/wp-content\/uploads\/2026\/09\/f3ecfd61-c733-4c9c-bbc4-2c7cd3daa2fe-2048x1666.jpeg 2048w\" sizes=\"(max-width: 2560px) 100vw, 2560px\" \/><\/p>\n<p class=\"p1\"><span class=\"s1\">Apr\u00e8s leur arriv\u00e9e, <strong>Soul Bang\u2019s <\/strong>et<strong> Manamba Kant\u00e9<\/strong> se sont rendus \u00e0 la <strong>Fondation Gaou Production,<\/strong> o\u00f9 ils ont rencontr\u00e9 son pr\u00e9sident, A\u2019Salfo, ainsi que son \u00e9quipe. Au cours de cette rencontre, les \u00e9changes ont notamment port\u00e9 sur les pr\u00e9paratifs de \u00ab <strong>Ind\u00e9pendance Day \u00bb<\/strong>, le Concert de la Fraternit\u00e9, pr\u00e9vu le 03 octobre au Palais de la Culture.<\/span><\/p>\n<p><img loading=\"lazy\" decoding=\"async\" class=\"aligncenter size-full wp-image-14689\" src=\"https:\/\/culturbaine.com\/wp-content\/uploads\/2026\/09\/IMG_6992.jpeg\" alt=\"\" width=\"1080\" height=\"768\" srcset=\"https:\/\/culturbaine.com\/wp-content\/uploads\/2026\/09\/IMG_6992.jpeg 1080w, https:\/\/culturbaine.com\/wp-content\/uploads\/2026\/09\/IMG_6992-300x213.jpeg 300w, https:\/\/culturbaine.com\/wp-content\/uploads\/2026\/09\/IMG_6992-1024x728.jpeg 1024w, https:\/\/culturbaine.com\/wp-content\/uploads\/2026\/09\/IMG_6992-768x546.jpeg 768w\" sizes=\"(max-width: 1080px) 100vw, 1080px\" \/><\/p>\n<p class=\"p1\"><span class=\"s1\">Cette nouvelle \u00e9tape \u00e0 Abidjan t\u00e9moigne de l\u2019engagement des deux artistes dans les pr\u00e9paratifs de ce spectacle, qui promet de r\u00e9unir leurs fans autour de la musique, du partage et de la fraternit\u00e9.<\/span><\/p>\n<p class=\"p1\"><strong><span class=\"s2\">Mohamed Cinq Sylla<\/span><\/strong><\/p>\n","protected":false},"excerpt":{"rendered":"<p>\u00c0 un peu plus d\u2019un mois de leur concert pr\u00e9vu le 03 octobre prochain au Palais de la Culture d\u2019Abidjan, Soul Bang\u2019s et Manamba Kant\u00e9 sont de retour dans la capitale ivoirienne. Le couple d\u2019artistes guin\u00e9ens a pos\u00e9 ses valises \u00e0 Abidjan afin de poursuivre les pr\u00e9paratifs de \u00ab Ind\u00e9pendance Day \u00bb, le Concert de [&hellip;]<\/p>\n","protected":false},"author":2,"featured_media":14688,"comment_status":"closed","ping_status":"closed","sticky":false,"template":"","format":"standard","meta":{"_mi_skip_tracking":false,"_monsterinsights_sitenote_active":false,"_monsterinsights_sitenote_note":"","_monsterinsights_sitenote_category":0,"footnotes":""},"categories":[21,33],"tags":[4727,4728],"class_list":["post-14684","post","type-post","status-publish","format-standard","has-post-thumbnail","hentry","category-actualite","category-agenda","tag-a-un-mois-du-concert","tag-soul-bangs-et-manamba-kante-mobilises-a-abidjan"],"yoast_head":"<!-- This site is optimized with the Yoast SEO Premium plugin v20.1 (Yoast SEO v24.0) - https:\/\/yoast.com\/wordpress\/plugins\/seo\/ -->\n<title>\u00c0 un mois du concert, Soul Bang\u2019s et Manamba Kant\u00e9 mobilis\u00e9s \u00e0 Abidjan - Culturbaine<\/title>\n<meta name=\"description\" content=\"Soul Bang\u2019s et Manamba Kant\u00e9 sont de retour \u00e0 Abidjan pour poursuivre les pr\u00e9paratifs de \u00ab Ind\u00e9pendance Day, le Concert de la Fraternit\u00e9 \u00bb, pr\u00e9vu le 03 octobre au Palais de la Culture.\" \/>\n<meta name=\"robots\" content=\"index, follow, max-snippet:-1, max-image-preview:large, max-video-preview:-1\" \/>\n<link rel=\"canonical\" href=\"https:\/\/culturbaine.com\/index.php\/2026\/09\/01\/a-un-mois-du-concert-soul-bangs-et-manamba-kante-mobilises-a-abidjan\/\" \/>\n<meta property=\"og:locale\" content=\"fr_FR\" \/>\n<meta property=\"og:type\" content=\"article\" \/>\n<meta property=\"og:title\" content=\"\u00c0 un mois du concert, Soul Bang\u2019s et Manamba Kant\u00e9 mobilis\u00e9s \u00e0 Abidjan\" \/>\n<meta property=\"og:description\" content=\"Soul Bang\u2019s et Manamba Kant\u00e9 sont de retour \u00e0 Abidjan pour poursuivre les pr\u00e9paratifs de \u00ab Ind\u00e9pendance Day, le Concert de la Fraternit\u00e9 \u00bb, pr\u00e9vu le 03 octobre au Palais de la Culture.\" \/>\n<meta property=\"og:url\" content=\"https:\/\/culturbaine.com\/index.php\/2026\/09\/01\/a-un-mois-du-concert-soul-bangs-et-manamba-kante-mobilises-a-abidjan\/\" \/>\n<meta property=\"og:site_name\" content=\"Culturbaine\" \/>\n<meta property=\"article:publisher\" content=\"https:\/\/www.facebook.com\/Culturbaines\" \/>\n<meta property=\"article:published_time\" content=\"2026-09-01T09:52:15+00:00\" \/>\n<meta property=\"article:modified_time\" content=\"2026-09-01T10:26:07+00:00\" \/>\n<meta property=\"og:image\" content=\"https:\/\/culturbaine.com\/wp-content\/uploads\/2026\/09\/4040fe1b-eac4-4cd8-81bf-a6bcdda8b1f2.jpeg\" \/>\n\t<meta property=\"og:image:width\" content=\"1707\" \/>\n\t<meta property=\"og:image:height\" content=\"1282\" \/>\n\t<meta property=\"og:image:type\" content=\"image\/jpeg\" \/>\n<meta name=\"author\" content=\"admin1\" \/>\n<meta name=\"twitter:card\" content=\"summary_large_image\" \/>\n<meta name=\"twitter:creator\" content=\"@culturbaines\" \/>\n<meta name=\"twitter:site\" content=\"@culturbaines\" \/>\n<meta name=\"twitter:label1\" content=\"\u00c9crit par\" \/>\n\t<meta name=\"twitter:data1\" content=\"admin1\" \/>\n\t<meta name=\"twitter:label2\" content=\"Dur\u00e9e de lecture estim\u00e9e\" \/>\n\t<meta name=\"twitter:data2\" content=\"2 minutes\" \/>\n<script type=\"application\/ld+json\" class=\"yoast-schema-graph\">{\"@context\":\"https:\/\/schema.org\",\"@graph\":[{\"@type\":\"Article\",\"@id\":\"https:\/\/culturbaine.com\/index.php\/2026\/09\/01\/a-un-mois-du-concert-soul-bangs-et-manamba-kante-mobilises-a-abidjan\/#article\",\"isPartOf\":{\"@id\":\"https:\/\/culturbaine.com\/index.php\/2026\/09\/01\/a-un-mois-du-concert-soul-bangs-et-manamba-kante-mobilises-a-abidjan\/\"},\"author\":{\"name\":\"admin1\",\"@id\":\"https:\/\/culturbaine.com\/#\/schema\/person\/42eb7485c572e0746c1ea6b8216c3814\"},\"headline\":\"\u00c0 un mois du concert, Soul Bang\u2019s et Manamba Kant\u00e9 mobilis\u00e9s \u00e0 Abidjan\",\"datePublished\":\"2026-09-01T09:52:15+00:00\",\"dateModified\":\"2026-09-01T10:26:07+00:00\",\"mainEntityOfPage\":{\"@id\":\"https:\/\/culturbaine.com\/index.php\/2026\/09\/01\/a-un-mois-du-concert-soul-bangs-et-manamba-kante-mobilises-a-abidjan\/\"},\"wordCount\":226,\"publisher\":{\"@id\":\"https:\/\/culturbaine.com\/#organization\"},\"image\":{\"@id\":\"https:\/\/culturbaine.com\/index.php\/2026\/09\/01\/a-un-mois-du-concert-soul-bangs-et-manamba-kante-mobilises-a-abidjan\/#primaryimage\"},\"thumbnailUrl\":\"https:\/\/culturbaine.com\/wp-content\/uploads\/2026\/09\/4040fe1b-eac4-4cd8-81bf-a6bcdda8b1f2.jpeg\",\"keywords\":[\"\u00c0 un mois du concert\",\"Soul Bang\u2019s et Manamba Kant\u00e9 mobilis\u00e9s \u00e0 Abidjan\"],\"articleSection\":[\"Actualit\u00e9\",\"Agenda\"],\"inLanguage\":\"fr-FR\"},{\"@type\":\"WebPage\",\"@id\":\"https:\/\/culturbaine.com\/index.php\/2026\/09\/01\/a-un-mois-du-concert-soul-bangs-et-manamba-kante-mobilises-a-abidjan\/\",\"url\":\"https:\/\/culturbaine.com\/index.php\/2026\/09\/01\/a-un-mois-du-concert-soul-bangs-et-manamba-kante-mobilises-a-abidjan\/\",\"name\":\"\u00c0 un mois du concert, Soul Bang\u2019s et Manamba Kant\u00e9 mobilis\u00e9s \u00e0 Abidjan - Culturbaine\",\"isPartOf\":{\"@id\":\"https:\/\/culturbaine.com\/#website\"},\"primaryImageOfPage\":{\"@id\":\"https:\/\/culturbaine.com\/index.php\/2026\/09\/01\/a-un-mois-du-concert-soul-bangs-et-manamba-kante-mobilises-a-abidjan\/#primaryimage\"},\"image\":{\"@id\":\"https:\/\/culturbaine.com\/index.php\/2026\/09\/01\/a-un-mois-du-concert-soul-bangs-et-manamba-kante-mobilises-a-abidjan\/#primaryimage\"},\"thumbnailUrl\":\"https:\/\/culturbaine.com\/wp-content\/uploads\/2026\/09\/4040fe1b-eac4-4cd8-81bf-a6bcdda8b1f2.jpeg\",\"datePublished\":\"2026-09-01T09:52:15+00:00\",\"dateModified\":\"2026-09-01T10:26:07+00:00\",\"description\":\"Soul Bang\u2019s et Manamba Kant\u00e9 sont de retour \u00e0 Abidjan pour poursuivre les pr\u00e9paratifs de \u00ab Ind\u00e9pendance Day, le Concert de la Fraternit\u00e9 \u00bb, pr\u00e9vu le 03 octobre au Palais de la Culture.\",\"breadcrumb\":{\"@id\":\"https:\/\/culturbaine.com\/index.php\/2026\/09\/01\/a-un-mois-du-concert-soul-bangs-et-manamba-kante-mobilises-a-abidjan\/#breadcrumb\"},\"inLanguage\":\"fr-FR\",\"potentialAction\":[{\"@type\":\"ReadAction\",\"target\":[\"https:\/\/culturbaine.com\/index.php\/2026\/09\/01\/a-un-mois-du-concert-soul-bangs-et-manamba-kante-mobilises-a-abidjan\/\"]}]},{\"@type\":\"ImageObject\",\"inLanguage\":\"fr-FR\",\"@id\":\"https:\/\/culturbaine.com\/index.php\/2026\/09\/01\/a-un-mois-du-concert-soul-bangs-et-manamba-kante-mobilises-a-abidjan\/#primaryimage\",\"url\":\"https:\/\/culturbaine.com\/wp-content\/uploads\/2026\/09\/4040fe1b-eac4-4cd8-81bf-a6bcdda8b1f2.jpeg\",\"contentUrl\":\"https:\/\/culturbaine.com\/wp-content\/uploads\/2026\/09\/4040fe1b-eac4-4cd8-81bf-a6bcdda8b1f2.jpeg\",\"width\":1707,\"height\":1282},{\"@type\":\"BreadcrumbList\",\"@id\":\"https:\/\/culturbaine.com\/index.php\/2026\/09\/01\/a-un-mois-du-concert-soul-bangs-et-manamba-kante-mobilises-a-abidjan\/#breadcrumb\",\"itemListElement\":[{\"@type\":\"ListItem\",\"position\":1,\"name\":\"Home\",\"item\":\"https:\/\/culturbaine.com\/\"},{\"@type\":\"ListItem\",\"position\":2,\"name\":\"\u00c0 un mois du concert, Soul Bang\u2019s et Manamba Kant\u00e9 mobilis\u00e9s \u00e0 Abidjan\"}]},{\"@type\":\"WebSite\",\"@id\":\"https:\/\/culturbaine.com\/#website\",\"url\":\"https:\/\/culturbaine.com\/\",\"name\":\"Culturbaine.com\",\"description\":\"Toute l&#039;actualit\u00e9 des Cultures Urbaines, en un clic  !\",\"publisher\":{\"@id\":\"https:\/\/culturbaine.com\/#organization\"},\"potentialAction\":[{\"@type\":\"SearchAction\",\"target\":{\"@type\":\"EntryPoint\",\"urlTemplate\":\"https:\/\/culturbaine.com\/?s={search_term_string}\"},\"query-input\":{\"@type\":\"PropertyValueSpecification\",\"valueRequired\":true,\"valueName\":\"search_term_string\"}}],\"inLanguage\":\"fr-FR\"},{\"@type\":\"Organization\",\"@id\":\"https:\/\/culturbaine.com\/#organization\",\"name\":\"Culturbaine.com\",\"url\":\"https:\/\/culturbaine.com\/\",\"logo\":{\"@type\":\"ImageObject\",\"inLanguage\":\"fr-FR\",\"@id\":\"https:\/\/culturbaine.com\/#\/schema\/logo\/image\/\",\"url\":\"https:\/\/culturbaine.com\/wp-content\/uploads\/2023\/07\/WhatsApp-Image-2023-07-17-at-14.38.18.jpeg\",\"contentUrl\":\"https:\/\/culturbaine.com\/wp-content\/uploads\/2023\/07\/WhatsApp-Image-2023-07-17-at-14.38.18.jpeg\",\"width\":855,\"height\":270,\"caption\":\"Culturbaine.com\"},\"image\":{\"@id\":\"https:\/\/culturbaine.com\/#\/schema\/logo\/image\/\"},\"sameAs\":[\"https:\/\/www.facebook.com\/Culturbaines\",\"https:\/\/x.com\/culturbaines\"]},{\"@type\":\"Person\",\"@id\":\"https:\/\/culturbaine.com\/#\/schema\/person\/42eb7485c572e0746c1ea6b8216c3814\",\"name\":\"admin1\",\"image\":{\"@type\":\"ImageObject\",\"inLanguage\":\"fr-FR\",\"@id\":\"https:\/\/culturbaine.com\/#\/schema\/person\/image\/\",\"url\":\"https:\/\/secure.gravatar.com\/avatar\/c268f4d483ce0486e5a10fee87bbf756?s=96&d=mm&r=g\",\"contentUrl\":\"https:\/\/secure.gravatar.com\/avatar\/c268f4d483ce0486e5a10fee87bbf756?s=96&d=mm&r=g\",\"caption\":\"admin1\"},\"url\":\"https:\/\/culturbaine.com\/index.php\/author\/admin1\/\"}]}<\/script>\n<!-- \/ Yoast SEO Premium plugin. -->","yoast_head_json":{"title":"\u00c0 un mois du concert, Soul Bang\u2019s et Manamba Kant\u00e9 mobilis\u00e9s \u00e0 Abidjan - Culturbaine","description":"Soul Bang\u2019s et Manamba Kant\u00e9 sont de retour \u00e0 Abidjan pour poursuivre les pr\u00e9paratifs de \u00ab Ind\u00e9pendance Day, le Concert de la Fraternit\u00e9 \u00bb, pr\u00e9vu le 03 octobre au Palais de la Culture.","robots":{"index":"index","follow":"follow","max-snippet":"max-snippet:-1","max-image-preview":"max-image-preview:large","max-video-preview":"max-video-preview:-1"},"canonical":"https:\/\/culturbaine.com\/index.php\/2026\/09\/01\/a-un-mois-du-concert-soul-bangs-et-manamba-kante-mobilises-a-abidjan\/","og_locale":"fr_FR","og_type":"article","og_title":"\u00c0 un mois du concert, Soul Bang\u2019s et Manamba Kant\u00e9 mobilis\u00e9s \u00e0 Abidjan","og_description":"Soul Bang\u2019s et Manamba Kant\u00e9 sont de retour \u00e0 Abidjan pour poursuivre les pr\u00e9paratifs de \u00ab Ind\u00e9pendance Day, le Concert de la Fraternit\u00e9 \u00bb, pr\u00e9vu le 03 octobre au Palais de la Culture.","og_url":"https:\/\/culturbaine.com\/index.php\/2026\/09\/01\/a-un-mois-du-concert-soul-bangs-et-manamba-kante-mobilises-a-abidjan\/","og_site_name":"Culturbaine","article_publisher":"https:\/\/www.facebook.com\/Culturbaines","article_published_time":"2026-09-01T09:52:15+00:00","article_modified_time":"2026-09-01T10:26:07+00:00","og_image":[{"width":1707,"height":1282,"url":"https:\/\/culturbaine.com\/wp-content\/uploads\/2026\/09\/4040fe1b-eac4-4cd8-81bf-a6bcdda8b1f2.jpeg","type":"image\/jpeg"}],"author":"admin1","twitter_card":"summary_large_image","twitter_creator":"@culturbaines","twitter_site":"@culturbaines","twitter_misc":{"\u00c9crit par":"admin1","Dur\u00e9e de lecture estim\u00e9e":"2 minutes"},"schema":{"@context":"https:\/\/schema.org","@graph":[{"@type":"Article","@id":"https:\/\/culturbaine.com\/index.php\/2026\/09\/01\/a-un-mois-du-concert-soul-bangs-et-manamba-kante-mobilises-a-abidjan\/#article","isPartOf":{"@id":"https:\/\/culturbaine.com\/index.php\/2026\/09\/01\/a-un-mois-du-concert-soul-bangs-et-manamba-kante-mobilises-a-abidjan\/"},"author":{"name":"admin1","@id":"https:\/\/culturbaine.com\/#\/schema\/person\/42eb7485c572e0746c1ea6b8216c3814"},"headline":"\u00c0 un mois du concert, Soul Bang\u2019s et Manamba Kant\u00e9 mobilis\u00e9s \u00e0 Abidjan","datePublished":"2026-09-01T09:52:15+00:00","dateModified":"2026-09-01T10:26:07+00:00","mainEntityOfPage":{"@id":"https:\/\/culturbaine.com\/index.php\/2026\/09\/01\/a-un-mois-du-concert-soul-bangs-et-manamba-kante-mobilises-a-abidjan\/"},"wordCount":226,"publisher":{"@id":"https:\/\/culturbaine.com\/#organization"},"image":{"@id":"https:\/\/culturbaine.com\/index.php\/2026\/09\/01\/a-un-mois-du-concert-soul-bangs-et-manamba-kante-mobilises-a-abidjan\/#primaryimage"},"thumbnailUrl":"https:\/\/culturbaine.com\/wp-content\/uploads\/2026\/09\/4040fe1b-eac4-4cd8-81bf-a6bcdda8b1f2.jpeg","keywords":["\u00c0 un mois du concert","Soul Bang\u2019s et Manamba Kant\u00e9 mobilis\u00e9s \u00e0 Abidjan"],"articleSection":["Actualit\u00e9","Agenda"],"inLanguage":"fr-FR"},{"@type":"WebPage","@id":"https:\/\/culturbaine.com\/index.php\/2026\/09\/01\/a-un-mois-du-concert-soul-bangs-et-manamba-kante-mobilises-a-abidjan\/","url":"https:\/\/culturbaine.com\/index.php\/2026\/09\/01\/a-un-mois-du-concert-soul-bangs-et-manamba-kante-mobilises-a-abidjan\/","name":"\u00c0 un mois du concert, Soul Bang\u2019s et Manamba Kant\u00e9 mobilis\u00e9s \u00e0 Abidjan - Culturbaine","isPartOf":{"@id":"https:\/\/culturbaine.com\/#website"},"primaryImageOfPage":{"@id":"https:\/\/culturbaine.com\/index.php\/2026\/09\/01\/a-un-mois-du-concert-soul-bangs-et-manamba-kante-mobilises-a-abidjan\/#primaryimage"},"image":{"@id":"https:\/\/culturbaine.com\/index.php\/2026\/09\/01\/a-un-mois-du-concert-soul-bangs-et-manamba-kante-mobilises-a-abidjan\/#primaryimage"},"thumbnailUrl":"https:\/\/culturbaine.com\/wp-content\/uploads\/2026\/09\/4040fe1b-eac4-4cd8-81bf-a6bcdda8b1f2.jpeg","datePublished":"2026-09-01T09:52:15+00:00","dateModified":"2026-09-01T10:26:07+00:00","description":"Soul Bang\u2019s et Manamba Kant\u00e9 sont de retour \u00e0 Abidjan pour poursuivre les pr\u00e9paratifs de \u00ab Ind\u00e9pendance Day, le Concert de la Fraternit\u00e9 \u00bb, pr\u00e9vu le 03 octobre au Palais de la Culture.","breadcrumb":{"@id":"https:\/\/culturbaine.com\/index.php\/2026\/09\/01\/a-un-mois-du-concert-soul-bangs-et-manamba-kante-mobilises-a-abidjan\/#breadcrumb"},"inLanguage":"fr-FR","potentialAction":[{"@type":"ReadAction","target":["https:\/\/culturbaine.com\/index.php\/2026\/09\/01\/a-un-mois-du-concert-soul-bangs-et-manamba-kante-mobilises-a-abidjan\/"]}]},{"@type":"ImageObject","inLanguage":"fr-FR","@id":"https:\/\/culturbaine.com\/index.php\/2026\/09\/01\/a-un-mois-du-concert-soul-bangs-et-manamba-kante-mobilises-a-abidjan\/#primaryimage","url":"https:\/\/culturbaine.com\/wp-content\/uploads\/2026\/09\/4040fe1b-eac4-4cd8-81bf-a6bcdda8b1f2.jpeg","contentUrl":"https:\/\/culturbaine.com\/wp-content\/uploads\/2026\/09\/4040fe1b-eac4-4cd8-81bf-a6bcdda8b1f2.jpeg","width":1707,"height":1282},{"@type":"BreadcrumbList","@id":"https:\/\/culturbaine.com\/index.php\/2026\/09\/01\/a-un-mois-du-concert-soul-bangs-et-manamba-kante-mobilises-a-abidjan\/#breadcrumb","itemListElement":[{"@type":"ListItem","position":1,"name":"Home","item":"https:\/\/culturbaine.com\/"},{"@type":"ListItem","position":2,"name":"\u00c0 un mois du concert, Soul Bang\u2019s et Manamba Kant\u00e9 mobilis\u00e9s \u00e0 Abidjan"}]},{"@type":"WebSite","@id":"https:\/\/culturbaine.com\/#website","url":"https:\/\/culturbaine.com\/","name":"Culturbaine.com","description":"Toute l&#039;actualit\u00e9 des Cultures Urbaines, en un clic  !","publisher":{"@id":"https:\/\/culturbaine.com\/#organization"},"potentialAction":[{"@type":"SearchAction","target":{"@type":"EntryPoint","urlTemplate":"https:\/\/culturbaine.com\/?s={search_term_string}"},"query-input":{"@type":"PropertyValueSpecification","valueRequired":true,"valueName":"search_term_string"}}],"inLanguage":"fr-FR"},{"@type":"Organization","@id":"https:\/\/culturbaine.com\/#organization","name":"Culturbaine.com","url":"https:\/\/culturbaine.com\/","logo":{"@type":"ImageObject","inLanguage":"fr-FR","@id":"https:\/\/culturbaine.com\/#\/schema\/logo\/image\/","url":"https:\/\/culturbaine.com\/wp-content\/uploads\/2023\/07\/WhatsApp-Image-2023-07-17-at-14.38.18.jpeg","contentUrl":"https:\/\/culturbaine.com\/wp-content\/uploads\/2023\/07\/WhatsApp-Image-2023-07-17-at-14.38.18.jpeg","width":855,"height":270,"caption":"Culturbaine.com"},"image":{"@id":"https:\/\/culturbaine.com\/#\/schema\/logo\/image\/"},"sameAs":["https:\/\/www.facebook.com\/Culturbaines","https:\/\/x.com\/culturbaines"]},{"@type":"Person","@id":"https:\/\/culturbaine.com\/#\/schema\/person\/42eb7485c572e0746c1ea6b8216c3814","name":"admin1","image":{"@type":"ImageObject","inLanguage":"fr-FR","@id":"https:\/\/culturbaine.com\/#\/schema\/person\/image\/","url":"https:\/\/secure.gravatar.com\/avatar\/c268f4d483ce0486e5a10fee87bbf756?s=96&d=mm&r=g","contentUrl":"https:\/\/secure.gravatar.com\/avatar\/c268f4d483ce0486e5a10fee87bbf756?s=96&d=mm&r=g","caption":"admin1"},"url":"https:\/\/culturbaine.com\/index.php\/author\/admin1\/"}]}},"_links":{"self":[{"href":"https:\/\/culturbaine.com\/index.php\/wp-json\/wp\/v2\/posts\/14684"}],"collection":[{"href":"https:\/\/culturbaine.com\/index.php\/wp-json\/wp\/v2\/posts"}],"about":[{"href":"https:\/\/culturbaine.com\/index.php\/wp-json\/wp\/v2\/types\/post"}],"author":[{"embeddable":true,"href":"https:\/\/culturbaine.com\/index.php\/wp-json\/wp\/v2\/users\/2"}],"replies":[{"embeddable":true,"href":"https:\/\/culturbaine.com\/index.php\/wp-json\/wp\/v2\/comments?post=14684"}],"version-history":[{"count":5,"href":"https:\/\/culturbaine.com\/index.php\/wp-json\/wp\/v2\/posts\/14684\/revisions"}],"predecessor-version":[{"id":14694,"href":"https:\/\/culturbaine.com\/index.php\/wp-json\/wp\/v2\/posts\/14684\/revisions\/14694"}],"wp:featuredmedia":[{"embeddable":true,"href":"https:\/\/culturbaine.com\/index.php\/wp-json\/wp\/v2\/media\/14688"}],"wp:attachment":[{"href":"https:\/\/culturbaine.com\/index.php\/wp-json\/wp\/v2\/media?parent=14684"}],"wp:term":[{"taxonomy":"category","embeddable":true,"href":"https:\/\/culturbaine.com\/index.php\/wp-json\/wp\/v2\/categories?post=14684"},{"taxonomy":"post_tag","embeddable":true,"href":"https:\/\/culturbaine.com\/index.php\/wp-json\/wp\/v2\/tags?post=14684"}],"curies":[{"name":"wp","href":"https:\/\/api.w.org\/{rel}","templated":true}]}}