{"id":14678,"date":"2026-08-31T23:43:26","date_gmt":"2026-08-31T23:43:26","guid":{"rendered":"https:\/\/culturbaine.com\/?p=14678"},"modified":"2026-08-31T23:43:26","modified_gmt":"2026-08-31T23:43:26","slug":"ndianamo-le-nouvel-album-de-ly-kouyate-se-devoile","status":"publish","type":"post","link":"https:\/\/culturbaine.com\/index.php\/2026\/08\/31\/ndianamo-le-nouvel-album-de-ly-kouyate-se-devoile\/","title":{"rendered":"\u00ab N\u2019Dianamo \u00bb : le nouvel album de Ly Kouyat\u00e9 se d\u00e9voile"},"content":{"rendered":"<p class=\"p1\">La chanteuse guin\u00e9enne <strong>Ly Kouyat\u00e9<\/strong> continue de pr\u00e9parer son actualit\u00e9 musicale. Apr\u00e8s avoir annonc\u00e9 la date de son concert d\u00e9dicace, pr\u00e9vu le 19 d\u00e9cembre au Chapiteau by Issa, l\u2019artiste a cette fois d\u00e9voil\u00e9 le nom de son prochain album : \u00ab <strong>N\u2019Dianamo<\/strong> \u00bb.<\/p>\n<p class=\"p1\"><span class=\"s1\">\u00c0 travers ce projet, <strong>Ly Kouyat\u00e9<\/strong> s\u2019appr\u00eate ainsi \u00e0 franchir une nouvelle \u00e9tape de sa carri\u00e8re musicale. La sortie de l\u2019album sera notamment marqu\u00e9e par un concert d\u00e9dicace plac\u00e9 sous le parrainage de M. <strong>Sackoba Keita.<\/strong><\/span><\/p>\n<p class=\"p1\"><span class=\"s1\">Le rendez-vous du 19 d\u00e9cembre devrait r\u00e9unir les m\u00e9lomanes autour de son univers musical, port\u00e9 par des sonorit\u00e9s guin\u00e9ennes et africaines. Ce sera \u00e9galement l\u2019occasion pour l\u2019artiste de communier avec son public dans une ambiance festive et conviviale.<\/span><\/p>\n<p class=\"p1\"><span class=\"s1\">En attendant ce grand rendez-vous, plusieurs titres de <strong>Ly Kouyat\u00e9<\/strong> sont d\u00e9j\u00e0 disponibles sur sa cha\u00eene YouTube.<\/span><\/p>\n<p><a href=\"https:\/\/youtube.com\/@fadimakouyate-e8j?si=zaHwGrnOzuiEK-Ua\">https:\/\/youtube.com\/@fadimakouyate-e8j?si=zaHwGrnOzuiEK-Ua<\/a><\/p>\n<p class=\"p1\"><strong><span class=\"s2\">Mohamed Cinq Sylla <\/span><\/strong><\/p>\n","protected":false},"excerpt":{"rendered":"<p>La chanteuse guin\u00e9enne Ly Kouyat\u00e9 continue de pr\u00e9parer son actualit\u00e9 musicale. Apr\u00e8s avoir annonc\u00e9 la date de son concert d\u00e9dicace, pr\u00e9vu le 19 d\u00e9cembre au Chapiteau by Issa, l\u2019artiste a cette fois d\u00e9voil\u00e9 le nom de son prochain album : \u00ab N\u2019Dianamo \u00bb. \u00c0 travers ce projet, Ly Kouyat\u00e9 s\u2019appr\u00eate ainsi \u00e0 franchir une nouvelle [&hellip;]<\/p>\n","protected":false},"author":2,"featured_media":14680,"comment_status":"closed","ping_status":"closed","sticky":false,"template":"","format":"standard","meta":{"_mi_skip_tracking":false,"_monsterinsights_sitenote_active":false,"_monsterinsights_sitenote_note":"","_monsterinsights_sitenote_category":0,"footnotes":""},"categories":[21,3070],"tags":[4726],"class_list":["post-14678","post","type-post","status-publish","format-standard","has-post-thumbnail","hentry","category-actualite","category-sortie-dalbum","tag-ndianamo-le-nouvel-album-de-ly-kouyate-se-devoile"],"yoast_head":"<!-- This site is optimized with the Yoast SEO Premium plugin v20.1 (Yoast SEO v24.0) - https:\/\/yoast.com\/wordpress\/plugins\/seo\/ -->\n<title>\u00ab N\u2019Dianamo \u00bb : le nouvel album de Ly Kouyat\u00e9 se d\u00e9voile - Culturbaine<\/title>\n<meta name=\"robots\" content=\"index, follow, max-snippet:-1, max-image-preview:large, max-video-preview:-1\" \/>\n<link rel=\"canonical\" href=\"https:\/\/culturbaine.com\/index.php\/2026\/08\/31\/ndianamo-le-nouvel-album-de-ly-kouyate-se-devoile\/\" \/>\n<meta property=\"og:locale\" content=\"fr_FR\" \/>\n<meta property=\"og:type\" content=\"article\" \/>\n<meta property=\"og:title\" content=\"\u00ab N\u2019Dianamo \u00bb : le nouvel album de Ly Kouyat\u00e9 se d\u00e9voile\" \/>\n<meta property=\"og:description\" content=\"La chanteuse guin\u00e9enne Ly Kouyat\u00e9 continue de pr\u00e9parer son actualit\u00e9 musicale. Apr\u00e8s avoir annonc\u00e9 la date de son concert d\u00e9dicace, pr\u00e9vu le 19 d\u00e9cembre au Chapiteau by Issa, l\u2019artiste a cette fois d\u00e9voil\u00e9 le nom de son prochain album : \u00ab N\u2019Dianamo \u00bb. \u00c0 travers ce projet, Ly Kouyat\u00e9 s\u2019appr\u00eate ainsi \u00e0 franchir une nouvelle [&hellip;]\" \/>\n<meta property=\"og:url\" content=\"https:\/\/culturbaine.com\/index.php\/2026\/08\/31\/ndianamo-le-nouvel-album-de-ly-kouyate-se-devoile\/\" \/>\n<meta property=\"og:site_name\" content=\"Culturbaine\" \/>\n<meta property=\"article:publisher\" content=\"https:\/\/www.facebook.com\/Culturbaines\" \/>\n<meta property=\"article:published_time\" content=\"2026-08-31T23:43:26+00:00\" \/>\n<meta property=\"og:image\" content=\"https:\/\/culturbaine.com\/wp-content\/uploads\/2026\/08\/IMG_6988.webp\" \/>\n\t<meta property=\"og:image:width\" content=\"828\" \/>\n\t<meta property=\"og:image:height\" content=\"547\" \/>\n\t<meta property=\"og:image:type\" content=\"image\/webp\" \/>\n<meta name=\"author\" content=\"admin1\" \/>\n<meta name=\"twitter:card\" content=\"summary_large_image\" \/>\n<meta name=\"twitter:creator\" content=\"@culturbaines\" \/>\n<meta name=\"twitter:site\" content=\"@culturbaines\" \/>\n<meta name=\"twitter:label1\" content=\"\u00c9crit par\" \/>\n\t<meta name=\"twitter:data1\" content=\"admin1\" \/>\n\t<meta name=\"twitter:label2\" content=\"Dur\u00e9e de lecture estim\u00e9e\" \/>\n\t<meta name=\"twitter:data2\" content=\"1 minute\" \/>\n<script type=\"application\/ld+json\" class=\"yoast-schema-graph\">{\"@context\":\"https:\/\/schema.org\",\"@graph\":[{\"@type\":\"Article\",\"@id\":\"https:\/\/culturbaine.com\/index.php\/2026\/08\/31\/ndianamo-le-nouvel-album-de-ly-kouyate-se-devoile\/#article\",\"isPartOf\":{\"@id\":\"https:\/\/culturbaine.com\/index.php\/2026\/08\/31\/ndianamo-le-nouvel-album-de-ly-kouyate-se-devoile\/\"},\"author\":{\"name\":\"admin1\",\"@id\":\"https:\/\/culturbaine.com\/#\/schema\/person\/42eb7485c572e0746c1ea6b8216c3814\"},\"headline\":\"\u00ab N\u2019Dianamo \u00bb : le nouvel album de Ly Kouyat\u00e9 se d\u00e9voile\",\"datePublished\":\"2026-08-31T23:43:26+00:00\",\"dateModified\":\"2026-08-31T23:43:26+00:00\",\"mainEntityOfPage\":{\"@id\":\"https:\/\/culturbaine.com\/index.php\/2026\/08\/31\/ndianamo-le-nouvel-album-de-ly-kouyate-se-devoile\/\"},\"wordCount\":172,\"publisher\":{\"@id\":\"https:\/\/culturbaine.com\/#organization\"},\"image\":{\"@id\":\"https:\/\/culturbaine.com\/index.php\/2026\/08\/31\/ndianamo-le-nouvel-album-de-ly-kouyate-se-devoile\/#primaryimage\"},\"thumbnailUrl\":\"https:\/\/culturbaine.com\/wp-content\/uploads\/2026\/08\/IMG_6988.webp\",\"keywords\":[\"\u00ab N\u2019Dianamo \u00bb : le nouvel album de Ly Kouyat\u00e9 se d\u00e9voile\"],\"articleSection\":[\"Actualit\u00e9\",\"Sortie d'album\"],\"inLanguage\":\"fr-FR\"},{\"@type\":\"WebPage\",\"@id\":\"https:\/\/culturbaine.com\/index.php\/2026\/08\/31\/ndianamo-le-nouvel-album-de-ly-kouyate-se-devoile\/\",\"url\":\"https:\/\/culturbaine.com\/index.php\/2026\/08\/31\/ndianamo-le-nouvel-album-de-ly-kouyate-se-devoile\/\",\"name\":\"\u00ab N\u2019Dianamo \u00bb : le nouvel album de Ly Kouyat\u00e9 se d\u00e9voile - Culturbaine\",\"isPartOf\":{\"@id\":\"https:\/\/culturbaine.com\/#website\"},\"primaryImageOfPage\":{\"@id\":\"https:\/\/culturbaine.com\/index.php\/2026\/08\/31\/ndianamo-le-nouvel-album-de-ly-kouyate-se-devoile\/#primaryimage\"},\"image\":{\"@id\":\"https:\/\/culturbaine.com\/index.php\/2026\/08\/31\/ndianamo-le-nouvel-album-de-ly-kouyate-se-devoile\/#primaryimage\"},\"thumbnailUrl\":\"https:\/\/culturbaine.com\/wp-content\/uploads\/2026\/08\/IMG_6988.webp\",\"datePublished\":\"2026-08-31T23:43:26+00:00\",\"dateModified\":\"2026-08-31T23:43:26+00:00\",\"breadcrumb\":{\"@id\":\"https:\/\/culturbaine.com\/index.php\/2026\/08\/31\/ndianamo-le-nouvel-album-de-ly-kouyate-se-devoile\/#breadcrumb\"},\"inLanguage\":\"fr-FR\",\"potentialAction\":[{\"@type\":\"ReadAction\",\"target\":[\"https:\/\/culturbaine.com\/index.php\/2026\/08\/31\/ndianamo-le-nouvel-album-de-ly-kouyate-se-devoile\/\"]}]},{\"@type\":\"ImageObject\",\"inLanguage\":\"fr-FR\",\"@id\":\"https:\/\/culturbaine.com\/index.php\/2026\/08\/31\/ndianamo-le-nouvel-album-de-ly-kouyate-se-devoile\/#primaryimage\",\"url\":\"https:\/\/culturbaine.com\/wp-content\/uploads\/2026\/08\/IMG_6988.webp\",\"contentUrl\":\"https:\/\/culturbaine.com\/wp-content\/uploads\/2026\/08\/IMG_6988.webp\",\"width\":828,\"height\":547},{\"@type\":\"BreadcrumbList\",\"@id\":\"https:\/\/culturbaine.com\/index.php\/2026\/08\/31\/ndianamo-le-nouvel-album-de-ly-kouyate-se-devoile\/#breadcrumb\",\"itemListElement\":[{\"@type\":\"ListItem\",\"position\":1,\"name\":\"Home\",\"item\":\"https:\/\/culturbaine.com\/\"},{\"@type\":\"ListItem\",\"position\":2,\"name\":\"\u00ab N\u2019Dianamo \u00bb : le nouvel album de Ly Kouyat\u00e9 se d\u00e9voile\"}]},{\"@type\":\"WebSite\",\"@id\":\"https:\/\/culturbaine.com\/#website\",\"url\":\"https:\/\/culturbaine.com\/\",\"name\":\"Culturbaine.com\",\"description\":\"Toute l&#039;actualit\u00e9 des Cultures Urbaines, en un clic  !\",\"publisher\":{\"@id\":\"https:\/\/culturbaine.com\/#organization\"},\"potentialAction\":[{\"@type\":\"SearchAction\",\"target\":{\"@type\":\"EntryPoint\",\"urlTemplate\":\"https:\/\/culturbaine.com\/?s={search_term_string}\"},\"query-input\":{\"@type\":\"PropertyValueSpecification\",\"valueRequired\":true,\"valueName\":\"search_term_string\"}}],\"inLanguage\":\"fr-FR\"},{\"@type\":\"Organization\",\"@id\":\"https:\/\/culturbaine.com\/#organization\",\"name\":\"Culturbaine.com\",\"url\":\"https:\/\/culturbaine.com\/\",\"logo\":{\"@type\":\"ImageObject\",\"inLanguage\":\"fr-FR\",\"@id\":\"https:\/\/culturbaine.com\/#\/schema\/logo\/image\/\",\"url\":\"https:\/\/culturbaine.com\/wp-content\/uploads\/2023\/07\/WhatsApp-Image-2023-07-17-at-14.38.18.jpeg\",\"contentUrl\":\"https:\/\/culturbaine.com\/wp-content\/uploads\/2023\/07\/WhatsApp-Image-2023-07-17-at-14.38.18.jpeg\",\"width\":855,\"height\":270,\"caption\":\"Culturbaine.com\"},\"image\":{\"@id\":\"https:\/\/culturbaine.com\/#\/schema\/logo\/image\/\"},\"sameAs\":[\"https:\/\/www.facebook.com\/Culturbaines\",\"https:\/\/x.com\/culturbaines\"]},{\"@type\":\"Person\",\"@id\":\"https:\/\/culturbaine.com\/#\/schema\/person\/42eb7485c572e0746c1ea6b8216c3814\",\"name\":\"admin1\",\"image\":{\"@type\":\"ImageObject\",\"inLanguage\":\"fr-FR\",\"@id\":\"https:\/\/culturbaine.com\/#\/schema\/person\/image\/\",\"url\":\"https:\/\/secure.gravatar.com\/avatar\/c268f4d483ce0486e5a10fee87bbf756?s=96&d=mm&r=g\",\"contentUrl\":\"https:\/\/secure.gravatar.com\/avatar\/c268f4d483ce0486e5a10fee87bbf756?s=96&d=mm&r=g\",\"caption\":\"admin1\"},\"url\":\"https:\/\/culturbaine.com\/index.php\/author\/admin1\/\"}]}<\/script>\n<!-- \/ Yoast SEO Premium plugin. -->","yoast_head_json":{"title":"\u00ab N\u2019Dianamo \u00bb : le nouvel album de Ly Kouyat\u00e9 se d\u00e9voile - Culturbaine","robots":{"index":"index","follow":"follow","max-snippet":"max-snippet:-1","max-image-preview":"max-image-preview:large","max-video-preview":"max-video-preview:-1"},"canonical":"https:\/\/culturbaine.com\/index.php\/2026\/08\/31\/ndianamo-le-nouvel-album-de-ly-kouyate-se-devoile\/","og_locale":"fr_FR","og_type":"article","og_title":"\u00ab N\u2019Dianamo \u00bb : le nouvel album de Ly Kouyat\u00e9 se d\u00e9voile","og_description":"La chanteuse guin\u00e9enne Ly Kouyat\u00e9 continue de pr\u00e9parer son actualit\u00e9 musicale. Apr\u00e8s avoir annonc\u00e9 la date de son concert d\u00e9dicace, pr\u00e9vu le 19 d\u00e9cembre au Chapiteau by Issa, l\u2019artiste a cette fois d\u00e9voil\u00e9 le nom de son prochain album : \u00ab N\u2019Dianamo \u00bb. \u00c0 travers ce projet, Ly Kouyat\u00e9 s\u2019appr\u00eate ainsi \u00e0 franchir une nouvelle [&hellip;]","og_url":"https:\/\/culturbaine.com\/index.php\/2026\/08\/31\/ndianamo-le-nouvel-album-de-ly-kouyate-se-devoile\/","og_site_name":"Culturbaine","article_publisher":"https:\/\/www.facebook.com\/Culturbaines","article_published_time":"2026-08-31T23:43:26+00:00","og_image":[{"width":828,"height":547,"url":"https:\/\/culturbaine.com\/wp-content\/uploads\/2026\/08\/IMG_6988.webp","type":"image\/webp"}],"author":"admin1","twitter_card":"summary_large_image","twitter_creator":"@culturbaines","twitter_site":"@culturbaines","twitter_misc":{"\u00c9crit par":"admin1","Dur\u00e9e de lecture estim\u00e9e":"1 minute"},"schema":{"@context":"https:\/\/schema.org","@graph":[{"@type":"Article","@id":"https:\/\/culturbaine.com\/index.php\/2026\/08\/31\/ndianamo-le-nouvel-album-de-ly-kouyate-se-devoile\/#article","isPartOf":{"@id":"https:\/\/culturbaine.com\/index.php\/2026\/08\/31\/ndianamo-le-nouvel-album-de-ly-kouyate-se-devoile\/"},"author":{"name":"admin1","@id":"https:\/\/culturbaine.com\/#\/schema\/person\/42eb7485c572e0746c1ea6b8216c3814"},"headline":"\u00ab N\u2019Dianamo \u00bb : le nouvel album de Ly Kouyat\u00e9 se d\u00e9voile","datePublished":"2026-08-31T23:43:26+00:00","dateModified":"2026-08-31T23:43:26+00:00","mainEntityOfPage":{"@id":"https:\/\/culturbaine.com\/index.php\/2026\/08\/31\/ndianamo-le-nouvel-album-de-ly-kouyate-se-devoile\/"},"wordCount":172,"publisher":{"@id":"https:\/\/culturbaine.com\/#organization"},"image":{"@id":"https:\/\/culturbaine.com\/index.php\/2026\/08\/31\/ndianamo-le-nouvel-album-de-ly-kouyate-se-devoile\/#primaryimage"},"thumbnailUrl":"https:\/\/culturbaine.com\/wp-content\/uploads\/2026\/08\/IMG_6988.webp","keywords":["\u00ab N\u2019Dianamo \u00bb : le nouvel album de Ly Kouyat\u00e9 se d\u00e9voile"],"articleSection":["Actualit\u00e9","Sortie d'album"],"inLanguage":"fr-FR"},{"@type":"WebPage","@id":"https:\/\/culturbaine.com\/index.php\/2026\/08\/31\/ndianamo-le-nouvel-album-de-ly-kouyate-se-devoile\/","url":"https:\/\/culturbaine.com\/index.php\/2026\/08\/31\/ndianamo-le-nouvel-album-de-ly-kouyate-se-devoile\/","name":"\u00ab N\u2019Dianamo \u00bb : le nouvel album de Ly Kouyat\u00e9 se d\u00e9voile - Culturbaine","isPartOf":{"@id":"https:\/\/culturbaine.com\/#website"},"primaryImageOfPage":{"@id":"https:\/\/culturbaine.com\/index.php\/2026\/08\/31\/ndianamo-le-nouvel-album-de-ly-kouyate-se-devoile\/#primaryimage"},"image":{"@id":"https:\/\/culturbaine.com\/index.php\/2026\/08\/31\/ndianamo-le-nouvel-album-de-ly-kouyate-se-devoile\/#primaryimage"},"thumbnailUrl":"https:\/\/culturbaine.com\/wp-content\/uploads\/2026\/08\/IMG_6988.webp","datePublished":"2026-08-31T23:43:26+00:00","dateModified":"2026-08-31T23:43:26+00:00","breadcrumb":{"@id":"https:\/\/culturbaine.com\/index.php\/2026\/08\/31\/ndianamo-le-nouvel-album-de-ly-kouyate-se-devoile\/#breadcrumb"},"inLanguage":"fr-FR","potentialAction":[{"@type":"ReadAction","target":["https:\/\/culturbaine.com\/index.php\/2026\/08\/31\/ndianamo-le-nouvel-album-de-ly-kouyate-se-devoile\/"]}]},{"@type":"ImageObject","inLanguage":"fr-FR","@id":"https:\/\/culturbaine.com\/index.php\/2026\/08\/31\/ndianamo-le-nouvel-album-de-ly-kouyate-se-devoile\/#primaryimage","url":"https:\/\/culturbaine.com\/wp-content\/uploads\/2026\/08\/IMG_6988.webp","contentUrl":"https:\/\/culturbaine.com\/wp-content\/uploads\/2026\/08\/IMG_6988.webp","width":828,"height":547},{"@type":"BreadcrumbList","@id":"https:\/\/culturbaine.com\/index.php\/2026\/08\/31\/ndianamo-le-nouvel-album-de-ly-kouyate-se-devoile\/#breadcrumb","itemListElement":[{"@type":"ListItem","position":1,"name":"Home","item":"https:\/\/culturbaine.com\/"},{"@type":"ListItem","position":2,"name":"\u00ab N\u2019Dianamo \u00bb : le nouvel album de Ly Kouyat\u00e9 se d\u00e9voile"}]},{"@type":"WebSite","@id":"https:\/\/culturbaine.com\/#website","url":"https:\/\/culturbaine.com\/","name":"Culturbaine.com","description":"Toute l&#039;actualit\u00e9 des Cultures Urbaines, en un clic  !","publisher":{"@id":"https:\/\/culturbaine.com\/#organization"},"potentialAction":[{"@type":"SearchAction","target":{"@type":"EntryPoint","urlTemplate":"https:\/\/culturbaine.com\/?s={search_term_string}"},"query-input":{"@type":"PropertyValueSpecification","valueRequired":true,"valueName":"search_term_string"}}],"inLanguage":"fr-FR"},{"@type":"Organization","@id":"https:\/\/culturbaine.com\/#organization","name":"Culturbaine.com","url":"https:\/\/culturbaine.com\/","logo":{"@type":"ImageObject","inLanguage":"fr-FR","@id":"https:\/\/culturbaine.com\/#\/schema\/logo\/image\/","url":"https:\/\/culturbaine.com\/wp-content\/uploads\/2023\/07\/WhatsApp-Image-2023-07-17-at-14.38.18.jpeg","contentUrl":"https:\/\/culturbaine.com\/wp-content\/uploads\/2023\/07\/WhatsApp-Image-2023-07-17-at-14.38.18.jpeg","width":855,"height":270,"caption":"Culturbaine.com"},"image":{"@id":"https:\/\/culturbaine.com\/#\/schema\/logo\/image\/"},"sameAs":["https:\/\/www.facebook.com\/Culturbaines","https:\/\/x.com\/culturbaines"]},{"@type":"Person","@id":"https:\/\/culturbaine.com\/#\/schema\/person\/42eb7485c572e0746c1ea6b8216c3814","name":"admin1","image":{"@type":"ImageObject","inLanguage":"fr-FR","@id":"https:\/\/culturbaine.com\/#\/schema\/person\/image\/","url":"https:\/\/secure.gravatar.com\/avatar\/c268f4d483ce0486e5a10fee87bbf756?s=96&d=mm&r=g","contentUrl":"https:\/\/secure.gravatar.com\/avatar\/c268f4d483ce0486e5a10fee87bbf756?s=96&d=mm&r=g","caption":"admin1"},"url":"https:\/\/culturbaine.com\/index.php\/author\/admin1\/"}]}},"_links":{"self":[{"href":"https:\/\/culturbaine.com\/index.php\/wp-json\/wp\/v2\/posts\/14678"}],"collection":[{"href":"https:\/\/culturbaine.com\/index.php\/wp-json\/wp\/v2\/posts"}],"about":[{"href":"https:\/\/culturbaine.com\/index.php\/wp-json\/wp\/v2\/types\/post"}],"author":[{"embeddable":true,"href":"https:\/\/culturbaine.com\/index.php\/wp-json\/wp\/v2\/users\/2"}],"replies":[{"embeddable":true,"href":"https:\/\/culturbaine.com\/index.php\/wp-json\/wp\/v2\/comments?post=14678"}],"version-history":[{"count":4,"href":"https:\/\/culturbaine.com\/index.php\/wp-json\/wp\/v2\/posts\/14678\/revisions"}],"predecessor-version":[{"id":14683,"href":"https:\/\/culturbaine.com\/index.php\/wp-json\/wp\/v2\/posts\/14678\/revisions\/14683"}],"wp:featuredmedia":[{"embeddable":true,"href":"https:\/\/culturbaine.com\/index.php\/wp-json\/wp\/v2\/media\/14680"}],"wp:attachment":[{"href":"https:\/\/culturbaine.com\/index.php\/wp-json\/wp\/v2\/media?parent=14678"}],"wp:term":[{"taxonomy":"category","embeddable":true,"href":"https:\/\/culturbaine.com\/index.php\/wp-json\/wp\/v2\/categories?post=14678"},{"taxonomy":"post_tag","embeddable":true,"href":"https:\/\/culturbaine.com\/index.php\/wp-json\/wp\/v2\/tags?post=14678"}],"curies":[{"name":"wp","href":"https:\/\/api.w.org\/{rel}","templated":true}]}}