{"id":1443,"date":"2023-09-20T13:28:08","date_gmt":"2023-09-20T13:28:08","guid":{"rendered":"http:\/\/culturbaine.com\/?p=1443"},"modified":"2023-09-20T13:28:08","modified_gmt":"2023-09-20T13:28:08","slug":"le-jeune-artiste-senegalais-vj-signe-chez-rec-118-en-france","status":"publish","type":"post","link":"https:\/\/culturbaine.com\/index.php\/2023\/09\/20\/le-jeune-artiste-senegalais-vj-signe-chez-rec-118-en-france\/","title":{"rendered":"Le jeune artiste s\u00e9n\u00e9galais VJ signe chez Rec. 118 en France !"},"content":{"rendered":"<p>\u00c0 seulement 19 ans, l&rsquo;artiste chanteur dakarois <b>Mouhamed VJ<\/b> ou <b>VJ<\/b> tout court vient de d\u00e9crocher un gros jackpot pour la suite de sa carri\u00e8re. Il vient de signer en production en France chez <b>Rec. 118. <\/b>Et ben. On en parle forc\u00e9ment.<\/p>\n<p><span style=\"font-weight: 400;\">En ind\u00e9pendant ces derni\u00e8res ann\u00e9es, <\/span><b>VJ<\/b><span style=\"font-weight: 400;\"> est un jeune artiste mais aussi chanteur qui nage dans plusieurs registres musicaux. En ayant aucun album sur le march\u00e9 du disque, son sens \u00e9lev\u00e9 de la m\u00e9lodie, accompagn\u00e9 de flow unique et ses textes assez limpides, font de lui un artiste visionnaire. Connu pour ses interpr\u00e9tations sur les titres de <\/span><b>Dajdju<\/b><span style=\"font-weight: 400;\"> et tant d&rsquo;autres, sans oublier ses tubes <\/span><b>C&rsquo;est carr\u00e9<\/b><span style=\"font-weight: 400;\"> ou encore <\/span><b>Dans tes bras<\/b><span style=\"font-weight: 400;\"> qui sont tous millionnaires sur YouTube, il a su conqu\u00e9rir le c\u0153ur du public s\u00e9n\u00e9galais.<\/span><\/p>\n<p><span style=\"font-weight: 400;\">Cette signature dans le label <\/span><b>Rec. 118<\/b><span style=\"font-weight: 400;\"> est un plus pour sa carri\u00e8re \u00e0 l&rsquo;international. C&rsquo;est une structure qui a d\u00e9j\u00e0 fait ses preuves avec plusieurs artistes de renomm\u00e9e comme <\/span><b>Aya Nakamura, Carlos Dante, Soprano, Ninho <\/b><span style=\"font-weight: 400;\">et tant d&rsquo;autres.<\/span><\/p>\n<p><span style=\"font-weight: 400;\">Pour l&rsquo;heure, l&rsquo;artiste et ledit label n&rsquo;ont fait aucune communication sur leurs diff\u00e9rents outils de communication respectifs. N\u00e9anmoins, les m\u00e9dias locaux s\u00e9n\u00e9galais, l&rsquo;ont d\u00e9j\u00e0 fait. Ses fans peuvent s&rsquo;attendre \u00e0 des morceaux encore plus captivants, pour un public assez large.<\/span><\/p>\n<p><iframe loading=\"lazy\" title=\"VJ - C&#039;est Carr\u00e9 (Lyrics Video)\" width=\"1170\" height=\"658\" src=\"https:\/\/www.youtube.com\/embed\/sELyW7Zt1KI?wmode=transparent&amp;rel=0&amp;feature=oembed\" frameborder=\"0\" allow=\"accelerometer; autoplay; clipboard-write; encrypted-media; gyroscope; picture-in-picture; web-share\" allowfullscreen><\/iframe><\/p>\n<p>&nbsp;<\/p>\n<p><iframe loading=\"lazy\" title=\"VJ - Dans Tes Bras\" width=\"1170\" height=\"658\" src=\"https:\/\/www.youtube.com\/embed\/d1wdjO02s90?wmode=transparent&amp;rel=0&amp;feature=oembed\" frameborder=\"0\" allow=\"accelerometer; autoplay; clipboard-write; encrypted-media; gyroscope; picture-in-picture; web-share\" allowfullscreen><\/iframe><\/p>\n<p><span style=\"font-weight: 400;\">F\u00e9licitations \u00e0 l&rsquo;artiste.<\/span><\/p>\n<p><b>Mohamed Cinq Sylla<\/b><\/p>\n","protected":false},"excerpt":{"rendered":"<p>\u00c0 seulement 19 ans, l&rsquo;artiste chanteur dakarois Mouhamed VJ ou VJ tout court vient de d\u00e9crocher un gros jackpot pour la suite de sa carri\u00e8re. Il vient de signer en production en France chez Rec. 118. Et ben. On en parle forc\u00e9ment. En ind\u00e9pendant ces derni\u00e8res ann\u00e9es, VJ est un jeune artiste mais aussi chanteur [&hellip;]<\/p>\n","protected":false},"author":2,"featured_media":1445,"comment_status":"open","ping_status":"open","sticky":false,"template":"","format":"standard","meta":{"_mi_skip_tracking":false,"_monsterinsights_sitenote_active":false,"_monsterinsights_sitenote_note":"","_monsterinsights_sitenote_category":0,"footnotes":""},"categories":[21,512],"tags":[643,182,645,644,642],"class_list":["post-1443","post","type-post","status-publish","format-standard","has-post-thumbnail","hentry","category-actualite","category-rap","tag-artiste-senegalais","tag-france","tag-major","tag-rec-118","tag-vj"],"yoast_head":"<!-- This site is optimized with the Yoast SEO Premium plugin v20.1 (Yoast SEO v24.0) - https:\/\/yoast.com\/wordpress\/plugins\/seo\/ -->\n<title>Le jeune artiste s\u00e9n\u00e9galais VJ signe chez Rec. 118 en France ! - Culturbaine<\/title>\n<meta name=\"robots\" content=\"index, follow, max-snippet:-1, max-image-preview:large, max-video-preview:-1\" \/>\n<link rel=\"canonical\" href=\"http:\/\/culturbaine.com\/index.php\/2023\/09\/20\/le-jeune-artiste-senegalais-vj-signe-chez-rec-118-en-france\/\" \/>\n<meta property=\"og:locale\" content=\"fr_FR\" \/>\n<meta property=\"og:type\" content=\"article\" \/>\n<meta property=\"og:title\" content=\"Le jeune artiste s\u00e9n\u00e9galais VJ signe chez Rec. 118 en France !\" \/>\n<meta property=\"og:description\" content=\"\u00c0 seulement 19 ans, l&rsquo;artiste chanteur dakarois Mouhamed VJ ou VJ tout court vient de d\u00e9crocher un gros jackpot pour la suite de sa carri\u00e8re. Il vient de signer en production en France chez Rec. 118. Et ben. On en parle forc\u00e9ment. En ind\u00e9pendant ces derni\u00e8res ann\u00e9es, VJ est un jeune artiste mais aussi chanteur [&hellip;]\" \/>\n<meta property=\"og:url\" content=\"http:\/\/culturbaine.com\/index.php\/2023\/09\/20\/le-jeune-artiste-senegalais-vj-signe-chez-rec-118-en-france\/\" \/>\n<meta property=\"og:site_name\" content=\"Culturbaine\" \/>\n<meta property=\"article:publisher\" content=\"https:\/\/www.facebook.com\/Culturbaines\" \/>\n<meta property=\"article:published_time\" content=\"2023-09-20T13:28:08+00:00\" \/>\n<meta property=\"og:image\" content=\"http:\/\/culturbaine.com\/wp-content\/uploads\/2023\/09\/16952147308702.jpg\" \/>\n\t<meta property=\"og:image:width\" content=\"720\" \/>\n\t<meta property=\"og:image:height\" content=\"425\" \/>\n\t<meta property=\"og:image:type\" content=\"image\/jpeg\" \/>\n<meta name=\"author\" content=\"admin1\" \/>\n<meta name=\"twitter:card\" content=\"summary_large_image\" \/>\n<meta name=\"twitter:creator\" content=\"@culturbaines\" \/>\n<meta name=\"twitter:site\" content=\"@culturbaines\" \/>\n<meta name=\"twitter:label1\" content=\"\u00c9crit par\" \/>\n\t<meta name=\"twitter:data1\" content=\"admin1\" \/>\n\t<meta name=\"twitter:label2\" content=\"Dur\u00e9e de lecture estim\u00e9e\" \/>\n\t<meta name=\"twitter:data2\" content=\"2 minutes\" \/>\n<script type=\"application\/ld+json\" class=\"yoast-schema-graph\">{\"@context\":\"https:\/\/schema.org\",\"@graph\":[{\"@type\":\"Article\",\"@id\":\"http:\/\/culturbaine.com\/index.php\/2023\/09\/20\/le-jeune-artiste-senegalais-vj-signe-chez-rec-118-en-france\/#article\",\"isPartOf\":{\"@id\":\"http:\/\/culturbaine.com\/index.php\/2023\/09\/20\/le-jeune-artiste-senegalais-vj-signe-chez-rec-118-en-france\/\"},\"author\":{\"name\":\"admin1\",\"@id\":\"https:\/\/culturbaine.com\/#\/schema\/person\/42eb7485c572e0746c1ea6b8216c3814\"},\"headline\":\"Le jeune artiste s\u00e9n\u00e9galais VJ signe chez Rec. 118 en France !\",\"datePublished\":\"2023-09-20T13:28:08+00:00\",\"dateModified\":\"2023-09-20T13:28:08+00:00\",\"mainEntityOfPage\":{\"@id\":\"http:\/\/culturbaine.com\/index.php\/2023\/09\/20\/le-jeune-artiste-senegalais-vj-signe-chez-rec-118-en-france\/\"},\"wordCount\":273,\"commentCount\":0,\"publisher\":{\"@id\":\"https:\/\/culturbaine.com\/#organization\"},\"image\":{\"@id\":\"http:\/\/culturbaine.com\/index.php\/2023\/09\/20\/le-jeune-artiste-senegalais-vj-signe-chez-rec-118-en-france\/#primaryimage\"},\"thumbnailUrl\":\"https:\/\/culturbaine.com\/wp-content\/uploads\/2023\/09\/16952147308702.jpg\",\"keywords\":[\"artiste s\u00e9n\u00e9galais\",\"France !\",\"Major\",\"Rec.118\",\"Vj\"],\"articleSection\":[\"Actualit\u00e9\",\"Rap\"],\"inLanguage\":\"fr-FR\"},{\"@type\":\"WebPage\",\"@id\":\"http:\/\/culturbaine.com\/index.php\/2023\/09\/20\/le-jeune-artiste-senegalais-vj-signe-chez-rec-118-en-france\/\",\"url\":\"http:\/\/culturbaine.com\/index.php\/2023\/09\/20\/le-jeune-artiste-senegalais-vj-signe-chez-rec-118-en-france\/\",\"name\":\"Le jeune artiste s\u00e9n\u00e9galais VJ signe chez Rec. 118 en France ! - Culturbaine\",\"isPartOf\":{\"@id\":\"https:\/\/culturbaine.com\/#website\"},\"primaryImageOfPage\":{\"@id\":\"http:\/\/culturbaine.com\/index.php\/2023\/09\/20\/le-jeune-artiste-senegalais-vj-signe-chez-rec-118-en-france\/#primaryimage\"},\"image\":{\"@id\":\"http:\/\/culturbaine.com\/index.php\/2023\/09\/20\/le-jeune-artiste-senegalais-vj-signe-chez-rec-118-en-france\/#primaryimage\"},\"thumbnailUrl\":\"https:\/\/culturbaine.com\/wp-content\/uploads\/2023\/09\/16952147308702.jpg\",\"datePublished\":\"2023-09-20T13:28:08+00:00\",\"dateModified\":\"2023-09-20T13:28:08+00:00\",\"breadcrumb\":{\"@id\":\"http:\/\/culturbaine.com\/index.php\/2023\/09\/20\/le-jeune-artiste-senegalais-vj-signe-chez-rec-118-en-france\/#breadcrumb\"},\"inLanguage\":\"fr-FR\",\"potentialAction\":[{\"@type\":\"ReadAction\",\"target\":[\"http:\/\/culturbaine.com\/index.php\/2023\/09\/20\/le-jeune-artiste-senegalais-vj-signe-chez-rec-118-en-france\/\"]}]},{\"@type\":\"ImageObject\",\"inLanguage\":\"fr-FR\",\"@id\":\"http:\/\/culturbaine.com\/index.php\/2023\/09\/20\/le-jeune-artiste-senegalais-vj-signe-chez-rec-118-en-france\/#primaryimage\",\"url\":\"https:\/\/culturbaine.com\/wp-content\/uploads\/2023\/09\/16952147308702.jpg\",\"contentUrl\":\"https:\/\/culturbaine.com\/wp-content\/uploads\/2023\/09\/16952147308702.jpg\",\"width\":720,\"height\":425},{\"@type\":\"BreadcrumbList\",\"@id\":\"http:\/\/culturbaine.com\/index.php\/2023\/09\/20\/le-jeune-artiste-senegalais-vj-signe-chez-rec-118-en-france\/#breadcrumb\",\"itemListElement\":[{\"@type\":\"ListItem\",\"position\":1,\"name\":\"Home\",\"item\":\"https:\/\/culturbaine.com\/\"},{\"@type\":\"ListItem\",\"position\":2,\"name\":\"Le jeune artiste s\u00e9n\u00e9galais VJ signe chez Rec. 118 en France !\"}]},{\"@type\":\"WebSite\",\"@id\":\"https:\/\/culturbaine.com\/#website\",\"url\":\"https:\/\/culturbaine.com\/\",\"name\":\"Culturbaine.com\",\"description\":\"Toute l&#039;actualit\u00e9 des Cultures Urbaines, en un clic  !\",\"publisher\":{\"@id\":\"https:\/\/culturbaine.com\/#organization\"},\"potentialAction\":[{\"@type\":\"SearchAction\",\"target\":{\"@type\":\"EntryPoint\",\"urlTemplate\":\"https:\/\/culturbaine.com\/?s={search_term_string}\"},\"query-input\":{\"@type\":\"PropertyValueSpecification\",\"valueRequired\":true,\"valueName\":\"search_term_string\"}}],\"inLanguage\":\"fr-FR\"},{\"@type\":\"Organization\",\"@id\":\"https:\/\/culturbaine.com\/#organization\",\"name\":\"Culturbaine.com\",\"url\":\"https:\/\/culturbaine.com\/\",\"logo\":{\"@type\":\"ImageObject\",\"inLanguage\":\"fr-FR\",\"@id\":\"https:\/\/culturbaine.com\/#\/schema\/logo\/image\/\",\"url\":\"https:\/\/culturbaine.com\/wp-content\/uploads\/2023\/07\/WhatsApp-Image-2023-07-17-at-14.38.18.jpeg\",\"contentUrl\":\"https:\/\/culturbaine.com\/wp-content\/uploads\/2023\/07\/WhatsApp-Image-2023-07-17-at-14.38.18.jpeg\",\"width\":855,\"height\":270,\"caption\":\"Culturbaine.com\"},\"image\":{\"@id\":\"https:\/\/culturbaine.com\/#\/schema\/logo\/image\/\"},\"sameAs\":[\"https:\/\/www.facebook.com\/Culturbaines\",\"https:\/\/x.com\/culturbaines\"]},{\"@type\":\"Person\",\"@id\":\"https:\/\/culturbaine.com\/#\/schema\/person\/42eb7485c572e0746c1ea6b8216c3814\",\"name\":\"admin1\",\"image\":{\"@type\":\"ImageObject\",\"inLanguage\":\"fr-FR\",\"@id\":\"https:\/\/culturbaine.com\/#\/schema\/person\/image\/\",\"url\":\"https:\/\/secure.gravatar.com\/avatar\/c268f4d483ce0486e5a10fee87bbf756?s=96&d=mm&r=g\",\"contentUrl\":\"https:\/\/secure.gravatar.com\/avatar\/c268f4d483ce0486e5a10fee87bbf756?s=96&d=mm&r=g\",\"caption\":\"admin1\"},\"url\":\"https:\/\/culturbaine.com\/index.php\/author\/admin1\/\"}]}<\/script>\n<!-- \/ Yoast SEO Premium plugin. -->","yoast_head_json":{"title":"Le jeune artiste s\u00e9n\u00e9galais VJ signe chez Rec. 118 en France ! - Culturbaine","robots":{"index":"index","follow":"follow","max-snippet":"max-snippet:-1","max-image-preview":"max-image-preview:large","max-video-preview":"max-video-preview:-1"},"canonical":"http:\/\/culturbaine.com\/index.php\/2023\/09\/20\/le-jeune-artiste-senegalais-vj-signe-chez-rec-118-en-france\/","og_locale":"fr_FR","og_type":"article","og_title":"Le jeune artiste s\u00e9n\u00e9galais VJ signe chez Rec. 118 en France !","og_description":"\u00c0 seulement 19 ans, l&rsquo;artiste chanteur dakarois Mouhamed VJ ou VJ tout court vient de d\u00e9crocher un gros jackpot pour la suite de sa carri\u00e8re. Il vient de signer en production en France chez Rec. 118. Et ben. On en parle forc\u00e9ment. En ind\u00e9pendant ces derni\u00e8res ann\u00e9es, VJ est un jeune artiste mais aussi chanteur [&hellip;]","og_url":"http:\/\/culturbaine.com\/index.php\/2023\/09\/20\/le-jeune-artiste-senegalais-vj-signe-chez-rec-118-en-france\/","og_site_name":"Culturbaine","article_publisher":"https:\/\/www.facebook.com\/Culturbaines","article_published_time":"2023-09-20T13:28:08+00:00","og_image":[{"width":720,"height":425,"url":"http:\/\/culturbaine.com\/wp-content\/uploads\/2023\/09\/16952147308702.jpg","type":"image\/jpeg"}],"author":"admin1","twitter_card":"summary_large_image","twitter_creator":"@culturbaines","twitter_site":"@culturbaines","twitter_misc":{"\u00c9crit par":"admin1","Dur\u00e9e de lecture estim\u00e9e":"2 minutes"},"schema":{"@context":"https:\/\/schema.org","@graph":[{"@type":"Article","@id":"http:\/\/culturbaine.com\/index.php\/2023\/09\/20\/le-jeune-artiste-senegalais-vj-signe-chez-rec-118-en-france\/#article","isPartOf":{"@id":"http:\/\/culturbaine.com\/index.php\/2023\/09\/20\/le-jeune-artiste-senegalais-vj-signe-chez-rec-118-en-france\/"},"author":{"name":"admin1","@id":"https:\/\/culturbaine.com\/#\/schema\/person\/42eb7485c572e0746c1ea6b8216c3814"},"headline":"Le jeune artiste s\u00e9n\u00e9galais VJ signe chez Rec. 118 en France !","datePublished":"2023-09-20T13:28:08+00:00","dateModified":"2023-09-20T13:28:08+00:00","mainEntityOfPage":{"@id":"http:\/\/culturbaine.com\/index.php\/2023\/09\/20\/le-jeune-artiste-senegalais-vj-signe-chez-rec-118-en-france\/"},"wordCount":273,"commentCount":0,"publisher":{"@id":"https:\/\/culturbaine.com\/#organization"},"image":{"@id":"http:\/\/culturbaine.com\/index.php\/2023\/09\/20\/le-jeune-artiste-senegalais-vj-signe-chez-rec-118-en-france\/#primaryimage"},"thumbnailUrl":"https:\/\/culturbaine.com\/wp-content\/uploads\/2023\/09\/16952147308702.jpg","keywords":["artiste s\u00e9n\u00e9galais","France !","Major","Rec.118","Vj"],"articleSection":["Actualit\u00e9","Rap"],"inLanguage":"fr-FR"},{"@type":"WebPage","@id":"http:\/\/culturbaine.com\/index.php\/2023\/09\/20\/le-jeune-artiste-senegalais-vj-signe-chez-rec-118-en-france\/","url":"http:\/\/culturbaine.com\/index.php\/2023\/09\/20\/le-jeune-artiste-senegalais-vj-signe-chez-rec-118-en-france\/","name":"Le jeune artiste s\u00e9n\u00e9galais VJ signe chez Rec. 118 en France ! - Culturbaine","isPartOf":{"@id":"https:\/\/culturbaine.com\/#website"},"primaryImageOfPage":{"@id":"http:\/\/culturbaine.com\/index.php\/2023\/09\/20\/le-jeune-artiste-senegalais-vj-signe-chez-rec-118-en-france\/#primaryimage"},"image":{"@id":"http:\/\/culturbaine.com\/index.php\/2023\/09\/20\/le-jeune-artiste-senegalais-vj-signe-chez-rec-118-en-france\/#primaryimage"},"thumbnailUrl":"https:\/\/culturbaine.com\/wp-content\/uploads\/2023\/09\/16952147308702.jpg","datePublished":"2023-09-20T13:28:08+00:00","dateModified":"2023-09-20T13:28:08+00:00","breadcrumb":{"@id":"http:\/\/culturbaine.com\/index.php\/2023\/09\/20\/le-jeune-artiste-senegalais-vj-signe-chez-rec-118-en-france\/#breadcrumb"},"inLanguage":"fr-FR","potentialAction":[{"@type":"ReadAction","target":["http:\/\/culturbaine.com\/index.php\/2023\/09\/20\/le-jeune-artiste-senegalais-vj-signe-chez-rec-118-en-france\/"]}]},{"@type":"ImageObject","inLanguage":"fr-FR","@id":"http:\/\/culturbaine.com\/index.php\/2023\/09\/20\/le-jeune-artiste-senegalais-vj-signe-chez-rec-118-en-france\/#primaryimage","url":"https:\/\/culturbaine.com\/wp-content\/uploads\/2023\/09\/16952147308702.jpg","contentUrl":"https:\/\/culturbaine.com\/wp-content\/uploads\/2023\/09\/16952147308702.jpg","width":720,"height":425},{"@type":"BreadcrumbList","@id":"http:\/\/culturbaine.com\/index.php\/2023\/09\/20\/le-jeune-artiste-senegalais-vj-signe-chez-rec-118-en-france\/#breadcrumb","itemListElement":[{"@type":"ListItem","position":1,"name":"Home","item":"https:\/\/culturbaine.com\/"},{"@type":"ListItem","position":2,"name":"Le jeune artiste s\u00e9n\u00e9galais VJ signe chez Rec. 118 en France !"}]},{"@type":"WebSite","@id":"https:\/\/culturbaine.com\/#website","url":"https:\/\/culturbaine.com\/","name":"Culturbaine.com","description":"Toute l&#039;actualit\u00e9 des Cultures Urbaines, en un clic  !","publisher":{"@id":"https:\/\/culturbaine.com\/#organization"},"potentialAction":[{"@type":"SearchAction","target":{"@type":"EntryPoint","urlTemplate":"https:\/\/culturbaine.com\/?s={search_term_string}"},"query-input":{"@type":"PropertyValueSpecification","valueRequired":true,"valueName":"search_term_string"}}],"inLanguage":"fr-FR"},{"@type":"Organization","@id":"https:\/\/culturbaine.com\/#organization","name":"Culturbaine.com","url":"https:\/\/culturbaine.com\/","logo":{"@type":"ImageObject","inLanguage":"fr-FR","@id":"https:\/\/culturbaine.com\/#\/schema\/logo\/image\/","url":"https:\/\/culturbaine.com\/wp-content\/uploads\/2023\/07\/WhatsApp-Image-2023-07-17-at-14.38.18.jpeg","contentUrl":"https:\/\/culturbaine.com\/wp-content\/uploads\/2023\/07\/WhatsApp-Image-2023-07-17-at-14.38.18.jpeg","width":855,"height":270,"caption":"Culturbaine.com"},"image":{"@id":"https:\/\/culturbaine.com\/#\/schema\/logo\/image\/"},"sameAs":["https:\/\/www.facebook.com\/Culturbaines","https:\/\/x.com\/culturbaines"]},{"@type":"Person","@id":"https:\/\/culturbaine.com\/#\/schema\/person\/42eb7485c572e0746c1ea6b8216c3814","name":"admin1","image":{"@type":"ImageObject","inLanguage":"fr-FR","@id":"https:\/\/culturbaine.com\/#\/schema\/person\/image\/","url":"https:\/\/secure.gravatar.com\/avatar\/c268f4d483ce0486e5a10fee87bbf756?s=96&d=mm&r=g","contentUrl":"https:\/\/secure.gravatar.com\/avatar\/c268f4d483ce0486e5a10fee87bbf756?s=96&d=mm&r=g","caption":"admin1"},"url":"https:\/\/culturbaine.com\/index.php\/author\/admin1\/"}]}},"_links":{"self":[{"href":"https:\/\/culturbaine.com\/index.php\/wp-json\/wp\/v2\/posts\/1443"}],"collection":[{"href":"https:\/\/culturbaine.com\/index.php\/wp-json\/wp\/v2\/posts"}],"about":[{"href":"https:\/\/culturbaine.com\/index.php\/wp-json\/wp\/v2\/types\/post"}],"author":[{"embeddable":true,"href":"https:\/\/culturbaine.com\/index.php\/wp-json\/wp\/v2\/users\/2"}],"replies":[{"embeddable":true,"href":"https:\/\/culturbaine.com\/index.php\/wp-json\/wp\/v2\/comments?post=1443"}],"version-history":[{"count":0,"href":"https:\/\/culturbaine.com\/index.php\/wp-json\/wp\/v2\/posts\/1443\/revisions"}],"wp:featuredmedia":[{"embeddable":true,"href":"https:\/\/culturbaine.com\/index.php\/wp-json\/wp\/v2\/media\/1445"}],"wp:attachment":[{"href":"https:\/\/culturbaine.com\/index.php\/wp-json\/wp\/v2\/media?parent=1443"}],"wp:term":[{"taxonomy":"category","embeddable":true,"href":"https:\/\/culturbaine.com\/index.php\/wp-json\/wp\/v2\/categories?post=1443"},{"taxonomy":"post_tag","embeddable":true,"href":"https:\/\/culturbaine.com\/index.php\/wp-json\/wp\/v2\/tags?post=1443"}],"curies":[{"name":"wp","href":"https:\/\/api.w.org\/{rel}","templated":true}]}}