{"id":1415,"date":"2023-09-18T16:21:52","date_gmt":"2023-09-18T16:21:52","guid":{"rendered":"http:\/\/culturbaine.com\/?p=1415"},"modified":"2023-09-18T16:21:52","modified_gmt":"2023-09-18T16:21:52","slug":"faute-de-visa-mc-freshh-va-a-son-tour-rater-2-festivals-en-france","status":"publish","type":"post","link":"https:\/\/culturbaine.com\/index.php\/2023\/09\/18\/faute-de-visa-mc-freshh-va-a-son-tour-rater-2-festivals-en-france\/","title":{"rendered":"Faute de visa, Mc Freshh va\u00a0 \u00e0 son tour rater 2 festivals en France !"},"content":{"rendered":"<p><span>De nos jours, l&rsquo;obtention d&rsquo;un visa pour la France pour les artistes est vraiment devenu un parcours de combattant. Apr\u00e8s <\/span><b>Thiird<\/b><span>, c&rsquo;est au tour de l&rsquo;auteur des freestyles <\/span><b>Partouzes,<\/b> <b>Mc Freshh <\/b><span>d&rsquo;annoncer son non obtention de visa, pour deux festivals de ce c\u00f4t\u00e9. Il l&rsquo;a fait savoir sur son outil de communication traditionnel Facebook, il y a pratiquement quelques minutes. Ci-dessous sa publication.<\/span><\/p>\n<p><span style=\"font-weight: 400;\">AUX RAYONS \u2600\ufe0f\ud83c\uddec\ud83c\uddf3<\/span><\/p>\n<p><span style=\"font-weight: 400;\">JE VIENS AUJOURD\u2019HUI, PAS POUR VOUS DONNER UN SON, UN CLIP NON.<\/span><\/p>\n<p><span style=\"font-weight: 400;\">JE VIENS AUJOURD\u2019HUI VOUS EXPRIMER MA PROFONDE D\u00c9SOLATION ET MON AGACEMENT \u00c0 LA SUITE DU REFUS DE VISA QUI M\u2019A \u00c9T\u00c9 NOTIFI\u00c9 CETTE SEMAINE MALGR\u00c9 TOUTE LA GARANTIE FOURNIE AVEC LES DEUX \u00c9V\u00c9NEMENTS LE FESTIVAL A LAVAL AINSI QUE LA NUIT DE LA GUIN\u00c9E.<\/span><\/p>\n<p><span style=\"font-weight: 400;\">AU STADE OU NOUS SOMMES NOUS N\u2019AVONS PAS DE MINIST\u00c8RE DE LA CULTURE CAPABLE D\u2019OFFRIR DE LA GARANTIE AUX ARTISTES DANS LES DIFF\u00c9RENTS AMBASSADES. LES STRUCTURES QUI ORGANISENT AUSSI N\u2019ONT PAS LA CR\u00c9DIBILIT\u00c9 N\u00c9CESSAIRE AUPR\u00c8S DES AMBASSADES.<\/span><\/p>\n<p><span style=\"font-weight: 400;\">COMMENT VEUT-ON LUTTER CONTRE L\u2019IMMIGRATION CLANDESTINE SI LES AMBASSADES REFUSENT LE VISA AUX JEUNES GUIN\u00c9ENS QUI PARTENT UNIQUEMENT POUR TRAVAILLER ET REVENIR ?<\/span><\/p>\n<p><span style=\"font-weight: 400;\">LE VISA NE DOIT PLUS \u00caTRE UN LUXE POUR LE JEUNE GUIN\u00c9EN A PLUS FORTE RAISON UN ARTISTE MALHEUREUSEMENT CE N&rsquo;EST PAS UNE PREMI\u00c8RE ET CA NE SERA PAS LA DERNI\u00c8RE.<\/span><\/p>\n<p><span style=\"font-weight: 400;\">LE M\u00c9TIER D\u2019ARTISTE EST UNE PASSION POUR NOUS ET NOUS LE FERONS QUELQUE SOIT LES OBSTACLES.<\/span><\/p>\n<p><span style=\"font-weight: 400;\">ON RESTE FOCUS SUR NOS PROJETS QUI ARRIVENT LE SOGUE VOL 1 ET 2 !<\/span><\/p>\n<p><span style=\"font-weight: 400;\">MERCI DU SOUTIEN, ON EST ENSEMBLE \u2764\ufe0f\ud83c\uddec\ud83c\uddf3<\/span><\/p>\n","protected":false},"excerpt":{"rendered":"<p>De nos jours, l&rsquo;obtention d&rsquo;un visa pour la France pour les artistes est vraiment devenu un parcours de combattant. Apr\u00e8s Thiird, c&rsquo;est au tour de l&rsquo;auteur des freestyles Partouzes, Mc Freshh d&rsquo;annoncer son non obtention de visa, pour deux festivals de ce c\u00f4t\u00e9. Il l&rsquo;a fait savoir sur son outil de communication traditionnel Facebook, il [&hellip;]<\/p>\n","protected":false},"author":2,"featured_media":1417,"comment_status":"open","ping_status":"open","sticky":false,"template":"","format":"standard","meta":{"_mi_skip_tracking":false,"_monsterinsights_sitenote_active":false,"_monsterinsights_sitenote_note":"","_monsterinsights_sitenote_category":0,"footnotes":""},"categories":[21,33,512],"tags":[630,182,378,26,631],"class_list":["post-1415","post","type-post","status-publish","format-standard","has-post-thumbnail","hentry","category-actualite","category-agenda","category-rap","tag-faute-de-visa","tag-france","tag-la-nuit-de-la-guinee","tag-mc-freshh","tag-urban-made-ouest"],"yoast_head":"<!-- This site is optimized with the Yoast SEO Premium plugin v20.1 (Yoast SEO v24.0) - https:\/\/yoast.com\/wordpress\/plugins\/seo\/ -->\n<title>Faute de visa, Mc Freshh va\u00a0 \u00e0 son tour rater 2 festivals en France ! - Culturbaine<\/title>\n<meta name=\"robots\" content=\"index, follow, max-snippet:-1, max-image-preview:large, max-video-preview:-1\" \/>\n<link rel=\"canonical\" href=\"http:\/\/culturbaine.com\/index.php\/2023\/09\/18\/faute-de-visa-mc-freshh-va-a-son-tour-rater-2-festivals-en-france\/\" \/>\n<meta property=\"og:locale\" content=\"fr_FR\" \/>\n<meta property=\"og:type\" content=\"article\" \/>\n<meta property=\"og:title\" content=\"Faute de visa, Mc Freshh va\u00a0 \u00e0 son tour rater 2 festivals en France !\" \/>\n<meta property=\"og:description\" content=\"De nos jours, l&rsquo;obtention d&rsquo;un visa pour la France pour les artistes est vraiment devenu un parcours de combattant. Apr\u00e8s Thiird, c&rsquo;est au tour de l&rsquo;auteur des freestyles Partouzes, Mc Freshh d&rsquo;annoncer son non obtention de visa, pour deux festivals de ce c\u00f4t\u00e9. Il l&rsquo;a fait savoir sur son outil de communication traditionnel Facebook, il [&hellip;]\" \/>\n<meta property=\"og:url\" content=\"http:\/\/culturbaine.com\/index.php\/2023\/09\/18\/faute-de-visa-mc-freshh-va-a-son-tour-rater-2-festivals-en-france\/\" \/>\n<meta property=\"og:site_name\" content=\"Culturbaine\" \/>\n<meta property=\"article:publisher\" content=\"https:\/\/www.facebook.com\/Culturbaines\" \/>\n<meta property=\"article:published_time\" content=\"2023-09-18T16:21:52+00:00\" \/>\n<meta property=\"og:image\" content=\"http:\/\/culturbaine.com\/wp-content\/uploads\/2023\/09\/16950537491062.jpg\" \/>\n\t<meta property=\"og:image:width\" content=\"715\" \/>\n\t<meta property=\"og:image:height\" content=\"448\" \/>\n\t<meta property=\"og:image:type\" content=\"image\/jpeg\" \/>\n<meta name=\"author\" content=\"admin1\" \/>\n<meta name=\"twitter:card\" content=\"summary_large_image\" \/>\n<meta name=\"twitter:creator\" content=\"@culturbaines\" \/>\n<meta name=\"twitter:site\" content=\"@culturbaines\" \/>\n<meta name=\"twitter:label1\" content=\"\u00c9crit par\" \/>\n\t<meta name=\"twitter:data1\" content=\"admin1\" \/>\n\t<meta name=\"twitter:label2\" content=\"Dur\u00e9e de lecture estim\u00e9e\" \/>\n\t<meta name=\"twitter:data2\" content=\"2 minutes\" \/>\n<script type=\"application\/ld+json\" class=\"yoast-schema-graph\">{\"@context\":\"https:\/\/schema.org\",\"@graph\":[{\"@type\":\"Article\",\"@id\":\"http:\/\/culturbaine.com\/index.php\/2023\/09\/18\/faute-de-visa-mc-freshh-va-a-son-tour-rater-2-festivals-en-france\/#article\",\"isPartOf\":{\"@id\":\"http:\/\/culturbaine.com\/index.php\/2023\/09\/18\/faute-de-visa-mc-freshh-va-a-son-tour-rater-2-festivals-en-france\/\"},\"author\":{\"name\":\"admin1\",\"@id\":\"https:\/\/culturbaine.com\/#\/schema\/person\/42eb7485c572e0746c1ea6b8216c3814\"},\"headline\":\"Faute de visa, Mc Freshh va\u00a0 \u00e0 son tour rater 2 festivals en France !\",\"datePublished\":\"2023-09-18T16:21:52+00:00\",\"dateModified\":\"2023-09-18T16:21:52+00:00\",\"mainEntityOfPage\":{\"@id\":\"http:\/\/culturbaine.com\/index.php\/2023\/09\/18\/faute-de-visa-mc-freshh-va-a-son-tour-rater-2-festivals-en-france\/\"},\"wordCount\":286,\"commentCount\":0,\"publisher\":{\"@id\":\"https:\/\/culturbaine.com\/#organization\"},\"image\":{\"@id\":\"http:\/\/culturbaine.com\/index.php\/2023\/09\/18\/faute-de-visa-mc-freshh-va-a-son-tour-rater-2-festivals-en-france\/#primaryimage\"},\"thumbnailUrl\":\"https:\/\/culturbaine.com\/wp-content\/uploads\/2023\/09\/16950537491062.jpg\",\"keywords\":[\"faute de Visa\",\"France !\",\"La nuit de la Guin\u00e9e\",\"mc freshh\",\"Urban Made Ouest\"],\"articleSection\":[\"Actualit\u00e9\",\"Agenda\",\"Rap\"],\"inLanguage\":\"fr-FR\"},{\"@type\":\"WebPage\",\"@id\":\"http:\/\/culturbaine.com\/index.php\/2023\/09\/18\/faute-de-visa-mc-freshh-va-a-son-tour-rater-2-festivals-en-france\/\",\"url\":\"http:\/\/culturbaine.com\/index.php\/2023\/09\/18\/faute-de-visa-mc-freshh-va-a-son-tour-rater-2-festivals-en-france\/\",\"name\":\"Faute de visa, Mc Freshh va\u00a0 \u00e0 son tour rater 2 festivals en France ! - Culturbaine\",\"isPartOf\":{\"@id\":\"https:\/\/culturbaine.com\/#website\"},\"primaryImageOfPage\":{\"@id\":\"http:\/\/culturbaine.com\/index.php\/2023\/09\/18\/faute-de-visa-mc-freshh-va-a-son-tour-rater-2-festivals-en-france\/#primaryimage\"},\"image\":{\"@id\":\"http:\/\/culturbaine.com\/index.php\/2023\/09\/18\/faute-de-visa-mc-freshh-va-a-son-tour-rater-2-festivals-en-france\/#primaryimage\"},\"thumbnailUrl\":\"https:\/\/culturbaine.com\/wp-content\/uploads\/2023\/09\/16950537491062.jpg\",\"datePublished\":\"2023-09-18T16:21:52+00:00\",\"dateModified\":\"2023-09-18T16:21:52+00:00\",\"breadcrumb\":{\"@id\":\"http:\/\/culturbaine.com\/index.php\/2023\/09\/18\/faute-de-visa-mc-freshh-va-a-son-tour-rater-2-festivals-en-france\/#breadcrumb\"},\"inLanguage\":\"fr-FR\",\"potentialAction\":[{\"@type\":\"ReadAction\",\"target\":[\"http:\/\/culturbaine.com\/index.php\/2023\/09\/18\/faute-de-visa-mc-freshh-va-a-son-tour-rater-2-festivals-en-france\/\"]}]},{\"@type\":\"ImageObject\",\"inLanguage\":\"fr-FR\",\"@id\":\"http:\/\/culturbaine.com\/index.php\/2023\/09\/18\/faute-de-visa-mc-freshh-va-a-son-tour-rater-2-festivals-en-france\/#primaryimage\",\"url\":\"https:\/\/culturbaine.com\/wp-content\/uploads\/2023\/09\/16950537491062.jpg\",\"contentUrl\":\"https:\/\/culturbaine.com\/wp-content\/uploads\/2023\/09\/16950537491062.jpg\",\"width\":715,\"height\":448},{\"@type\":\"BreadcrumbList\",\"@id\":\"http:\/\/culturbaine.com\/index.php\/2023\/09\/18\/faute-de-visa-mc-freshh-va-a-son-tour-rater-2-festivals-en-france\/#breadcrumb\",\"itemListElement\":[{\"@type\":\"ListItem\",\"position\":1,\"name\":\"Home\",\"item\":\"https:\/\/culturbaine.com\/\"},{\"@type\":\"ListItem\",\"position\":2,\"name\":\"Faute de visa, Mc Freshh va\u00a0 \u00e0 son tour rater 2 festivals en France !\"}]},{\"@type\":\"WebSite\",\"@id\":\"https:\/\/culturbaine.com\/#website\",\"url\":\"https:\/\/culturbaine.com\/\",\"name\":\"Culturbaine.com\",\"description\":\"Toute l&#039;actualit\u00e9 des Cultures Urbaines, en un clic  !\",\"publisher\":{\"@id\":\"https:\/\/culturbaine.com\/#organization\"},\"potentialAction\":[{\"@type\":\"SearchAction\",\"target\":{\"@type\":\"EntryPoint\",\"urlTemplate\":\"https:\/\/culturbaine.com\/?s={search_term_string}\"},\"query-input\":{\"@type\":\"PropertyValueSpecification\",\"valueRequired\":true,\"valueName\":\"search_term_string\"}}],\"inLanguage\":\"fr-FR\"},{\"@type\":\"Organization\",\"@id\":\"https:\/\/culturbaine.com\/#organization\",\"name\":\"Culturbaine.com\",\"url\":\"https:\/\/culturbaine.com\/\",\"logo\":{\"@type\":\"ImageObject\",\"inLanguage\":\"fr-FR\",\"@id\":\"https:\/\/culturbaine.com\/#\/schema\/logo\/image\/\",\"url\":\"https:\/\/culturbaine.com\/wp-content\/uploads\/2023\/07\/WhatsApp-Image-2023-07-17-at-14.38.18.jpeg\",\"contentUrl\":\"https:\/\/culturbaine.com\/wp-content\/uploads\/2023\/07\/WhatsApp-Image-2023-07-17-at-14.38.18.jpeg\",\"width\":855,\"height\":270,\"caption\":\"Culturbaine.com\"},\"image\":{\"@id\":\"https:\/\/culturbaine.com\/#\/schema\/logo\/image\/\"},\"sameAs\":[\"https:\/\/www.facebook.com\/Culturbaines\",\"https:\/\/x.com\/culturbaines\"]},{\"@type\":\"Person\",\"@id\":\"https:\/\/culturbaine.com\/#\/schema\/person\/42eb7485c572e0746c1ea6b8216c3814\",\"name\":\"admin1\",\"image\":{\"@type\":\"ImageObject\",\"inLanguage\":\"fr-FR\",\"@id\":\"https:\/\/culturbaine.com\/#\/schema\/person\/image\/\",\"url\":\"https:\/\/secure.gravatar.com\/avatar\/c268f4d483ce0486e5a10fee87bbf756?s=96&d=mm&r=g\",\"contentUrl\":\"https:\/\/secure.gravatar.com\/avatar\/c268f4d483ce0486e5a10fee87bbf756?s=96&d=mm&r=g\",\"caption\":\"admin1\"},\"url\":\"https:\/\/culturbaine.com\/index.php\/author\/admin1\/\"}]}<\/script>\n<!-- \/ Yoast SEO Premium plugin. -->","yoast_head_json":{"title":"Faute de visa, Mc Freshh va\u00a0 \u00e0 son tour rater 2 festivals en France ! - Culturbaine","robots":{"index":"index","follow":"follow","max-snippet":"max-snippet:-1","max-image-preview":"max-image-preview:large","max-video-preview":"max-video-preview:-1"},"canonical":"http:\/\/culturbaine.com\/index.php\/2023\/09\/18\/faute-de-visa-mc-freshh-va-a-son-tour-rater-2-festivals-en-france\/","og_locale":"fr_FR","og_type":"article","og_title":"Faute de visa, Mc Freshh va\u00a0 \u00e0 son tour rater 2 festivals en France !","og_description":"De nos jours, l&rsquo;obtention d&rsquo;un visa pour la France pour les artistes est vraiment devenu un parcours de combattant. Apr\u00e8s Thiird, c&rsquo;est au tour de l&rsquo;auteur des freestyles Partouzes, Mc Freshh d&rsquo;annoncer son non obtention de visa, pour deux festivals de ce c\u00f4t\u00e9. Il l&rsquo;a fait savoir sur son outil de communication traditionnel Facebook, il [&hellip;]","og_url":"http:\/\/culturbaine.com\/index.php\/2023\/09\/18\/faute-de-visa-mc-freshh-va-a-son-tour-rater-2-festivals-en-france\/","og_site_name":"Culturbaine","article_publisher":"https:\/\/www.facebook.com\/Culturbaines","article_published_time":"2023-09-18T16:21:52+00:00","og_image":[{"width":715,"height":448,"url":"http:\/\/culturbaine.com\/wp-content\/uploads\/2023\/09\/16950537491062.jpg","type":"image\/jpeg"}],"author":"admin1","twitter_card":"summary_large_image","twitter_creator":"@culturbaines","twitter_site":"@culturbaines","twitter_misc":{"\u00c9crit par":"admin1","Dur\u00e9e de lecture estim\u00e9e":"2 minutes"},"schema":{"@context":"https:\/\/schema.org","@graph":[{"@type":"Article","@id":"http:\/\/culturbaine.com\/index.php\/2023\/09\/18\/faute-de-visa-mc-freshh-va-a-son-tour-rater-2-festivals-en-france\/#article","isPartOf":{"@id":"http:\/\/culturbaine.com\/index.php\/2023\/09\/18\/faute-de-visa-mc-freshh-va-a-son-tour-rater-2-festivals-en-france\/"},"author":{"name":"admin1","@id":"https:\/\/culturbaine.com\/#\/schema\/person\/42eb7485c572e0746c1ea6b8216c3814"},"headline":"Faute de visa, Mc Freshh va\u00a0 \u00e0 son tour rater 2 festivals en France !","datePublished":"2023-09-18T16:21:52+00:00","dateModified":"2023-09-18T16:21:52+00:00","mainEntityOfPage":{"@id":"http:\/\/culturbaine.com\/index.php\/2023\/09\/18\/faute-de-visa-mc-freshh-va-a-son-tour-rater-2-festivals-en-france\/"},"wordCount":286,"commentCount":0,"publisher":{"@id":"https:\/\/culturbaine.com\/#organization"},"image":{"@id":"http:\/\/culturbaine.com\/index.php\/2023\/09\/18\/faute-de-visa-mc-freshh-va-a-son-tour-rater-2-festivals-en-france\/#primaryimage"},"thumbnailUrl":"https:\/\/culturbaine.com\/wp-content\/uploads\/2023\/09\/16950537491062.jpg","keywords":["faute de Visa","France !","La nuit de la Guin\u00e9e","mc freshh","Urban Made Ouest"],"articleSection":["Actualit\u00e9","Agenda","Rap"],"inLanguage":"fr-FR"},{"@type":"WebPage","@id":"http:\/\/culturbaine.com\/index.php\/2023\/09\/18\/faute-de-visa-mc-freshh-va-a-son-tour-rater-2-festivals-en-france\/","url":"http:\/\/culturbaine.com\/index.php\/2023\/09\/18\/faute-de-visa-mc-freshh-va-a-son-tour-rater-2-festivals-en-france\/","name":"Faute de visa, Mc Freshh va\u00a0 \u00e0 son tour rater 2 festivals en France ! - Culturbaine","isPartOf":{"@id":"https:\/\/culturbaine.com\/#website"},"primaryImageOfPage":{"@id":"http:\/\/culturbaine.com\/index.php\/2023\/09\/18\/faute-de-visa-mc-freshh-va-a-son-tour-rater-2-festivals-en-france\/#primaryimage"},"image":{"@id":"http:\/\/culturbaine.com\/index.php\/2023\/09\/18\/faute-de-visa-mc-freshh-va-a-son-tour-rater-2-festivals-en-france\/#primaryimage"},"thumbnailUrl":"https:\/\/culturbaine.com\/wp-content\/uploads\/2023\/09\/16950537491062.jpg","datePublished":"2023-09-18T16:21:52+00:00","dateModified":"2023-09-18T16:21:52+00:00","breadcrumb":{"@id":"http:\/\/culturbaine.com\/index.php\/2023\/09\/18\/faute-de-visa-mc-freshh-va-a-son-tour-rater-2-festivals-en-france\/#breadcrumb"},"inLanguage":"fr-FR","potentialAction":[{"@type":"ReadAction","target":["http:\/\/culturbaine.com\/index.php\/2023\/09\/18\/faute-de-visa-mc-freshh-va-a-son-tour-rater-2-festivals-en-france\/"]}]},{"@type":"ImageObject","inLanguage":"fr-FR","@id":"http:\/\/culturbaine.com\/index.php\/2023\/09\/18\/faute-de-visa-mc-freshh-va-a-son-tour-rater-2-festivals-en-france\/#primaryimage","url":"https:\/\/culturbaine.com\/wp-content\/uploads\/2023\/09\/16950537491062.jpg","contentUrl":"https:\/\/culturbaine.com\/wp-content\/uploads\/2023\/09\/16950537491062.jpg","width":715,"height":448},{"@type":"BreadcrumbList","@id":"http:\/\/culturbaine.com\/index.php\/2023\/09\/18\/faute-de-visa-mc-freshh-va-a-son-tour-rater-2-festivals-en-france\/#breadcrumb","itemListElement":[{"@type":"ListItem","position":1,"name":"Home","item":"https:\/\/culturbaine.com\/"},{"@type":"ListItem","position":2,"name":"Faute de visa, Mc Freshh va\u00a0 \u00e0 son tour rater 2 festivals en France !"}]},{"@type":"WebSite","@id":"https:\/\/culturbaine.com\/#website","url":"https:\/\/culturbaine.com\/","name":"Culturbaine.com","description":"Toute l&#039;actualit\u00e9 des Cultures Urbaines, en un clic  !","publisher":{"@id":"https:\/\/culturbaine.com\/#organization"},"potentialAction":[{"@type":"SearchAction","target":{"@type":"EntryPoint","urlTemplate":"https:\/\/culturbaine.com\/?s={search_term_string}"},"query-input":{"@type":"PropertyValueSpecification","valueRequired":true,"valueName":"search_term_string"}}],"inLanguage":"fr-FR"},{"@type":"Organization","@id":"https:\/\/culturbaine.com\/#organization","name":"Culturbaine.com","url":"https:\/\/culturbaine.com\/","logo":{"@type":"ImageObject","inLanguage":"fr-FR","@id":"https:\/\/culturbaine.com\/#\/schema\/logo\/image\/","url":"https:\/\/culturbaine.com\/wp-content\/uploads\/2023\/07\/WhatsApp-Image-2023-07-17-at-14.38.18.jpeg","contentUrl":"https:\/\/culturbaine.com\/wp-content\/uploads\/2023\/07\/WhatsApp-Image-2023-07-17-at-14.38.18.jpeg","width":855,"height":270,"caption":"Culturbaine.com"},"image":{"@id":"https:\/\/culturbaine.com\/#\/schema\/logo\/image\/"},"sameAs":["https:\/\/www.facebook.com\/Culturbaines","https:\/\/x.com\/culturbaines"]},{"@type":"Person","@id":"https:\/\/culturbaine.com\/#\/schema\/person\/42eb7485c572e0746c1ea6b8216c3814","name":"admin1","image":{"@type":"ImageObject","inLanguage":"fr-FR","@id":"https:\/\/culturbaine.com\/#\/schema\/person\/image\/","url":"https:\/\/secure.gravatar.com\/avatar\/c268f4d483ce0486e5a10fee87bbf756?s=96&d=mm&r=g","contentUrl":"https:\/\/secure.gravatar.com\/avatar\/c268f4d483ce0486e5a10fee87bbf756?s=96&d=mm&r=g","caption":"admin1"},"url":"https:\/\/culturbaine.com\/index.php\/author\/admin1\/"}]}},"_links":{"self":[{"href":"https:\/\/culturbaine.com\/index.php\/wp-json\/wp\/v2\/posts\/1415"}],"collection":[{"href":"https:\/\/culturbaine.com\/index.php\/wp-json\/wp\/v2\/posts"}],"about":[{"href":"https:\/\/culturbaine.com\/index.php\/wp-json\/wp\/v2\/types\/post"}],"author":[{"embeddable":true,"href":"https:\/\/culturbaine.com\/index.php\/wp-json\/wp\/v2\/users\/2"}],"replies":[{"embeddable":true,"href":"https:\/\/culturbaine.com\/index.php\/wp-json\/wp\/v2\/comments?post=1415"}],"version-history":[{"count":0,"href":"https:\/\/culturbaine.com\/index.php\/wp-json\/wp\/v2\/posts\/1415\/revisions"}],"wp:featuredmedia":[{"embeddable":true,"href":"https:\/\/culturbaine.com\/index.php\/wp-json\/wp\/v2\/media\/1417"}],"wp:attachment":[{"href":"https:\/\/culturbaine.com\/index.php\/wp-json\/wp\/v2\/media?parent=1415"}],"wp:term":[{"taxonomy":"category","embeddable":true,"href":"https:\/\/culturbaine.com\/index.php\/wp-json\/wp\/v2\/categories?post=1415"},{"taxonomy":"post_tag","embeddable":true,"href":"https:\/\/culturbaine.com\/index.php\/wp-json\/wp\/v2\/tags?post=1415"}],"curies":[{"name":"wp","href":"https:\/\/api.w.org\/{rel}","templated":true}]}}