{"id":1381,"date":"2023-09-17T18:58:49","date_gmt":"2023-09-17T18:58:49","guid":{"rendered":"http:\/\/culturbaine.com\/?p=1381"},"modified":"2023-09-17T22:12:08","modified_gmt":"2023-09-17T22:12:08","slug":"si-tellamo-gims-sort-son-clip-avec-le-colombien-maluma","status":"publish","type":"post","link":"https:\/\/culturbaine.com\/index.php\/2023\/09\/17\/si-tellamo-gims-sort-son-clip-avec-le-colombien-maluma\/","title":{"rendered":"Si Tellamo : Gims sort son clip avec le colombien Maluma !"},"content":{"rendered":"<p><b>Si Tellamo <\/b>est le nouveau clip que le rappeur fran\u00e7ais d&rsquo;origine congolaise<b> Gims<\/b> vient de sortir. Toujours chaud bouillant, il a encore ajout\u00e9 un sang vif sur le morceau en invitant <b>Maluma<\/b>, un jeune artiste colombien qui fait fort de ce c\u00f4t\u00e9.<\/p>\n<p><span style=\"font-weight: 400;\">Dans ce morceau rythm\u00e9 mais aussi entra\u00eenant, les deux artistes, \u00e0 chacun en ce qui le concerne, ma\u00eetrisent carr\u00e9ment le tempo. C&rsquo;est une chanson qui ambiance.<\/span><\/p>\n<p><span style=\"font-weight: 400;\">C&rsquo;est un clip assez sombre. Certes chacun a eu droit \u00e0 un plan sp\u00e9cial avant de le changer, ce qui reste s\u00fbr, c&rsquo;est purement artistique.<\/span><\/p>\n<p><iframe loading=\"lazy\" title=\"GIMS &amp; MALUMA - SI TE LLAMO (Official Music Video)\" width=\"1170\" height=\"658\" src=\"https:\/\/www.youtube.com\/embed\/rwvgkTHsDy4?wmode=transparent&amp;rel=0&amp;feature=oembed\" frameborder=\"0\" allow=\"accelerometer; autoplay; clipboard-write; encrypted-media; gyroscope; picture-in-picture; web-share\" allowfullscreen><\/iframe><\/p>\n<p><b>Mohamed Cinq Sylla\u00a0<\/b><\/p>\n","protected":false},"excerpt":{"rendered":"<p>Si Tellamo est le nouveau clip que le rappeur fran\u00e7ais d&rsquo;origine congolaise Gims vient de sortir. Toujours chaud bouillant, il a encore ajout\u00e9 un sang vif sur le morceau en invitant Maluma, un jeune artiste colombien qui fait fort de ce c\u00f4t\u00e9. Dans ce morceau rythm\u00e9 mais aussi entra\u00eenant, les deux artistes, \u00e0 chacun en [&hellip;]<\/p>\n","protected":false},"author":2,"featured_media":1383,"comment_status":"open","ping_status":"open","sticky":false,"template":"","format":"standard","meta":{"_mi_skip_tracking":false,"_monsterinsights_sitenote_active":false,"_monsterinsights_sitenote_note":"","_monsterinsights_sitenote_category":0,"footnotes":""},"categories":[21,27,32,512],"tags":[134,624,625],"class_list":["post-1381","post","type-post","status-publish","format-standard","has-post-thumbnail","hentry","category-actualite","category-clip","category-dernieres-sorties","category-rap","tag-gims","tag-maluma","tag-si-tellano"],"yoast_head":"<!-- This site is optimized with the Yoast SEO Premium plugin v20.1 (Yoast SEO v24.0) - https:\/\/yoast.com\/wordpress\/plugins\/seo\/ -->\n<title>Si Tellamo : Gims sort son clip avec le colombien Maluma ! - Culturbaine<\/title>\n<meta name=\"robots\" content=\"index, follow, max-snippet:-1, max-image-preview:large, max-video-preview:-1\" \/>\n<link rel=\"canonical\" href=\"http:\/\/culturbaine.com\/index.php\/2023\/09\/17\/si-tellamo-gims-sort-son-clip-avec-le-colombien-maluma\/\" \/>\n<meta property=\"og:locale\" content=\"fr_FR\" \/>\n<meta property=\"og:type\" content=\"article\" \/>\n<meta property=\"og:title\" content=\"Si Tellamo : Gims sort son clip avec le colombien Maluma !\" \/>\n<meta property=\"og:description\" content=\"Si Tellamo est le nouveau clip que le rappeur fran\u00e7ais d&rsquo;origine congolaise Gims vient de sortir. Toujours chaud bouillant, il a encore ajout\u00e9 un sang vif sur le morceau en invitant Maluma, un jeune artiste colombien qui fait fort de ce c\u00f4t\u00e9. Dans ce morceau rythm\u00e9 mais aussi entra\u00eenant, les deux artistes, \u00e0 chacun en [&hellip;]\" \/>\n<meta property=\"og:url\" content=\"http:\/\/culturbaine.com\/index.php\/2023\/09\/17\/si-tellamo-gims-sort-son-clip-avec-le-colombien-maluma\/\" \/>\n<meta property=\"og:site_name\" content=\"Culturbaine\" \/>\n<meta property=\"article:publisher\" content=\"https:\/\/www.facebook.com\/Culturbaines\" \/>\n<meta property=\"article:published_time\" content=\"2023-09-17T18:58:49+00:00\" \/>\n<meta property=\"article:modified_time\" content=\"2023-09-17T22:12:08+00:00\" \/>\n<meta property=\"og:image\" content=\"http:\/\/culturbaine.com\/wp-content\/uploads\/2023\/09\/Screenshot_20230917-185048.jpg\" \/>\n\t<meta property=\"og:image:width\" content=\"720\" \/>\n\t<meta property=\"og:image:height\" content=\"386\" \/>\n\t<meta property=\"og:image:type\" content=\"image\/jpeg\" \/>\n<meta name=\"author\" content=\"admin1\" \/>\n<meta name=\"twitter:card\" content=\"summary_large_image\" \/>\n<meta name=\"twitter:creator\" content=\"@culturbaines\" \/>\n<meta name=\"twitter:site\" content=\"@culturbaines\" \/>\n<meta name=\"twitter:label1\" content=\"\u00c9crit par\" \/>\n\t<meta name=\"twitter:data1\" content=\"admin1\" \/>\n\t<meta name=\"twitter:label2\" content=\"Dur\u00e9e de lecture estim\u00e9e\" \/>\n\t<meta name=\"twitter:data2\" content=\"1 minute\" \/>\n<script type=\"application\/ld+json\" class=\"yoast-schema-graph\">{\"@context\":\"https:\/\/schema.org\",\"@graph\":[{\"@type\":\"Article\",\"@id\":\"http:\/\/culturbaine.com\/index.php\/2023\/09\/17\/si-tellamo-gims-sort-son-clip-avec-le-colombien-maluma\/#article\",\"isPartOf\":{\"@id\":\"http:\/\/culturbaine.com\/index.php\/2023\/09\/17\/si-tellamo-gims-sort-son-clip-avec-le-colombien-maluma\/\"},\"author\":{\"name\":\"admin1\",\"@id\":\"https:\/\/culturbaine.com\/#\/schema\/person\/42eb7485c572e0746c1ea6b8216c3814\"},\"headline\":\"Si Tellamo : Gims sort son clip avec le colombien Maluma !\",\"datePublished\":\"2023-09-17T18:58:49+00:00\",\"dateModified\":\"2023-09-17T22:12:08+00:00\",\"mainEntityOfPage\":{\"@id\":\"http:\/\/culturbaine.com\/index.php\/2023\/09\/17\/si-tellamo-gims-sort-son-clip-avec-le-colombien-maluma\/\"},\"wordCount\":125,\"commentCount\":0,\"publisher\":{\"@id\":\"https:\/\/culturbaine.com\/#organization\"},\"image\":{\"@id\":\"http:\/\/culturbaine.com\/index.php\/2023\/09\/17\/si-tellamo-gims-sort-son-clip-avec-le-colombien-maluma\/#primaryimage\"},\"thumbnailUrl\":\"https:\/\/culturbaine.com\/wp-content\/uploads\/2023\/09\/Screenshot_20230917-185048.jpg\",\"keywords\":[\"Gims\",\"Maluma\",\"Si tellano\"],\"articleSection\":[\"Actualit\u00e9\",\"Clip\",\"Derni\u00e8res sorties\",\"Rap\"],\"inLanguage\":\"fr-FR\"},{\"@type\":\"WebPage\",\"@id\":\"http:\/\/culturbaine.com\/index.php\/2023\/09\/17\/si-tellamo-gims-sort-son-clip-avec-le-colombien-maluma\/\",\"url\":\"http:\/\/culturbaine.com\/index.php\/2023\/09\/17\/si-tellamo-gims-sort-son-clip-avec-le-colombien-maluma\/\",\"name\":\"Si Tellamo : Gims sort son clip avec le colombien Maluma ! - Culturbaine\",\"isPartOf\":{\"@id\":\"https:\/\/culturbaine.com\/#website\"},\"primaryImageOfPage\":{\"@id\":\"http:\/\/culturbaine.com\/index.php\/2023\/09\/17\/si-tellamo-gims-sort-son-clip-avec-le-colombien-maluma\/#primaryimage\"},\"image\":{\"@id\":\"http:\/\/culturbaine.com\/index.php\/2023\/09\/17\/si-tellamo-gims-sort-son-clip-avec-le-colombien-maluma\/#primaryimage\"},\"thumbnailUrl\":\"https:\/\/culturbaine.com\/wp-content\/uploads\/2023\/09\/Screenshot_20230917-185048.jpg\",\"datePublished\":\"2023-09-17T18:58:49+00:00\",\"dateModified\":\"2023-09-17T22:12:08+00:00\",\"breadcrumb\":{\"@id\":\"http:\/\/culturbaine.com\/index.php\/2023\/09\/17\/si-tellamo-gims-sort-son-clip-avec-le-colombien-maluma\/#breadcrumb\"},\"inLanguage\":\"fr-FR\",\"potentialAction\":[{\"@type\":\"ReadAction\",\"target\":[\"http:\/\/culturbaine.com\/index.php\/2023\/09\/17\/si-tellamo-gims-sort-son-clip-avec-le-colombien-maluma\/\"]}]},{\"@type\":\"ImageObject\",\"inLanguage\":\"fr-FR\",\"@id\":\"http:\/\/culturbaine.com\/index.php\/2023\/09\/17\/si-tellamo-gims-sort-son-clip-avec-le-colombien-maluma\/#primaryimage\",\"url\":\"https:\/\/culturbaine.com\/wp-content\/uploads\/2023\/09\/Screenshot_20230917-185048.jpg\",\"contentUrl\":\"https:\/\/culturbaine.com\/wp-content\/uploads\/2023\/09\/Screenshot_20230917-185048.jpg\",\"width\":720,\"height\":386},{\"@type\":\"BreadcrumbList\",\"@id\":\"http:\/\/culturbaine.com\/index.php\/2023\/09\/17\/si-tellamo-gims-sort-son-clip-avec-le-colombien-maluma\/#breadcrumb\",\"itemListElement\":[{\"@type\":\"ListItem\",\"position\":1,\"name\":\"Home\",\"item\":\"https:\/\/culturbaine.com\/\"},{\"@type\":\"ListItem\",\"position\":2,\"name\":\"Si Tellamo : Gims sort son clip avec le colombien Maluma !\"}]},{\"@type\":\"WebSite\",\"@id\":\"https:\/\/culturbaine.com\/#website\",\"url\":\"https:\/\/culturbaine.com\/\",\"name\":\"Culturbaine.com\",\"description\":\"Toute l&#039;actualit\u00e9 des Cultures Urbaines, en un clic  !\",\"publisher\":{\"@id\":\"https:\/\/culturbaine.com\/#organization\"},\"potentialAction\":[{\"@type\":\"SearchAction\",\"target\":{\"@type\":\"EntryPoint\",\"urlTemplate\":\"https:\/\/culturbaine.com\/?s={search_term_string}\"},\"query-input\":{\"@type\":\"PropertyValueSpecification\",\"valueRequired\":true,\"valueName\":\"search_term_string\"}}],\"inLanguage\":\"fr-FR\"},{\"@type\":\"Organization\",\"@id\":\"https:\/\/culturbaine.com\/#organization\",\"name\":\"Culturbaine.com\",\"url\":\"https:\/\/culturbaine.com\/\",\"logo\":{\"@type\":\"ImageObject\",\"inLanguage\":\"fr-FR\",\"@id\":\"https:\/\/culturbaine.com\/#\/schema\/logo\/image\/\",\"url\":\"https:\/\/culturbaine.com\/wp-content\/uploads\/2023\/07\/WhatsApp-Image-2023-07-17-at-14.38.18.jpeg\",\"contentUrl\":\"https:\/\/culturbaine.com\/wp-content\/uploads\/2023\/07\/WhatsApp-Image-2023-07-17-at-14.38.18.jpeg\",\"width\":855,\"height\":270,\"caption\":\"Culturbaine.com\"},\"image\":{\"@id\":\"https:\/\/culturbaine.com\/#\/schema\/logo\/image\/\"},\"sameAs\":[\"https:\/\/www.facebook.com\/Culturbaines\",\"https:\/\/x.com\/culturbaines\"]},{\"@type\":\"Person\",\"@id\":\"https:\/\/culturbaine.com\/#\/schema\/person\/42eb7485c572e0746c1ea6b8216c3814\",\"name\":\"admin1\",\"image\":{\"@type\":\"ImageObject\",\"inLanguage\":\"fr-FR\",\"@id\":\"https:\/\/culturbaine.com\/#\/schema\/person\/image\/\",\"url\":\"https:\/\/secure.gravatar.com\/avatar\/c268f4d483ce0486e5a10fee87bbf756?s=96&d=mm&r=g\",\"contentUrl\":\"https:\/\/secure.gravatar.com\/avatar\/c268f4d483ce0486e5a10fee87bbf756?s=96&d=mm&r=g\",\"caption\":\"admin1\"},\"url\":\"https:\/\/culturbaine.com\/index.php\/author\/admin1\/\"}]}<\/script>\n<!-- \/ Yoast SEO Premium plugin. -->","yoast_head_json":{"title":"Si Tellamo : Gims sort son clip avec le colombien Maluma ! - Culturbaine","robots":{"index":"index","follow":"follow","max-snippet":"max-snippet:-1","max-image-preview":"max-image-preview:large","max-video-preview":"max-video-preview:-1"},"canonical":"http:\/\/culturbaine.com\/index.php\/2023\/09\/17\/si-tellamo-gims-sort-son-clip-avec-le-colombien-maluma\/","og_locale":"fr_FR","og_type":"article","og_title":"Si Tellamo : Gims sort son clip avec le colombien Maluma !","og_description":"Si Tellamo est le nouveau clip que le rappeur fran\u00e7ais d&rsquo;origine congolaise Gims vient de sortir. Toujours chaud bouillant, il a encore ajout\u00e9 un sang vif sur le morceau en invitant Maluma, un jeune artiste colombien qui fait fort de ce c\u00f4t\u00e9. Dans ce morceau rythm\u00e9 mais aussi entra\u00eenant, les deux artistes, \u00e0 chacun en [&hellip;]","og_url":"http:\/\/culturbaine.com\/index.php\/2023\/09\/17\/si-tellamo-gims-sort-son-clip-avec-le-colombien-maluma\/","og_site_name":"Culturbaine","article_publisher":"https:\/\/www.facebook.com\/Culturbaines","article_published_time":"2023-09-17T18:58:49+00:00","article_modified_time":"2023-09-17T22:12:08+00:00","og_image":[{"width":720,"height":386,"url":"http:\/\/culturbaine.com\/wp-content\/uploads\/2023\/09\/Screenshot_20230917-185048.jpg","type":"image\/jpeg"}],"author":"admin1","twitter_card":"summary_large_image","twitter_creator":"@culturbaines","twitter_site":"@culturbaines","twitter_misc":{"\u00c9crit par":"admin1","Dur\u00e9e de lecture estim\u00e9e":"1 minute"},"schema":{"@context":"https:\/\/schema.org","@graph":[{"@type":"Article","@id":"http:\/\/culturbaine.com\/index.php\/2023\/09\/17\/si-tellamo-gims-sort-son-clip-avec-le-colombien-maluma\/#article","isPartOf":{"@id":"http:\/\/culturbaine.com\/index.php\/2023\/09\/17\/si-tellamo-gims-sort-son-clip-avec-le-colombien-maluma\/"},"author":{"name":"admin1","@id":"https:\/\/culturbaine.com\/#\/schema\/person\/42eb7485c572e0746c1ea6b8216c3814"},"headline":"Si Tellamo : Gims sort son clip avec le colombien Maluma !","datePublished":"2023-09-17T18:58:49+00:00","dateModified":"2023-09-17T22:12:08+00:00","mainEntityOfPage":{"@id":"http:\/\/culturbaine.com\/index.php\/2023\/09\/17\/si-tellamo-gims-sort-son-clip-avec-le-colombien-maluma\/"},"wordCount":125,"commentCount":0,"publisher":{"@id":"https:\/\/culturbaine.com\/#organization"},"image":{"@id":"http:\/\/culturbaine.com\/index.php\/2023\/09\/17\/si-tellamo-gims-sort-son-clip-avec-le-colombien-maluma\/#primaryimage"},"thumbnailUrl":"https:\/\/culturbaine.com\/wp-content\/uploads\/2023\/09\/Screenshot_20230917-185048.jpg","keywords":["Gims","Maluma","Si tellano"],"articleSection":["Actualit\u00e9","Clip","Derni\u00e8res sorties","Rap"],"inLanguage":"fr-FR"},{"@type":"WebPage","@id":"http:\/\/culturbaine.com\/index.php\/2023\/09\/17\/si-tellamo-gims-sort-son-clip-avec-le-colombien-maluma\/","url":"http:\/\/culturbaine.com\/index.php\/2023\/09\/17\/si-tellamo-gims-sort-son-clip-avec-le-colombien-maluma\/","name":"Si Tellamo : Gims sort son clip avec le colombien Maluma ! - Culturbaine","isPartOf":{"@id":"https:\/\/culturbaine.com\/#website"},"primaryImageOfPage":{"@id":"http:\/\/culturbaine.com\/index.php\/2023\/09\/17\/si-tellamo-gims-sort-son-clip-avec-le-colombien-maluma\/#primaryimage"},"image":{"@id":"http:\/\/culturbaine.com\/index.php\/2023\/09\/17\/si-tellamo-gims-sort-son-clip-avec-le-colombien-maluma\/#primaryimage"},"thumbnailUrl":"https:\/\/culturbaine.com\/wp-content\/uploads\/2023\/09\/Screenshot_20230917-185048.jpg","datePublished":"2023-09-17T18:58:49+00:00","dateModified":"2023-09-17T22:12:08+00:00","breadcrumb":{"@id":"http:\/\/culturbaine.com\/index.php\/2023\/09\/17\/si-tellamo-gims-sort-son-clip-avec-le-colombien-maluma\/#breadcrumb"},"inLanguage":"fr-FR","potentialAction":[{"@type":"ReadAction","target":["http:\/\/culturbaine.com\/index.php\/2023\/09\/17\/si-tellamo-gims-sort-son-clip-avec-le-colombien-maluma\/"]}]},{"@type":"ImageObject","inLanguage":"fr-FR","@id":"http:\/\/culturbaine.com\/index.php\/2023\/09\/17\/si-tellamo-gims-sort-son-clip-avec-le-colombien-maluma\/#primaryimage","url":"https:\/\/culturbaine.com\/wp-content\/uploads\/2023\/09\/Screenshot_20230917-185048.jpg","contentUrl":"https:\/\/culturbaine.com\/wp-content\/uploads\/2023\/09\/Screenshot_20230917-185048.jpg","width":720,"height":386},{"@type":"BreadcrumbList","@id":"http:\/\/culturbaine.com\/index.php\/2023\/09\/17\/si-tellamo-gims-sort-son-clip-avec-le-colombien-maluma\/#breadcrumb","itemListElement":[{"@type":"ListItem","position":1,"name":"Home","item":"https:\/\/culturbaine.com\/"},{"@type":"ListItem","position":2,"name":"Si Tellamo : Gims sort son clip avec le colombien Maluma !"}]},{"@type":"WebSite","@id":"https:\/\/culturbaine.com\/#website","url":"https:\/\/culturbaine.com\/","name":"Culturbaine.com","description":"Toute l&#039;actualit\u00e9 des Cultures Urbaines, en un clic  !","publisher":{"@id":"https:\/\/culturbaine.com\/#organization"},"potentialAction":[{"@type":"SearchAction","target":{"@type":"EntryPoint","urlTemplate":"https:\/\/culturbaine.com\/?s={search_term_string}"},"query-input":{"@type":"PropertyValueSpecification","valueRequired":true,"valueName":"search_term_string"}}],"inLanguage":"fr-FR"},{"@type":"Organization","@id":"https:\/\/culturbaine.com\/#organization","name":"Culturbaine.com","url":"https:\/\/culturbaine.com\/","logo":{"@type":"ImageObject","inLanguage":"fr-FR","@id":"https:\/\/culturbaine.com\/#\/schema\/logo\/image\/","url":"https:\/\/culturbaine.com\/wp-content\/uploads\/2023\/07\/WhatsApp-Image-2023-07-17-at-14.38.18.jpeg","contentUrl":"https:\/\/culturbaine.com\/wp-content\/uploads\/2023\/07\/WhatsApp-Image-2023-07-17-at-14.38.18.jpeg","width":855,"height":270,"caption":"Culturbaine.com"},"image":{"@id":"https:\/\/culturbaine.com\/#\/schema\/logo\/image\/"},"sameAs":["https:\/\/www.facebook.com\/Culturbaines","https:\/\/x.com\/culturbaines"]},{"@type":"Person","@id":"https:\/\/culturbaine.com\/#\/schema\/person\/42eb7485c572e0746c1ea6b8216c3814","name":"admin1","image":{"@type":"ImageObject","inLanguage":"fr-FR","@id":"https:\/\/culturbaine.com\/#\/schema\/person\/image\/","url":"https:\/\/secure.gravatar.com\/avatar\/c268f4d483ce0486e5a10fee87bbf756?s=96&d=mm&r=g","contentUrl":"https:\/\/secure.gravatar.com\/avatar\/c268f4d483ce0486e5a10fee87bbf756?s=96&d=mm&r=g","caption":"admin1"},"url":"https:\/\/culturbaine.com\/index.php\/author\/admin1\/"}]}},"_links":{"self":[{"href":"https:\/\/culturbaine.com\/index.php\/wp-json\/wp\/v2\/posts\/1381"}],"collection":[{"href":"https:\/\/culturbaine.com\/index.php\/wp-json\/wp\/v2\/posts"}],"about":[{"href":"https:\/\/culturbaine.com\/index.php\/wp-json\/wp\/v2\/types\/post"}],"author":[{"embeddable":true,"href":"https:\/\/culturbaine.com\/index.php\/wp-json\/wp\/v2\/users\/2"}],"replies":[{"embeddable":true,"href":"https:\/\/culturbaine.com\/index.php\/wp-json\/wp\/v2\/comments?post=1381"}],"version-history":[{"count":0,"href":"https:\/\/culturbaine.com\/index.php\/wp-json\/wp\/v2\/posts\/1381\/revisions"}],"wp:featuredmedia":[{"embeddable":true,"href":"https:\/\/culturbaine.com\/index.php\/wp-json\/wp\/v2\/media\/1383"}],"wp:attachment":[{"href":"https:\/\/culturbaine.com\/index.php\/wp-json\/wp\/v2\/media?parent=1381"}],"wp:term":[{"taxonomy":"category","embeddable":true,"href":"https:\/\/culturbaine.com\/index.php\/wp-json\/wp\/v2\/categories?post=1381"},{"taxonomy":"post_tag","embeddable":true,"href":"https:\/\/culturbaine.com\/index.php\/wp-json\/wp\/v2\/tags?post=1381"}],"curies":[{"name":"wp","href":"https:\/\/api.w.org\/{rel}","templated":true}]}}