{"id":13785,"date":"2026-04-28T09:13:46","date_gmt":"2026-04-28T09:13:46","guid":{"rendered":"https:\/\/culturbaine.com\/?p=13785"},"modified":"2026-04-28T10:16:33","modified_gmt":"2026-04-28T10:16:33","slug":"conakrire-saison-4-le-slameur-de-lombre-la-surprise-qui-va-marquer-la-scene","status":"publish","type":"post","link":"https:\/\/culturbaine.com\/index.php\/2026\/04\/28\/conakrire-saison-4-le-slameur-de-lombre-la-surprise-qui-va-marquer-la-scene\/","title":{"rendered":"Conak\u2019Rire Saison 4 : Le Slameur de l\u2019Ombre, la surprise qui va marquer la sc\u00e8ne"},"content":{"rendered":"<p>Le 7 mai prochain, le rire sera \u00e0 l\u2019honneur au Palais du Peuple \u00e0 l\u2019occasion de la 4\u1d49 saison de <strong>Conak&rsquo;Rire<\/strong>. Ce festival de rire, organis\u00e9 par <strong>Origin\u2019Art<\/strong>, promet une soir\u00e9e riche en \u00e9motions et en divertissement.<\/p>\n<p>Au-del\u00e0 des humoristes qui feront vibrer le public guin\u00e9en, le slam viendra \u00e9galement apporter une touche particuli\u00e8re au spectacle. Pour cette \u00e9dition, <strong>Bademba Barry<\/strong>, plus connu sous le nom de <strong>Slameur de l\u2019Ombre,<\/strong> figure parmi les invit\u00e9s de la soir\u00e9e.<\/p>\n<p>Auteur de plusieurs ouvrages et albums de slam, il s\u2019impose comme un passionn\u00e9 des mots, toujours en qu\u00eate de d\u00e9passement. Son univers artistique, \u00e0 la fois profond et engag\u00e9, continue de marquer les esprits.<\/p>\n<p><img loading=\"lazy\" decoding=\"async\" class=\"aligncenter size-full wp-image-13789\" src=\"https:\/\/culturbaine.com\/wp-content\/uploads\/2026\/04\/1777112017292.jpg\" alt=\"\" width=\"686\" height=\"900\" srcset=\"https:\/\/culturbaine.com\/wp-content\/uploads\/2026\/04\/1777112017292.jpg 686w, https:\/\/culturbaine.com\/wp-content\/uploads\/2026\/04\/1777112017292-229x300.jpg 229w\" sizes=\"(max-width: 686px) 100vw, 686px\" \/><\/p>\n<p>Le public est donc invit\u00e9 \u00e0 ne pas manquer ce rendez-vous exceptionnel, o\u00f9 il partagera la sc\u00e8ne avec des figures incontournables de l\u2019humour guin\u00e9en, notamment <strong>Sow Pedro, Lass &amp; Kabakoudou, Danger le com\u00e9dien<\/strong>, entre autres.<\/p>\n<p><img loading=\"lazy\" decoding=\"async\" class=\"aligncenter size-full wp-image-13788\" src=\"https:\/\/culturbaine.com\/wp-content\/uploads\/2026\/04\/1777365487451.jpg\" alt=\"\" width=\"686\" height=\"900\" srcset=\"https:\/\/culturbaine.com\/wp-content\/uploads\/2026\/04\/1777365487451.jpg 686w, https:\/\/culturbaine.com\/wp-content\/uploads\/2026\/04\/1777365487451-229x300.jpg 229w\" sizes=\"(max-width: 686px) 100vw, 686px\" \/><\/p>\n<p><strong>Mohamed Cinq Sylla\u00a0<\/strong><\/p>\n","protected":false},"excerpt":{"rendered":"<p>Le 7 mai prochain, le rire sera \u00e0 l\u2019honneur au Palais du Peuple \u00e0 l\u2019occasion de la 4\u1d49 saison de Conak&rsquo;Rire. Ce festival de rire, organis\u00e9 par Origin\u2019Art, promet une soir\u00e9e riche en \u00e9motions et en divertissement. Au-del\u00e0 des humoristes qui feront vibrer le public guin\u00e9en, le slam viendra \u00e9galement apporter une touche particuli\u00e8re au [&hellip;]<\/p>\n","protected":false},"author":2,"featured_media":13787,"comment_status":"closed","ping_status":"closed","sticky":false,"template":"","format":"standard","meta":{"_mi_skip_tracking":false,"_monsterinsights_sitenote_active":false,"_monsterinsights_sitenote_note":"","_monsterinsights_sitenote_category":0,"footnotes":""},"categories":[21,33,2387,2386],"tags":[4499,4500],"class_list":["post-13785","post","type-post","status-publish","format-standard","has-post-thumbnail","hentry","category-actualite","category-agenda","category-festival","category-slam","tag-conakrire-saison-4-le-slameur-de-lombre","tag-la-surprise-qui-va-marquer-la-scene"],"yoast_head":"<!-- This site is optimized with the Yoast SEO Premium plugin v20.1 (Yoast SEO v24.0) - https:\/\/yoast.com\/wordpress\/plugins\/seo\/ -->\n<title>Conak\u2019Rire Saison 4 : Le Slameur de l\u2019Ombre, la surprise qui va marquer la sc\u00e8ne - Culturbaine<\/title>\n<meta name=\"robots\" content=\"index, follow, max-snippet:-1, max-image-preview:large, max-video-preview:-1\" \/>\n<link rel=\"canonical\" href=\"https:\/\/culturbaine.com\/index.php\/2026\/04\/28\/conakrire-saison-4-le-slameur-de-lombre-la-surprise-qui-va-marquer-la-scene\/\" \/>\n<meta property=\"og:locale\" content=\"fr_FR\" \/>\n<meta property=\"og:type\" content=\"article\" \/>\n<meta property=\"og:title\" content=\"Conak\u2019Rire Saison 4 : Le Slameur de l\u2019Ombre, la surprise qui va marquer la sc\u00e8ne\" \/>\n<meta property=\"og:description\" content=\"Le 7 mai prochain, le rire sera \u00e0 l\u2019honneur au Palais du Peuple \u00e0 l\u2019occasion de la 4\u1d49 saison de Conak&rsquo;Rire. Ce festival de rire, organis\u00e9 par Origin\u2019Art, promet une soir\u00e9e riche en \u00e9motions et en divertissement. Au-del\u00e0 des humoristes qui feront vibrer le public guin\u00e9en, le slam viendra \u00e9galement apporter une touche particuli\u00e8re au [&hellip;]\" \/>\n<meta property=\"og:url\" content=\"https:\/\/culturbaine.com\/index.php\/2026\/04\/28\/conakrire-saison-4-le-slameur-de-lombre-la-surprise-qui-va-marquer-la-scene\/\" \/>\n<meta property=\"og:site_name\" content=\"Culturbaine\" \/>\n<meta property=\"article:publisher\" content=\"https:\/\/www.facebook.com\/Culturbaines\" \/>\n<meta property=\"article:published_time\" content=\"2026-04-28T09:13:46+00:00\" \/>\n<meta property=\"article:modified_time\" content=\"2026-04-28T10:16:33+00:00\" \/>\n<meta property=\"og:image\" content=\"https:\/\/culturbaine.com\/wp-content\/uploads\/2026\/04\/17773670741432.jpg\" \/>\n\t<meta property=\"og:image:width\" content=\"715\" \/>\n\t<meta property=\"og:image:height\" content=\"533\" \/>\n\t<meta property=\"og:image:type\" content=\"image\/jpeg\" \/>\n<meta name=\"author\" content=\"admin1\" \/>\n<meta name=\"twitter:card\" content=\"summary_large_image\" \/>\n<meta name=\"twitter:creator\" content=\"@culturbaines\" \/>\n<meta name=\"twitter:site\" content=\"@culturbaines\" \/>\n<meta name=\"twitter:label1\" content=\"\u00c9crit par\" \/>\n\t<meta name=\"twitter:data1\" content=\"admin1\" \/>\n\t<meta name=\"twitter:label2\" content=\"Dur\u00e9e de lecture estim\u00e9e\" \/>\n\t<meta name=\"twitter:data2\" content=\"2 minutes\" \/>\n<script type=\"application\/ld+json\" class=\"yoast-schema-graph\">{\"@context\":\"https:\/\/schema.org\",\"@graph\":[{\"@type\":\"Article\",\"@id\":\"https:\/\/culturbaine.com\/index.php\/2026\/04\/28\/conakrire-saison-4-le-slameur-de-lombre-la-surprise-qui-va-marquer-la-scene\/#article\",\"isPartOf\":{\"@id\":\"https:\/\/culturbaine.com\/index.php\/2026\/04\/28\/conakrire-saison-4-le-slameur-de-lombre-la-surprise-qui-va-marquer-la-scene\/\"},\"author\":{\"name\":\"admin1\",\"@id\":\"https:\/\/culturbaine.com\/#\/schema\/person\/42eb7485c572e0746c1ea6b8216c3814\"},\"headline\":\"Conak\u2019Rire Saison 4 : Le Slameur de l\u2019Ombre, la surprise qui va marquer la sc\u00e8ne\",\"datePublished\":\"2026-04-28T09:13:46+00:00\",\"dateModified\":\"2026-04-28T10:16:33+00:00\",\"mainEntityOfPage\":{\"@id\":\"https:\/\/culturbaine.com\/index.php\/2026\/04\/28\/conakrire-saison-4-le-slameur-de-lombre-la-surprise-qui-va-marquer-la-scene\/\"},\"wordCount\":176,\"publisher\":{\"@id\":\"https:\/\/culturbaine.com\/#organization\"},\"image\":{\"@id\":\"https:\/\/culturbaine.com\/index.php\/2026\/04\/28\/conakrire-saison-4-le-slameur-de-lombre-la-surprise-qui-va-marquer-la-scene\/#primaryimage\"},\"thumbnailUrl\":\"https:\/\/culturbaine.com\/wp-content\/uploads\/2026\/04\/17773670741432.jpg\",\"keywords\":[\"Conak\u2019Rire Saison 4 : Le Slameur de l\u2019Ombre\",\"la surprise qui va marquer la sc\u00e8ne\"],\"articleSection\":[\"Actualit\u00e9\",\"Agenda\",\"Festival\",\"Slam\"],\"inLanguage\":\"fr-FR\"},{\"@type\":\"WebPage\",\"@id\":\"https:\/\/culturbaine.com\/index.php\/2026\/04\/28\/conakrire-saison-4-le-slameur-de-lombre-la-surprise-qui-va-marquer-la-scene\/\",\"url\":\"https:\/\/culturbaine.com\/index.php\/2026\/04\/28\/conakrire-saison-4-le-slameur-de-lombre-la-surprise-qui-va-marquer-la-scene\/\",\"name\":\"Conak\u2019Rire Saison 4 : Le Slameur de l\u2019Ombre, la surprise qui va marquer la sc\u00e8ne - Culturbaine\",\"isPartOf\":{\"@id\":\"https:\/\/culturbaine.com\/#website\"},\"primaryImageOfPage\":{\"@id\":\"https:\/\/culturbaine.com\/index.php\/2026\/04\/28\/conakrire-saison-4-le-slameur-de-lombre-la-surprise-qui-va-marquer-la-scene\/#primaryimage\"},\"image\":{\"@id\":\"https:\/\/culturbaine.com\/index.php\/2026\/04\/28\/conakrire-saison-4-le-slameur-de-lombre-la-surprise-qui-va-marquer-la-scene\/#primaryimage\"},\"thumbnailUrl\":\"https:\/\/culturbaine.com\/wp-content\/uploads\/2026\/04\/17773670741432.jpg\",\"datePublished\":\"2026-04-28T09:13:46+00:00\",\"dateModified\":\"2026-04-28T10:16:33+00:00\",\"breadcrumb\":{\"@id\":\"https:\/\/culturbaine.com\/index.php\/2026\/04\/28\/conakrire-saison-4-le-slameur-de-lombre-la-surprise-qui-va-marquer-la-scene\/#breadcrumb\"},\"inLanguage\":\"fr-FR\",\"potentialAction\":[{\"@type\":\"ReadAction\",\"target\":[\"https:\/\/culturbaine.com\/index.php\/2026\/04\/28\/conakrire-saison-4-le-slameur-de-lombre-la-surprise-qui-va-marquer-la-scene\/\"]}]},{\"@type\":\"ImageObject\",\"inLanguage\":\"fr-FR\",\"@id\":\"https:\/\/culturbaine.com\/index.php\/2026\/04\/28\/conakrire-saison-4-le-slameur-de-lombre-la-surprise-qui-va-marquer-la-scene\/#primaryimage\",\"url\":\"https:\/\/culturbaine.com\/wp-content\/uploads\/2026\/04\/17773670741432.jpg\",\"contentUrl\":\"https:\/\/culturbaine.com\/wp-content\/uploads\/2026\/04\/17773670741432.jpg\",\"width\":715,\"height\":533},{\"@type\":\"BreadcrumbList\",\"@id\":\"https:\/\/culturbaine.com\/index.php\/2026\/04\/28\/conakrire-saison-4-le-slameur-de-lombre-la-surprise-qui-va-marquer-la-scene\/#breadcrumb\",\"itemListElement\":[{\"@type\":\"ListItem\",\"position\":1,\"name\":\"Home\",\"item\":\"https:\/\/culturbaine.com\/\"},{\"@type\":\"ListItem\",\"position\":2,\"name\":\"Conak\u2019Rire Saison 4 : Le Slameur de l\u2019Ombre, la surprise qui va marquer la sc\u00e8ne\"}]},{\"@type\":\"WebSite\",\"@id\":\"https:\/\/culturbaine.com\/#website\",\"url\":\"https:\/\/culturbaine.com\/\",\"name\":\"Culturbaine.com\",\"description\":\"Toute l&#039;actualit\u00e9 des Cultures Urbaines, en un clic  !\",\"publisher\":{\"@id\":\"https:\/\/culturbaine.com\/#organization\"},\"potentialAction\":[{\"@type\":\"SearchAction\",\"target\":{\"@type\":\"EntryPoint\",\"urlTemplate\":\"https:\/\/culturbaine.com\/?s={search_term_string}\"},\"query-input\":{\"@type\":\"PropertyValueSpecification\",\"valueRequired\":true,\"valueName\":\"search_term_string\"}}],\"inLanguage\":\"fr-FR\"},{\"@type\":\"Organization\",\"@id\":\"https:\/\/culturbaine.com\/#organization\",\"name\":\"Culturbaine.com\",\"url\":\"https:\/\/culturbaine.com\/\",\"logo\":{\"@type\":\"ImageObject\",\"inLanguage\":\"fr-FR\",\"@id\":\"https:\/\/culturbaine.com\/#\/schema\/logo\/image\/\",\"url\":\"https:\/\/culturbaine.com\/wp-content\/uploads\/2023\/07\/WhatsApp-Image-2023-07-17-at-14.38.18.jpeg\",\"contentUrl\":\"https:\/\/culturbaine.com\/wp-content\/uploads\/2023\/07\/WhatsApp-Image-2023-07-17-at-14.38.18.jpeg\",\"width\":855,\"height\":270,\"caption\":\"Culturbaine.com\"},\"image\":{\"@id\":\"https:\/\/culturbaine.com\/#\/schema\/logo\/image\/\"},\"sameAs\":[\"https:\/\/www.facebook.com\/Culturbaines\",\"https:\/\/x.com\/culturbaines\"]},{\"@type\":\"Person\",\"@id\":\"https:\/\/culturbaine.com\/#\/schema\/person\/42eb7485c572e0746c1ea6b8216c3814\",\"name\":\"admin1\",\"image\":{\"@type\":\"ImageObject\",\"inLanguage\":\"fr-FR\",\"@id\":\"https:\/\/culturbaine.com\/#\/schema\/person\/image\/\",\"url\":\"https:\/\/secure.gravatar.com\/avatar\/c268f4d483ce0486e5a10fee87bbf756?s=96&d=mm&r=g\",\"contentUrl\":\"https:\/\/secure.gravatar.com\/avatar\/c268f4d483ce0486e5a10fee87bbf756?s=96&d=mm&r=g\",\"caption\":\"admin1\"},\"url\":\"https:\/\/culturbaine.com\/index.php\/author\/admin1\/\"}]}<\/script>\n<!-- \/ Yoast SEO Premium plugin. -->","yoast_head_json":{"title":"Conak\u2019Rire Saison 4 : Le Slameur de l\u2019Ombre, la surprise qui va marquer la sc\u00e8ne - Culturbaine","robots":{"index":"index","follow":"follow","max-snippet":"max-snippet:-1","max-image-preview":"max-image-preview:large","max-video-preview":"max-video-preview:-1"},"canonical":"https:\/\/culturbaine.com\/index.php\/2026\/04\/28\/conakrire-saison-4-le-slameur-de-lombre-la-surprise-qui-va-marquer-la-scene\/","og_locale":"fr_FR","og_type":"article","og_title":"Conak\u2019Rire Saison 4 : Le Slameur de l\u2019Ombre, la surprise qui va marquer la sc\u00e8ne","og_description":"Le 7 mai prochain, le rire sera \u00e0 l\u2019honneur au Palais du Peuple \u00e0 l\u2019occasion de la 4\u1d49 saison de Conak&rsquo;Rire. Ce festival de rire, organis\u00e9 par Origin\u2019Art, promet une soir\u00e9e riche en \u00e9motions et en divertissement. Au-del\u00e0 des humoristes qui feront vibrer le public guin\u00e9en, le slam viendra \u00e9galement apporter une touche particuli\u00e8re au [&hellip;]","og_url":"https:\/\/culturbaine.com\/index.php\/2026\/04\/28\/conakrire-saison-4-le-slameur-de-lombre-la-surprise-qui-va-marquer-la-scene\/","og_site_name":"Culturbaine","article_publisher":"https:\/\/www.facebook.com\/Culturbaines","article_published_time":"2026-04-28T09:13:46+00:00","article_modified_time":"2026-04-28T10:16:33+00:00","og_image":[{"width":715,"height":533,"url":"https:\/\/culturbaine.com\/wp-content\/uploads\/2026\/04\/17773670741432.jpg","type":"image\/jpeg"}],"author":"admin1","twitter_card":"summary_large_image","twitter_creator":"@culturbaines","twitter_site":"@culturbaines","twitter_misc":{"\u00c9crit par":"admin1","Dur\u00e9e de lecture estim\u00e9e":"2 minutes"},"schema":{"@context":"https:\/\/schema.org","@graph":[{"@type":"Article","@id":"https:\/\/culturbaine.com\/index.php\/2026\/04\/28\/conakrire-saison-4-le-slameur-de-lombre-la-surprise-qui-va-marquer-la-scene\/#article","isPartOf":{"@id":"https:\/\/culturbaine.com\/index.php\/2026\/04\/28\/conakrire-saison-4-le-slameur-de-lombre-la-surprise-qui-va-marquer-la-scene\/"},"author":{"name":"admin1","@id":"https:\/\/culturbaine.com\/#\/schema\/person\/42eb7485c572e0746c1ea6b8216c3814"},"headline":"Conak\u2019Rire Saison 4 : Le Slameur de l\u2019Ombre, la surprise qui va marquer la sc\u00e8ne","datePublished":"2026-04-28T09:13:46+00:00","dateModified":"2026-04-28T10:16:33+00:00","mainEntityOfPage":{"@id":"https:\/\/culturbaine.com\/index.php\/2026\/04\/28\/conakrire-saison-4-le-slameur-de-lombre-la-surprise-qui-va-marquer-la-scene\/"},"wordCount":176,"publisher":{"@id":"https:\/\/culturbaine.com\/#organization"},"image":{"@id":"https:\/\/culturbaine.com\/index.php\/2026\/04\/28\/conakrire-saison-4-le-slameur-de-lombre-la-surprise-qui-va-marquer-la-scene\/#primaryimage"},"thumbnailUrl":"https:\/\/culturbaine.com\/wp-content\/uploads\/2026\/04\/17773670741432.jpg","keywords":["Conak\u2019Rire Saison 4 : Le Slameur de l\u2019Ombre","la surprise qui va marquer la sc\u00e8ne"],"articleSection":["Actualit\u00e9","Agenda","Festival","Slam"],"inLanguage":"fr-FR"},{"@type":"WebPage","@id":"https:\/\/culturbaine.com\/index.php\/2026\/04\/28\/conakrire-saison-4-le-slameur-de-lombre-la-surprise-qui-va-marquer-la-scene\/","url":"https:\/\/culturbaine.com\/index.php\/2026\/04\/28\/conakrire-saison-4-le-slameur-de-lombre-la-surprise-qui-va-marquer-la-scene\/","name":"Conak\u2019Rire Saison 4 : Le Slameur de l\u2019Ombre, la surprise qui va marquer la sc\u00e8ne - Culturbaine","isPartOf":{"@id":"https:\/\/culturbaine.com\/#website"},"primaryImageOfPage":{"@id":"https:\/\/culturbaine.com\/index.php\/2026\/04\/28\/conakrire-saison-4-le-slameur-de-lombre-la-surprise-qui-va-marquer-la-scene\/#primaryimage"},"image":{"@id":"https:\/\/culturbaine.com\/index.php\/2026\/04\/28\/conakrire-saison-4-le-slameur-de-lombre-la-surprise-qui-va-marquer-la-scene\/#primaryimage"},"thumbnailUrl":"https:\/\/culturbaine.com\/wp-content\/uploads\/2026\/04\/17773670741432.jpg","datePublished":"2026-04-28T09:13:46+00:00","dateModified":"2026-04-28T10:16:33+00:00","breadcrumb":{"@id":"https:\/\/culturbaine.com\/index.php\/2026\/04\/28\/conakrire-saison-4-le-slameur-de-lombre-la-surprise-qui-va-marquer-la-scene\/#breadcrumb"},"inLanguage":"fr-FR","potentialAction":[{"@type":"ReadAction","target":["https:\/\/culturbaine.com\/index.php\/2026\/04\/28\/conakrire-saison-4-le-slameur-de-lombre-la-surprise-qui-va-marquer-la-scene\/"]}]},{"@type":"ImageObject","inLanguage":"fr-FR","@id":"https:\/\/culturbaine.com\/index.php\/2026\/04\/28\/conakrire-saison-4-le-slameur-de-lombre-la-surprise-qui-va-marquer-la-scene\/#primaryimage","url":"https:\/\/culturbaine.com\/wp-content\/uploads\/2026\/04\/17773670741432.jpg","contentUrl":"https:\/\/culturbaine.com\/wp-content\/uploads\/2026\/04\/17773670741432.jpg","width":715,"height":533},{"@type":"BreadcrumbList","@id":"https:\/\/culturbaine.com\/index.php\/2026\/04\/28\/conakrire-saison-4-le-slameur-de-lombre-la-surprise-qui-va-marquer-la-scene\/#breadcrumb","itemListElement":[{"@type":"ListItem","position":1,"name":"Home","item":"https:\/\/culturbaine.com\/"},{"@type":"ListItem","position":2,"name":"Conak\u2019Rire Saison 4 : Le Slameur de l\u2019Ombre, la surprise qui va marquer la sc\u00e8ne"}]},{"@type":"WebSite","@id":"https:\/\/culturbaine.com\/#website","url":"https:\/\/culturbaine.com\/","name":"Culturbaine.com","description":"Toute l&#039;actualit\u00e9 des Cultures Urbaines, en un clic  !","publisher":{"@id":"https:\/\/culturbaine.com\/#organization"},"potentialAction":[{"@type":"SearchAction","target":{"@type":"EntryPoint","urlTemplate":"https:\/\/culturbaine.com\/?s={search_term_string}"},"query-input":{"@type":"PropertyValueSpecification","valueRequired":true,"valueName":"search_term_string"}}],"inLanguage":"fr-FR"},{"@type":"Organization","@id":"https:\/\/culturbaine.com\/#organization","name":"Culturbaine.com","url":"https:\/\/culturbaine.com\/","logo":{"@type":"ImageObject","inLanguage":"fr-FR","@id":"https:\/\/culturbaine.com\/#\/schema\/logo\/image\/","url":"https:\/\/culturbaine.com\/wp-content\/uploads\/2023\/07\/WhatsApp-Image-2023-07-17-at-14.38.18.jpeg","contentUrl":"https:\/\/culturbaine.com\/wp-content\/uploads\/2023\/07\/WhatsApp-Image-2023-07-17-at-14.38.18.jpeg","width":855,"height":270,"caption":"Culturbaine.com"},"image":{"@id":"https:\/\/culturbaine.com\/#\/schema\/logo\/image\/"},"sameAs":["https:\/\/www.facebook.com\/Culturbaines","https:\/\/x.com\/culturbaines"]},{"@type":"Person","@id":"https:\/\/culturbaine.com\/#\/schema\/person\/42eb7485c572e0746c1ea6b8216c3814","name":"admin1","image":{"@type":"ImageObject","inLanguage":"fr-FR","@id":"https:\/\/culturbaine.com\/#\/schema\/person\/image\/","url":"https:\/\/secure.gravatar.com\/avatar\/c268f4d483ce0486e5a10fee87bbf756?s=96&d=mm&r=g","contentUrl":"https:\/\/secure.gravatar.com\/avatar\/c268f4d483ce0486e5a10fee87bbf756?s=96&d=mm&r=g","caption":"admin1"},"url":"https:\/\/culturbaine.com\/index.php\/author\/admin1\/"}]}},"_links":{"self":[{"href":"https:\/\/culturbaine.com\/index.php\/wp-json\/wp\/v2\/posts\/13785"}],"collection":[{"href":"https:\/\/culturbaine.com\/index.php\/wp-json\/wp\/v2\/posts"}],"about":[{"href":"https:\/\/culturbaine.com\/index.php\/wp-json\/wp\/v2\/types\/post"}],"author":[{"embeddable":true,"href":"https:\/\/culturbaine.com\/index.php\/wp-json\/wp\/v2\/users\/2"}],"replies":[{"embeddable":true,"href":"https:\/\/culturbaine.com\/index.php\/wp-json\/wp\/v2\/comments?post=13785"}],"version-history":[{"count":3,"href":"https:\/\/culturbaine.com\/index.php\/wp-json\/wp\/v2\/posts\/13785\/revisions"}],"predecessor-version":[{"id":13792,"href":"https:\/\/culturbaine.com\/index.php\/wp-json\/wp\/v2\/posts\/13785\/revisions\/13792"}],"wp:featuredmedia":[{"embeddable":true,"href":"https:\/\/culturbaine.com\/index.php\/wp-json\/wp\/v2\/media\/13787"}],"wp:attachment":[{"href":"https:\/\/culturbaine.com\/index.php\/wp-json\/wp\/v2\/media?parent=13785"}],"wp:term":[{"taxonomy":"category","embeddable":true,"href":"https:\/\/culturbaine.com\/index.php\/wp-json\/wp\/v2\/categories?post=13785"},{"taxonomy":"post_tag","embeddable":true,"href":"https:\/\/culturbaine.com\/index.php\/wp-json\/wp\/v2\/tags?post=13785"}],"curies":[{"name":"wp","href":"https:\/\/api.w.org\/{rel}","templated":true}]}}