{"id":13780,"date":"2026-04-27T18:32:57","date_gmt":"2026-04-27T18:32:57","guid":{"rendered":"https:\/\/culturbaine.com\/?p=13780"},"modified":"2026-04-27T18:34:37","modified_gmt":"2026-04-27T18:34:37","slug":"face-a-la-camera-tidjo-allume-le-melangeur-je-ne-le-valide-pas","status":"publish","type":"post","link":"https:\/\/culturbaine.com\/index.php\/2026\/04\/27\/face-a-la-camera-tidjo-allume-le-melangeur-je-ne-le-valide-pas\/","title":{"rendered":"Face \u00e0 la cam\u00e9ra, Tidjo allume Le M\u00e9langeur : \u00ab Je ne le valide pas \u00bb"},"content":{"rendered":"<p>La sc\u00e8ne rap guin\u00e9enne continue de faire parler, et cette fois, c\u2019est <strong>Tidjo<\/strong> qui met le feu aux poudres. Consid\u00e9r\u00e9 comme l\u2019un des visages montants de la nouvelle g\u00e9n\u00e9ration, le jeune rappeur n\u2019a pas m\u00e2ch\u00e9 ses mots lors de son dernier passage le 13 d\u00e9cembre 2025 dans l\u2019\u00e9mission Cavi Tempo sur Cavi TV.<\/p>\n<p>Invit\u00e9 \u00e0 donner son avis sur <strong>Le<\/strong> <strong>M\u00e9langeur<\/strong>, l\u2019une des figures les plus en vue de la drill guin\u00e9enne ces derniers mois, <strong>Tidjo<\/strong> s\u2019est montr\u00e9 particuli\u00e8rement tranchant. Pourtant fra\u00eechement sacr\u00e9 \u201cmeilleur rappeur guin\u00e9en\u201d aux Victoires de la musique guin\u00e9enne 2025, M\u00e9langeur ne semble pas faire l\u2019unanimit\u00e9.<\/p>\n<p>Face aux cam\u00e9ras, <strong>Tidjo<\/strong> a clairement remis en question la l\u00e9gitimit\u00e9 de cette r\u00e9compense : <em><strong>\u00ab Moi je ne valide m\u00eame pas\u2026 je ne le valide m\u00eame pas d&rsquo;abord, \u00e0 plus forte raison valider son\u2026 \u00bb<\/strong><\/em><\/p>\n<p>Relanc\u00e9 sur les raisons de cette prise de position, il enfonce le clou sans d\u00e9tour : <em><strong>\u00ab Il ne m&rsquo;impressionne m\u00eame pas, il fait que dalle, voil\u00e0 je te jure\u2026 Parce qu&rsquo;il ne dit rien, voil\u00e0, il ne fait rien. Il ne fait pas de la musique\u00bb<\/strong><\/em><\/p>\n<p>Des propos cash qui risquent d\u2019alimenter les d\u00e9bats dans le milieu urbain. Entre clash assum\u00e9 et simple avis artistique, cette sortie de <strong>Tidjo<\/strong> pourrait bien relancer la discussion autour des crit\u00e8res de reconnaissance dans le rap guin\u00e9en, surtout \u00e0 une p\u00e9riode o\u00f9 la drill prend de plus en plus de place.<\/p>\n<p>Reste \u00e0 savoir si <strong>Le M\u00e9langeur<\/strong> r\u00e9agira \u00e0 ces d\u00e9clarations ou choisira de laisser parler la musique.<\/p>\n<p>Ci-dessous le lien dans cette vid\u00e9o \u00e0 partir de 29 min \u00e0 31 min<\/p>\n<p><iframe loading=\"lazy\" title=\"CAVI TEMPO DU 13 d\u00e9cembre 2025 AVEC TIDJO\" width=\"1170\" height=\"658\" src=\"https:\/\/www.youtube.com\/embed\/Cga7-3ycgvM?wmode=transparent&amp;rel=0&amp;feature=oembed\" frameborder=\"0\" allow=\"accelerometer; autoplay; clipboard-write; encrypted-media; gyroscope; picture-in-picture; web-share\" referrerpolicy=\"strict-origin-when-cross-origin\" allowfullscreen><\/iframe><\/p>\n<p><strong>Mohamed Cinq Sylla\u00a0<\/strong><\/p>\n","protected":false},"excerpt":{"rendered":"<p>La sc\u00e8ne rap guin\u00e9enne continue de faire parler, et cette fois, c\u2019est Tidjo qui met le feu aux poudres. Consid\u00e9r\u00e9 comme l\u2019un des visages montants de la nouvelle g\u00e9n\u00e9ration, le jeune rappeur n\u2019a pas m\u00e2ch\u00e9 ses mots lors de son dernier passage le 13 d\u00e9cembre 2025 dans l\u2019\u00e9mission Cavi Tempo sur Cavi TV. Invit\u00e9 \u00e0 [&hellip;]<\/p>\n","protected":false},"author":2,"featured_media":13782,"comment_status":"closed","ping_status":"closed","sticky":false,"template":"","format":"standard","meta":{"_mi_skip_tracking":false,"_monsterinsights_sitenote_active":false,"_monsterinsights_sitenote_note":"","_monsterinsights_sitenote_category":0,"footnotes":""},"categories":[21,4367,512],"tags":[4496,4497,4498],"class_list":["post-13780","post","type-post","status-publish","format-standard","has-post-thumbnail","hentry","category-actualite","category-clash","category-rap","tag-face-a-la-camera","tag-tidjo-allume-le-melangeur-je-ne-le-valide-pas","tag-tidjo-clash-le-melangeur"],"yoast_head":"<!-- This site is optimized with the Yoast SEO Premium plugin v20.1 (Yoast SEO v24.0) - https:\/\/yoast.com\/wordpress\/plugins\/seo\/ -->\n<title>Face \u00e0 la cam\u00e9ra, Tidjo allume Le M\u00e9langeur : \u00ab Je ne le valide pas \u00bb - Culturbaine<\/title>\n<meta name=\"robots\" content=\"index, follow, max-snippet:-1, max-image-preview:large, max-video-preview:-1\" \/>\n<link rel=\"canonical\" href=\"https:\/\/culturbaine.com\/index.php\/2026\/04\/27\/face-a-la-camera-tidjo-allume-le-melangeur-je-ne-le-valide-pas\/\" \/>\n<meta property=\"og:locale\" content=\"fr_FR\" \/>\n<meta property=\"og:type\" content=\"article\" \/>\n<meta property=\"og:title\" content=\"Face \u00e0 la cam\u00e9ra, Tidjo allume Le M\u00e9langeur : \u00ab Je ne le valide pas \u00bb\" \/>\n<meta property=\"og:description\" content=\"La sc\u00e8ne rap guin\u00e9enne continue de faire parler, et cette fois, c\u2019est Tidjo qui met le feu aux poudres. Consid\u00e9r\u00e9 comme l\u2019un des visages montants de la nouvelle g\u00e9n\u00e9ration, le jeune rappeur n\u2019a pas m\u00e2ch\u00e9 ses mots lors de son dernier passage le 13 d\u00e9cembre 2025 dans l\u2019\u00e9mission Cavi Tempo sur Cavi TV. Invit\u00e9 \u00e0 [&hellip;]\" \/>\n<meta property=\"og:url\" content=\"https:\/\/culturbaine.com\/index.php\/2026\/04\/27\/face-a-la-camera-tidjo-allume-le-melangeur-je-ne-le-valide-pas\/\" \/>\n<meta property=\"og:site_name\" content=\"Culturbaine\" \/>\n<meta property=\"article:publisher\" content=\"https:\/\/www.facebook.com\/Culturbaines\" \/>\n<meta property=\"article:published_time\" content=\"2026-04-27T18:32:57+00:00\" \/>\n<meta property=\"article:modified_time\" content=\"2026-04-27T18:34:37+00:00\" \/>\n<meta property=\"og:image\" content=\"https:\/\/culturbaine.com\/wp-content\/uploads\/2026\/04\/PhotoCollage_1777310858417-1.png\" \/>\n\t<meta property=\"og:image:width\" content=\"2160\" \/>\n\t<meta property=\"og:image:height\" content=\"1215\" \/>\n\t<meta property=\"og:image:type\" content=\"image\/png\" \/>\n<meta name=\"author\" content=\"admin1\" \/>\n<meta name=\"twitter:card\" content=\"summary_large_image\" \/>\n<meta name=\"twitter:creator\" content=\"@culturbaines\" \/>\n<meta name=\"twitter:site\" content=\"@culturbaines\" \/>\n<meta name=\"twitter:label1\" content=\"\u00c9crit par\" \/>\n\t<meta name=\"twitter:data1\" content=\"admin1\" \/>\n\t<meta name=\"twitter:label2\" content=\"Dur\u00e9e de lecture estim\u00e9e\" \/>\n\t<meta name=\"twitter:data2\" content=\"2 minutes\" \/>\n<script type=\"application\/ld+json\" class=\"yoast-schema-graph\">{\"@context\":\"https:\/\/schema.org\",\"@graph\":[{\"@type\":\"Article\",\"@id\":\"https:\/\/culturbaine.com\/index.php\/2026\/04\/27\/face-a-la-camera-tidjo-allume-le-melangeur-je-ne-le-valide-pas\/#article\",\"isPartOf\":{\"@id\":\"https:\/\/culturbaine.com\/index.php\/2026\/04\/27\/face-a-la-camera-tidjo-allume-le-melangeur-je-ne-le-valide-pas\/\"},\"author\":{\"name\":\"admin1\",\"@id\":\"https:\/\/culturbaine.com\/#\/schema\/person\/42eb7485c572e0746c1ea6b8216c3814\"},\"headline\":\"Face \u00e0 la cam\u00e9ra, Tidjo allume Le M\u00e9langeur : \u00ab Je ne le valide pas \u00bb\",\"datePublished\":\"2026-04-27T18:32:57+00:00\",\"dateModified\":\"2026-04-27T18:34:37+00:00\",\"mainEntityOfPage\":{\"@id\":\"https:\/\/culturbaine.com\/index.php\/2026\/04\/27\/face-a-la-camera-tidjo-allume-le-melangeur-je-ne-le-valide-pas\/\"},\"wordCount\":314,\"publisher\":{\"@id\":\"https:\/\/culturbaine.com\/#organization\"},\"image\":{\"@id\":\"https:\/\/culturbaine.com\/index.php\/2026\/04\/27\/face-a-la-camera-tidjo-allume-le-melangeur-je-ne-le-valide-pas\/#primaryimage\"},\"thumbnailUrl\":\"https:\/\/culturbaine.com\/wp-content\/uploads\/2026\/04\/PhotoCollage_1777310858417-1.png\",\"keywords\":[\"Face \u00e0 la cam\u00e9ra\",\"Tidjo allume Le M\u00e9langeur : \u00ab Je ne le valide pas \u00bb\",\"Tidjo clash Le M\u00e9langeur\"],\"articleSection\":[\"Actualit\u00e9\",\"Clash\",\"Rap\"],\"inLanguage\":\"fr-FR\"},{\"@type\":\"WebPage\",\"@id\":\"https:\/\/culturbaine.com\/index.php\/2026\/04\/27\/face-a-la-camera-tidjo-allume-le-melangeur-je-ne-le-valide-pas\/\",\"url\":\"https:\/\/culturbaine.com\/index.php\/2026\/04\/27\/face-a-la-camera-tidjo-allume-le-melangeur-je-ne-le-valide-pas\/\",\"name\":\"Face \u00e0 la cam\u00e9ra, Tidjo allume Le M\u00e9langeur : \u00ab Je ne le valide pas \u00bb - Culturbaine\",\"isPartOf\":{\"@id\":\"https:\/\/culturbaine.com\/#website\"},\"primaryImageOfPage\":{\"@id\":\"https:\/\/culturbaine.com\/index.php\/2026\/04\/27\/face-a-la-camera-tidjo-allume-le-melangeur-je-ne-le-valide-pas\/#primaryimage\"},\"image\":{\"@id\":\"https:\/\/culturbaine.com\/index.php\/2026\/04\/27\/face-a-la-camera-tidjo-allume-le-melangeur-je-ne-le-valide-pas\/#primaryimage\"},\"thumbnailUrl\":\"https:\/\/culturbaine.com\/wp-content\/uploads\/2026\/04\/PhotoCollage_1777310858417-1.png\",\"datePublished\":\"2026-04-27T18:32:57+00:00\",\"dateModified\":\"2026-04-27T18:34:37+00:00\",\"breadcrumb\":{\"@id\":\"https:\/\/culturbaine.com\/index.php\/2026\/04\/27\/face-a-la-camera-tidjo-allume-le-melangeur-je-ne-le-valide-pas\/#breadcrumb\"},\"inLanguage\":\"fr-FR\",\"potentialAction\":[{\"@type\":\"ReadAction\",\"target\":[\"https:\/\/culturbaine.com\/index.php\/2026\/04\/27\/face-a-la-camera-tidjo-allume-le-melangeur-je-ne-le-valide-pas\/\"]}]},{\"@type\":\"ImageObject\",\"inLanguage\":\"fr-FR\",\"@id\":\"https:\/\/culturbaine.com\/index.php\/2026\/04\/27\/face-a-la-camera-tidjo-allume-le-melangeur-je-ne-le-valide-pas\/#primaryimage\",\"url\":\"https:\/\/culturbaine.com\/wp-content\/uploads\/2026\/04\/PhotoCollage_1777310858417-1.png\",\"contentUrl\":\"https:\/\/culturbaine.com\/wp-content\/uploads\/2026\/04\/PhotoCollage_1777310858417-1.png\",\"width\":2160,\"height\":1215},{\"@type\":\"BreadcrumbList\",\"@id\":\"https:\/\/culturbaine.com\/index.php\/2026\/04\/27\/face-a-la-camera-tidjo-allume-le-melangeur-je-ne-le-valide-pas\/#breadcrumb\",\"itemListElement\":[{\"@type\":\"ListItem\",\"position\":1,\"name\":\"Home\",\"item\":\"https:\/\/culturbaine.com\/\"},{\"@type\":\"ListItem\",\"position\":2,\"name\":\"Face \u00e0 la cam\u00e9ra, Tidjo allume Le M\u00e9langeur : \u00ab Je ne le valide pas \u00bb\"}]},{\"@type\":\"WebSite\",\"@id\":\"https:\/\/culturbaine.com\/#website\",\"url\":\"https:\/\/culturbaine.com\/\",\"name\":\"Culturbaine.com\",\"description\":\"Toute l&#039;actualit\u00e9 des Cultures Urbaines, en un clic  !\",\"publisher\":{\"@id\":\"https:\/\/culturbaine.com\/#organization\"},\"potentialAction\":[{\"@type\":\"SearchAction\",\"target\":{\"@type\":\"EntryPoint\",\"urlTemplate\":\"https:\/\/culturbaine.com\/?s={search_term_string}\"},\"query-input\":{\"@type\":\"PropertyValueSpecification\",\"valueRequired\":true,\"valueName\":\"search_term_string\"}}],\"inLanguage\":\"fr-FR\"},{\"@type\":\"Organization\",\"@id\":\"https:\/\/culturbaine.com\/#organization\",\"name\":\"Culturbaine.com\",\"url\":\"https:\/\/culturbaine.com\/\",\"logo\":{\"@type\":\"ImageObject\",\"inLanguage\":\"fr-FR\",\"@id\":\"https:\/\/culturbaine.com\/#\/schema\/logo\/image\/\",\"url\":\"https:\/\/culturbaine.com\/wp-content\/uploads\/2023\/07\/WhatsApp-Image-2023-07-17-at-14.38.18.jpeg\",\"contentUrl\":\"https:\/\/culturbaine.com\/wp-content\/uploads\/2023\/07\/WhatsApp-Image-2023-07-17-at-14.38.18.jpeg\",\"width\":855,\"height\":270,\"caption\":\"Culturbaine.com\"},\"image\":{\"@id\":\"https:\/\/culturbaine.com\/#\/schema\/logo\/image\/\"},\"sameAs\":[\"https:\/\/www.facebook.com\/Culturbaines\",\"https:\/\/x.com\/culturbaines\"]},{\"@type\":\"Person\",\"@id\":\"https:\/\/culturbaine.com\/#\/schema\/person\/42eb7485c572e0746c1ea6b8216c3814\",\"name\":\"admin1\",\"image\":{\"@type\":\"ImageObject\",\"inLanguage\":\"fr-FR\",\"@id\":\"https:\/\/culturbaine.com\/#\/schema\/person\/image\/\",\"url\":\"https:\/\/secure.gravatar.com\/avatar\/c268f4d483ce0486e5a10fee87bbf756?s=96&d=mm&r=g\",\"contentUrl\":\"https:\/\/secure.gravatar.com\/avatar\/c268f4d483ce0486e5a10fee87bbf756?s=96&d=mm&r=g\",\"caption\":\"admin1\"},\"url\":\"https:\/\/culturbaine.com\/index.php\/author\/admin1\/\"}]}<\/script>\n<!-- \/ Yoast SEO Premium plugin. -->","yoast_head_json":{"title":"Face \u00e0 la cam\u00e9ra, Tidjo allume Le M\u00e9langeur : \u00ab Je ne le valide pas \u00bb - Culturbaine","robots":{"index":"index","follow":"follow","max-snippet":"max-snippet:-1","max-image-preview":"max-image-preview:large","max-video-preview":"max-video-preview:-1"},"canonical":"https:\/\/culturbaine.com\/index.php\/2026\/04\/27\/face-a-la-camera-tidjo-allume-le-melangeur-je-ne-le-valide-pas\/","og_locale":"fr_FR","og_type":"article","og_title":"Face \u00e0 la cam\u00e9ra, Tidjo allume Le M\u00e9langeur : \u00ab Je ne le valide pas \u00bb","og_description":"La sc\u00e8ne rap guin\u00e9enne continue de faire parler, et cette fois, c\u2019est Tidjo qui met le feu aux poudres. Consid\u00e9r\u00e9 comme l\u2019un des visages montants de la nouvelle g\u00e9n\u00e9ration, le jeune rappeur n\u2019a pas m\u00e2ch\u00e9 ses mots lors de son dernier passage le 13 d\u00e9cembre 2025 dans l\u2019\u00e9mission Cavi Tempo sur Cavi TV. Invit\u00e9 \u00e0 [&hellip;]","og_url":"https:\/\/culturbaine.com\/index.php\/2026\/04\/27\/face-a-la-camera-tidjo-allume-le-melangeur-je-ne-le-valide-pas\/","og_site_name":"Culturbaine","article_publisher":"https:\/\/www.facebook.com\/Culturbaines","article_published_time":"2026-04-27T18:32:57+00:00","article_modified_time":"2026-04-27T18:34:37+00:00","og_image":[{"width":2160,"height":1215,"url":"https:\/\/culturbaine.com\/wp-content\/uploads\/2026\/04\/PhotoCollage_1777310858417-1.png","type":"image\/png"}],"author":"admin1","twitter_card":"summary_large_image","twitter_creator":"@culturbaines","twitter_site":"@culturbaines","twitter_misc":{"\u00c9crit par":"admin1","Dur\u00e9e de lecture estim\u00e9e":"2 minutes"},"schema":{"@context":"https:\/\/schema.org","@graph":[{"@type":"Article","@id":"https:\/\/culturbaine.com\/index.php\/2026\/04\/27\/face-a-la-camera-tidjo-allume-le-melangeur-je-ne-le-valide-pas\/#article","isPartOf":{"@id":"https:\/\/culturbaine.com\/index.php\/2026\/04\/27\/face-a-la-camera-tidjo-allume-le-melangeur-je-ne-le-valide-pas\/"},"author":{"name":"admin1","@id":"https:\/\/culturbaine.com\/#\/schema\/person\/42eb7485c572e0746c1ea6b8216c3814"},"headline":"Face \u00e0 la cam\u00e9ra, Tidjo allume Le M\u00e9langeur : \u00ab Je ne le valide pas \u00bb","datePublished":"2026-04-27T18:32:57+00:00","dateModified":"2026-04-27T18:34:37+00:00","mainEntityOfPage":{"@id":"https:\/\/culturbaine.com\/index.php\/2026\/04\/27\/face-a-la-camera-tidjo-allume-le-melangeur-je-ne-le-valide-pas\/"},"wordCount":314,"publisher":{"@id":"https:\/\/culturbaine.com\/#organization"},"image":{"@id":"https:\/\/culturbaine.com\/index.php\/2026\/04\/27\/face-a-la-camera-tidjo-allume-le-melangeur-je-ne-le-valide-pas\/#primaryimage"},"thumbnailUrl":"https:\/\/culturbaine.com\/wp-content\/uploads\/2026\/04\/PhotoCollage_1777310858417-1.png","keywords":["Face \u00e0 la cam\u00e9ra","Tidjo allume Le M\u00e9langeur : \u00ab Je ne le valide pas \u00bb","Tidjo clash Le M\u00e9langeur"],"articleSection":["Actualit\u00e9","Clash","Rap"],"inLanguage":"fr-FR"},{"@type":"WebPage","@id":"https:\/\/culturbaine.com\/index.php\/2026\/04\/27\/face-a-la-camera-tidjo-allume-le-melangeur-je-ne-le-valide-pas\/","url":"https:\/\/culturbaine.com\/index.php\/2026\/04\/27\/face-a-la-camera-tidjo-allume-le-melangeur-je-ne-le-valide-pas\/","name":"Face \u00e0 la cam\u00e9ra, Tidjo allume Le M\u00e9langeur : \u00ab Je ne le valide pas \u00bb - Culturbaine","isPartOf":{"@id":"https:\/\/culturbaine.com\/#website"},"primaryImageOfPage":{"@id":"https:\/\/culturbaine.com\/index.php\/2026\/04\/27\/face-a-la-camera-tidjo-allume-le-melangeur-je-ne-le-valide-pas\/#primaryimage"},"image":{"@id":"https:\/\/culturbaine.com\/index.php\/2026\/04\/27\/face-a-la-camera-tidjo-allume-le-melangeur-je-ne-le-valide-pas\/#primaryimage"},"thumbnailUrl":"https:\/\/culturbaine.com\/wp-content\/uploads\/2026\/04\/PhotoCollage_1777310858417-1.png","datePublished":"2026-04-27T18:32:57+00:00","dateModified":"2026-04-27T18:34:37+00:00","breadcrumb":{"@id":"https:\/\/culturbaine.com\/index.php\/2026\/04\/27\/face-a-la-camera-tidjo-allume-le-melangeur-je-ne-le-valide-pas\/#breadcrumb"},"inLanguage":"fr-FR","potentialAction":[{"@type":"ReadAction","target":["https:\/\/culturbaine.com\/index.php\/2026\/04\/27\/face-a-la-camera-tidjo-allume-le-melangeur-je-ne-le-valide-pas\/"]}]},{"@type":"ImageObject","inLanguage":"fr-FR","@id":"https:\/\/culturbaine.com\/index.php\/2026\/04\/27\/face-a-la-camera-tidjo-allume-le-melangeur-je-ne-le-valide-pas\/#primaryimage","url":"https:\/\/culturbaine.com\/wp-content\/uploads\/2026\/04\/PhotoCollage_1777310858417-1.png","contentUrl":"https:\/\/culturbaine.com\/wp-content\/uploads\/2026\/04\/PhotoCollage_1777310858417-1.png","width":2160,"height":1215},{"@type":"BreadcrumbList","@id":"https:\/\/culturbaine.com\/index.php\/2026\/04\/27\/face-a-la-camera-tidjo-allume-le-melangeur-je-ne-le-valide-pas\/#breadcrumb","itemListElement":[{"@type":"ListItem","position":1,"name":"Home","item":"https:\/\/culturbaine.com\/"},{"@type":"ListItem","position":2,"name":"Face \u00e0 la cam\u00e9ra, Tidjo allume Le M\u00e9langeur : \u00ab Je ne le valide pas \u00bb"}]},{"@type":"WebSite","@id":"https:\/\/culturbaine.com\/#website","url":"https:\/\/culturbaine.com\/","name":"Culturbaine.com","description":"Toute l&#039;actualit\u00e9 des Cultures Urbaines, en un clic  !","publisher":{"@id":"https:\/\/culturbaine.com\/#organization"},"potentialAction":[{"@type":"SearchAction","target":{"@type":"EntryPoint","urlTemplate":"https:\/\/culturbaine.com\/?s={search_term_string}"},"query-input":{"@type":"PropertyValueSpecification","valueRequired":true,"valueName":"search_term_string"}}],"inLanguage":"fr-FR"},{"@type":"Organization","@id":"https:\/\/culturbaine.com\/#organization","name":"Culturbaine.com","url":"https:\/\/culturbaine.com\/","logo":{"@type":"ImageObject","inLanguage":"fr-FR","@id":"https:\/\/culturbaine.com\/#\/schema\/logo\/image\/","url":"https:\/\/culturbaine.com\/wp-content\/uploads\/2023\/07\/WhatsApp-Image-2023-07-17-at-14.38.18.jpeg","contentUrl":"https:\/\/culturbaine.com\/wp-content\/uploads\/2023\/07\/WhatsApp-Image-2023-07-17-at-14.38.18.jpeg","width":855,"height":270,"caption":"Culturbaine.com"},"image":{"@id":"https:\/\/culturbaine.com\/#\/schema\/logo\/image\/"},"sameAs":["https:\/\/www.facebook.com\/Culturbaines","https:\/\/x.com\/culturbaines"]},{"@type":"Person","@id":"https:\/\/culturbaine.com\/#\/schema\/person\/42eb7485c572e0746c1ea6b8216c3814","name":"admin1","image":{"@type":"ImageObject","inLanguage":"fr-FR","@id":"https:\/\/culturbaine.com\/#\/schema\/person\/image\/","url":"https:\/\/secure.gravatar.com\/avatar\/c268f4d483ce0486e5a10fee87bbf756?s=96&d=mm&r=g","contentUrl":"https:\/\/secure.gravatar.com\/avatar\/c268f4d483ce0486e5a10fee87bbf756?s=96&d=mm&r=g","caption":"admin1"},"url":"https:\/\/culturbaine.com\/index.php\/author\/admin1\/"}]}},"_links":{"self":[{"href":"https:\/\/culturbaine.com\/index.php\/wp-json\/wp\/v2\/posts\/13780"}],"collection":[{"href":"https:\/\/culturbaine.com\/index.php\/wp-json\/wp\/v2\/posts"}],"about":[{"href":"https:\/\/culturbaine.com\/index.php\/wp-json\/wp\/v2\/types\/post"}],"author":[{"embeddable":true,"href":"https:\/\/culturbaine.com\/index.php\/wp-json\/wp\/v2\/users\/2"}],"replies":[{"embeddable":true,"href":"https:\/\/culturbaine.com\/index.php\/wp-json\/wp\/v2\/comments?post=13780"}],"version-history":[{"count":0,"href":"https:\/\/culturbaine.com\/index.php\/wp-json\/wp\/v2\/posts\/13780\/revisions"}],"wp:featuredmedia":[{"embeddable":true,"href":"https:\/\/culturbaine.com\/index.php\/wp-json\/wp\/v2\/media\/13782"}],"wp:attachment":[{"href":"https:\/\/culturbaine.com\/index.php\/wp-json\/wp\/v2\/media?parent=13780"}],"wp:term":[{"taxonomy":"category","embeddable":true,"href":"https:\/\/culturbaine.com\/index.php\/wp-json\/wp\/v2\/categories?post=13780"},{"taxonomy":"post_tag","embeddable":true,"href":"https:\/\/culturbaine.com\/index.php\/wp-json\/wp\/v2\/tags?post=13780"}],"curies":[{"name":"wp","href":"https:\/\/api.w.org\/{rel}","templated":true}]}}