{"id":13767,"date":"2026-04-26T07:06:19","date_gmt":"2026-04-26T07:06:19","guid":{"rendered":"https:\/\/culturbaine.com\/?p=13767"},"modified":"2026-04-26T07:06:19","modified_gmt":"2026-04-26T07:06:19","slug":"banlieuzart-konko-malela-et-king-salamon-evacues-en-tunisie-pour-des-soins","status":"publish","type":"post","link":"https:\/\/culturbaine.com\/index.php\/2026\/04\/26\/banlieuzart-konko-malela-et-king-salamon-evacues-en-tunisie-pour-des-soins\/","title":{"rendered":"Banlieuz\u2019Art : Konko Malela et King Salamon \u00e9vacu\u00e9s en Tunisie pour des soins"},"content":{"rendered":"<p>La sant\u00e9 du duo embl\u00e9matique de <strong>Banlieuz&rsquo;Art, Konko Malela<\/strong> et <strong>King<\/strong> <strong>Salamon<\/strong>, suscitait de plus en plus d\u2019inqui\u00e9tudes ces derniers temps. Apr\u00e8s plusieurs alertes, les choses ont finalement boug\u00e9.<\/p>\n<p>Avec l\u2019appui de l\u2019\u00c9tat guin\u00e9en, \u00e0 travers le minist\u00e8re de la Culture via le BGDA, les deux artistes ont \u00e9t\u00e9 \u00e9vacu\u00e9s en Tunisie pour b\u00e9n\u00e9ficier de soins sp\u00e9cialis\u00e9s.<\/p>\n<p>D\u00e9j\u00e0 pr\u00e9sent sur place depuis quelques jours, <strong>King Salamon<\/strong> a \u00e9t\u00e9 rejoint hier soir par son bin\u00f4me <strong>Konko Malela<\/strong>, qui a quitt\u00e9 Conakry ce samedi soir pour le retrouver. L\u2019information a \u00e9t\u00e9 confirm\u00e9e par le BGDA.<\/p>\n<p>Selon les m\u00eames sources, les deux artistes sont d\u00e9sormais pris en charge int\u00e9gralement par l\u2019\u00c9tat, aussi bien pour leur traitement m\u00e9dical que pour leur s\u00e9jour.<\/p>\n<p>Une prise en charge salu\u00e9e dans le milieu culturel, o\u00f9 beaucoup esp\u00e8rent revoir rapidement les deux figures de la sc\u00e8ne urbaine guin\u00e9enne en pleine forme.<\/p>\n<p><strong>Mohamed Cinq Sylla\u00a0<\/strong><\/p>\n","protected":false},"excerpt":{"rendered":"<p>La sant\u00e9 du duo embl\u00e9matique de Banlieuz&rsquo;Art, Konko Malela et King Salamon, suscitait de plus en plus d\u2019inqui\u00e9tudes ces derniers temps. Apr\u00e8s plusieurs alertes, les choses ont finalement boug\u00e9. Avec l\u2019appui de l\u2019\u00c9tat guin\u00e9en, \u00e0 travers le minist\u00e8re de la Culture via le BGDA, les deux artistes ont \u00e9t\u00e9 \u00e9vacu\u00e9s en Tunisie pour b\u00e9n\u00e9ficier de [&hellip;]<\/p>\n","protected":false},"author":2,"featured_media":13769,"comment_status":"closed","ping_status":"closed","sticky":false,"template":"","format":"standard","meta":{"_mi_skip_tracking":false,"_monsterinsights_sitenote_active":false,"_monsterinsights_sitenote_note":"","_monsterinsights_sitenote_category":0,"footnotes":""},"categories":[21],"tags":[4493],"class_list":["post-13767","post","type-post","status-publish","format-standard","has-post-thumbnail","hentry","category-actualite","tag-banlieuzart-konko-malela-et-king-salamon-evacues-en-tunisie-pour-des-soins"],"yoast_head":"<!-- This site is optimized with the Yoast SEO Premium plugin v20.1 (Yoast SEO v24.0) - https:\/\/yoast.com\/wordpress\/plugins\/seo\/ -->\n<title>Banlieuz\u2019Art : Konko Malela et King Salamon \u00e9vacu\u00e9s en Tunisie pour des soins - Culturbaine<\/title>\n<meta name=\"robots\" content=\"index, follow, max-snippet:-1, max-image-preview:large, max-video-preview:-1\" \/>\n<link rel=\"canonical\" href=\"https:\/\/culturbaine.com\/index.php\/2026\/04\/26\/banlieuzart-konko-malela-et-king-salamon-evacues-en-tunisie-pour-des-soins\/\" \/>\n<meta property=\"og:locale\" content=\"fr_FR\" \/>\n<meta property=\"og:type\" content=\"article\" \/>\n<meta property=\"og:title\" content=\"Banlieuz\u2019Art : Konko Malela et King Salamon \u00e9vacu\u00e9s en Tunisie pour des soins\" \/>\n<meta property=\"og:description\" content=\"La sant\u00e9 du duo embl\u00e9matique de Banlieuz&rsquo;Art, Konko Malela et King Salamon, suscitait de plus en plus d\u2019inqui\u00e9tudes ces derniers temps. Apr\u00e8s plusieurs alertes, les choses ont finalement boug\u00e9. Avec l\u2019appui de l\u2019\u00c9tat guin\u00e9en, \u00e0 travers le minist\u00e8re de la Culture via le BGDA, les deux artistes ont \u00e9t\u00e9 \u00e9vacu\u00e9s en Tunisie pour b\u00e9n\u00e9ficier de [&hellip;]\" \/>\n<meta property=\"og:url\" content=\"https:\/\/culturbaine.com\/index.php\/2026\/04\/26\/banlieuzart-konko-malela-et-king-salamon-evacues-en-tunisie-pour-des-soins\/\" \/>\n<meta property=\"og:site_name\" content=\"Culturbaine\" \/>\n<meta property=\"article:publisher\" content=\"https:\/\/www.facebook.com\/Culturbaines\" \/>\n<meta property=\"article:published_time\" content=\"2026-04-26T07:06:19+00:00\" \/>\n<meta property=\"og:image\" content=\"https:\/\/culturbaine.com\/wp-content\/uploads\/2026\/04\/1777185860811.jpg\" \/>\n\t<meta property=\"og:image:width\" content=\"720\" \/>\n\t<meta property=\"og:image:height\" content=\"540\" \/>\n\t<meta property=\"og:image:type\" content=\"image\/jpeg\" \/>\n<meta name=\"author\" content=\"admin1\" \/>\n<meta name=\"twitter:card\" content=\"summary_large_image\" \/>\n<meta name=\"twitter:creator\" content=\"@culturbaines\" \/>\n<meta name=\"twitter:site\" content=\"@culturbaines\" \/>\n<meta name=\"twitter:label1\" content=\"\u00c9crit par\" \/>\n\t<meta name=\"twitter:data1\" content=\"admin1\" \/>\n\t<meta name=\"twitter:label2\" content=\"Dur\u00e9e de lecture estim\u00e9e\" \/>\n\t<meta name=\"twitter:data2\" content=\"1 minute\" \/>\n<script type=\"application\/ld+json\" class=\"yoast-schema-graph\">{\"@context\":\"https:\/\/schema.org\",\"@graph\":[{\"@type\":\"Article\",\"@id\":\"https:\/\/culturbaine.com\/index.php\/2026\/04\/26\/banlieuzart-konko-malela-et-king-salamon-evacues-en-tunisie-pour-des-soins\/#article\",\"isPartOf\":{\"@id\":\"https:\/\/culturbaine.com\/index.php\/2026\/04\/26\/banlieuzart-konko-malela-et-king-salamon-evacues-en-tunisie-pour-des-soins\/\"},\"author\":{\"name\":\"admin1\",\"@id\":\"https:\/\/culturbaine.com\/#\/schema\/person\/42eb7485c572e0746c1ea6b8216c3814\"},\"headline\":\"Banlieuz\u2019Art : Konko Malela et King Salamon \u00e9vacu\u00e9s en Tunisie pour des soins\",\"datePublished\":\"2026-04-26T07:06:19+00:00\",\"dateModified\":\"2026-04-26T07:06:19+00:00\",\"mainEntityOfPage\":{\"@id\":\"https:\/\/culturbaine.com\/index.php\/2026\/04\/26\/banlieuzart-konko-malela-et-king-salamon-evacues-en-tunisie-pour-des-soins\/\"},\"wordCount\":188,\"publisher\":{\"@id\":\"https:\/\/culturbaine.com\/#organization\"},\"image\":{\"@id\":\"https:\/\/culturbaine.com\/index.php\/2026\/04\/26\/banlieuzart-konko-malela-et-king-salamon-evacues-en-tunisie-pour-des-soins\/#primaryimage\"},\"thumbnailUrl\":\"https:\/\/culturbaine.com\/wp-content\/uploads\/2026\/04\/1777185860811.jpg\",\"keywords\":[\"Banlieuz\u2019Art : Konko Malela et King Salamon \u00e9vacu\u00e9s en Tunisie pour des soins\"],\"articleSection\":[\"Actualit\u00e9\"],\"inLanguage\":\"fr-FR\"},{\"@type\":\"WebPage\",\"@id\":\"https:\/\/culturbaine.com\/index.php\/2026\/04\/26\/banlieuzart-konko-malela-et-king-salamon-evacues-en-tunisie-pour-des-soins\/\",\"url\":\"https:\/\/culturbaine.com\/index.php\/2026\/04\/26\/banlieuzart-konko-malela-et-king-salamon-evacues-en-tunisie-pour-des-soins\/\",\"name\":\"Banlieuz\u2019Art : Konko Malela et King Salamon \u00e9vacu\u00e9s en Tunisie pour des soins - Culturbaine\",\"isPartOf\":{\"@id\":\"https:\/\/culturbaine.com\/#website\"},\"primaryImageOfPage\":{\"@id\":\"https:\/\/culturbaine.com\/index.php\/2026\/04\/26\/banlieuzart-konko-malela-et-king-salamon-evacues-en-tunisie-pour-des-soins\/#primaryimage\"},\"image\":{\"@id\":\"https:\/\/culturbaine.com\/index.php\/2026\/04\/26\/banlieuzart-konko-malela-et-king-salamon-evacues-en-tunisie-pour-des-soins\/#primaryimage\"},\"thumbnailUrl\":\"https:\/\/culturbaine.com\/wp-content\/uploads\/2026\/04\/1777185860811.jpg\",\"datePublished\":\"2026-04-26T07:06:19+00:00\",\"dateModified\":\"2026-04-26T07:06:19+00:00\",\"breadcrumb\":{\"@id\":\"https:\/\/culturbaine.com\/index.php\/2026\/04\/26\/banlieuzart-konko-malela-et-king-salamon-evacues-en-tunisie-pour-des-soins\/#breadcrumb\"},\"inLanguage\":\"fr-FR\",\"potentialAction\":[{\"@type\":\"ReadAction\",\"target\":[\"https:\/\/culturbaine.com\/index.php\/2026\/04\/26\/banlieuzart-konko-malela-et-king-salamon-evacues-en-tunisie-pour-des-soins\/\"]}]},{\"@type\":\"ImageObject\",\"inLanguage\":\"fr-FR\",\"@id\":\"https:\/\/culturbaine.com\/index.php\/2026\/04\/26\/banlieuzart-konko-malela-et-king-salamon-evacues-en-tunisie-pour-des-soins\/#primaryimage\",\"url\":\"https:\/\/culturbaine.com\/wp-content\/uploads\/2026\/04\/1777185860811.jpg\",\"contentUrl\":\"https:\/\/culturbaine.com\/wp-content\/uploads\/2026\/04\/1777185860811.jpg\",\"width\":720,\"height\":540},{\"@type\":\"BreadcrumbList\",\"@id\":\"https:\/\/culturbaine.com\/index.php\/2026\/04\/26\/banlieuzart-konko-malela-et-king-salamon-evacues-en-tunisie-pour-des-soins\/#breadcrumb\",\"itemListElement\":[{\"@type\":\"ListItem\",\"position\":1,\"name\":\"Home\",\"item\":\"https:\/\/culturbaine.com\/\"},{\"@type\":\"ListItem\",\"position\":2,\"name\":\"Banlieuz\u2019Art : Konko Malela et King Salamon \u00e9vacu\u00e9s en Tunisie pour des soins\"}]},{\"@type\":\"WebSite\",\"@id\":\"https:\/\/culturbaine.com\/#website\",\"url\":\"https:\/\/culturbaine.com\/\",\"name\":\"Culturbaine.com\",\"description\":\"Toute l&#039;actualit\u00e9 des Cultures Urbaines, en un clic  !\",\"publisher\":{\"@id\":\"https:\/\/culturbaine.com\/#organization\"},\"potentialAction\":[{\"@type\":\"SearchAction\",\"target\":{\"@type\":\"EntryPoint\",\"urlTemplate\":\"https:\/\/culturbaine.com\/?s={search_term_string}\"},\"query-input\":{\"@type\":\"PropertyValueSpecification\",\"valueRequired\":true,\"valueName\":\"search_term_string\"}}],\"inLanguage\":\"fr-FR\"},{\"@type\":\"Organization\",\"@id\":\"https:\/\/culturbaine.com\/#organization\",\"name\":\"Culturbaine.com\",\"url\":\"https:\/\/culturbaine.com\/\",\"logo\":{\"@type\":\"ImageObject\",\"inLanguage\":\"fr-FR\",\"@id\":\"https:\/\/culturbaine.com\/#\/schema\/logo\/image\/\",\"url\":\"https:\/\/culturbaine.com\/wp-content\/uploads\/2023\/07\/WhatsApp-Image-2023-07-17-at-14.38.18.jpeg\",\"contentUrl\":\"https:\/\/culturbaine.com\/wp-content\/uploads\/2023\/07\/WhatsApp-Image-2023-07-17-at-14.38.18.jpeg\",\"width\":855,\"height\":270,\"caption\":\"Culturbaine.com\"},\"image\":{\"@id\":\"https:\/\/culturbaine.com\/#\/schema\/logo\/image\/\"},\"sameAs\":[\"https:\/\/www.facebook.com\/Culturbaines\",\"https:\/\/x.com\/culturbaines\"]},{\"@type\":\"Person\",\"@id\":\"https:\/\/culturbaine.com\/#\/schema\/person\/42eb7485c572e0746c1ea6b8216c3814\",\"name\":\"admin1\",\"image\":{\"@type\":\"ImageObject\",\"inLanguage\":\"fr-FR\",\"@id\":\"https:\/\/culturbaine.com\/#\/schema\/person\/image\/\",\"url\":\"https:\/\/secure.gravatar.com\/avatar\/c268f4d483ce0486e5a10fee87bbf756?s=96&d=mm&r=g\",\"contentUrl\":\"https:\/\/secure.gravatar.com\/avatar\/c268f4d483ce0486e5a10fee87bbf756?s=96&d=mm&r=g\",\"caption\":\"admin1\"},\"url\":\"https:\/\/culturbaine.com\/index.php\/author\/admin1\/\"}]}<\/script>\n<!-- \/ Yoast SEO Premium plugin. -->","yoast_head_json":{"title":"Banlieuz\u2019Art : Konko Malela et King Salamon \u00e9vacu\u00e9s en Tunisie pour des soins - Culturbaine","robots":{"index":"index","follow":"follow","max-snippet":"max-snippet:-1","max-image-preview":"max-image-preview:large","max-video-preview":"max-video-preview:-1"},"canonical":"https:\/\/culturbaine.com\/index.php\/2026\/04\/26\/banlieuzart-konko-malela-et-king-salamon-evacues-en-tunisie-pour-des-soins\/","og_locale":"fr_FR","og_type":"article","og_title":"Banlieuz\u2019Art : Konko Malela et King Salamon \u00e9vacu\u00e9s en Tunisie pour des soins","og_description":"La sant\u00e9 du duo embl\u00e9matique de Banlieuz&rsquo;Art, Konko Malela et King Salamon, suscitait de plus en plus d\u2019inqui\u00e9tudes ces derniers temps. Apr\u00e8s plusieurs alertes, les choses ont finalement boug\u00e9. Avec l\u2019appui de l\u2019\u00c9tat guin\u00e9en, \u00e0 travers le minist\u00e8re de la Culture via le BGDA, les deux artistes ont \u00e9t\u00e9 \u00e9vacu\u00e9s en Tunisie pour b\u00e9n\u00e9ficier de [&hellip;]","og_url":"https:\/\/culturbaine.com\/index.php\/2026\/04\/26\/banlieuzart-konko-malela-et-king-salamon-evacues-en-tunisie-pour-des-soins\/","og_site_name":"Culturbaine","article_publisher":"https:\/\/www.facebook.com\/Culturbaines","article_published_time":"2026-04-26T07:06:19+00:00","og_image":[{"width":720,"height":540,"url":"https:\/\/culturbaine.com\/wp-content\/uploads\/2026\/04\/1777185860811.jpg","type":"image\/jpeg"}],"author":"admin1","twitter_card":"summary_large_image","twitter_creator":"@culturbaines","twitter_site":"@culturbaines","twitter_misc":{"\u00c9crit par":"admin1","Dur\u00e9e de lecture estim\u00e9e":"1 minute"},"schema":{"@context":"https:\/\/schema.org","@graph":[{"@type":"Article","@id":"https:\/\/culturbaine.com\/index.php\/2026\/04\/26\/banlieuzart-konko-malela-et-king-salamon-evacues-en-tunisie-pour-des-soins\/#article","isPartOf":{"@id":"https:\/\/culturbaine.com\/index.php\/2026\/04\/26\/banlieuzart-konko-malela-et-king-salamon-evacues-en-tunisie-pour-des-soins\/"},"author":{"name":"admin1","@id":"https:\/\/culturbaine.com\/#\/schema\/person\/42eb7485c572e0746c1ea6b8216c3814"},"headline":"Banlieuz\u2019Art : Konko Malela et King Salamon \u00e9vacu\u00e9s en Tunisie pour des soins","datePublished":"2026-04-26T07:06:19+00:00","dateModified":"2026-04-26T07:06:19+00:00","mainEntityOfPage":{"@id":"https:\/\/culturbaine.com\/index.php\/2026\/04\/26\/banlieuzart-konko-malela-et-king-salamon-evacues-en-tunisie-pour-des-soins\/"},"wordCount":188,"publisher":{"@id":"https:\/\/culturbaine.com\/#organization"},"image":{"@id":"https:\/\/culturbaine.com\/index.php\/2026\/04\/26\/banlieuzart-konko-malela-et-king-salamon-evacues-en-tunisie-pour-des-soins\/#primaryimage"},"thumbnailUrl":"https:\/\/culturbaine.com\/wp-content\/uploads\/2026\/04\/1777185860811.jpg","keywords":["Banlieuz\u2019Art : Konko Malela et King Salamon \u00e9vacu\u00e9s en Tunisie pour des soins"],"articleSection":["Actualit\u00e9"],"inLanguage":"fr-FR"},{"@type":"WebPage","@id":"https:\/\/culturbaine.com\/index.php\/2026\/04\/26\/banlieuzart-konko-malela-et-king-salamon-evacues-en-tunisie-pour-des-soins\/","url":"https:\/\/culturbaine.com\/index.php\/2026\/04\/26\/banlieuzart-konko-malela-et-king-salamon-evacues-en-tunisie-pour-des-soins\/","name":"Banlieuz\u2019Art : Konko Malela et King Salamon \u00e9vacu\u00e9s en Tunisie pour des soins - Culturbaine","isPartOf":{"@id":"https:\/\/culturbaine.com\/#website"},"primaryImageOfPage":{"@id":"https:\/\/culturbaine.com\/index.php\/2026\/04\/26\/banlieuzart-konko-malela-et-king-salamon-evacues-en-tunisie-pour-des-soins\/#primaryimage"},"image":{"@id":"https:\/\/culturbaine.com\/index.php\/2026\/04\/26\/banlieuzart-konko-malela-et-king-salamon-evacues-en-tunisie-pour-des-soins\/#primaryimage"},"thumbnailUrl":"https:\/\/culturbaine.com\/wp-content\/uploads\/2026\/04\/1777185860811.jpg","datePublished":"2026-04-26T07:06:19+00:00","dateModified":"2026-04-26T07:06:19+00:00","breadcrumb":{"@id":"https:\/\/culturbaine.com\/index.php\/2026\/04\/26\/banlieuzart-konko-malela-et-king-salamon-evacues-en-tunisie-pour-des-soins\/#breadcrumb"},"inLanguage":"fr-FR","potentialAction":[{"@type":"ReadAction","target":["https:\/\/culturbaine.com\/index.php\/2026\/04\/26\/banlieuzart-konko-malela-et-king-salamon-evacues-en-tunisie-pour-des-soins\/"]}]},{"@type":"ImageObject","inLanguage":"fr-FR","@id":"https:\/\/culturbaine.com\/index.php\/2026\/04\/26\/banlieuzart-konko-malela-et-king-salamon-evacues-en-tunisie-pour-des-soins\/#primaryimage","url":"https:\/\/culturbaine.com\/wp-content\/uploads\/2026\/04\/1777185860811.jpg","contentUrl":"https:\/\/culturbaine.com\/wp-content\/uploads\/2026\/04\/1777185860811.jpg","width":720,"height":540},{"@type":"BreadcrumbList","@id":"https:\/\/culturbaine.com\/index.php\/2026\/04\/26\/banlieuzart-konko-malela-et-king-salamon-evacues-en-tunisie-pour-des-soins\/#breadcrumb","itemListElement":[{"@type":"ListItem","position":1,"name":"Home","item":"https:\/\/culturbaine.com\/"},{"@type":"ListItem","position":2,"name":"Banlieuz\u2019Art : Konko Malela et King Salamon \u00e9vacu\u00e9s en Tunisie pour des soins"}]},{"@type":"WebSite","@id":"https:\/\/culturbaine.com\/#website","url":"https:\/\/culturbaine.com\/","name":"Culturbaine.com","description":"Toute l&#039;actualit\u00e9 des Cultures Urbaines, en un clic  !","publisher":{"@id":"https:\/\/culturbaine.com\/#organization"},"potentialAction":[{"@type":"SearchAction","target":{"@type":"EntryPoint","urlTemplate":"https:\/\/culturbaine.com\/?s={search_term_string}"},"query-input":{"@type":"PropertyValueSpecification","valueRequired":true,"valueName":"search_term_string"}}],"inLanguage":"fr-FR"},{"@type":"Organization","@id":"https:\/\/culturbaine.com\/#organization","name":"Culturbaine.com","url":"https:\/\/culturbaine.com\/","logo":{"@type":"ImageObject","inLanguage":"fr-FR","@id":"https:\/\/culturbaine.com\/#\/schema\/logo\/image\/","url":"https:\/\/culturbaine.com\/wp-content\/uploads\/2023\/07\/WhatsApp-Image-2023-07-17-at-14.38.18.jpeg","contentUrl":"https:\/\/culturbaine.com\/wp-content\/uploads\/2023\/07\/WhatsApp-Image-2023-07-17-at-14.38.18.jpeg","width":855,"height":270,"caption":"Culturbaine.com"},"image":{"@id":"https:\/\/culturbaine.com\/#\/schema\/logo\/image\/"},"sameAs":["https:\/\/www.facebook.com\/Culturbaines","https:\/\/x.com\/culturbaines"]},{"@type":"Person","@id":"https:\/\/culturbaine.com\/#\/schema\/person\/42eb7485c572e0746c1ea6b8216c3814","name":"admin1","image":{"@type":"ImageObject","inLanguage":"fr-FR","@id":"https:\/\/culturbaine.com\/#\/schema\/person\/image\/","url":"https:\/\/secure.gravatar.com\/avatar\/c268f4d483ce0486e5a10fee87bbf756?s=96&d=mm&r=g","contentUrl":"https:\/\/secure.gravatar.com\/avatar\/c268f4d483ce0486e5a10fee87bbf756?s=96&d=mm&r=g","caption":"admin1"},"url":"https:\/\/culturbaine.com\/index.php\/author\/admin1\/"}]}},"_links":{"self":[{"href":"https:\/\/culturbaine.com\/index.php\/wp-json\/wp\/v2\/posts\/13767"}],"collection":[{"href":"https:\/\/culturbaine.com\/index.php\/wp-json\/wp\/v2\/posts"}],"about":[{"href":"https:\/\/culturbaine.com\/index.php\/wp-json\/wp\/v2\/types\/post"}],"author":[{"embeddable":true,"href":"https:\/\/culturbaine.com\/index.php\/wp-json\/wp\/v2\/users\/2"}],"replies":[{"embeddable":true,"href":"https:\/\/culturbaine.com\/index.php\/wp-json\/wp\/v2\/comments?post=13767"}],"version-history":[{"count":1,"href":"https:\/\/culturbaine.com\/index.php\/wp-json\/wp\/v2\/posts\/13767\/revisions"}],"predecessor-version":[{"id":13768,"href":"https:\/\/culturbaine.com\/index.php\/wp-json\/wp\/v2\/posts\/13767\/revisions\/13768"}],"wp:featuredmedia":[{"embeddable":true,"href":"https:\/\/culturbaine.com\/index.php\/wp-json\/wp\/v2\/media\/13769"}],"wp:attachment":[{"href":"https:\/\/culturbaine.com\/index.php\/wp-json\/wp\/v2\/media?parent=13767"}],"wp:term":[{"taxonomy":"category","embeddable":true,"href":"https:\/\/culturbaine.com\/index.php\/wp-json\/wp\/v2\/categories?post=13767"},{"taxonomy":"post_tag","embeddable":true,"href":"https:\/\/culturbaine.com\/index.php\/wp-json\/wp\/v2\/tags?post=13767"}],"curies":[{"name":"wp","href":"https:\/\/api.w.org\/{rel}","templated":true}]}}