{"id":13596,"date":"2026-04-04T12:26:50","date_gmt":"2026-04-04T12:26:50","guid":{"rendered":"https:\/\/culturbaine.com\/?p=13596"},"modified":"2026-04-04T12:26:50","modified_gmt":"2026-04-04T12:26:50","slug":"kaporo-une-journee-de-priere-en-hommage-a-kaporo-mengueh-et-a-la-mission-tayely","status":"publish","type":"post","link":"https:\/\/culturbaine.com\/index.php\/2026\/04\/04\/kaporo-une-journee-de-priere-en-hommage-a-kaporo-mengueh-et-a-la-mission-tayely\/","title":{"rendered":"Kaporo : une journ\u00e9e de pri\u00e8re en hommage \u00e0 Kaporo Mengueh et \u00e0 la mission Tayely"},"content":{"rendered":"<p>Le Mouvement <strong>Roots Tongo<\/strong> a organis\u00e9, ce jour \u00e0 Kaporo, une journ\u00e9e de pri\u00e8re d\u00e9di\u00e9e \u00e0 l\u2019artiste <strong>Kaporo Mengueh<\/strong> ainsi qu\u2019\u00e0 la mission spirituelle <strong>Tayely<\/strong> (Roots and Rhythm). L\u2019\u00e9v\u00e9nement a rassembl\u00e9 une importante communaut\u00e9 rasta, notamment le <strong>Mouvement Rasta de Guin\u00e9e<\/strong> (MOURAG), le <strong>Conseil Rastafari de Guin\u00e9e<\/strong> et le collectif <strong>Reggae Kartel<\/strong>.<\/p>\n<p>V\u00eatus de blanc, hommes et femmes ont pris part \u00e0 cette c\u00e9r\u00e9monie de recueillement tenue sous le grand fromager, qui abrite la tombe du fondateur de Kaporo, <strong>Manga Sangar\u00e9<\/strong>, fils de <strong>Soumba Toumany <\/strong>de Dubr\u00e9ka.<\/p>\n<p>Plac\u00e9e sous le signe de la foi et de la spiritualit\u00e9, la journ\u00e9e a d\u00e9but\u00e9 par une visite guid\u00e9e des sites historiques et sacr\u00e9s de la localit\u00e9. De la tombe du fondateur \u00e0 l\u2019\u00eelot de Kaporo, en passant par la place des Martyrs et la cour royale d\u2019<strong>Almamy Kerfalla Soumah<\/strong>, ancien chef de canton, les participants ont revisit\u00e9 l\u2019histoire et la port\u00e9e symbolique de ces lieux.<\/p>\n<p>Selon <strong>Lansana Almamy Soumah<\/strong>, natif de Kaporo, l\u2019\u00eelot appel\u00e9 <strong>Tayel\u00e9e<\/strong> est un espace sacr\u00e9 d\u00e9di\u00e9 aux rites et aux sacrifices. Il pr\u00e9cise \u00e9galement que la place des Martyrs, attribu\u00e9e aux Bagas vers 1832 selon la tradition, joue un r\u00f4le dans la protection spirituelle de Conakry.<\/p>\n<p>Prenant la parole, <strong>Mamadou Saliou Sy Savan\u00e9,<\/strong> connu sous le nom de <strong>Rasta Savan\u00e9<\/strong> et vice-pr\u00e9sident du MOURAG, a salu\u00e9 l\u2019initiative : <em><strong>\u00ab Nous sommes r\u00e9unis aujourd\u2019hui pour soutenir l\u2019un des n\u00f4tres, un artiste qui valorise la Guin\u00e9e \u00e0 travers le monde. L\u2019essentiel est de rester soud\u00e9s dans un esprit de \u201cOne Love\u201d. \u00bb<\/strong><\/em><\/p>\n<p>Visiblement \u00e9mu, <strong>Kaporo Mengueh<\/strong> a exprim\u00e9 sa reconnaissance : <em><strong>\u00ab C\u2019est un plaisir pour moi de voir mes fr\u00e8res venir dans mon village. Mon grand fr\u00e8re a pu faire les pr\u00e9sentations et montrer \u00e0 ma famille que la communaut\u00e9 rasta est aussi ma famille. Aujourd\u2019hui, cette famille que j\u2019ai construite ailleurs me ram\u00e8ne \u00e0 ma source. \u00catre devant la tombe de mon anc\u00eatre Manga Sangar\u00e9 et entendre toute cette histoire me rend tr\u00e8s heureux. Je n\u2019ai pas les mots. \u00bb<\/strong><\/em><\/p>\n<p>La journ\u00e9e s\u2019est achev\u00e9e par des pri\u00e8res pour la r\u00e9ussite du projet <strong>Tayely<\/strong>, avec l\u2019espoir de le voir s\u2019\u00e9tendre au-del\u00e0 des fronti\u00e8res. Plusieurs participants ont \u00e9galement formul\u00e9 des v\u0153ux personnels dans une atmosph\u00e8re empreinte de ferveur.<\/p>\n<p>En fin de programme, place \u00e0 la c\u00e9l\u00e9bration. Autour d\u2019un feu, une danse baga a r\u00e9uni les participants dans une ambiance conviviale, m\u00ealant chants traditionnels et prestations chor\u00e9graphiques, illustrant la richesse du patrimoine culturel local.<\/p>\n<p><strong>Mohamed Cinq Sylla<\/strong><\/p>\n","protected":false},"excerpt":{"rendered":"<p>Le Mouvement Roots Tongo a organis\u00e9, ce jour \u00e0 Kaporo, une journ\u00e9e de pri\u00e8re d\u00e9di\u00e9e \u00e0 l\u2019artiste Kaporo Mengueh ainsi qu\u2019\u00e0 la mission spirituelle Tayely (Roots and Rhythm). L\u2019\u00e9v\u00e9nement a rassembl\u00e9 une importante communaut\u00e9 rasta, notamment le Mouvement Rasta de Guin\u00e9e (MOURAG), le Conseil Rastafari de Guin\u00e9e et le collectif Reggae Kartel. V\u00eatus de blanc, [&hellip;]<\/p>\n","protected":false},"author":2,"featured_media":13612,"comment_status":"closed","ping_status":"closed","sticky":false,"template":"","format":"standard","meta":{"_mi_skip_tracking":false,"_monsterinsights_sitenote_active":false,"_monsterinsights_sitenote_note":"","_monsterinsights_sitenote_category":0,"footnotes":""},"categories":[21],"tags":[4446],"class_list":["post-13596","post","type-post","status-publish","format-standard","has-post-thumbnail","hentry","category-actualite","tag-kaporo-une-journee-de-priere-en-hommage-a-kaporo-mengueh-et-a-la-mission-tayely"],"yoast_head":"<!-- This site is optimized with the Yoast SEO Premium plugin v20.1 (Yoast SEO v24.0) - https:\/\/yoast.com\/wordpress\/plugins\/seo\/ -->\n<title>Kaporo : une journ\u00e9e de pri\u00e8re en hommage \u00e0 Kaporo Mengueh et \u00e0 la mission Tayely - Culturbaine<\/title>\n<meta name=\"robots\" content=\"index, follow, max-snippet:-1, max-image-preview:large, max-video-preview:-1\" \/>\n<link rel=\"canonical\" href=\"https:\/\/culturbaine.com\/index.php\/2026\/04\/04\/kaporo-une-journee-de-priere-en-hommage-a-kaporo-mengueh-et-a-la-mission-tayely\/\" \/>\n<meta property=\"og:locale\" content=\"fr_FR\" \/>\n<meta property=\"og:type\" content=\"article\" \/>\n<meta property=\"og:title\" content=\"Kaporo : une journ\u00e9e de pri\u00e8re en hommage \u00e0 Kaporo Mengueh et \u00e0 la mission Tayely\" \/>\n<meta property=\"og:description\" content=\"Le Mouvement Roots Tongo a organis\u00e9, ce jour \u00e0 Kaporo, une journ\u00e9e de pri\u00e8re d\u00e9di\u00e9e \u00e0 l\u2019artiste Kaporo Mengueh ainsi qu\u2019\u00e0 la mission spirituelle Tayely (Roots and Rhythm). L\u2019\u00e9v\u00e9nement a rassembl\u00e9 une importante communaut\u00e9 rasta, notamment le Mouvement Rasta de Guin\u00e9e (MOURAG), le Conseil Rastafari de Guin\u00e9e et le collectif Reggae Kartel. V\u00eatus de blanc, [&hellip;]\" \/>\n<meta property=\"og:url\" content=\"https:\/\/culturbaine.com\/index.php\/2026\/04\/04\/kaporo-une-journee-de-priere-en-hommage-a-kaporo-mengueh-et-a-la-mission-tayely\/\" \/>\n<meta property=\"og:site_name\" content=\"Culturbaine\" \/>\n<meta property=\"article:publisher\" content=\"https:\/\/www.facebook.com\/Culturbaines\" \/>\n<meta property=\"article:published_time\" content=\"2026-04-04T12:26:50+00:00\" \/>\n<meta property=\"og:image\" content=\"https:\/\/culturbaine.com\/wp-content\/uploads\/2026\/04\/17753036120562.jpg\" \/>\n\t<meta property=\"og:image:width\" content=\"720\" \/>\n\t<meta property=\"og:image:height\" content=\"524\" \/>\n\t<meta property=\"og:image:type\" content=\"image\/jpeg\" \/>\n<meta name=\"author\" content=\"admin1\" \/>\n<meta name=\"twitter:card\" content=\"summary_large_image\" \/>\n<meta name=\"twitter:creator\" content=\"@culturbaines\" \/>\n<meta name=\"twitter:site\" content=\"@culturbaines\" \/>\n<meta name=\"twitter:label1\" content=\"\u00c9crit par\" \/>\n\t<meta name=\"twitter:data1\" content=\"admin1\" \/>\n\t<meta name=\"twitter:label2\" content=\"Dur\u00e9e de lecture estim\u00e9e\" \/>\n\t<meta name=\"twitter:data2\" content=\"3 minutes\" \/>\n<script type=\"application\/ld+json\" class=\"yoast-schema-graph\">{\"@context\":\"https:\/\/schema.org\",\"@graph\":[{\"@type\":\"Article\",\"@id\":\"https:\/\/culturbaine.com\/index.php\/2026\/04\/04\/kaporo-une-journee-de-priere-en-hommage-a-kaporo-mengueh-et-a-la-mission-tayely\/#article\",\"isPartOf\":{\"@id\":\"https:\/\/culturbaine.com\/index.php\/2026\/04\/04\/kaporo-une-journee-de-priere-en-hommage-a-kaporo-mengueh-et-a-la-mission-tayely\/\"},\"author\":{\"name\":\"admin1\",\"@id\":\"https:\/\/culturbaine.com\/#\/schema\/person\/42eb7485c572e0746c1ea6b8216c3814\"},\"headline\":\"Kaporo : une journ\u00e9e de pri\u00e8re en hommage \u00e0 Kaporo Mengueh et \u00e0 la mission Tayely\",\"datePublished\":\"2026-04-04T12:26:50+00:00\",\"dateModified\":\"2026-04-04T12:26:50+00:00\",\"mainEntityOfPage\":{\"@id\":\"https:\/\/culturbaine.com\/index.php\/2026\/04\/04\/kaporo-une-journee-de-priere-en-hommage-a-kaporo-mengueh-et-a-la-mission-tayely\/\"},\"wordCount\":469,\"publisher\":{\"@id\":\"https:\/\/culturbaine.com\/#organization\"},\"image\":{\"@id\":\"https:\/\/culturbaine.com\/index.php\/2026\/04\/04\/kaporo-une-journee-de-priere-en-hommage-a-kaporo-mengueh-et-a-la-mission-tayely\/#primaryimage\"},\"thumbnailUrl\":\"https:\/\/culturbaine.com\/wp-content\/uploads\/2026\/04\/17753036120562.jpg\",\"keywords\":[\"Kaporo : une journ\u00e9e de pri\u00e8re en hommage \u00e0 Kaporo Mengueh et \u00e0 la mission Tayely\"],\"articleSection\":[\"Actualit\u00e9\"],\"inLanguage\":\"fr-FR\"},{\"@type\":\"WebPage\",\"@id\":\"https:\/\/culturbaine.com\/index.php\/2026\/04\/04\/kaporo-une-journee-de-priere-en-hommage-a-kaporo-mengueh-et-a-la-mission-tayely\/\",\"url\":\"https:\/\/culturbaine.com\/index.php\/2026\/04\/04\/kaporo-une-journee-de-priere-en-hommage-a-kaporo-mengueh-et-a-la-mission-tayely\/\",\"name\":\"Kaporo : une journ\u00e9e de pri\u00e8re en hommage \u00e0 Kaporo Mengueh et \u00e0 la mission Tayely - Culturbaine\",\"isPartOf\":{\"@id\":\"https:\/\/culturbaine.com\/#website\"},\"primaryImageOfPage\":{\"@id\":\"https:\/\/culturbaine.com\/index.php\/2026\/04\/04\/kaporo-une-journee-de-priere-en-hommage-a-kaporo-mengueh-et-a-la-mission-tayely\/#primaryimage\"},\"image\":{\"@id\":\"https:\/\/culturbaine.com\/index.php\/2026\/04\/04\/kaporo-une-journee-de-priere-en-hommage-a-kaporo-mengueh-et-a-la-mission-tayely\/#primaryimage\"},\"thumbnailUrl\":\"https:\/\/culturbaine.com\/wp-content\/uploads\/2026\/04\/17753036120562.jpg\",\"datePublished\":\"2026-04-04T12:26:50+00:00\",\"dateModified\":\"2026-04-04T12:26:50+00:00\",\"breadcrumb\":{\"@id\":\"https:\/\/culturbaine.com\/index.php\/2026\/04\/04\/kaporo-une-journee-de-priere-en-hommage-a-kaporo-mengueh-et-a-la-mission-tayely\/#breadcrumb\"},\"inLanguage\":\"fr-FR\",\"potentialAction\":[{\"@type\":\"ReadAction\",\"target\":[\"https:\/\/culturbaine.com\/index.php\/2026\/04\/04\/kaporo-une-journee-de-priere-en-hommage-a-kaporo-mengueh-et-a-la-mission-tayely\/\"]}]},{\"@type\":\"ImageObject\",\"inLanguage\":\"fr-FR\",\"@id\":\"https:\/\/culturbaine.com\/index.php\/2026\/04\/04\/kaporo-une-journee-de-priere-en-hommage-a-kaporo-mengueh-et-a-la-mission-tayely\/#primaryimage\",\"url\":\"https:\/\/culturbaine.com\/wp-content\/uploads\/2026\/04\/17753036120562.jpg\",\"contentUrl\":\"https:\/\/culturbaine.com\/wp-content\/uploads\/2026\/04\/17753036120562.jpg\",\"width\":720,\"height\":524},{\"@type\":\"BreadcrumbList\",\"@id\":\"https:\/\/culturbaine.com\/index.php\/2026\/04\/04\/kaporo-une-journee-de-priere-en-hommage-a-kaporo-mengueh-et-a-la-mission-tayely\/#breadcrumb\",\"itemListElement\":[{\"@type\":\"ListItem\",\"position\":1,\"name\":\"Home\",\"item\":\"https:\/\/culturbaine.com\/\"},{\"@type\":\"ListItem\",\"position\":2,\"name\":\"Kaporo : une journ\u00e9e de pri\u00e8re en hommage \u00e0 Kaporo Mengueh et \u00e0 la mission Tayely\"}]},{\"@type\":\"WebSite\",\"@id\":\"https:\/\/culturbaine.com\/#website\",\"url\":\"https:\/\/culturbaine.com\/\",\"name\":\"Culturbaine.com\",\"description\":\"Toute l&#039;actualit\u00e9 des Cultures Urbaines, en un clic  !\",\"publisher\":{\"@id\":\"https:\/\/culturbaine.com\/#organization\"},\"potentialAction\":[{\"@type\":\"SearchAction\",\"target\":{\"@type\":\"EntryPoint\",\"urlTemplate\":\"https:\/\/culturbaine.com\/?s={search_term_string}\"},\"query-input\":{\"@type\":\"PropertyValueSpecification\",\"valueRequired\":true,\"valueName\":\"search_term_string\"}}],\"inLanguage\":\"fr-FR\"},{\"@type\":\"Organization\",\"@id\":\"https:\/\/culturbaine.com\/#organization\",\"name\":\"Culturbaine.com\",\"url\":\"https:\/\/culturbaine.com\/\",\"logo\":{\"@type\":\"ImageObject\",\"inLanguage\":\"fr-FR\",\"@id\":\"https:\/\/culturbaine.com\/#\/schema\/logo\/image\/\",\"url\":\"https:\/\/culturbaine.com\/wp-content\/uploads\/2023\/07\/WhatsApp-Image-2023-07-17-at-14.38.18.jpeg\",\"contentUrl\":\"https:\/\/culturbaine.com\/wp-content\/uploads\/2023\/07\/WhatsApp-Image-2023-07-17-at-14.38.18.jpeg\",\"width\":855,\"height\":270,\"caption\":\"Culturbaine.com\"},\"image\":{\"@id\":\"https:\/\/culturbaine.com\/#\/schema\/logo\/image\/\"},\"sameAs\":[\"https:\/\/www.facebook.com\/Culturbaines\",\"https:\/\/x.com\/culturbaines\"]},{\"@type\":\"Person\",\"@id\":\"https:\/\/culturbaine.com\/#\/schema\/person\/42eb7485c572e0746c1ea6b8216c3814\",\"name\":\"admin1\",\"image\":{\"@type\":\"ImageObject\",\"inLanguage\":\"fr-FR\",\"@id\":\"https:\/\/culturbaine.com\/#\/schema\/person\/image\/\",\"url\":\"https:\/\/secure.gravatar.com\/avatar\/c268f4d483ce0486e5a10fee87bbf756?s=96&d=mm&r=g\",\"contentUrl\":\"https:\/\/secure.gravatar.com\/avatar\/c268f4d483ce0486e5a10fee87bbf756?s=96&d=mm&r=g\",\"caption\":\"admin1\"},\"url\":\"https:\/\/culturbaine.com\/index.php\/author\/admin1\/\"}]}<\/script>\n<!-- \/ Yoast SEO Premium plugin. -->","yoast_head_json":{"title":"Kaporo : une journ\u00e9e de pri\u00e8re en hommage \u00e0 Kaporo Mengueh et \u00e0 la mission Tayely - Culturbaine","robots":{"index":"index","follow":"follow","max-snippet":"max-snippet:-1","max-image-preview":"max-image-preview:large","max-video-preview":"max-video-preview:-1"},"canonical":"https:\/\/culturbaine.com\/index.php\/2026\/04\/04\/kaporo-une-journee-de-priere-en-hommage-a-kaporo-mengueh-et-a-la-mission-tayely\/","og_locale":"fr_FR","og_type":"article","og_title":"Kaporo : une journ\u00e9e de pri\u00e8re en hommage \u00e0 Kaporo Mengueh et \u00e0 la mission Tayely","og_description":"Le Mouvement Roots Tongo a organis\u00e9, ce jour \u00e0 Kaporo, une journ\u00e9e de pri\u00e8re d\u00e9di\u00e9e \u00e0 l\u2019artiste Kaporo Mengueh ainsi qu\u2019\u00e0 la mission spirituelle Tayely (Roots and Rhythm). L\u2019\u00e9v\u00e9nement a rassembl\u00e9 une importante communaut\u00e9 rasta, notamment le Mouvement Rasta de Guin\u00e9e (MOURAG), le Conseil Rastafari de Guin\u00e9e et le collectif Reggae Kartel. V\u00eatus de blanc, [&hellip;]","og_url":"https:\/\/culturbaine.com\/index.php\/2026\/04\/04\/kaporo-une-journee-de-priere-en-hommage-a-kaporo-mengueh-et-a-la-mission-tayely\/","og_site_name":"Culturbaine","article_publisher":"https:\/\/www.facebook.com\/Culturbaines","article_published_time":"2026-04-04T12:26:50+00:00","og_image":[{"width":720,"height":524,"url":"https:\/\/culturbaine.com\/wp-content\/uploads\/2026\/04\/17753036120562.jpg","type":"image\/jpeg"}],"author":"admin1","twitter_card":"summary_large_image","twitter_creator":"@culturbaines","twitter_site":"@culturbaines","twitter_misc":{"\u00c9crit par":"admin1","Dur\u00e9e de lecture estim\u00e9e":"3 minutes"},"schema":{"@context":"https:\/\/schema.org","@graph":[{"@type":"Article","@id":"https:\/\/culturbaine.com\/index.php\/2026\/04\/04\/kaporo-une-journee-de-priere-en-hommage-a-kaporo-mengueh-et-a-la-mission-tayely\/#article","isPartOf":{"@id":"https:\/\/culturbaine.com\/index.php\/2026\/04\/04\/kaporo-une-journee-de-priere-en-hommage-a-kaporo-mengueh-et-a-la-mission-tayely\/"},"author":{"name":"admin1","@id":"https:\/\/culturbaine.com\/#\/schema\/person\/42eb7485c572e0746c1ea6b8216c3814"},"headline":"Kaporo : une journ\u00e9e de pri\u00e8re en hommage \u00e0 Kaporo Mengueh et \u00e0 la mission Tayely","datePublished":"2026-04-04T12:26:50+00:00","dateModified":"2026-04-04T12:26:50+00:00","mainEntityOfPage":{"@id":"https:\/\/culturbaine.com\/index.php\/2026\/04\/04\/kaporo-une-journee-de-priere-en-hommage-a-kaporo-mengueh-et-a-la-mission-tayely\/"},"wordCount":469,"publisher":{"@id":"https:\/\/culturbaine.com\/#organization"},"image":{"@id":"https:\/\/culturbaine.com\/index.php\/2026\/04\/04\/kaporo-une-journee-de-priere-en-hommage-a-kaporo-mengueh-et-a-la-mission-tayely\/#primaryimage"},"thumbnailUrl":"https:\/\/culturbaine.com\/wp-content\/uploads\/2026\/04\/17753036120562.jpg","keywords":["Kaporo : une journ\u00e9e de pri\u00e8re en hommage \u00e0 Kaporo Mengueh et \u00e0 la mission Tayely"],"articleSection":["Actualit\u00e9"],"inLanguage":"fr-FR"},{"@type":"WebPage","@id":"https:\/\/culturbaine.com\/index.php\/2026\/04\/04\/kaporo-une-journee-de-priere-en-hommage-a-kaporo-mengueh-et-a-la-mission-tayely\/","url":"https:\/\/culturbaine.com\/index.php\/2026\/04\/04\/kaporo-une-journee-de-priere-en-hommage-a-kaporo-mengueh-et-a-la-mission-tayely\/","name":"Kaporo : une journ\u00e9e de pri\u00e8re en hommage \u00e0 Kaporo Mengueh et \u00e0 la mission Tayely - Culturbaine","isPartOf":{"@id":"https:\/\/culturbaine.com\/#website"},"primaryImageOfPage":{"@id":"https:\/\/culturbaine.com\/index.php\/2026\/04\/04\/kaporo-une-journee-de-priere-en-hommage-a-kaporo-mengueh-et-a-la-mission-tayely\/#primaryimage"},"image":{"@id":"https:\/\/culturbaine.com\/index.php\/2026\/04\/04\/kaporo-une-journee-de-priere-en-hommage-a-kaporo-mengueh-et-a-la-mission-tayely\/#primaryimage"},"thumbnailUrl":"https:\/\/culturbaine.com\/wp-content\/uploads\/2026\/04\/17753036120562.jpg","datePublished":"2026-04-04T12:26:50+00:00","dateModified":"2026-04-04T12:26:50+00:00","breadcrumb":{"@id":"https:\/\/culturbaine.com\/index.php\/2026\/04\/04\/kaporo-une-journee-de-priere-en-hommage-a-kaporo-mengueh-et-a-la-mission-tayely\/#breadcrumb"},"inLanguage":"fr-FR","potentialAction":[{"@type":"ReadAction","target":["https:\/\/culturbaine.com\/index.php\/2026\/04\/04\/kaporo-une-journee-de-priere-en-hommage-a-kaporo-mengueh-et-a-la-mission-tayely\/"]}]},{"@type":"ImageObject","inLanguage":"fr-FR","@id":"https:\/\/culturbaine.com\/index.php\/2026\/04\/04\/kaporo-une-journee-de-priere-en-hommage-a-kaporo-mengueh-et-a-la-mission-tayely\/#primaryimage","url":"https:\/\/culturbaine.com\/wp-content\/uploads\/2026\/04\/17753036120562.jpg","contentUrl":"https:\/\/culturbaine.com\/wp-content\/uploads\/2026\/04\/17753036120562.jpg","width":720,"height":524},{"@type":"BreadcrumbList","@id":"https:\/\/culturbaine.com\/index.php\/2026\/04\/04\/kaporo-une-journee-de-priere-en-hommage-a-kaporo-mengueh-et-a-la-mission-tayely\/#breadcrumb","itemListElement":[{"@type":"ListItem","position":1,"name":"Home","item":"https:\/\/culturbaine.com\/"},{"@type":"ListItem","position":2,"name":"Kaporo : une journ\u00e9e de pri\u00e8re en hommage \u00e0 Kaporo Mengueh et \u00e0 la mission Tayely"}]},{"@type":"WebSite","@id":"https:\/\/culturbaine.com\/#website","url":"https:\/\/culturbaine.com\/","name":"Culturbaine.com","description":"Toute l&#039;actualit\u00e9 des Cultures Urbaines, en un clic  !","publisher":{"@id":"https:\/\/culturbaine.com\/#organization"},"potentialAction":[{"@type":"SearchAction","target":{"@type":"EntryPoint","urlTemplate":"https:\/\/culturbaine.com\/?s={search_term_string}"},"query-input":{"@type":"PropertyValueSpecification","valueRequired":true,"valueName":"search_term_string"}}],"inLanguage":"fr-FR"},{"@type":"Organization","@id":"https:\/\/culturbaine.com\/#organization","name":"Culturbaine.com","url":"https:\/\/culturbaine.com\/","logo":{"@type":"ImageObject","inLanguage":"fr-FR","@id":"https:\/\/culturbaine.com\/#\/schema\/logo\/image\/","url":"https:\/\/culturbaine.com\/wp-content\/uploads\/2023\/07\/WhatsApp-Image-2023-07-17-at-14.38.18.jpeg","contentUrl":"https:\/\/culturbaine.com\/wp-content\/uploads\/2023\/07\/WhatsApp-Image-2023-07-17-at-14.38.18.jpeg","width":855,"height":270,"caption":"Culturbaine.com"},"image":{"@id":"https:\/\/culturbaine.com\/#\/schema\/logo\/image\/"},"sameAs":["https:\/\/www.facebook.com\/Culturbaines","https:\/\/x.com\/culturbaines"]},{"@type":"Person","@id":"https:\/\/culturbaine.com\/#\/schema\/person\/42eb7485c572e0746c1ea6b8216c3814","name":"admin1","image":{"@type":"ImageObject","inLanguage":"fr-FR","@id":"https:\/\/culturbaine.com\/#\/schema\/person\/image\/","url":"https:\/\/secure.gravatar.com\/avatar\/c268f4d483ce0486e5a10fee87bbf756?s=96&d=mm&r=g","contentUrl":"https:\/\/secure.gravatar.com\/avatar\/c268f4d483ce0486e5a10fee87bbf756?s=96&d=mm&r=g","caption":"admin1"},"url":"https:\/\/culturbaine.com\/index.php\/author\/admin1\/"}]}},"_links":{"self":[{"href":"https:\/\/culturbaine.com\/index.php\/wp-json\/wp\/v2\/posts\/13596"}],"collection":[{"href":"https:\/\/culturbaine.com\/index.php\/wp-json\/wp\/v2\/posts"}],"about":[{"href":"https:\/\/culturbaine.com\/index.php\/wp-json\/wp\/v2\/types\/post"}],"author":[{"embeddable":true,"href":"https:\/\/culturbaine.com\/index.php\/wp-json\/wp\/v2\/users\/2"}],"replies":[{"embeddable":true,"href":"https:\/\/culturbaine.com\/index.php\/wp-json\/wp\/v2\/comments?post=13596"}],"version-history":[{"count":0,"href":"https:\/\/culturbaine.com\/index.php\/wp-json\/wp\/v2\/posts\/13596\/revisions"}],"wp:featuredmedia":[{"embeddable":true,"href":"https:\/\/culturbaine.com\/index.php\/wp-json\/wp\/v2\/media\/13612"}],"wp:attachment":[{"href":"https:\/\/culturbaine.com\/index.php\/wp-json\/wp\/v2\/media?parent=13596"}],"wp:term":[{"taxonomy":"category","embeddable":true,"href":"https:\/\/culturbaine.com\/index.php\/wp-json\/wp\/v2\/categories?post=13596"},{"taxonomy":"post_tag","embeddable":true,"href":"https:\/\/culturbaine.com\/index.php\/wp-json\/wp\/v2\/tags?post=13596"}],"curies":[{"name":"wp","href":"https:\/\/api.w.org\/{rel}","templated":true}]}}