{"id":13465,"date":"2026-03-16T21:26:32","date_gmt":"2026-03-16T21:26:32","guid":{"rendered":"https:\/\/culturbaine.com\/?p=13465"},"modified":"2026-03-17T08:24:29","modified_gmt":"2026-03-17T08:24:29","slug":"entre-mode-distinctions-et-prestations-artistiques-le-golden-gala-lance-sa-premiere-edition","status":"publish","type":"post","link":"https:\/\/culturbaine.com\/index.php\/2026\/03\/16\/entre-mode-distinctions-et-prestations-artistiques-le-golden-gala-lance-sa-premiere-edition\/","title":{"rendered":"Entre mode, distinctions et prestations artistiques, le Golden Gala lance sa premi\u00e8re \u00e9dition"},"content":{"rendered":"<p>Le vendredi 27 mars \u00e0 partir de 19h, Hotel Noom accueillera la premi\u00e8re \u00e9dition du <strong>Golden Gala<\/strong>, un \u00e9v\u00e9nement prestigieux qui ambitionne de r\u00e9unir des c\u00e9l\u00e9brit\u00e9s venues de Guin\u00e9e et d\u2019ailleurs. Pour cet acte 1, les projecteurs seront particuli\u00e8rement braqu\u00e9s sur les stylistes et l\u2019univers de la mode.<\/p>\n<p>Initi\u00e9e par <strong>Abin Afrique Fashion<\/strong>, cette c\u00e9r\u00e9monie se veut un rendez-vous annuel m\u00ealant culture, leadership, num\u00e9rique et m\u00e9dias en Guin\u00e9e. Pour cette premi\u00e8re \u00e9dition, la C\u00f4te d&rsquo;Ivoire est annonc\u00e9e comme pays invit\u00e9 d\u2019honneur.<\/p>\n<p>Le th\u00e8me retenu cette ann\u00e9e, \u00ab <strong>Traditionnel guin\u00e9en et moderne<\/strong> \u00bb, met en avant la richesse vestimentaire locale tout en l\u2019ouvrant aux influences contemporaines. Une mani\u00e8re de valoriser le savoir-faire des cr\u00e9ateurs tout en modernisant l\u2019image de la mode guin\u00e9enne.<\/p>\n<p>Lors d\u2019une conf\u00e9rence de presse organis\u00e9e cet apr\u00e8s-midi au Noom Hotel, Marie Ignesse Tour\u00e9, initiatrice du projet, a expliqu\u00e9 la vision qui porte cet \u00e9v\u00e9nement.<strong> \u00ab Le projet Golden Gala a pour but de r\u00e9unir les c\u00e9l\u00e9brit\u00e9s chaque ann\u00e9e. Nous en sommes aujourd\u2019hui \u00e0 notre premi\u00e8re \u00e9dition. \u00bb.\u00a0<\/strong>\u00c0 travers cet \u00e9v\u00e9nement, l\u2019ambition est claire, faire de Conakry une v\u00e9ritable capitale culturelle de l\u2019Afrique de l\u2019Ouest.<\/p>\n<p>Pour cette grande premi\u00e8re, les organisateurs annoncent un programme riche : tapis rouge \u00e0 l\u2019entr\u00e9e, remises de prix, prestations artistiques et buffet pour les invit\u00e9s.<\/p>\n<p>Au-del\u00e0 de la promotion de la mode, <strong>Golden Gala<\/strong> se veut aussi une soir\u00e9e de distinctions. Plusieurs cat\u00e9gories sont pr\u00e9vues, notamment celle d\u2019\u201c<strong>Ic\u00f4ne Rap\u201d<\/strong>, o\u00f9 figurent <strong>Le M\u00e9langeur, Thiird, Opinel 12 <\/strong>et<strong> Sagatala.<\/strong><\/p>\n<p>Dans la cat\u00e9gorie \u201c<strong>Meilleur DJ de l\u2019ann\u00e9e\u201d<\/strong>, on retrouve <strong>DJ Kaba, DJ Bouba<\/strong> et <strong>Deejay Boni<\/strong>, entre autres.<\/p>\n<p>Entre mode, musique et c\u00e9l\u00e9bration des talents, cette premi\u00e8re \u00e9dition du <strong>Golden Gala<\/strong> entend poser les bases d\u2019un rendez-vous culturel appel\u00e9 \u00e0 s\u2019inscrire durablement dans l\u2019agenda \u00e9v\u00e9nementiel de Conakry.<\/p>\n<p><strong>Mohamed Cinq Sylla<\/strong><\/p>\n","protected":false},"excerpt":{"rendered":"<p>Le vendredi 27 mars \u00e0 partir de 19h, Hotel Noom accueillera la premi\u00e8re \u00e9dition du Golden Gala, un \u00e9v\u00e9nement prestigieux qui ambitionne de r\u00e9unir des c\u00e9l\u00e9brit\u00e9s venues de Guin\u00e9e et d\u2019ailleurs. Pour cet acte 1, les projecteurs seront particuli\u00e8rement braqu\u00e9s sur les stylistes et l\u2019univers de la mode. Initi\u00e9e par Abin Afrique Fashion, cette c\u00e9r\u00e9monie [&hellip;]<\/p>\n","protected":false},"author":2,"featured_media":13470,"comment_status":"closed","ping_status":"closed","sticky":false,"template":"","format":"standard","meta":{"_mi_skip_tracking":false,"_monsterinsights_sitenote_active":false,"_monsterinsights_sitenote_note":"","_monsterinsights_sitenote_category":0,"footnotes":""},"categories":[21],"tags":[4405,4406],"class_list":["post-13465","post","type-post","status-publish","format-standard","has-post-thumbnail","hentry","category-actualite","tag-golden-gala","tag-premiere-edition-golden-gala"],"yoast_head":"<!-- This site is optimized with the Yoast SEO Premium plugin v20.1 (Yoast SEO v24.0) - https:\/\/yoast.com\/wordpress\/plugins\/seo\/ -->\n<title>Entre mode, distinctions et prestations artistiques, le Golden Gala lance sa premi\u00e8re \u00e9dition - Culturbaine<\/title>\n<meta name=\"robots\" content=\"index, follow, max-snippet:-1, max-image-preview:large, max-video-preview:-1\" \/>\n<link rel=\"canonical\" href=\"https:\/\/culturbaine.com\/index.php\/2026\/03\/16\/entre-mode-distinctions-et-prestations-artistiques-le-golden-gala-lance-sa-premiere-edition\/\" \/>\n<meta property=\"og:locale\" content=\"fr_FR\" \/>\n<meta property=\"og:type\" content=\"article\" \/>\n<meta property=\"og:title\" content=\"Entre mode, distinctions et prestations artistiques, le Golden Gala lance sa premi\u00e8re \u00e9dition\" \/>\n<meta property=\"og:description\" content=\"Le vendredi 27 mars \u00e0 partir de 19h, Hotel Noom accueillera la premi\u00e8re \u00e9dition du Golden Gala, un \u00e9v\u00e9nement prestigieux qui ambitionne de r\u00e9unir des c\u00e9l\u00e9brit\u00e9s venues de Guin\u00e9e et d\u2019ailleurs. Pour cet acte 1, les projecteurs seront particuli\u00e8rement braqu\u00e9s sur les stylistes et l\u2019univers de la mode. Initi\u00e9e par Abin Afrique Fashion, cette c\u00e9r\u00e9monie [&hellip;]\" \/>\n<meta property=\"og:url\" content=\"https:\/\/culturbaine.com\/index.php\/2026\/03\/16\/entre-mode-distinctions-et-prestations-artistiques-le-golden-gala-lance-sa-premiere-edition\/\" \/>\n<meta property=\"og:site_name\" content=\"Culturbaine\" \/>\n<meta property=\"article:publisher\" content=\"https:\/\/www.facebook.com\/Culturbaines\" \/>\n<meta property=\"article:published_time\" content=\"2026-03-16T21:26:32+00:00\" \/>\n<meta property=\"article:modified_time\" content=\"2026-03-17T08:24:29+00:00\" \/>\n<meta property=\"og:image\" content=\"https:\/\/culturbaine.com\/wp-content\/uploads\/2026\/03\/IMG-20260316-WA0018.jpg\" \/>\n\t<meta property=\"og:image:width\" content=\"1280\" \/>\n\t<meta property=\"og:image:height\" content=\"960\" \/>\n\t<meta property=\"og:image:type\" content=\"image\/jpeg\" \/>\n<meta name=\"author\" content=\"admin1\" \/>\n<meta name=\"twitter:card\" content=\"summary_large_image\" \/>\n<meta name=\"twitter:creator\" content=\"@culturbaines\" \/>\n<meta name=\"twitter:site\" content=\"@culturbaines\" \/>\n<meta name=\"twitter:label1\" content=\"\u00c9crit par\" \/>\n\t<meta name=\"twitter:data1\" content=\"admin1\" \/>\n\t<meta name=\"twitter:label2\" content=\"Dur\u00e9e de lecture estim\u00e9e\" \/>\n\t<meta name=\"twitter:data2\" content=\"2 minutes\" \/>\n<script type=\"application\/ld+json\" class=\"yoast-schema-graph\">{\"@context\":\"https:\/\/schema.org\",\"@graph\":[{\"@type\":\"Article\",\"@id\":\"https:\/\/culturbaine.com\/index.php\/2026\/03\/16\/entre-mode-distinctions-et-prestations-artistiques-le-golden-gala-lance-sa-premiere-edition\/#article\",\"isPartOf\":{\"@id\":\"https:\/\/culturbaine.com\/index.php\/2026\/03\/16\/entre-mode-distinctions-et-prestations-artistiques-le-golden-gala-lance-sa-premiere-edition\/\"},\"author\":{\"name\":\"admin1\",\"@id\":\"https:\/\/culturbaine.com\/#\/schema\/person\/42eb7485c572e0746c1ea6b8216c3814\"},\"headline\":\"Entre mode, distinctions et prestations artistiques, le Golden Gala lance sa premi\u00e8re \u00e9dition\",\"datePublished\":\"2026-03-16T21:26:32+00:00\",\"dateModified\":\"2026-03-17T08:24:29+00:00\",\"mainEntityOfPage\":{\"@id\":\"https:\/\/culturbaine.com\/index.php\/2026\/03\/16\/entre-mode-distinctions-et-prestations-artistiques-le-golden-gala-lance-sa-premiere-edition\/\"},\"wordCount\":364,\"publisher\":{\"@id\":\"https:\/\/culturbaine.com\/#organization\"},\"image\":{\"@id\":\"https:\/\/culturbaine.com\/index.php\/2026\/03\/16\/entre-mode-distinctions-et-prestations-artistiques-le-golden-gala-lance-sa-premiere-edition\/#primaryimage\"},\"thumbnailUrl\":\"https:\/\/culturbaine.com\/wp-content\/uploads\/2026\/03\/IMG-20260316-WA0018.jpg\",\"keywords\":[\"Golden Gala\",\"Premi\u00e8re \u00e9dition Golden Gala\"],\"articleSection\":[\"Actualit\u00e9\"],\"inLanguage\":\"fr-FR\"},{\"@type\":\"WebPage\",\"@id\":\"https:\/\/culturbaine.com\/index.php\/2026\/03\/16\/entre-mode-distinctions-et-prestations-artistiques-le-golden-gala-lance-sa-premiere-edition\/\",\"url\":\"https:\/\/culturbaine.com\/index.php\/2026\/03\/16\/entre-mode-distinctions-et-prestations-artistiques-le-golden-gala-lance-sa-premiere-edition\/\",\"name\":\"Entre mode, distinctions et prestations artistiques, le Golden Gala lance sa premi\u00e8re \u00e9dition - Culturbaine\",\"isPartOf\":{\"@id\":\"https:\/\/culturbaine.com\/#website\"},\"primaryImageOfPage\":{\"@id\":\"https:\/\/culturbaine.com\/index.php\/2026\/03\/16\/entre-mode-distinctions-et-prestations-artistiques-le-golden-gala-lance-sa-premiere-edition\/#primaryimage\"},\"image\":{\"@id\":\"https:\/\/culturbaine.com\/index.php\/2026\/03\/16\/entre-mode-distinctions-et-prestations-artistiques-le-golden-gala-lance-sa-premiere-edition\/#primaryimage\"},\"thumbnailUrl\":\"https:\/\/culturbaine.com\/wp-content\/uploads\/2026\/03\/IMG-20260316-WA0018.jpg\",\"datePublished\":\"2026-03-16T21:26:32+00:00\",\"dateModified\":\"2026-03-17T08:24:29+00:00\",\"breadcrumb\":{\"@id\":\"https:\/\/culturbaine.com\/index.php\/2026\/03\/16\/entre-mode-distinctions-et-prestations-artistiques-le-golden-gala-lance-sa-premiere-edition\/#breadcrumb\"},\"inLanguage\":\"fr-FR\",\"potentialAction\":[{\"@type\":\"ReadAction\",\"target\":[\"https:\/\/culturbaine.com\/index.php\/2026\/03\/16\/entre-mode-distinctions-et-prestations-artistiques-le-golden-gala-lance-sa-premiere-edition\/\"]}]},{\"@type\":\"ImageObject\",\"inLanguage\":\"fr-FR\",\"@id\":\"https:\/\/culturbaine.com\/index.php\/2026\/03\/16\/entre-mode-distinctions-et-prestations-artistiques-le-golden-gala-lance-sa-premiere-edition\/#primaryimage\",\"url\":\"https:\/\/culturbaine.com\/wp-content\/uploads\/2026\/03\/IMG-20260316-WA0018.jpg\",\"contentUrl\":\"https:\/\/culturbaine.com\/wp-content\/uploads\/2026\/03\/IMG-20260316-WA0018.jpg\",\"width\":1280,\"height\":960},{\"@type\":\"BreadcrumbList\",\"@id\":\"https:\/\/culturbaine.com\/index.php\/2026\/03\/16\/entre-mode-distinctions-et-prestations-artistiques-le-golden-gala-lance-sa-premiere-edition\/#breadcrumb\",\"itemListElement\":[{\"@type\":\"ListItem\",\"position\":1,\"name\":\"Home\",\"item\":\"https:\/\/culturbaine.com\/\"},{\"@type\":\"ListItem\",\"position\":2,\"name\":\"Entre mode, distinctions et prestations artistiques, le Golden Gala lance sa premi\u00e8re \u00e9dition\"}]},{\"@type\":\"WebSite\",\"@id\":\"https:\/\/culturbaine.com\/#website\",\"url\":\"https:\/\/culturbaine.com\/\",\"name\":\"Culturbaine.com\",\"description\":\"Toute l&#039;actualit\u00e9 des Cultures Urbaines, en un clic  !\",\"publisher\":{\"@id\":\"https:\/\/culturbaine.com\/#organization\"},\"potentialAction\":[{\"@type\":\"SearchAction\",\"target\":{\"@type\":\"EntryPoint\",\"urlTemplate\":\"https:\/\/culturbaine.com\/?s={search_term_string}\"},\"query-input\":{\"@type\":\"PropertyValueSpecification\",\"valueRequired\":true,\"valueName\":\"search_term_string\"}}],\"inLanguage\":\"fr-FR\"},{\"@type\":\"Organization\",\"@id\":\"https:\/\/culturbaine.com\/#organization\",\"name\":\"Culturbaine.com\",\"url\":\"https:\/\/culturbaine.com\/\",\"logo\":{\"@type\":\"ImageObject\",\"inLanguage\":\"fr-FR\",\"@id\":\"https:\/\/culturbaine.com\/#\/schema\/logo\/image\/\",\"url\":\"https:\/\/culturbaine.com\/wp-content\/uploads\/2023\/07\/WhatsApp-Image-2023-07-17-at-14.38.18.jpeg\",\"contentUrl\":\"https:\/\/culturbaine.com\/wp-content\/uploads\/2023\/07\/WhatsApp-Image-2023-07-17-at-14.38.18.jpeg\",\"width\":855,\"height\":270,\"caption\":\"Culturbaine.com\"},\"image\":{\"@id\":\"https:\/\/culturbaine.com\/#\/schema\/logo\/image\/\"},\"sameAs\":[\"https:\/\/www.facebook.com\/Culturbaines\",\"https:\/\/x.com\/culturbaines\"]},{\"@type\":\"Person\",\"@id\":\"https:\/\/culturbaine.com\/#\/schema\/person\/42eb7485c572e0746c1ea6b8216c3814\",\"name\":\"admin1\",\"image\":{\"@type\":\"ImageObject\",\"inLanguage\":\"fr-FR\",\"@id\":\"https:\/\/culturbaine.com\/#\/schema\/person\/image\/\",\"url\":\"https:\/\/secure.gravatar.com\/avatar\/c268f4d483ce0486e5a10fee87bbf756?s=96&d=mm&r=g\",\"contentUrl\":\"https:\/\/secure.gravatar.com\/avatar\/c268f4d483ce0486e5a10fee87bbf756?s=96&d=mm&r=g\",\"caption\":\"admin1\"},\"url\":\"https:\/\/culturbaine.com\/index.php\/author\/admin1\/\"}]}<\/script>\n<!-- \/ Yoast SEO Premium plugin. -->","yoast_head_json":{"title":"Entre mode, distinctions et prestations artistiques, le Golden Gala lance sa premi\u00e8re \u00e9dition - Culturbaine","robots":{"index":"index","follow":"follow","max-snippet":"max-snippet:-1","max-image-preview":"max-image-preview:large","max-video-preview":"max-video-preview:-1"},"canonical":"https:\/\/culturbaine.com\/index.php\/2026\/03\/16\/entre-mode-distinctions-et-prestations-artistiques-le-golden-gala-lance-sa-premiere-edition\/","og_locale":"fr_FR","og_type":"article","og_title":"Entre mode, distinctions et prestations artistiques, le Golden Gala lance sa premi\u00e8re \u00e9dition","og_description":"Le vendredi 27 mars \u00e0 partir de 19h, Hotel Noom accueillera la premi\u00e8re \u00e9dition du Golden Gala, un \u00e9v\u00e9nement prestigieux qui ambitionne de r\u00e9unir des c\u00e9l\u00e9brit\u00e9s venues de Guin\u00e9e et d\u2019ailleurs. Pour cet acte 1, les projecteurs seront particuli\u00e8rement braqu\u00e9s sur les stylistes et l\u2019univers de la mode. Initi\u00e9e par Abin Afrique Fashion, cette c\u00e9r\u00e9monie [&hellip;]","og_url":"https:\/\/culturbaine.com\/index.php\/2026\/03\/16\/entre-mode-distinctions-et-prestations-artistiques-le-golden-gala-lance-sa-premiere-edition\/","og_site_name":"Culturbaine","article_publisher":"https:\/\/www.facebook.com\/Culturbaines","article_published_time":"2026-03-16T21:26:32+00:00","article_modified_time":"2026-03-17T08:24:29+00:00","og_image":[{"width":1280,"height":960,"url":"https:\/\/culturbaine.com\/wp-content\/uploads\/2026\/03\/IMG-20260316-WA0018.jpg","type":"image\/jpeg"}],"author":"admin1","twitter_card":"summary_large_image","twitter_creator":"@culturbaines","twitter_site":"@culturbaines","twitter_misc":{"\u00c9crit par":"admin1","Dur\u00e9e de lecture estim\u00e9e":"2 minutes"},"schema":{"@context":"https:\/\/schema.org","@graph":[{"@type":"Article","@id":"https:\/\/culturbaine.com\/index.php\/2026\/03\/16\/entre-mode-distinctions-et-prestations-artistiques-le-golden-gala-lance-sa-premiere-edition\/#article","isPartOf":{"@id":"https:\/\/culturbaine.com\/index.php\/2026\/03\/16\/entre-mode-distinctions-et-prestations-artistiques-le-golden-gala-lance-sa-premiere-edition\/"},"author":{"name":"admin1","@id":"https:\/\/culturbaine.com\/#\/schema\/person\/42eb7485c572e0746c1ea6b8216c3814"},"headline":"Entre mode, distinctions et prestations artistiques, le Golden Gala lance sa premi\u00e8re \u00e9dition","datePublished":"2026-03-16T21:26:32+00:00","dateModified":"2026-03-17T08:24:29+00:00","mainEntityOfPage":{"@id":"https:\/\/culturbaine.com\/index.php\/2026\/03\/16\/entre-mode-distinctions-et-prestations-artistiques-le-golden-gala-lance-sa-premiere-edition\/"},"wordCount":364,"publisher":{"@id":"https:\/\/culturbaine.com\/#organization"},"image":{"@id":"https:\/\/culturbaine.com\/index.php\/2026\/03\/16\/entre-mode-distinctions-et-prestations-artistiques-le-golden-gala-lance-sa-premiere-edition\/#primaryimage"},"thumbnailUrl":"https:\/\/culturbaine.com\/wp-content\/uploads\/2026\/03\/IMG-20260316-WA0018.jpg","keywords":["Golden Gala","Premi\u00e8re \u00e9dition Golden Gala"],"articleSection":["Actualit\u00e9"],"inLanguage":"fr-FR"},{"@type":"WebPage","@id":"https:\/\/culturbaine.com\/index.php\/2026\/03\/16\/entre-mode-distinctions-et-prestations-artistiques-le-golden-gala-lance-sa-premiere-edition\/","url":"https:\/\/culturbaine.com\/index.php\/2026\/03\/16\/entre-mode-distinctions-et-prestations-artistiques-le-golden-gala-lance-sa-premiere-edition\/","name":"Entre mode, distinctions et prestations artistiques, le Golden Gala lance sa premi\u00e8re \u00e9dition - Culturbaine","isPartOf":{"@id":"https:\/\/culturbaine.com\/#website"},"primaryImageOfPage":{"@id":"https:\/\/culturbaine.com\/index.php\/2026\/03\/16\/entre-mode-distinctions-et-prestations-artistiques-le-golden-gala-lance-sa-premiere-edition\/#primaryimage"},"image":{"@id":"https:\/\/culturbaine.com\/index.php\/2026\/03\/16\/entre-mode-distinctions-et-prestations-artistiques-le-golden-gala-lance-sa-premiere-edition\/#primaryimage"},"thumbnailUrl":"https:\/\/culturbaine.com\/wp-content\/uploads\/2026\/03\/IMG-20260316-WA0018.jpg","datePublished":"2026-03-16T21:26:32+00:00","dateModified":"2026-03-17T08:24:29+00:00","breadcrumb":{"@id":"https:\/\/culturbaine.com\/index.php\/2026\/03\/16\/entre-mode-distinctions-et-prestations-artistiques-le-golden-gala-lance-sa-premiere-edition\/#breadcrumb"},"inLanguage":"fr-FR","potentialAction":[{"@type":"ReadAction","target":["https:\/\/culturbaine.com\/index.php\/2026\/03\/16\/entre-mode-distinctions-et-prestations-artistiques-le-golden-gala-lance-sa-premiere-edition\/"]}]},{"@type":"ImageObject","inLanguage":"fr-FR","@id":"https:\/\/culturbaine.com\/index.php\/2026\/03\/16\/entre-mode-distinctions-et-prestations-artistiques-le-golden-gala-lance-sa-premiere-edition\/#primaryimage","url":"https:\/\/culturbaine.com\/wp-content\/uploads\/2026\/03\/IMG-20260316-WA0018.jpg","contentUrl":"https:\/\/culturbaine.com\/wp-content\/uploads\/2026\/03\/IMG-20260316-WA0018.jpg","width":1280,"height":960},{"@type":"BreadcrumbList","@id":"https:\/\/culturbaine.com\/index.php\/2026\/03\/16\/entre-mode-distinctions-et-prestations-artistiques-le-golden-gala-lance-sa-premiere-edition\/#breadcrumb","itemListElement":[{"@type":"ListItem","position":1,"name":"Home","item":"https:\/\/culturbaine.com\/"},{"@type":"ListItem","position":2,"name":"Entre mode, distinctions et prestations artistiques, le Golden Gala lance sa premi\u00e8re \u00e9dition"}]},{"@type":"WebSite","@id":"https:\/\/culturbaine.com\/#website","url":"https:\/\/culturbaine.com\/","name":"Culturbaine.com","description":"Toute l&#039;actualit\u00e9 des Cultures Urbaines, en un clic  !","publisher":{"@id":"https:\/\/culturbaine.com\/#organization"},"potentialAction":[{"@type":"SearchAction","target":{"@type":"EntryPoint","urlTemplate":"https:\/\/culturbaine.com\/?s={search_term_string}"},"query-input":{"@type":"PropertyValueSpecification","valueRequired":true,"valueName":"search_term_string"}}],"inLanguage":"fr-FR"},{"@type":"Organization","@id":"https:\/\/culturbaine.com\/#organization","name":"Culturbaine.com","url":"https:\/\/culturbaine.com\/","logo":{"@type":"ImageObject","inLanguage":"fr-FR","@id":"https:\/\/culturbaine.com\/#\/schema\/logo\/image\/","url":"https:\/\/culturbaine.com\/wp-content\/uploads\/2023\/07\/WhatsApp-Image-2023-07-17-at-14.38.18.jpeg","contentUrl":"https:\/\/culturbaine.com\/wp-content\/uploads\/2023\/07\/WhatsApp-Image-2023-07-17-at-14.38.18.jpeg","width":855,"height":270,"caption":"Culturbaine.com"},"image":{"@id":"https:\/\/culturbaine.com\/#\/schema\/logo\/image\/"},"sameAs":["https:\/\/www.facebook.com\/Culturbaines","https:\/\/x.com\/culturbaines"]},{"@type":"Person","@id":"https:\/\/culturbaine.com\/#\/schema\/person\/42eb7485c572e0746c1ea6b8216c3814","name":"admin1","image":{"@type":"ImageObject","inLanguage":"fr-FR","@id":"https:\/\/culturbaine.com\/#\/schema\/person\/image\/","url":"https:\/\/secure.gravatar.com\/avatar\/c268f4d483ce0486e5a10fee87bbf756?s=96&d=mm&r=g","contentUrl":"https:\/\/secure.gravatar.com\/avatar\/c268f4d483ce0486e5a10fee87bbf756?s=96&d=mm&r=g","caption":"admin1"},"url":"https:\/\/culturbaine.com\/index.php\/author\/admin1\/"}]}},"_links":{"self":[{"href":"https:\/\/culturbaine.com\/index.php\/wp-json\/wp\/v2\/posts\/13465"}],"collection":[{"href":"https:\/\/culturbaine.com\/index.php\/wp-json\/wp\/v2\/posts"}],"about":[{"href":"https:\/\/culturbaine.com\/index.php\/wp-json\/wp\/v2\/types\/post"}],"author":[{"embeddable":true,"href":"https:\/\/culturbaine.com\/index.php\/wp-json\/wp\/v2\/users\/2"}],"replies":[{"embeddable":true,"href":"https:\/\/culturbaine.com\/index.php\/wp-json\/wp\/v2\/comments?post=13465"}],"version-history":[{"count":0,"href":"https:\/\/culturbaine.com\/index.php\/wp-json\/wp\/v2\/posts\/13465\/revisions"}],"wp:featuredmedia":[{"embeddable":true,"href":"https:\/\/culturbaine.com\/index.php\/wp-json\/wp\/v2\/media\/13470"}],"wp:attachment":[{"href":"https:\/\/culturbaine.com\/index.php\/wp-json\/wp\/v2\/media?parent=13465"}],"wp:term":[{"taxonomy":"category","embeddable":true,"href":"https:\/\/culturbaine.com\/index.php\/wp-json\/wp\/v2\/categories?post=13465"},{"taxonomy":"post_tag","embeddable":true,"href":"https:\/\/culturbaine.com\/index.php\/wp-json\/wp\/v2\/tags?post=13465"}],"curies":[{"name":"wp","href":"https:\/\/api.w.org\/{rel}","templated":true}]}}