{"id":13260,"date":"2026-01-29T09:17:36","date_gmt":"2026-01-29T09:17:36","guid":{"rendered":"https:\/\/culturbaine.com\/?p=13260"},"modified":"2026-01-29T09:17:36","modified_gmt":"2026-01-29T09:17:36","slug":"cancer-levee-de-fonds-de-jess-children-and-women-le-18-avril-au-radisson-blu","status":"publish","type":"post","link":"https:\/\/culturbaine.com\/index.php\/2026\/01\/29\/cancer-levee-de-fonds-de-jess-children-and-women-le-18-avril-au-radisson-blu\/","title":{"rendered":"Cancer : Lev\u00e9e de fonds de Jess Children and Women le 18 avril au Radisson Blu"},"content":{"rendered":"<p>Le Radisson Blu H\u00f4tel de Conakry va abriter, le 18 avril prochain, le lancement officiel de la lev\u00e9e de fonds de l\u2019ONG <strong>Jess Children and Women<\/strong>, en vue de la construction d\u2019un centre d\u2019accompagnement destin\u00e9 aux femmes et aux enfants en r\u00e9mission du cancer.<\/p>\n<p>L\u2019annonce a \u00e9t\u00e9 faite ce soir, \u00e0 l\u2019occasion d\u2019une conf\u00e9rence de presse organis\u00e9e dans un h\u00f4tel de la place. Les organisateurs ont profit\u00e9 de cette rencontre avec les m\u00e9dias pour pr\u00e9senter le projet et lancer un appel \u00e0 la mobilisation autour de cette initiative \u00e0 caract\u00e8re social et sanitaire.<\/p>\n<p>Selon la pr\u00e9sidente de l\u2019ONG, <strong>Mme Sacko Fatou Jessica Morthan Soumah<\/strong>, la cr\u00e9ation de Jess Children and Women est n\u00e9e d\u2019une exp\u00e9rience personnelle douloureuse. Elle explique que tout est parti du combat men\u00e9 par l\u2019un de ses fils contre le cancer. \u00ab<em><strong> L\u2019ONG n\u2019a pas \u00e9t\u00e9 cr\u00e9\u00e9e par hasard. C\u2019est quelque chose qui vient du c\u0153ur. Quand j\u2019ai vu mon fils \u00e0 l\u2019h\u00f4pital, et qu\u2019il a eu la chance de s\u2019en sortir, je me suis dit qu\u2019il fallait cr\u00e9er une ONG pour aider les autres<\/strong> <\/em>\u00bb, a-t-elle confi\u00e9.<\/p>\n<p>\u00c0 ce jour, les travaux de fondation du futur centre sont d\u00e9j\u00e0 achev\u00e9s. L\u2019ONG s\u2019appr\u00eate d\u00e9sormais \u00e0 passer \u00e0 la phase d\u2019\u00e9l\u00e9vation, une \u00e9tape cruciale qui n\u00e9cessite un important soutien financier. Dans cette dynamique, <strong>Jess Holding<\/strong> consacre plus de 30 % de son chiffre d\u2019affaires aux \u0153uvres sociales de l\u2019ONG.<\/p>\n<p>Vice-pr\u00e9sident de <strong>Jess Children and Women, l<\/strong>\u2019artiste Lil Saako a, pour sa part, insist\u00e9 sur l\u2019urgence de la lutte contre le cancer et le manque d\u2019information autour de cette maladie. \u00ab <em><strong>Il y a beaucoup de femmes, de mamans et de b\u00e9b\u00e9s qui meurent du cancer sans m\u00eame le savoir. On doit tous lutter contre \u00e7a. Cette lev\u00e9e de fonds est aussi une occasion de parler du cancer avec des experts pour montrer qu\u2019on peut vaincre cette maladie<\/strong> <\/em>\u00bb, a-t-il d\u00e9clar\u00e9.<\/p>\n<p>Pr\u00e9sente \u00e0 la conf\u00e9rence, <strong>Dr Barry Aissatou<\/strong>, sp\u00e9cialiste de la question, a rappel\u00e9 que le cancer constitue aujourd\u2019hui un v\u00e9ritable probl\u00e8me de sant\u00e9 publique : \u00ab <em><strong>Le cancer n\u2019est pas un sort. C\u2019est une maladie. Si on la d\u00e9piste tr\u00e8s t\u00f4t, \u00e0 95 %, on peut la traiter. Le plus grand probl\u00e8me, c\u2019est le manque d\u2019\u00e9ducation et de sensibilisation. Si les gens connaissent les signes pr\u00e9curseurs, beaucoup de vies peuvent \u00eatre sauv\u00e9es<\/strong><\/em> \u00bb, a-t-elle soulign\u00e9.<\/p>\n<p>Parmi les partenaires de l\u2019ONG figure <strong>Hypro Sarlu<\/strong>, qui a notamment offert un forage \u00e0 la structure. Son responsable, <strong>Djemory Kouyat\u00e9<\/strong>, a r\u00e9affirm\u00e9 l\u2019engagement de son entreprise aux c\u00f4t\u00e9s de <strong>Jess Children and Women.<\/strong><\/p>\n<p>Pour mener \u00e0 bien ce projet, l\u2019ONG estime ses besoins financiers entre 7 et 8 milliards de francs guin\u00e9ens. Jusqu\u2019\u00e0 pr\u00e9sent, les activit\u00e9s sont financ\u00e9es sur fonds propres.<\/p>\n<p>En marge de cette initiative, une compilation musicale de sensibilisation contre le cancer est \u00e9galement en pr\u00e9paration. Le projet regroupera neuf artistes guin\u00e9ens, dont <strong>Lil Saako, Amaza, Djelykaba, Khady Diop, Antoine Flingo<\/strong>, entre autres.<\/p>\n<p>Le public est donc invit\u00e9 le 18 avril prochain au Radisson Blu H\u00f4tel, pour le d\u00eener de lev\u00e9e de fonds organis\u00e9 par l\u2019ONG <strong>Jess Children and Women<\/strong>, dans le cadre de la construction de ce centre d\u2019accompagnement destin\u00e9 aux femmes et aux enfants en r\u00e9mission du cancer.<\/p>\n<p><strong>M.C.S<\/strong><\/p>\n","protected":false},"excerpt":{"rendered":"<p>Le Radisson Blu H\u00f4tel de Conakry va abriter, le 18 avril prochain, le lancement officiel de la lev\u00e9e de fonds de l\u2019ONG Jess Children and Women, en vue de la construction d\u2019un centre d\u2019accompagnement destin\u00e9 aux femmes et aux enfants en r\u00e9mission du cancer. L\u2019annonce a \u00e9t\u00e9 faite ce soir, \u00e0 l\u2019occasion d\u2019une conf\u00e9rence de [&hellip;]<\/p>\n","protected":false},"author":2,"featured_media":13261,"comment_status":"closed","ping_status":"closed","sticky":false,"template":"","format":"standard","meta":{"_mi_skip_tracking":false,"_monsterinsights_sitenote_active":false,"_monsterinsights_sitenote_note":"","_monsterinsights_sitenote_category":0,"footnotes":""},"categories":[21],"tags":[4343],"class_list":["post-13260","post","type-post","status-publish","format-standard","has-post-thumbnail","hentry","category-actualite","tag-cancer-levee-de-fonds-de-jess-children-and-women-le-18-avril-au-radisson-blu"],"yoast_head":"<!-- This site is optimized with the Yoast SEO Premium plugin v20.1 (Yoast SEO v24.0) - https:\/\/yoast.com\/wordpress\/plugins\/seo\/ -->\n<title>Cancer : Lev\u00e9e de fonds de Jess Children and Women le 18 avril au Radisson Blu - Culturbaine<\/title>\n<meta name=\"robots\" content=\"index, follow, max-snippet:-1, max-image-preview:large, max-video-preview:-1\" \/>\n<link rel=\"canonical\" href=\"https:\/\/culturbaine.com\/index.php\/2026\/01\/29\/cancer-levee-de-fonds-de-jess-children-and-women-le-18-avril-au-radisson-blu\/\" \/>\n<meta property=\"og:locale\" content=\"fr_FR\" \/>\n<meta property=\"og:type\" content=\"article\" \/>\n<meta property=\"og:title\" content=\"Cancer : Lev\u00e9e de fonds de Jess Children and Women le 18 avril au Radisson Blu\" \/>\n<meta property=\"og:description\" content=\"Le Radisson Blu H\u00f4tel de Conakry va abriter, le 18 avril prochain, le lancement officiel de la lev\u00e9e de fonds de l\u2019ONG Jess Children and Women, en vue de la construction d\u2019un centre d\u2019accompagnement destin\u00e9 aux femmes et aux enfants en r\u00e9mission du cancer. L\u2019annonce a \u00e9t\u00e9 faite ce soir, \u00e0 l\u2019occasion d\u2019une conf\u00e9rence de [&hellip;]\" \/>\n<meta property=\"og:url\" content=\"https:\/\/culturbaine.com\/index.php\/2026\/01\/29\/cancer-levee-de-fonds-de-jess-children-and-women-le-18-avril-au-radisson-blu\/\" \/>\n<meta property=\"og:site_name\" content=\"Culturbaine\" \/>\n<meta property=\"article:publisher\" content=\"https:\/\/www.facebook.com\/Culturbaines\" \/>\n<meta property=\"article:published_time\" content=\"2026-01-29T09:17:36+00:00\" \/>\n<meta property=\"og:image\" content=\"https:\/\/culturbaine.com\/wp-content\/uploads\/2026\/01\/17696772961052.jpg\" \/>\n\t<meta property=\"og:image:width\" content=\"625\" \/>\n\t<meta property=\"og:image:height\" content=\"379\" \/>\n\t<meta property=\"og:image:type\" content=\"image\/jpeg\" \/>\n<meta name=\"author\" content=\"admin1\" \/>\n<meta name=\"twitter:card\" content=\"summary_large_image\" \/>\n<meta name=\"twitter:creator\" content=\"@culturbaines\" \/>\n<meta name=\"twitter:site\" content=\"@culturbaines\" \/>\n<meta name=\"twitter:label1\" content=\"\u00c9crit par\" \/>\n\t<meta name=\"twitter:data1\" content=\"admin1\" \/>\n\t<meta name=\"twitter:label2\" content=\"Dur\u00e9e de lecture estim\u00e9e\" \/>\n\t<meta name=\"twitter:data2\" content=\"3 minutes\" \/>\n<script type=\"application\/ld+json\" class=\"yoast-schema-graph\">{\"@context\":\"https:\/\/schema.org\",\"@graph\":[{\"@type\":\"Article\",\"@id\":\"https:\/\/culturbaine.com\/index.php\/2026\/01\/29\/cancer-levee-de-fonds-de-jess-children-and-women-le-18-avril-au-radisson-blu\/#article\",\"isPartOf\":{\"@id\":\"https:\/\/culturbaine.com\/index.php\/2026\/01\/29\/cancer-levee-de-fonds-de-jess-children-and-women-le-18-avril-au-radisson-blu\/\"},\"author\":{\"name\":\"admin1\",\"@id\":\"https:\/\/culturbaine.com\/#\/schema\/person\/42eb7485c572e0746c1ea6b8216c3814\"},\"headline\":\"Cancer : Lev\u00e9e de fonds de Jess Children and Women le 18 avril au Radisson Blu\",\"datePublished\":\"2026-01-29T09:17:36+00:00\",\"dateModified\":\"2026-01-29T09:17:36+00:00\",\"mainEntityOfPage\":{\"@id\":\"https:\/\/culturbaine.com\/index.php\/2026\/01\/29\/cancer-levee-de-fonds-de-jess-children-and-women-le-18-avril-au-radisson-blu\/\"},\"wordCount\":611,\"publisher\":{\"@id\":\"https:\/\/culturbaine.com\/#organization\"},\"image\":{\"@id\":\"https:\/\/culturbaine.com\/index.php\/2026\/01\/29\/cancer-levee-de-fonds-de-jess-children-and-women-le-18-avril-au-radisson-blu\/#primaryimage\"},\"thumbnailUrl\":\"https:\/\/culturbaine.com\/wp-content\/uploads\/2026\/01\/17696772961052.jpg\",\"keywords\":[\"Cancer : Lev\u00e9e de fonds de Jess Children and Women le 18 avril au Radisson Blu\"],\"articleSection\":[\"Actualit\u00e9\"],\"inLanguage\":\"fr-FR\"},{\"@type\":\"WebPage\",\"@id\":\"https:\/\/culturbaine.com\/index.php\/2026\/01\/29\/cancer-levee-de-fonds-de-jess-children-and-women-le-18-avril-au-radisson-blu\/\",\"url\":\"https:\/\/culturbaine.com\/index.php\/2026\/01\/29\/cancer-levee-de-fonds-de-jess-children-and-women-le-18-avril-au-radisson-blu\/\",\"name\":\"Cancer : Lev\u00e9e de fonds de Jess Children and Women le 18 avril au Radisson Blu - Culturbaine\",\"isPartOf\":{\"@id\":\"https:\/\/culturbaine.com\/#website\"},\"primaryImageOfPage\":{\"@id\":\"https:\/\/culturbaine.com\/index.php\/2026\/01\/29\/cancer-levee-de-fonds-de-jess-children-and-women-le-18-avril-au-radisson-blu\/#primaryimage\"},\"image\":{\"@id\":\"https:\/\/culturbaine.com\/index.php\/2026\/01\/29\/cancer-levee-de-fonds-de-jess-children-and-women-le-18-avril-au-radisson-blu\/#primaryimage\"},\"thumbnailUrl\":\"https:\/\/culturbaine.com\/wp-content\/uploads\/2026\/01\/17696772961052.jpg\",\"datePublished\":\"2026-01-29T09:17:36+00:00\",\"dateModified\":\"2026-01-29T09:17:36+00:00\",\"breadcrumb\":{\"@id\":\"https:\/\/culturbaine.com\/index.php\/2026\/01\/29\/cancer-levee-de-fonds-de-jess-children-and-women-le-18-avril-au-radisson-blu\/#breadcrumb\"},\"inLanguage\":\"fr-FR\",\"potentialAction\":[{\"@type\":\"ReadAction\",\"target\":[\"https:\/\/culturbaine.com\/index.php\/2026\/01\/29\/cancer-levee-de-fonds-de-jess-children-and-women-le-18-avril-au-radisson-blu\/\"]}]},{\"@type\":\"ImageObject\",\"inLanguage\":\"fr-FR\",\"@id\":\"https:\/\/culturbaine.com\/index.php\/2026\/01\/29\/cancer-levee-de-fonds-de-jess-children-and-women-le-18-avril-au-radisson-blu\/#primaryimage\",\"url\":\"https:\/\/culturbaine.com\/wp-content\/uploads\/2026\/01\/17696772961052.jpg\",\"contentUrl\":\"https:\/\/culturbaine.com\/wp-content\/uploads\/2026\/01\/17696772961052.jpg\",\"width\":625,\"height\":379},{\"@type\":\"BreadcrumbList\",\"@id\":\"https:\/\/culturbaine.com\/index.php\/2026\/01\/29\/cancer-levee-de-fonds-de-jess-children-and-women-le-18-avril-au-radisson-blu\/#breadcrumb\",\"itemListElement\":[{\"@type\":\"ListItem\",\"position\":1,\"name\":\"Home\",\"item\":\"https:\/\/culturbaine.com\/\"},{\"@type\":\"ListItem\",\"position\":2,\"name\":\"Cancer : Lev\u00e9e de fonds de Jess Children and Women le 18 avril au Radisson Blu\"}]},{\"@type\":\"WebSite\",\"@id\":\"https:\/\/culturbaine.com\/#website\",\"url\":\"https:\/\/culturbaine.com\/\",\"name\":\"Culturbaine.com\",\"description\":\"Toute l&#039;actualit\u00e9 des Cultures Urbaines, en un clic  !\",\"publisher\":{\"@id\":\"https:\/\/culturbaine.com\/#organization\"},\"potentialAction\":[{\"@type\":\"SearchAction\",\"target\":{\"@type\":\"EntryPoint\",\"urlTemplate\":\"https:\/\/culturbaine.com\/?s={search_term_string}\"},\"query-input\":{\"@type\":\"PropertyValueSpecification\",\"valueRequired\":true,\"valueName\":\"search_term_string\"}}],\"inLanguage\":\"fr-FR\"},{\"@type\":\"Organization\",\"@id\":\"https:\/\/culturbaine.com\/#organization\",\"name\":\"Culturbaine.com\",\"url\":\"https:\/\/culturbaine.com\/\",\"logo\":{\"@type\":\"ImageObject\",\"inLanguage\":\"fr-FR\",\"@id\":\"https:\/\/culturbaine.com\/#\/schema\/logo\/image\/\",\"url\":\"https:\/\/culturbaine.com\/wp-content\/uploads\/2023\/07\/WhatsApp-Image-2023-07-17-at-14.38.18.jpeg\",\"contentUrl\":\"https:\/\/culturbaine.com\/wp-content\/uploads\/2023\/07\/WhatsApp-Image-2023-07-17-at-14.38.18.jpeg\",\"width\":855,\"height\":270,\"caption\":\"Culturbaine.com\"},\"image\":{\"@id\":\"https:\/\/culturbaine.com\/#\/schema\/logo\/image\/\"},\"sameAs\":[\"https:\/\/www.facebook.com\/Culturbaines\",\"https:\/\/x.com\/culturbaines\"]},{\"@type\":\"Person\",\"@id\":\"https:\/\/culturbaine.com\/#\/schema\/person\/42eb7485c572e0746c1ea6b8216c3814\",\"name\":\"admin1\",\"image\":{\"@type\":\"ImageObject\",\"inLanguage\":\"fr-FR\",\"@id\":\"https:\/\/culturbaine.com\/#\/schema\/person\/image\/\",\"url\":\"https:\/\/secure.gravatar.com\/avatar\/c268f4d483ce0486e5a10fee87bbf756?s=96&d=mm&r=g\",\"contentUrl\":\"https:\/\/secure.gravatar.com\/avatar\/c268f4d483ce0486e5a10fee87bbf756?s=96&d=mm&r=g\",\"caption\":\"admin1\"},\"url\":\"https:\/\/culturbaine.com\/index.php\/author\/admin1\/\"}]}<\/script>\n<!-- \/ Yoast SEO Premium plugin. -->","yoast_head_json":{"title":"Cancer : Lev\u00e9e de fonds de Jess Children and Women le 18 avril au Radisson Blu - Culturbaine","robots":{"index":"index","follow":"follow","max-snippet":"max-snippet:-1","max-image-preview":"max-image-preview:large","max-video-preview":"max-video-preview:-1"},"canonical":"https:\/\/culturbaine.com\/index.php\/2026\/01\/29\/cancer-levee-de-fonds-de-jess-children-and-women-le-18-avril-au-radisson-blu\/","og_locale":"fr_FR","og_type":"article","og_title":"Cancer : Lev\u00e9e de fonds de Jess Children and Women le 18 avril au Radisson Blu","og_description":"Le Radisson Blu H\u00f4tel de Conakry va abriter, le 18 avril prochain, le lancement officiel de la lev\u00e9e de fonds de l\u2019ONG Jess Children and Women, en vue de la construction d\u2019un centre d\u2019accompagnement destin\u00e9 aux femmes et aux enfants en r\u00e9mission du cancer. L\u2019annonce a \u00e9t\u00e9 faite ce soir, \u00e0 l\u2019occasion d\u2019une conf\u00e9rence de [&hellip;]","og_url":"https:\/\/culturbaine.com\/index.php\/2026\/01\/29\/cancer-levee-de-fonds-de-jess-children-and-women-le-18-avril-au-radisson-blu\/","og_site_name":"Culturbaine","article_publisher":"https:\/\/www.facebook.com\/Culturbaines","article_published_time":"2026-01-29T09:17:36+00:00","og_image":[{"width":625,"height":379,"url":"https:\/\/culturbaine.com\/wp-content\/uploads\/2026\/01\/17696772961052.jpg","type":"image\/jpeg"}],"author":"admin1","twitter_card":"summary_large_image","twitter_creator":"@culturbaines","twitter_site":"@culturbaines","twitter_misc":{"\u00c9crit par":"admin1","Dur\u00e9e de lecture estim\u00e9e":"3 minutes"},"schema":{"@context":"https:\/\/schema.org","@graph":[{"@type":"Article","@id":"https:\/\/culturbaine.com\/index.php\/2026\/01\/29\/cancer-levee-de-fonds-de-jess-children-and-women-le-18-avril-au-radisson-blu\/#article","isPartOf":{"@id":"https:\/\/culturbaine.com\/index.php\/2026\/01\/29\/cancer-levee-de-fonds-de-jess-children-and-women-le-18-avril-au-radisson-blu\/"},"author":{"name":"admin1","@id":"https:\/\/culturbaine.com\/#\/schema\/person\/42eb7485c572e0746c1ea6b8216c3814"},"headline":"Cancer : Lev\u00e9e de fonds de Jess Children and Women le 18 avril au Radisson Blu","datePublished":"2026-01-29T09:17:36+00:00","dateModified":"2026-01-29T09:17:36+00:00","mainEntityOfPage":{"@id":"https:\/\/culturbaine.com\/index.php\/2026\/01\/29\/cancer-levee-de-fonds-de-jess-children-and-women-le-18-avril-au-radisson-blu\/"},"wordCount":611,"publisher":{"@id":"https:\/\/culturbaine.com\/#organization"},"image":{"@id":"https:\/\/culturbaine.com\/index.php\/2026\/01\/29\/cancer-levee-de-fonds-de-jess-children-and-women-le-18-avril-au-radisson-blu\/#primaryimage"},"thumbnailUrl":"https:\/\/culturbaine.com\/wp-content\/uploads\/2026\/01\/17696772961052.jpg","keywords":["Cancer : Lev\u00e9e de fonds de Jess Children and Women le 18 avril au Radisson Blu"],"articleSection":["Actualit\u00e9"],"inLanguage":"fr-FR"},{"@type":"WebPage","@id":"https:\/\/culturbaine.com\/index.php\/2026\/01\/29\/cancer-levee-de-fonds-de-jess-children-and-women-le-18-avril-au-radisson-blu\/","url":"https:\/\/culturbaine.com\/index.php\/2026\/01\/29\/cancer-levee-de-fonds-de-jess-children-and-women-le-18-avril-au-radisson-blu\/","name":"Cancer : Lev\u00e9e de fonds de Jess Children and Women le 18 avril au Radisson Blu - Culturbaine","isPartOf":{"@id":"https:\/\/culturbaine.com\/#website"},"primaryImageOfPage":{"@id":"https:\/\/culturbaine.com\/index.php\/2026\/01\/29\/cancer-levee-de-fonds-de-jess-children-and-women-le-18-avril-au-radisson-blu\/#primaryimage"},"image":{"@id":"https:\/\/culturbaine.com\/index.php\/2026\/01\/29\/cancer-levee-de-fonds-de-jess-children-and-women-le-18-avril-au-radisson-blu\/#primaryimage"},"thumbnailUrl":"https:\/\/culturbaine.com\/wp-content\/uploads\/2026\/01\/17696772961052.jpg","datePublished":"2026-01-29T09:17:36+00:00","dateModified":"2026-01-29T09:17:36+00:00","breadcrumb":{"@id":"https:\/\/culturbaine.com\/index.php\/2026\/01\/29\/cancer-levee-de-fonds-de-jess-children-and-women-le-18-avril-au-radisson-blu\/#breadcrumb"},"inLanguage":"fr-FR","potentialAction":[{"@type":"ReadAction","target":["https:\/\/culturbaine.com\/index.php\/2026\/01\/29\/cancer-levee-de-fonds-de-jess-children-and-women-le-18-avril-au-radisson-blu\/"]}]},{"@type":"ImageObject","inLanguage":"fr-FR","@id":"https:\/\/culturbaine.com\/index.php\/2026\/01\/29\/cancer-levee-de-fonds-de-jess-children-and-women-le-18-avril-au-radisson-blu\/#primaryimage","url":"https:\/\/culturbaine.com\/wp-content\/uploads\/2026\/01\/17696772961052.jpg","contentUrl":"https:\/\/culturbaine.com\/wp-content\/uploads\/2026\/01\/17696772961052.jpg","width":625,"height":379},{"@type":"BreadcrumbList","@id":"https:\/\/culturbaine.com\/index.php\/2026\/01\/29\/cancer-levee-de-fonds-de-jess-children-and-women-le-18-avril-au-radisson-blu\/#breadcrumb","itemListElement":[{"@type":"ListItem","position":1,"name":"Home","item":"https:\/\/culturbaine.com\/"},{"@type":"ListItem","position":2,"name":"Cancer : Lev\u00e9e de fonds de Jess Children and Women le 18 avril au Radisson Blu"}]},{"@type":"WebSite","@id":"https:\/\/culturbaine.com\/#website","url":"https:\/\/culturbaine.com\/","name":"Culturbaine.com","description":"Toute l&#039;actualit\u00e9 des Cultures Urbaines, en un clic  !","publisher":{"@id":"https:\/\/culturbaine.com\/#organization"},"potentialAction":[{"@type":"SearchAction","target":{"@type":"EntryPoint","urlTemplate":"https:\/\/culturbaine.com\/?s={search_term_string}"},"query-input":{"@type":"PropertyValueSpecification","valueRequired":true,"valueName":"search_term_string"}}],"inLanguage":"fr-FR"},{"@type":"Organization","@id":"https:\/\/culturbaine.com\/#organization","name":"Culturbaine.com","url":"https:\/\/culturbaine.com\/","logo":{"@type":"ImageObject","inLanguage":"fr-FR","@id":"https:\/\/culturbaine.com\/#\/schema\/logo\/image\/","url":"https:\/\/culturbaine.com\/wp-content\/uploads\/2023\/07\/WhatsApp-Image-2023-07-17-at-14.38.18.jpeg","contentUrl":"https:\/\/culturbaine.com\/wp-content\/uploads\/2023\/07\/WhatsApp-Image-2023-07-17-at-14.38.18.jpeg","width":855,"height":270,"caption":"Culturbaine.com"},"image":{"@id":"https:\/\/culturbaine.com\/#\/schema\/logo\/image\/"},"sameAs":["https:\/\/www.facebook.com\/Culturbaines","https:\/\/x.com\/culturbaines"]},{"@type":"Person","@id":"https:\/\/culturbaine.com\/#\/schema\/person\/42eb7485c572e0746c1ea6b8216c3814","name":"admin1","image":{"@type":"ImageObject","inLanguage":"fr-FR","@id":"https:\/\/culturbaine.com\/#\/schema\/person\/image\/","url":"https:\/\/secure.gravatar.com\/avatar\/c268f4d483ce0486e5a10fee87bbf756?s=96&d=mm&r=g","contentUrl":"https:\/\/secure.gravatar.com\/avatar\/c268f4d483ce0486e5a10fee87bbf756?s=96&d=mm&r=g","caption":"admin1"},"url":"https:\/\/culturbaine.com\/index.php\/author\/admin1\/"}]}},"_links":{"self":[{"href":"https:\/\/culturbaine.com\/index.php\/wp-json\/wp\/v2\/posts\/13260"}],"collection":[{"href":"https:\/\/culturbaine.com\/index.php\/wp-json\/wp\/v2\/posts"}],"about":[{"href":"https:\/\/culturbaine.com\/index.php\/wp-json\/wp\/v2\/types\/post"}],"author":[{"embeddable":true,"href":"https:\/\/culturbaine.com\/index.php\/wp-json\/wp\/v2\/users\/2"}],"replies":[{"embeddable":true,"href":"https:\/\/culturbaine.com\/index.php\/wp-json\/wp\/v2\/comments?post=13260"}],"version-history":[{"count":0,"href":"https:\/\/culturbaine.com\/index.php\/wp-json\/wp\/v2\/posts\/13260\/revisions"}],"wp:featuredmedia":[{"embeddable":true,"href":"https:\/\/culturbaine.com\/index.php\/wp-json\/wp\/v2\/media\/13261"}],"wp:attachment":[{"href":"https:\/\/culturbaine.com\/index.php\/wp-json\/wp\/v2\/media?parent=13260"}],"wp:term":[{"taxonomy":"category","embeddable":true,"href":"https:\/\/culturbaine.com\/index.php\/wp-json\/wp\/v2\/categories?post=13260"},{"taxonomy":"post_tag","embeddable":true,"href":"https:\/\/culturbaine.com\/index.php\/wp-json\/wp\/v2\/tags?post=13260"}],"curies":[{"name":"wp","href":"https:\/\/api.w.org\/{rel}","templated":true}]}}