{"id":13251,"date":"2026-01-27T08:27:06","date_gmt":"2026-01-27T08:27:06","guid":{"rendered":"https:\/\/culturbaine.com\/?p=13251"},"modified":"2026-01-27T08:27:06","modified_gmt":"2026-01-27T08:27:06","slug":"djelykaba-saifon-ak-vj-devoile-ses-artistes-guineens-preferes","status":"publish","type":"post","link":"https:\/\/culturbaine.com\/index.php\/2026\/01\/27\/djelykaba-saifon-ak-vj-devoile-ses-artistes-guineens-preferes\/","title":{"rendered":"Djelykaba, Saifon, AK : VJ d\u00e9voile ses artistes guin\u00e9ens pr\u00e9f\u00e9r\u00e9s !"},"content":{"rendered":"<p>En s\u00e9jour \u00e0 Conakry dans le cadre de son concert, le chanteur s\u00e9n\u00e9galais en vogue <strong>VJ<\/strong> ne cache pas son admiration pour la musique guin\u00e9enne. L\u2019artiste, dont le succ\u00e8s d\u00e9passe aujourd\u2019hui les fronti\u00e8res du Galsen, a profit\u00e9 de son passage dans la capitale guin\u00e9enne pour saluer la richesse et le talent des artistes locaux.<\/p>\n<p>Face \u00e0 la presse, <strong>VJ<\/strong> s\u2019est montr\u00e9 \u00e9logieux envers la sc\u00e8ne musicale guin\u00e9enne, qu\u2019il dit suivre de pr\u00e8s. <em><strong>\u00ab La musique guin\u00e9enne c\u2019est une musique que j\u2019\u00e9coute. Vous \u00eates super talentueux<\/strong><\/em> \u00bb, a-t-il affirm\u00e9, soulignant ainsi l\u2019influence et la qualit\u00e9 des sonorit\u00e9s venues de Guin\u00e9e.<\/p>\n<p>L\u2019interpr\u00e8te du tube <strong>Toi et moi<\/strong> est all\u00e9 plus loin en citant nomm\u00e9ment plusieurs artistes guin\u00e9ens qui figurent dans ses playlists. <strong>\u00ab J\u2019\u00e9coute beaucoup Djelykaba, je respecte son parcours, quand il \u00e9tait avec son mari Azaya et maintenant en carri\u00e8re solo. J\u2019\u00e9coute Saifon, Ak \u00bb,<\/strong> a-t-il confi\u00e9, preuve d\u2019une r\u00e9elle connaissance de la sc\u00e8ne urbaine locale.<\/p>\n<p>Apr\u00e8s le Mali, o\u00f9 il a collabor\u00e9 avec <strong>Sidiki Diabat\u00e9<\/strong>, <strong>VJ<\/strong>\u00a0semble consid\u00e9rer la Guin\u00e9e comme une \u00e9tape logique dans son parcours artistique. Alors que Toi et moi continue de cartonner, l\u2019artiste n\u2019exclut pas d\u2019explorer de nouveaux horizons musicaux. \u00ab <strong>Moi c\u2019est une suite logique pour moi. J\u2019ai fait le morceau avec un Malien \u00bb,<\/strong> a-t-il expliqu\u00e9, laissant entendre que d\u2019autres collaborations sous-r\u00e9gionales pourraient voir le jour.<\/p>\n<p>Ces d\u00e9clarations relancent ainsi le d\u00e9bat au sein du milieu musical guin\u00e9en et aupr\u00e8s des fans : <strong>VJ<\/strong> va-t-il poser sa voix sur un feat avec un artiste guin\u00e9en ? Et si oui, avec qui ? Au regard de l\u2019estime qu\u2019il porte \u00e0 la musique guin\u00e9enne et de sa large connaissance de ses acteurs, une collaboration semble d\u00e9sormais plus qu\u2019envisageable. Reste \u00e0 savoir quel nom sortira du lot pour marquer cette possible rencontre musicale entre le S\u00e9n\u00e9gal et la Guin\u00e9e.<\/p>\n<p><strong>M.C.S<\/strong><\/p>\n","protected":false},"excerpt":{"rendered":"<p>En s\u00e9jour \u00e0 Conakry dans le cadre de son concert, le chanteur s\u00e9n\u00e9galais en vogue VJ ne cache pas son admiration pour la musique guin\u00e9enne. L\u2019artiste, dont le succ\u00e8s d\u00e9passe aujourd\u2019hui les fronti\u00e8res du Galsen, a profit\u00e9 de son passage dans la capitale guin\u00e9enne pour saluer la richesse et le talent des artistes locaux. Face [&hellip;]<\/p>\n","protected":false},"author":2,"featured_media":13252,"comment_status":"closed","ping_status":"closed","sticky":false,"template":"","format":"standard","meta":{"_mi_skip_tracking":false,"_monsterinsights_sitenote_active":false,"_monsterinsights_sitenote_note":"","_monsterinsights_sitenote_category":0,"footnotes":""},"categories":[21,3653,34],"tags":[4340,4339,1170],"class_list":["post-13251","post","type-post","status-publish","format-standard","has-post-thumbnail","hentry","category-actualite","category-afropop","category-interviews","tag-ak-vj-devoile-ses-artistes-guineens-preferes","tag-djelykaba","tag-saifon"],"yoast_head":"<!-- This site is optimized with the Yoast SEO Premium plugin v20.1 (Yoast SEO v24.0) - https:\/\/yoast.com\/wordpress\/plugins\/seo\/ -->\n<title>Djelykaba, Saifon, AK : VJ d\u00e9voile ses artistes guin\u00e9ens pr\u00e9f\u00e9r\u00e9s ! - Culturbaine<\/title>\n<meta name=\"robots\" content=\"index, follow, max-snippet:-1, max-image-preview:large, max-video-preview:-1\" \/>\n<link rel=\"canonical\" href=\"https:\/\/culturbaine.com\/index.php\/2026\/01\/27\/djelykaba-saifon-ak-vj-devoile-ses-artistes-guineens-preferes\/\" \/>\n<meta property=\"og:locale\" content=\"fr_FR\" \/>\n<meta property=\"og:type\" content=\"article\" \/>\n<meta property=\"og:title\" content=\"Djelykaba, Saifon, AK : VJ d\u00e9voile ses artistes guin\u00e9ens pr\u00e9f\u00e9r\u00e9s !\" \/>\n<meta property=\"og:description\" content=\"En s\u00e9jour \u00e0 Conakry dans le cadre de son concert, le chanteur s\u00e9n\u00e9galais en vogue VJ ne cache pas son admiration pour la musique guin\u00e9enne. L\u2019artiste, dont le succ\u00e8s d\u00e9passe aujourd\u2019hui les fronti\u00e8res du Galsen, a profit\u00e9 de son passage dans la capitale guin\u00e9enne pour saluer la richesse et le talent des artistes locaux. Face [&hellip;]\" \/>\n<meta property=\"og:url\" content=\"https:\/\/culturbaine.com\/index.php\/2026\/01\/27\/djelykaba-saifon-ak-vj-devoile-ses-artistes-guineens-preferes\/\" \/>\n<meta property=\"og:site_name\" content=\"Culturbaine\" \/>\n<meta property=\"article:publisher\" content=\"https:\/\/www.facebook.com\/Culturbaines\" \/>\n<meta property=\"article:published_time\" content=\"2026-01-27T08:27:06+00:00\" \/>\n<meta property=\"og:image\" content=\"https:\/\/culturbaine.com\/wp-content\/uploads\/2026\/01\/PhotoCollage_1769502097329.png\" \/>\n\t<meta property=\"og:image:width\" content=\"2160\" \/>\n\t<meta property=\"og:image:height\" content=\"1215\" \/>\n\t<meta property=\"og:image:type\" content=\"image\/png\" \/>\n<meta name=\"author\" content=\"admin1\" \/>\n<meta name=\"twitter:card\" content=\"summary_large_image\" \/>\n<meta name=\"twitter:creator\" content=\"@culturbaines\" \/>\n<meta name=\"twitter:site\" content=\"@culturbaines\" \/>\n<meta name=\"twitter:label1\" content=\"\u00c9crit par\" \/>\n\t<meta name=\"twitter:data1\" content=\"admin1\" \/>\n\t<meta name=\"twitter:label2\" content=\"Dur\u00e9e de lecture estim\u00e9e\" \/>\n\t<meta name=\"twitter:data2\" content=\"2 minutes\" \/>\n<script type=\"application\/ld+json\" class=\"yoast-schema-graph\">{\"@context\":\"https:\/\/schema.org\",\"@graph\":[{\"@type\":\"Article\",\"@id\":\"https:\/\/culturbaine.com\/index.php\/2026\/01\/27\/djelykaba-saifon-ak-vj-devoile-ses-artistes-guineens-preferes\/#article\",\"isPartOf\":{\"@id\":\"https:\/\/culturbaine.com\/index.php\/2026\/01\/27\/djelykaba-saifon-ak-vj-devoile-ses-artistes-guineens-preferes\/\"},\"author\":{\"name\":\"admin1\",\"@id\":\"https:\/\/culturbaine.com\/#\/schema\/person\/42eb7485c572e0746c1ea6b8216c3814\"},\"headline\":\"Djelykaba, Saifon, AK : VJ d\u00e9voile ses artistes guin\u00e9ens pr\u00e9f\u00e9r\u00e9s !\",\"datePublished\":\"2026-01-27T08:27:06+00:00\",\"dateModified\":\"2026-01-27T08:27:06+00:00\",\"mainEntityOfPage\":{\"@id\":\"https:\/\/culturbaine.com\/index.php\/2026\/01\/27\/djelykaba-saifon-ak-vj-devoile-ses-artistes-guineens-preferes\/\"},\"wordCount\":360,\"publisher\":{\"@id\":\"https:\/\/culturbaine.com\/#organization\"},\"image\":{\"@id\":\"https:\/\/culturbaine.com\/index.php\/2026\/01\/27\/djelykaba-saifon-ak-vj-devoile-ses-artistes-guineens-preferes\/#primaryimage\"},\"thumbnailUrl\":\"https:\/\/culturbaine.com\/wp-content\/uploads\/2026\/01\/PhotoCollage_1769502097329.png\",\"keywords\":[\"AK : VJ d\u00e9voile ses artistes guin\u00e9ens pr\u00e9f\u00e9r\u00e9s !\",\"Djelykaba\",\"Saifon\"],\"articleSection\":[\"Actualit\u00e9\",\"Afropop\",\"Interviews\"],\"inLanguage\":\"fr-FR\"},{\"@type\":\"WebPage\",\"@id\":\"https:\/\/culturbaine.com\/index.php\/2026\/01\/27\/djelykaba-saifon-ak-vj-devoile-ses-artistes-guineens-preferes\/\",\"url\":\"https:\/\/culturbaine.com\/index.php\/2026\/01\/27\/djelykaba-saifon-ak-vj-devoile-ses-artistes-guineens-preferes\/\",\"name\":\"Djelykaba, Saifon, AK : VJ d\u00e9voile ses artistes guin\u00e9ens pr\u00e9f\u00e9r\u00e9s ! - Culturbaine\",\"isPartOf\":{\"@id\":\"https:\/\/culturbaine.com\/#website\"},\"primaryImageOfPage\":{\"@id\":\"https:\/\/culturbaine.com\/index.php\/2026\/01\/27\/djelykaba-saifon-ak-vj-devoile-ses-artistes-guineens-preferes\/#primaryimage\"},\"image\":{\"@id\":\"https:\/\/culturbaine.com\/index.php\/2026\/01\/27\/djelykaba-saifon-ak-vj-devoile-ses-artistes-guineens-preferes\/#primaryimage\"},\"thumbnailUrl\":\"https:\/\/culturbaine.com\/wp-content\/uploads\/2026\/01\/PhotoCollage_1769502097329.png\",\"datePublished\":\"2026-01-27T08:27:06+00:00\",\"dateModified\":\"2026-01-27T08:27:06+00:00\",\"breadcrumb\":{\"@id\":\"https:\/\/culturbaine.com\/index.php\/2026\/01\/27\/djelykaba-saifon-ak-vj-devoile-ses-artistes-guineens-preferes\/#breadcrumb\"},\"inLanguage\":\"fr-FR\",\"potentialAction\":[{\"@type\":\"ReadAction\",\"target\":[\"https:\/\/culturbaine.com\/index.php\/2026\/01\/27\/djelykaba-saifon-ak-vj-devoile-ses-artistes-guineens-preferes\/\"]}]},{\"@type\":\"ImageObject\",\"inLanguage\":\"fr-FR\",\"@id\":\"https:\/\/culturbaine.com\/index.php\/2026\/01\/27\/djelykaba-saifon-ak-vj-devoile-ses-artistes-guineens-preferes\/#primaryimage\",\"url\":\"https:\/\/culturbaine.com\/wp-content\/uploads\/2026\/01\/PhotoCollage_1769502097329.png\",\"contentUrl\":\"https:\/\/culturbaine.com\/wp-content\/uploads\/2026\/01\/PhotoCollage_1769502097329.png\",\"width\":2160,\"height\":1215},{\"@type\":\"BreadcrumbList\",\"@id\":\"https:\/\/culturbaine.com\/index.php\/2026\/01\/27\/djelykaba-saifon-ak-vj-devoile-ses-artistes-guineens-preferes\/#breadcrumb\",\"itemListElement\":[{\"@type\":\"ListItem\",\"position\":1,\"name\":\"Home\",\"item\":\"https:\/\/culturbaine.com\/\"},{\"@type\":\"ListItem\",\"position\":2,\"name\":\"Djelykaba, Saifon, AK : VJ d\u00e9voile ses artistes guin\u00e9ens pr\u00e9f\u00e9r\u00e9s !\"}]},{\"@type\":\"WebSite\",\"@id\":\"https:\/\/culturbaine.com\/#website\",\"url\":\"https:\/\/culturbaine.com\/\",\"name\":\"Culturbaine.com\",\"description\":\"Toute l&#039;actualit\u00e9 des Cultures Urbaines, en un clic  !\",\"publisher\":{\"@id\":\"https:\/\/culturbaine.com\/#organization\"},\"potentialAction\":[{\"@type\":\"SearchAction\",\"target\":{\"@type\":\"EntryPoint\",\"urlTemplate\":\"https:\/\/culturbaine.com\/?s={search_term_string}\"},\"query-input\":{\"@type\":\"PropertyValueSpecification\",\"valueRequired\":true,\"valueName\":\"search_term_string\"}}],\"inLanguage\":\"fr-FR\"},{\"@type\":\"Organization\",\"@id\":\"https:\/\/culturbaine.com\/#organization\",\"name\":\"Culturbaine.com\",\"url\":\"https:\/\/culturbaine.com\/\",\"logo\":{\"@type\":\"ImageObject\",\"inLanguage\":\"fr-FR\",\"@id\":\"https:\/\/culturbaine.com\/#\/schema\/logo\/image\/\",\"url\":\"https:\/\/culturbaine.com\/wp-content\/uploads\/2023\/07\/WhatsApp-Image-2023-07-17-at-14.38.18.jpeg\",\"contentUrl\":\"https:\/\/culturbaine.com\/wp-content\/uploads\/2023\/07\/WhatsApp-Image-2023-07-17-at-14.38.18.jpeg\",\"width\":855,\"height\":270,\"caption\":\"Culturbaine.com\"},\"image\":{\"@id\":\"https:\/\/culturbaine.com\/#\/schema\/logo\/image\/\"},\"sameAs\":[\"https:\/\/www.facebook.com\/Culturbaines\",\"https:\/\/x.com\/culturbaines\"]},{\"@type\":\"Person\",\"@id\":\"https:\/\/culturbaine.com\/#\/schema\/person\/42eb7485c572e0746c1ea6b8216c3814\",\"name\":\"admin1\",\"image\":{\"@type\":\"ImageObject\",\"inLanguage\":\"fr-FR\",\"@id\":\"https:\/\/culturbaine.com\/#\/schema\/person\/image\/\",\"url\":\"https:\/\/secure.gravatar.com\/avatar\/c268f4d483ce0486e5a10fee87bbf756?s=96&d=mm&r=g\",\"contentUrl\":\"https:\/\/secure.gravatar.com\/avatar\/c268f4d483ce0486e5a10fee87bbf756?s=96&d=mm&r=g\",\"caption\":\"admin1\"},\"url\":\"https:\/\/culturbaine.com\/index.php\/author\/admin1\/\"}]}<\/script>\n<!-- \/ Yoast SEO Premium plugin. -->","yoast_head_json":{"title":"Djelykaba, Saifon, AK : VJ d\u00e9voile ses artistes guin\u00e9ens pr\u00e9f\u00e9r\u00e9s ! - Culturbaine","robots":{"index":"index","follow":"follow","max-snippet":"max-snippet:-1","max-image-preview":"max-image-preview:large","max-video-preview":"max-video-preview:-1"},"canonical":"https:\/\/culturbaine.com\/index.php\/2026\/01\/27\/djelykaba-saifon-ak-vj-devoile-ses-artistes-guineens-preferes\/","og_locale":"fr_FR","og_type":"article","og_title":"Djelykaba, Saifon, AK : VJ d\u00e9voile ses artistes guin\u00e9ens pr\u00e9f\u00e9r\u00e9s !","og_description":"En s\u00e9jour \u00e0 Conakry dans le cadre de son concert, le chanteur s\u00e9n\u00e9galais en vogue VJ ne cache pas son admiration pour la musique guin\u00e9enne. L\u2019artiste, dont le succ\u00e8s d\u00e9passe aujourd\u2019hui les fronti\u00e8res du Galsen, a profit\u00e9 de son passage dans la capitale guin\u00e9enne pour saluer la richesse et le talent des artistes locaux. Face [&hellip;]","og_url":"https:\/\/culturbaine.com\/index.php\/2026\/01\/27\/djelykaba-saifon-ak-vj-devoile-ses-artistes-guineens-preferes\/","og_site_name":"Culturbaine","article_publisher":"https:\/\/www.facebook.com\/Culturbaines","article_published_time":"2026-01-27T08:27:06+00:00","og_image":[{"width":2160,"height":1215,"url":"https:\/\/culturbaine.com\/wp-content\/uploads\/2026\/01\/PhotoCollage_1769502097329.png","type":"image\/png"}],"author":"admin1","twitter_card":"summary_large_image","twitter_creator":"@culturbaines","twitter_site":"@culturbaines","twitter_misc":{"\u00c9crit par":"admin1","Dur\u00e9e de lecture estim\u00e9e":"2 minutes"},"schema":{"@context":"https:\/\/schema.org","@graph":[{"@type":"Article","@id":"https:\/\/culturbaine.com\/index.php\/2026\/01\/27\/djelykaba-saifon-ak-vj-devoile-ses-artistes-guineens-preferes\/#article","isPartOf":{"@id":"https:\/\/culturbaine.com\/index.php\/2026\/01\/27\/djelykaba-saifon-ak-vj-devoile-ses-artistes-guineens-preferes\/"},"author":{"name":"admin1","@id":"https:\/\/culturbaine.com\/#\/schema\/person\/42eb7485c572e0746c1ea6b8216c3814"},"headline":"Djelykaba, Saifon, AK : VJ d\u00e9voile ses artistes guin\u00e9ens pr\u00e9f\u00e9r\u00e9s !","datePublished":"2026-01-27T08:27:06+00:00","dateModified":"2026-01-27T08:27:06+00:00","mainEntityOfPage":{"@id":"https:\/\/culturbaine.com\/index.php\/2026\/01\/27\/djelykaba-saifon-ak-vj-devoile-ses-artistes-guineens-preferes\/"},"wordCount":360,"publisher":{"@id":"https:\/\/culturbaine.com\/#organization"},"image":{"@id":"https:\/\/culturbaine.com\/index.php\/2026\/01\/27\/djelykaba-saifon-ak-vj-devoile-ses-artistes-guineens-preferes\/#primaryimage"},"thumbnailUrl":"https:\/\/culturbaine.com\/wp-content\/uploads\/2026\/01\/PhotoCollage_1769502097329.png","keywords":["AK : VJ d\u00e9voile ses artistes guin\u00e9ens pr\u00e9f\u00e9r\u00e9s !","Djelykaba","Saifon"],"articleSection":["Actualit\u00e9","Afropop","Interviews"],"inLanguage":"fr-FR"},{"@type":"WebPage","@id":"https:\/\/culturbaine.com\/index.php\/2026\/01\/27\/djelykaba-saifon-ak-vj-devoile-ses-artistes-guineens-preferes\/","url":"https:\/\/culturbaine.com\/index.php\/2026\/01\/27\/djelykaba-saifon-ak-vj-devoile-ses-artistes-guineens-preferes\/","name":"Djelykaba, Saifon, AK : VJ d\u00e9voile ses artistes guin\u00e9ens pr\u00e9f\u00e9r\u00e9s ! - Culturbaine","isPartOf":{"@id":"https:\/\/culturbaine.com\/#website"},"primaryImageOfPage":{"@id":"https:\/\/culturbaine.com\/index.php\/2026\/01\/27\/djelykaba-saifon-ak-vj-devoile-ses-artistes-guineens-preferes\/#primaryimage"},"image":{"@id":"https:\/\/culturbaine.com\/index.php\/2026\/01\/27\/djelykaba-saifon-ak-vj-devoile-ses-artistes-guineens-preferes\/#primaryimage"},"thumbnailUrl":"https:\/\/culturbaine.com\/wp-content\/uploads\/2026\/01\/PhotoCollage_1769502097329.png","datePublished":"2026-01-27T08:27:06+00:00","dateModified":"2026-01-27T08:27:06+00:00","breadcrumb":{"@id":"https:\/\/culturbaine.com\/index.php\/2026\/01\/27\/djelykaba-saifon-ak-vj-devoile-ses-artistes-guineens-preferes\/#breadcrumb"},"inLanguage":"fr-FR","potentialAction":[{"@type":"ReadAction","target":["https:\/\/culturbaine.com\/index.php\/2026\/01\/27\/djelykaba-saifon-ak-vj-devoile-ses-artistes-guineens-preferes\/"]}]},{"@type":"ImageObject","inLanguage":"fr-FR","@id":"https:\/\/culturbaine.com\/index.php\/2026\/01\/27\/djelykaba-saifon-ak-vj-devoile-ses-artistes-guineens-preferes\/#primaryimage","url":"https:\/\/culturbaine.com\/wp-content\/uploads\/2026\/01\/PhotoCollage_1769502097329.png","contentUrl":"https:\/\/culturbaine.com\/wp-content\/uploads\/2026\/01\/PhotoCollage_1769502097329.png","width":2160,"height":1215},{"@type":"BreadcrumbList","@id":"https:\/\/culturbaine.com\/index.php\/2026\/01\/27\/djelykaba-saifon-ak-vj-devoile-ses-artistes-guineens-preferes\/#breadcrumb","itemListElement":[{"@type":"ListItem","position":1,"name":"Home","item":"https:\/\/culturbaine.com\/"},{"@type":"ListItem","position":2,"name":"Djelykaba, Saifon, AK : VJ d\u00e9voile ses artistes guin\u00e9ens pr\u00e9f\u00e9r\u00e9s !"}]},{"@type":"WebSite","@id":"https:\/\/culturbaine.com\/#website","url":"https:\/\/culturbaine.com\/","name":"Culturbaine.com","description":"Toute l&#039;actualit\u00e9 des Cultures Urbaines, en un clic  !","publisher":{"@id":"https:\/\/culturbaine.com\/#organization"},"potentialAction":[{"@type":"SearchAction","target":{"@type":"EntryPoint","urlTemplate":"https:\/\/culturbaine.com\/?s={search_term_string}"},"query-input":{"@type":"PropertyValueSpecification","valueRequired":true,"valueName":"search_term_string"}}],"inLanguage":"fr-FR"},{"@type":"Organization","@id":"https:\/\/culturbaine.com\/#organization","name":"Culturbaine.com","url":"https:\/\/culturbaine.com\/","logo":{"@type":"ImageObject","inLanguage":"fr-FR","@id":"https:\/\/culturbaine.com\/#\/schema\/logo\/image\/","url":"https:\/\/culturbaine.com\/wp-content\/uploads\/2023\/07\/WhatsApp-Image-2023-07-17-at-14.38.18.jpeg","contentUrl":"https:\/\/culturbaine.com\/wp-content\/uploads\/2023\/07\/WhatsApp-Image-2023-07-17-at-14.38.18.jpeg","width":855,"height":270,"caption":"Culturbaine.com"},"image":{"@id":"https:\/\/culturbaine.com\/#\/schema\/logo\/image\/"},"sameAs":["https:\/\/www.facebook.com\/Culturbaines","https:\/\/x.com\/culturbaines"]},{"@type":"Person","@id":"https:\/\/culturbaine.com\/#\/schema\/person\/42eb7485c572e0746c1ea6b8216c3814","name":"admin1","image":{"@type":"ImageObject","inLanguage":"fr-FR","@id":"https:\/\/culturbaine.com\/#\/schema\/person\/image\/","url":"https:\/\/secure.gravatar.com\/avatar\/c268f4d483ce0486e5a10fee87bbf756?s=96&d=mm&r=g","contentUrl":"https:\/\/secure.gravatar.com\/avatar\/c268f4d483ce0486e5a10fee87bbf756?s=96&d=mm&r=g","caption":"admin1"},"url":"https:\/\/culturbaine.com\/index.php\/author\/admin1\/"}]}},"_links":{"self":[{"href":"https:\/\/culturbaine.com\/index.php\/wp-json\/wp\/v2\/posts\/13251"}],"collection":[{"href":"https:\/\/culturbaine.com\/index.php\/wp-json\/wp\/v2\/posts"}],"about":[{"href":"https:\/\/culturbaine.com\/index.php\/wp-json\/wp\/v2\/types\/post"}],"author":[{"embeddable":true,"href":"https:\/\/culturbaine.com\/index.php\/wp-json\/wp\/v2\/users\/2"}],"replies":[{"embeddable":true,"href":"https:\/\/culturbaine.com\/index.php\/wp-json\/wp\/v2\/comments?post=13251"}],"version-history":[{"count":0,"href":"https:\/\/culturbaine.com\/index.php\/wp-json\/wp\/v2\/posts\/13251\/revisions"}],"wp:featuredmedia":[{"embeddable":true,"href":"https:\/\/culturbaine.com\/index.php\/wp-json\/wp\/v2\/media\/13252"}],"wp:attachment":[{"href":"https:\/\/culturbaine.com\/index.php\/wp-json\/wp\/v2\/media?parent=13251"}],"wp:term":[{"taxonomy":"category","embeddable":true,"href":"https:\/\/culturbaine.com\/index.php\/wp-json\/wp\/v2\/categories?post=13251"},{"taxonomy":"post_tag","embeddable":true,"href":"https:\/\/culturbaine.com\/index.php\/wp-json\/wp\/v2\/tags?post=13251"}],"curies":[{"name":"wp","href":"https:\/\/api.w.org\/{rel}","templated":true}]}}