{"id":13245,"date":"2026-01-25T15:10:45","date_gmt":"2026-01-25T15:10:45","guid":{"rendered":"https:\/\/culturbaine.com\/?p=13245"},"modified":"2026-01-25T15:10:45","modified_gmt":"2026-01-25T15:10:45","slug":"la-fouine-annonce-capitale-du-crime-radio-vol3-le-retour-en-force-dune-saga-culte","status":"publish","type":"post","link":"https:\/\/culturbaine.com\/index.php\/2026\/01\/25\/la-fouine-annonce-capitale-du-crime-radio-vol3-le-retour-en-force-dune-saga-culte\/","title":{"rendered":"La Fouine annonce \u201cCapitale du Crime Radio Vol3\u201d : le retour en force d\u2019une saga culte"},"content":{"rendered":"<p><strong>La Fouine<\/strong> fait parler de lui comme aux plus belles heures de sa carri\u00e8re. Alors que <strong>Capitale du Crime Radio 2<\/strong> continue d\u2019encha\u00eener les chiffres solides sur les plateformes de streaming, le rappeur originaire de Trappes ne perd pas de temps et annonce officiellement la suite : <strong>Capitale du Crime Radio 3,<\/strong> attendu le 30 janvier prochain.<\/p>\n<p>Pour marquer le coup, <strong>La Fouine<\/strong> a d\u00e9j\u00e0 d\u00e9voil\u00e9 la tracklist, et le moins qu\u2019on puisse dire, c\u2019est qu\u2019il a vu grand. Le projet rassemble une brochette impressionnante d\u2019artistes issus de diff\u00e9rentes g\u00e9n\u00e9rations et courants du rap fran\u00e7ais. On y retrouve notamment <strong>Kaaris, Kodes, D2, HMZ &amp; ZKR, Himra, Mous-K, Le Crime, Ziak, HLD, R2, Ninho<\/strong> et <strong>ZZ<\/strong>. Un casting lourd, pens\u00e9 pour frapper fort et parler \u00e0 la rue comme aux amateurs de rap plus mainstream.<\/p>\n<p>Avec cette nouvelle \u00e9dition de <strong>Capitale du Crime Radio, La Fouine<\/strong> poursuit une saga devenue embl\u00e9matique dans sa discographie. Fid\u00e8le \u00e0 son ADN, il mise sur des ambiances sombres, des collaborations solides et une \u00e9nergie brute, tout en s\u2019entourant des figures qui font l\u2019actualit\u00e9 du game.<\/p>\n<p>Connaissant le personnage, difficile d\u2019imaginer un projet b\u00e2cl\u00e9. La Fouine est connu pour son sens du spectacle et son exigence artistique. <strong>Capitale du Crime Radio 3<\/strong> s\u2019annonce donc comme un projet taill\u00e9 pour faire du bruit, susciter les d\u00e9bats et rappeler que le patron est toujours dans la course.<\/p>\n<p>Rendez-vous le 30 janvier pour juger sur pi\u00e8ces. Une chose est s\u00fbre : le game est pr\u00e9venu.<\/p>\n<p><strong><img loading=\"lazy\" decoding=\"async\" class=\"aligncenter size-full wp-image-13246\" src=\"https:\/\/culturbaine.com\/wp-content\/uploads\/2026\/01\/1769352521659.jpg\" alt=\"\" width=\"720\" height=\"886\" srcset=\"https:\/\/culturbaine.com\/wp-content\/uploads\/2026\/01\/1769352521659.jpg 720w, https:\/\/culturbaine.com\/wp-content\/uploads\/2026\/01\/1769352521659-244x300.jpg 244w\" sizes=\"(max-width: 720px) 100vw, 720px\" \/>Mohamed Cinq Sylla<\/strong><\/p>\n","protected":false},"excerpt":{"rendered":"<p>La Fouine fait parler de lui comme aux plus belles heures de sa carri\u00e8re. Alors que Capitale du Crime Radio 2 continue d\u2019encha\u00eener les chiffres solides sur les plateformes de streaming, le rappeur originaire de Trappes ne perd pas de temps et annonce officiellement la suite : Capitale du Crime Radio 3, attendu le 30 [&hellip;]<\/p>\n","protected":false},"author":2,"featured_media":13247,"comment_status":"closed","ping_status":"closed","sticky":false,"template":"","format":"standard","meta":{"_mi_skip_tracking":false,"_monsterinsights_sitenote_active":false,"_monsterinsights_sitenote_note":"","_monsterinsights_sitenote_category":0,"footnotes":""},"categories":[21,512,3070],"tags":[4338],"class_list":["post-13245","post","type-post","status-publish","format-standard","has-post-thumbnail","hentry","category-actualite","category-rap","category-sortie-dalbum","tag-la-fouine-annonce-capitale-du-crime-radio-vol3-le-retour-en-force-dune-saga-culte"],"yoast_head":"<!-- This site is optimized with the Yoast SEO Premium plugin v20.1 (Yoast SEO v24.0) - https:\/\/yoast.com\/wordpress\/plugins\/seo\/ -->\n<title>La Fouine annonce \u201cCapitale du Crime Radio Vol3\u201d : le retour en force d\u2019une saga culte - Culturbaine<\/title>\n<meta name=\"robots\" content=\"index, follow, max-snippet:-1, max-image-preview:large, max-video-preview:-1\" \/>\n<link rel=\"canonical\" href=\"https:\/\/culturbaine.com\/index.php\/2026\/01\/25\/la-fouine-annonce-capitale-du-crime-radio-vol3-le-retour-en-force-dune-saga-culte\/\" \/>\n<meta property=\"og:locale\" content=\"fr_FR\" \/>\n<meta property=\"og:type\" content=\"article\" \/>\n<meta property=\"og:title\" content=\"La Fouine annonce \u201cCapitale du Crime Radio Vol3\u201d : le retour en force d\u2019une saga culte\" \/>\n<meta property=\"og:description\" content=\"La Fouine fait parler de lui comme aux plus belles heures de sa carri\u00e8re. Alors que Capitale du Crime Radio 2 continue d\u2019encha\u00eener les chiffres solides sur les plateformes de streaming, le rappeur originaire de Trappes ne perd pas de temps et annonce officiellement la suite : Capitale du Crime Radio 3, attendu le 30 [&hellip;]\" \/>\n<meta property=\"og:url\" content=\"https:\/\/culturbaine.com\/index.php\/2026\/01\/25\/la-fouine-annonce-capitale-du-crime-radio-vol3-le-retour-en-force-dune-saga-culte\/\" \/>\n<meta property=\"og:site_name\" content=\"Culturbaine\" \/>\n<meta property=\"article:publisher\" content=\"https:\/\/www.facebook.com\/Culturbaines\" \/>\n<meta property=\"article:published_time\" content=\"2026-01-25T15:10:45+00:00\" \/>\n<meta property=\"og:image\" content=\"https:\/\/culturbaine.com\/wp-content\/uploads\/2026\/01\/17693525264732.jpg\" \/>\n\t<meta property=\"og:image:width\" content=\"642\" \/>\n\t<meta property=\"og:image:height\" content=\"437\" \/>\n\t<meta property=\"og:image:type\" content=\"image\/jpeg\" \/>\n<meta name=\"author\" content=\"admin1\" \/>\n<meta name=\"twitter:card\" content=\"summary_large_image\" \/>\n<meta name=\"twitter:creator\" content=\"@culturbaines\" \/>\n<meta name=\"twitter:site\" content=\"@culturbaines\" \/>\n<meta name=\"twitter:label1\" content=\"\u00c9crit par\" \/>\n\t<meta name=\"twitter:data1\" content=\"admin1\" \/>\n\t<meta name=\"twitter:label2\" content=\"Dur\u00e9e de lecture estim\u00e9e\" \/>\n\t<meta name=\"twitter:data2\" content=\"2 minutes\" \/>\n<script type=\"application\/ld+json\" class=\"yoast-schema-graph\">{\"@context\":\"https:\/\/schema.org\",\"@graph\":[{\"@type\":\"Article\",\"@id\":\"https:\/\/culturbaine.com\/index.php\/2026\/01\/25\/la-fouine-annonce-capitale-du-crime-radio-vol3-le-retour-en-force-dune-saga-culte\/#article\",\"isPartOf\":{\"@id\":\"https:\/\/culturbaine.com\/index.php\/2026\/01\/25\/la-fouine-annonce-capitale-du-crime-radio-vol3-le-retour-en-force-dune-saga-culte\/\"},\"author\":{\"name\":\"admin1\",\"@id\":\"https:\/\/culturbaine.com\/#\/schema\/person\/42eb7485c572e0746c1ea6b8216c3814\"},\"headline\":\"La Fouine annonce \u201cCapitale du Crime Radio Vol3\u201d : le retour en force d\u2019une saga culte\",\"datePublished\":\"2026-01-25T15:10:45+00:00\",\"dateModified\":\"2026-01-25T15:10:45+00:00\",\"mainEntityOfPage\":{\"@id\":\"https:\/\/culturbaine.com\/index.php\/2026\/01\/25\/la-fouine-annonce-capitale-du-crime-radio-vol3-le-retour-en-force-dune-saga-culte\/\"},\"wordCount\":280,\"publisher\":{\"@id\":\"https:\/\/culturbaine.com\/#organization\"},\"image\":{\"@id\":\"https:\/\/culturbaine.com\/index.php\/2026\/01\/25\/la-fouine-annonce-capitale-du-crime-radio-vol3-le-retour-en-force-dune-saga-culte\/#primaryimage\"},\"thumbnailUrl\":\"https:\/\/culturbaine.com\/wp-content\/uploads\/2026\/01\/17693525264732.jpg\",\"keywords\":[\"La Fouine annonce \u201cCapitale du Crime Radio Vol3\u201d : le retour en force d\u2019une saga culte\"],\"articleSection\":[\"Actualit\u00e9\",\"Rap\",\"Sortie d'album\"],\"inLanguage\":\"fr-FR\"},{\"@type\":\"WebPage\",\"@id\":\"https:\/\/culturbaine.com\/index.php\/2026\/01\/25\/la-fouine-annonce-capitale-du-crime-radio-vol3-le-retour-en-force-dune-saga-culte\/\",\"url\":\"https:\/\/culturbaine.com\/index.php\/2026\/01\/25\/la-fouine-annonce-capitale-du-crime-radio-vol3-le-retour-en-force-dune-saga-culte\/\",\"name\":\"La Fouine annonce \u201cCapitale du Crime Radio Vol3\u201d : le retour en force d\u2019une saga culte - Culturbaine\",\"isPartOf\":{\"@id\":\"https:\/\/culturbaine.com\/#website\"},\"primaryImageOfPage\":{\"@id\":\"https:\/\/culturbaine.com\/index.php\/2026\/01\/25\/la-fouine-annonce-capitale-du-crime-radio-vol3-le-retour-en-force-dune-saga-culte\/#primaryimage\"},\"image\":{\"@id\":\"https:\/\/culturbaine.com\/index.php\/2026\/01\/25\/la-fouine-annonce-capitale-du-crime-radio-vol3-le-retour-en-force-dune-saga-culte\/#primaryimage\"},\"thumbnailUrl\":\"https:\/\/culturbaine.com\/wp-content\/uploads\/2026\/01\/17693525264732.jpg\",\"datePublished\":\"2026-01-25T15:10:45+00:00\",\"dateModified\":\"2026-01-25T15:10:45+00:00\",\"breadcrumb\":{\"@id\":\"https:\/\/culturbaine.com\/index.php\/2026\/01\/25\/la-fouine-annonce-capitale-du-crime-radio-vol3-le-retour-en-force-dune-saga-culte\/#breadcrumb\"},\"inLanguage\":\"fr-FR\",\"potentialAction\":[{\"@type\":\"ReadAction\",\"target\":[\"https:\/\/culturbaine.com\/index.php\/2026\/01\/25\/la-fouine-annonce-capitale-du-crime-radio-vol3-le-retour-en-force-dune-saga-culte\/\"]}]},{\"@type\":\"ImageObject\",\"inLanguage\":\"fr-FR\",\"@id\":\"https:\/\/culturbaine.com\/index.php\/2026\/01\/25\/la-fouine-annonce-capitale-du-crime-radio-vol3-le-retour-en-force-dune-saga-culte\/#primaryimage\",\"url\":\"https:\/\/culturbaine.com\/wp-content\/uploads\/2026\/01\/17693525264732.jpg\",\"contentUrl\":\"https:\/\/culturbaine.com\/wp-content\/uploads\/2026\/01\/17693525264732.jpg\",\"width\":642,\"height\":437},{\"@type\":\"BreadcrumbList\",\"@id\":\"https:\/\/culturbaine.com\/index.php\/2026\/01\/25\/la-fouine-annonce-capitale-du-crime-radio-vol3-le-retour-en-force-dune-saga-culte\/#breadcrumb\",\"itemListElement\":[{\"@type\":\"ListItem\",\"position\":1,\"name\":\"Home\",\"item\":\"https:\/\/culturbaine.com\/\"},{\"@type\":\"ListItem\",\"position\":2,\"name\":\"La Fouine annonce \u201cCapitale du Crime Radio Vol3\u201d : le retour en force d\u2019une saga culte\"}]},{\"@type\":\"WebSite\",\"@id\":\"https:\/\/culturbaine.com\/#website\",\"url\":\"https:\/\/culturbaine.com\/\",\"name\":\"Culturbaine.com\",\"description\":\"Toute l&#039;actualit\u00e9 des Cultures Urbaines, en un clic  !\",\"publisher\":{\"@id\":\"https:\/\/culturbaine.com\/#organization\"},\"potentialAction\":[{\"@type\":\"SearchAction\",\"target\":{\"@type\":\"EntryPoint\",\"urlTemplate\":\"https:\/\/culturbaine.com\/?s={search_term_string}\"},\"query-input\":{\"@type\":\"PropertyValueSpecification\",\"valueRequired\":true,\"valueName\":\"search_term_string\"}}],\"inLanguage\":\"fr-FR\"},{\"@type\":\"Organization\",\"@id\":\"https:\/\/culturbaine.com\/#organization\",\"name\":\"Culturbaine.com\",\"url\":\"https:\/\/culturbaine.com\/\",\"logo\":{\"@type\":\"ImageObject\",\"inLanguage\":\"fr-FR\",\"@id\":\"https:\/\/culturbaine.com\/#\/schema\/logo\/image\/\",\"url\":\"https:\/\/culturbaine.com\/wp-content\/uploads\/2023\/07\/WhatsApp-Image-2023-07-17-at-14.38.18.jpeg\",\"contentUrl\":\"https:\/\/culturbaine.com\/wp-content\/uploads\/2023\/07\/WhatsApp-Image-2023-07-17-at-14.38.18.jpeg\",\"width\":855,\"height\":270,\"caption\":\"Culturbaine.com\"},\"image\":{\"@id\":\"https:\/\/culturbaine.com\/#\/schema\/logo\/image\/\"},\"sameAs\":[\"https:\/\/www.facebook.com\/Culturbaines\",\"https:\/\/x.com\/culturbaines\"]},{\"@type\":\"Person\",\"@id\":\"https:\/\/culturbaine.com\/#\/schema\/person\/42eb7485c572e0746c1ea6b8216c3814\",\"name\":\"admin1\",\"image\":{\"@type\":\"ImageObject\",\"inLanguage\":\"fr-FR\",\"@id\":\"https:\/\/culturbaine.com\/#\/schema\/person\/image\/\",\"url\":\"https:\/\/secure.gravatar.com\/avatar\/c268f4d483ce0486e5a10fee87bbf756?s=96&d=mm&r=g\",\"contentUrl\":\"https:\/\/secure.gravatar.com\/avatar\/c268f4d483ce0486e5a10fee87bbf756?s=96&d=mm&r=g\",\"caption\":\"admin1\"},\"url\":\"https:\/\/culturbaine.com\/index.php\/author\/admin1\/\"}]}<\/script>\n<!-- \/ Yoast SEO Premium plugin. -->","yoast_head_json":{"title":"La Fouine annonce \u201cCapitale du Crime Radio Vol3\u201d : le retour en force d\u2019une saga culte - Culturbaine","robots":{"index":"index","follow":"follow","max-snippet":"max-snippet:-1","max-image-preview":"max-image-preview:large","max-video-preview":"max-video-preview:-1"},"canonical":"https:\/\/culturbaine.com\/index.php\/2026\/01\/25\/la-fouine-annonce-capitale-du-crime-radio-vol3-le-retour-en-force-dune-saga-culte\/","og_locale":"fr_FR","og_type":"article","og_title":"La Fouine annonce \u201cCapitale du Crime Radio Vol3\u201d : le retour en force d\u2019une saga culte","og_description":"La Fouine fait parler de lui comme aux plus belles heures de sa carri\u00e8re. Alors que Capitale du Crime Radio 2 continue d\u2019encha\u00eener les chiffres solides sur les plateformes de streaming, le rappeur originaire de Trappes ne perd pas de temps et annonce officiellement la suite : Capitale du Crime Radio 3, attendu le 30 [&hellip;]","og_url":"https:\/\/culturbaine.com\/index.php\/2026\/01\/25\/la-fouine-annonce-capitale-du-crime-radio-vol3-le-retour-en-force-dune-saga-culte\/","og_site_name":"Culturbaine","article_publisher":"https:\/\/www.facebook.com\/Culturbaines","article_published_time":"2026-01-25T15:10:45+00:00","og_image":[{"width":642,"height":437,"url":"https:\/\/culturbaine.com\/wp-content\/uploads\/2026\/01\/17693525264732.jpg","type":"image\/jpeg"}],"author":"admin1","twitter_card":"summary_large_image","twitter_creator":"@culturbaines","twitter_site":"@culturbaines","twitter_misc":{"\u00c9crit par":"admin1","Dur\u00e9e de lecture estim\u00e9e":"2 minutes"},"schema":{"@context":"https:\/\/schema.org","@graph":[{"@type":"Article","@id":"https:\/\/culturbaine.com\/index.php\/2026\/01\/25\/la-fouine-annonce-capitale-du-crime-radio-vol3-le-retour-en-force-dune-saga-culte\/#article","isPartOf":{"@id":"https:\/\/culturbaine.com\/index.php\/2026\/01\/25\/la-fouine-annonce-capitale-du-crime-radio-vol3-le-retour-en-force-dune-saga-culte\/"},"author":{"name":"admin1","@id":"https:\/\/culturbaine.com\/#\/schema\/person\/42eb7485c572e0746c1ea6b8216c3814"},"headline":"La Fouine annonce \u201cCapitale du Crime Radio Vol3\u201d : le retour en force d\u2019une saga culte","datePublished":"2026-01-25T15:10:45+00:00","dateModified":"2026-01-25T15:10:45+00:00","mainEntityOfPage":{"@id":"https:\/\/culturbaine.com\/index.php\/2026\/01\/25\/la-fouine-annonce-capitale-du-crime-radio-vol3-le-retour-en-force-dune-saga-culte\/"},"wordCount":280,"publisher":{"@id":"https:\/\/culturbaine.com\/#organization"},"image":{"@id":"https:\/\/culturbaine.com\/index.php\/2026\/01\/25\/la-fouine-annonce-capitale-du-crime-radio-vol3-le-retour-en-force-dune-saga-culte\/#primaryimage"},"thumbnailUrl":"https:\/\/culturbaine.com\/wp-content\/uploads\/2026\/01\/17693525264732.jpg","keywords":["La Fouine annonce \u201cCapitale du Crime Radio Vol3\u201d : le retour en force d\u2019une saga culte"],"articleSection":["Actualit\u00e9","Rap","Sortie d'album"],"inLanguage":"fr-FR"},{"@type":"WebPage","@id":"https:\/\/culturbaine.com\/index.php\/2026\/01\/25\/la-fouine-annonce-capitale-du-crime-radio-vol3-le-retour-en-force-dune-saga-culte\/","url":"https:\/\/culturbaine.com\/index.php\/2026\/01\/25\/la-fouine-annonce-capitale-du-crime-radio-vol3-le-retour-en-force-dune-saga-culte\/","name":"La Fouine annonce \u201cCapitale du Crime Radio Vol3\u201d : le retour en force d\u2019une saga culte - Culturbaine","isPartOf":{"@id":"https:\/\/culturbaine.com\/#website"},"primaryImageOfPage":{"@id":"https:\/\/culturbaine.com\/index.php\/2026\/01\/25\/la-fouine-annonce-capitale-du-crime-radio-vol3-le-retour-en-force-dune-saga-culte\/#primaryimage"},"image":{"@id":"https:\/\/culturbaine.com\/index.php\/2026\/01\/25\/la-fouine-annonce-capitale-du-crime-radio-vol3-le-retour-en-force-dune-saga-culte\/#primaryimage"},"thumbnailUrl":"https:\/\/culturbaine.com\/wp-content\/uploads\/2026\/01\/17693525264732.jpg","datePublished":"2026-01-25T15:10:45+00:00","dateModified":"2026-01-25T15:10:45+00:00","breadcrumb":{"@id":"https:\/\/culturbaine.com\/index.php\/2026\/01\/25\/la-fouine-annonce-capitale-du-crime-radio-vol3-le-retour-en-force-dune-saga-culte\/#breadcrumb"},"inLanguage":"fr-FR","potentialAction":[{"@type":"ReadAction","target":["https:\/\/culturbaine.com\/index.php\/2026\/01\/25\/la-fouine-annonce-capitale-du-crime-radio-vol3-le-retour-en-force-dune-saga-culte\/"]}]},{"@type":"ImageObject","inLanguage":"fr-FR","@id":"https:\/\/culturbaine.com\/index.php\/2026\/01\/25\/la-fouine-annonce-capitale-du-crime-radio-vol3-le-retour-en-force-dune-saga-culte\/#primaryimage","url":"https:\/\/culturbaine.com\/wp-content\/uploads\/2026\/01\/17693525264732.jpg","contentUrl":"https:\/\/culturbaine.com\/wp-content\/uploads\/2026\/01\/17693525264732.jpg","width":642,"height":437},{"@type":"BreadcrumbList","@id":"https:\/\/culturbaine.com\/index.php\/2026\/01\/25\/la-fouine-annonce-capitale-du-crime-radio-vol3-le-retour-en-force-dune-saga-culte\/#breadcrumb","itemListElement":[{"@type":"ListItem","position":1,"name":"Home","item":"https:\/\/culturbaine.com\/"},{"@type":"ListItem","position":2,"name":"La Fouine annonce \u201cCapitale du Crime Radio Vol3\u201d : le retour en force d\u2019une saga culte"}]},{"@type":"WebSite","@id":"https:\/\/culturbaine.com\/#website","url":"https:\/\/culturbaine.com\/","name":"Culturbaine.com","description":"Toute l&#039;actualit\u00e9 des Cultures Urbaines, en un clic  !","publisher":{"@id":"https:\/\/culturbaine.com\/#organization"},"potentialAction":[{"@type":"SearchAction","target":{"@type":"EntryPoint","urlTemplate":"https:\/\/culturbaine.com\/?s={search_term_string}"},"query-input":{"@type":"PropertyValueSpecification","valueRequired":true,"valueName":"search_term_string"}}],"inLanguage":"fr-FR"},{"@type":"Organization","@id":"https:\/\/culturbaine.com\/#organization","name":"Culturbaine.com","url":"https:\/\/culturbaine.com\/","logo":{"@type":"ImageObject","inLanguage":"fr-FR","@id":"https:\/\/culturbaine.com\/#\/schema\/logo\/image\/","url":"https:\/\/culturbaine.com\/wp-content\/uploads\/2023\/07\/WhatsApp-Image-2023-07-17-at-14.38.18.jpeg","contentUrl":"https:\/\/culturbaine.com\/wp-content\/uploads\/2023\/07\/WhatsApp-Image-2023-07-17-at-14.38.18.jpeg","width":855,"height":270,"caption":"Culturbaine.com"},"image":{"@id":"https:\/\/culturbaine.com\/#\/schema\/logo\/image\/"},"sameAs":["https:\/\/www.facebook.com\/Culturbaines","https:\/\/x.com\/culturbaines"]},{"@type":"Person","@id":"https:\/\/culturbaine.com\/#\/schema\/person\/42eb7485c572e0746c1ea6b8216c3814","name":"admin1","image":{"@type":"ImageObject","inLanguage":"fr-FR","@id":"https:\/\/culturbaine.com\/#\/schema\/person\/image\/","url":"https:\/\/secure.gravatar.com\/avatar\/c268f4d483ce0486e5a10fee87bbf756?s=96&d=mm&r=g","contentUrl":"https:\/\/secure.gravatar.com\/avatar\/c268f4d483ce0486e5a10fee87bbf756?s=96&d=mm&r=g","caption":"admin1"},"url":"https:\/\/culturbaine.com\/index.php\/author\/admin1\/"}]}},"_links":{"self":[{"href":"https:\/\/culturbaine.com\/index.php\/wp-json\/wp\/v2\/posts\/13245"}],"collection":[{"href":"https:\/\/culturbaine.com\/index.php\/wp-json\/wp\/v2\/posts"}],"about":[{"href":"https:\/\/culturbaine.com\/index.php\/wp-json\/wp\/v2\/types\/post"}],"author":[{"embeddable":true,"href":"https:\/\/culturbaine.com\/index.php\/wp-json\/wp\/v2\/users\/2"}],"replies":[{"embeddable":true,"href":"https:\/\/culturbaine.com\/index.php\/wp-json\/wp\/v2\/comments?post=13245"}],"version-history":[{"count":0,"href":"https:\/\/culturbaine.com\/index.php\/wp-json\/wp\/v2\/posts\/13245\/revisions"}],"wp:featuredmedia":[{"embeddable":true,"href":"https:\/\/culturbaine.com\/index.php\/wp-json\/wp\/v2\/media\/13247"}],"wp:attachment":[{"href":"https:\/\/culturbaine.com\/index.php\/wp-json\/wp\/v2\/media?parent=13245"}],"wp:term":[{"taxonomy":"category","embeddable":true,"href":"https:\/\/culturbaine.com\/index.php\/wp-json\/wp\/v2\/categories?post=13245"},{"taxonomy":"post_tag","embeddable":true,"href":"https:\/\/culturbaine.com\/index.php\/wp-json\/wp\/v2\/tags?post=13245"}],"curies":[{"name":"wp","href":"https:\/\/api.w.org\/{rel}","templated":true}]}}