{"id":13231,"date":"2026-01-24T12:19:48","date_gmt":"2026-01-24T12:19:48","guid":{"rendered":"https:\/\/culturbaine.com\/?p=13231"},"modified":"2026-01-24T12:19:48","modified_gmt":"2026-01-24T12:19:48","slug":"la-fouine-et-kaaris-unissent-leurs-forces-sur-vision","status":"publish","type":"post","link":"https:\/\/culturbaine.com\/index.php\/2026\/01\/24\/la-fouine-et-kaaris-unissent-leurs-forces-sur-vision\/","title":{"rendered":"La Fouine et Kaaris unissent leurs forces sur \u201cVision\u201d !"},"content":{"rendered":"<p>La sc\u00e8ne rap fran\u00e7aise s\u2019est r\u00e9veill\u00e9e fort cette semaine. <strong>Kaaris<\/strong> et <strong>La Fouine<\/strong> ont d\u00e9voil\u00e9 dans la nuit le clip de leur featuring \u201c<strong>Vision<\/strong>\u201d, un morceau tr\u00e8s attendu qui marque leur collaboration officielle.<\/p>\n<p>Le titre, qui devrait figurer sur \u201c<strong>Capitale du Crime Radio Volume 3<\/strong>\u201d, s\u2019inscrit dans une ambiance sombre et agressive. <strong>Kaaris<\/strong> reste fid\u00e8le \u00e0 sa formule : un couplet massif, des r\u00e9f\u00e9rences bien senties, un univers cru entre ego-trip, rue et provocation. De son c\u00f4t\u00e9, La Fouine surprend par sa capacit\u00e9 d\u2019adaptation, se glissant sans difficult\u00e9 dans l\u2019atmosph\u00e8re brutale du morceau, avec un flow incisif et des punchlines directes.<\/p>\n<p>Le clip, \u00e0 l\u2019image du titre, mise sur une esth\u00e9tique sombre et tendue, renfor\u00e7ant l\u2019impact du duo.<\/p>\n<p>Qu\u2019on adh\u00e8re ou non au morceau, une chose est s\u00fbre : \u201c<strong>Vision<\/strong>\u201d r\u00e9ussit son pari principal, celui de faire parler. Entre collaboration marquante et tensions raviv\u00e9es, <strong>Kaaris<\/strong> et <strong>La Fouine<\/strong> signent l\u2019une des sorties les plus comment\u00e9es de ce d\u00e9but d\u2019ann\u00e9e.<\/p>\n<p><iframe loading=\"lazy\" title=\"La Fouine &amp; Kaaris \u2013 Vision (Clip Officiel)\" width=\"1170\" height=\"658\" src=\"https:\/\/www.youtube.com\/embed\/JywFe1H9EBM?wmode=transparent&amp;rel=0&amp;feature=oembed\" frameborder=\"0\" allow=\"accelerometer; autoplay; clipboard-write; encrypted-media; gyroscope; picture-in-picture; web-share\" referrerpolicy=\"strict-origin-when-cross-origin\" allowfullscreen><\/iframe><\/p>\n<p><strong>Mohamed Cinq Sylla<\/strong><\/p>\n","protected":false},"excerpt":{"rendered":"<p>La sc\u00e8ne rap fran\u00e7aise s\u2019est r\u00e9veill\u00e9e fort cette semaine. Kaaris et La Fouine ont d\u00e9voil\u00e9 dans la nuit le clip de leur featuring \u201cVision\u201d, un morceau tr\u00e8s attendu qui marque leur collaboration officielle. Le titre, qui devrait figurer sur \u201cCapitale du Crime Radio Volume 3\u201d, s\u2019inscrit dans une ambiance sombre et agressive. Kaaris reste fid\u00e8le [&hellip;]<\/p>\n","protected":false},"author":2,"featured_media":13232,"comment_status":"closed","ping_status":"closed","sticky":false,"template":"","format":"standard","meta":{"_mi_skip_tracking":false,"_monsterinsights_sitenote_active":false,"_monsterinsights_sitenote_note":"","_monsterinsights_sitenote_category":0,"footnotes":""},"categories":[21,27,512],"tags":[4334],"class_list":["post-13231","post","type-post","status-publish","format-standard","has-post-thumbnail","hentry","category-actualite","category-clip","category-rap","tag-kaaris-et-la-fouine-unissent-leurs-forces-sur-vision"],"yoast_head":"<!-- This site is optimized with the Yoast SEO Premium plugin v20.1 (Yoast SEO v24.0) - https:\/\/yoast.com\/wordpress\/plugins\/seo\/ -->\n<title>La Fouine et Kaaris unissent leurs forces sur \u201cVision\u201d ! - Culturbaine<\/title>\n<meta name=\"robots\" content=\"index, follow, max-snippet:-1, max-image-preview:large, max-video-preview:-1\" \/>\n<link rel=\"canonical\" href=\"https:\/\/culturbaine.com\/index.php\/2026\/01\/24\/la-fouine-et-kaaris-unissent-leurs-forces-sur-vision\/\" \/>\n<meta property=\"og:locale\" content=\"fr_FR\" \/>\n<meta property=\"og:type\" content=\"article\" \/>\n<meta property=\"og:title\" content=\"La Fouine et Kaaris unissent leurs forces sur \u201cVision\u201d !\" \/>\n<meta property=\"og:description\" content=\"La sc\u00e8ne rap fran\u00e7aise s\u2019est r\u00e9veill\u00e9e fort cette semaine. Kaaris et La Fouine ont d\u00e9voil\u00e9 dans la nuit le clip de leur featuring \u201cVision\u201d, un morceau tr\u00e8s attendu qui marque leur collaboration officielle. Le titre, qui devrait figurer sur \u201cCapitale du Crime Radio Volume 3\u201d, s\u2019inscrit dans une ambiance sombre et agressive. Kaaris reste fid\u00e8le [&hellip;]\" \/>\n<meta property=\"og:url\" content=\"https:\/\/culturbaine.com\/index.php\/2026\/01\/24\/la-fouine-et-kaaris-unissent-leurs-forces-sur-vision\/\" \/>\n<meta property=\"og:site_name\" content=\"Culturbaine\" \/>\n<meta property=\"article:publisher\" content=\"https:\/\/www.facebook.com\/Culturbaines\" \/>\n<meta property=\"article:published_time\" content=\"2026-01-24T12:19:48+00:00\" \/>\n<meta property=\"og:image\" content=\"https:\/\/culturbaine.com\/wp-content\/uploads\/2026\/01\/17692569483632.jpg\" \/>\n\t<meta property=\"og:image:width\" content=\"720\" \/>\n\t<meta property=\"og:image:height\" content=\"497\" \/>\n\t<meta property=\"og:image:type\" content=\"image\/jpeg\" \/>\n<meta name=\"author\" content=\"admin1\" \/>\n<meta name=\"twitter:card\" content=\"summary_large_image\" \/>\n<meta name=\"twitter:creator\" content=\"@culturbaines\" \/>\n<meta name=\"twitter:site\" content=\"@culturbaines\" \/>\n<meta name=\"twitter:label1\" content=\"\u00c9crit par\" \/>\n\t<meta name=\"twitter:data1\" content=\"admin1\" \/>\n\t<meta name=\"twitter:label2\" content=\"Dur\u00e9e de lecture estim\u00e9e\" \/>\n\t<meta name=\"twitter:data2\" content=\"2 minutes\" \/>\n<script type=\"application\/ld+json\" class=\"yoast-schema-graph\">{\"@context\":\"https:\/\/schema.org\",\"@graph\":[{\"@type\":\"Article\",\"@id\":\"https:\/\/culturbaine.com\/index.php\/2026\/01\/24\/la-fouine-et-kaaris-unissent-leurs-forces-sur-vision\/#article\",\"isPartOf\":{\"@id\":\"https:\/\/culturbaine.com\/index.php\/2026\/01\/24\/la-fouine-et-kaaris-unissent-leurs-forces-sur-vision\/\"},\"author\":{\"name\":\"admin1\",\"@id\":\"https:\/\/culturbaine.com\/#\/schema\/person\/42eb7485c572e0746c1ea6b8216c3814\"},\"headline\":\"La Fouine et Kaaris unissent leurs forces sur \u201cVision\u201d !\",\"datePublished\":\"2026-01-24T12:19:48+00:00\",\"dateModified\":\"2026-01-24T12:19:48+00:00\",\"mainEntityOfPage\":{\"@id\":\"https:\/\/culturbaine.com\/index.php\/2026\/01\/24\/la-fouine-et-kaaris-unissent-leurs-forces-sur-vision\/\"},\"wordCount\":205,\"publisher\":{\"@id\":\"https:\/\/culturbaine.com\/#organization\"},\"image\":{\"@id\":\"https:\/\/culturbaine.com\/index.php\/2026\/01\/24\/la-fouine-et-kaaris-unissent-leurs-forces-sur-vision\/#primaryimage\"},\"thumbnailUrl\":\"https:\/\/culturbaine.com\/wp-content\/uploads\/2026\/01\/17692569483632.jpg\",\"keywords\":[\"Kaaris et La Fouine unissent leurs forces sur \u201cVision\u201d !\"],\"articleSection\":[\"Actualit\u00e9\",\"Clip\",\"Rap\"],\"inLanguage\":\"fr-FR\"},{\"@type\":\"WebPage\",\"@id\":\"https:\/\/culturbaine.com\/index.php\/2026\/01\/24\/la-fouine-et-kaaris-unissent-leurs-forces-sur-vision\/\",\"url\":\"https:\/\/culturbaine.com\/index.php\/2026\/01\/24\/la-fouine-et-kaaris-unissent-leurs-forces-sur-vision\/\",\"name\":\"La Fouine et Kaaris unissent leurs forces sur \u201cVision\u201d ! - Culturbaine\",\"isPartOf\":{\"@id\":\"https:\/\/culturbaine.com\/#website\"},\"primaryImageOfPage\":{\"@id\":\"https:\/\/culturbaine.com\/index.php\/2026\/01\/24\/la-fouine-et-kaaris-unissent-leurs-forces-sur-vision\/#primaryimage\"},\"image\":{\"@id\":\"https:\/\/culturbaine.com\/index.php\/2026\/01\/24\/la-fouine-et-kaaris-unissent-leurs-forces-sur-vision\/#primaryimage\"},\"thumbnailUrl\":\"https:\/\/culturbaine.com\/wp-content\/uploads\/2026\/01\/17692569483632.jpg\",\"datePublished\":\"2026-01-24T12:19:48+00:00\",\"dateModified\":\"2026-01-24T12:19:48+00:00\",\"breadcrumb\":{\"@id\":\"https:\/\/culturbaine.com\/index.php\/2026\/01\/24\/la-fouine-et-kaaris-unissent-leurs-forces-sur-vision\/#breadcrumb\"},\"inLanguage\":\"fr-FR\",\"potentialAction\":[{\"@type\":\"ReadAction\",\"target\":[\"https:\/\/culturbaine.com\/index.php\/2026\/01\/24\/la-fouine-et-kaaris-unissent-leurs-forces-sur-vision\/\"]}]},{\"@type\":\"ImageObject\",\"inLanguage\":\"fr-FR\",\"@id\":\"https:\/\/culturbaine.com\/index.php\/2026\/01\/24\/la-fouine-et-kaaris-unissent-leurs-forces-sur-vision\/#primaryimage\",\"url\":\"https:\/\/culturbaine.com\/wp-content\/uploads\/2026\/01\/17692569483632.jpg\",\"contentUrl\":\"https:\/\/culturbaine.com\/wp-content\/uploads\/2026\/01\/17692569483632.jpg\",\"width\":720,\"height\":497},{\"@type\":\"BreadcrumbList\",\"@id\":\"https:\/\/culturbaine.com\/index.php\/2026\/01\/24\/la-fouine-et-kaaris-unissent-leurs-forces-sur-vision\/#breadcrumb\",\"itemListElement\":[{\"@type\":\"ListItem\",\"position\":1,\"name\":\"Home\",\"item\":\"https:\/\/culturbaine.com\/\"},{\"@type\":\"ListItem\",\"position\":2,\"name\":\"La Fouine et Kaaris unissent leurs forces sur \u201cVision\u201d !\"}]},{\"@type\":\"WebSite\",\"@id\":\"https:\/\/culturbaine.com\/#website\",\"url\":\"https:\/\/culturbaine.com\/\",\"name\":\"Culturbaine.com\",\"description\":\"Toute l&#039;actualit\u00e9 des Cultures Urbaines, en un clic  !\",\"publisher\":{\"@id\":\"https:\/\/culturbaine.com\/#organization\"},\"potentialAction\":[{\"@type\":\"SearchAction\",\"target\":{\"@type\":\"EntryPoint\",\"urlTemplate\":\"https:\/\/culturbaine.com\/?s={search_term_string}\"},\"query-input\":{\"@type\":\"PropertyValueSpecification\",\"valueRequired\":true,\"valueName\":\"search_term_string\"}}],\"inLanguage\":\"fr-FR\"},{\"@type\":\"Organization\",\"@id\":\"https:\/\/culturbaine.com\/#organization\",\"name\":\"Culturbaine.com\",\"url\":\"https:\/\/culturbaine.com\/\",\"logo\":{\"@type\":\"ImageObject\",\"inLanguage\":\"fr-FR\",\"@id\":\"https:\/\/culturbaine.com\/#\/schema\/logo\/image\/\",\"url\":\"https:\/\/culturbaine.com\/wp-content\/uploads\/2023\/07\/WhatsApp-Image-2023-07-17-at-14.38.18.jpeg\",\"contentUrl\":\"https:\/\/culturbaine.com\/wp-content\/uploads\/2023\/07\/WhatsApp-Image-2023-07-17-at-14.38.18.jpeg\",\"width\":855,\"height\":270,\"caption\":\"Culturbaine.com\"},\"image\":{\"@id\":\"https:\/\/culturbaine.com\/#\/schema\/logo\/image\/\"},\"sameAs\":[\"https:\/\/www.facebook.com\/Culturbaines\",\"https:\/\/x.com\/culturbaines\"]},{\"@type\":\"Person\",\"@id\":\"https:\/\/culturbaine.com\/#\/schema\/person\/42eb7485c572e0746c1ea6b8216c3814\",\"name\":\"admin1\",\"image\":{\"@type\":\"ImageObject\",\"inLanguage\":\"fr-FR\",\"@id\":\"https:\/\/culturbaine.com\/#\/schema\/person\/image\/\",\"url\":\"https:\/\/secure.gravatar.com\/avatar\/c268f4d483ce0486e5a10fee87bbf756?s=96&d=mm&r=g\",\"contentUrl\":\"https:\/\/secure.gravatar.com\/avatar\/c268f4d483ce0486e5a10fee87bbf756?s=96&d=mm&r=g\",\"caption\":\"admin1\"},\"url\":\"https:\/\/culturbaine.com\/index.php\/author\/admin1\/\"}]}<\/script>\n<!-- \/ Yoast SEO Premium plugin. -->","yoast_head_json":{"title":"La Fouine et Kaaris unissent leurs forces sur \u201cVision\u201d ! - Culturbaine","robots":{"index":"index","follow":"follow","max-snippet":"max-snippet:-1","max-image-preview":"max-image-preview:large","max-video-preview":"max-video-preview:-1"},"canonical":"https:\/\/culturbaine.com\/index.php\/2026\/01\/24\/la-fouine-et-kaaris-unissent-leurs-forces-sur-vision\/","og_locale":"fr_FR","og_type":"article","og_title":"La Fouine et Kaaris unissent leurs forces sur \u201cVision\u201d !","og_description":"La sc\u00e8ne rap fran\u00e7aise s\u2019est r\u00e9veill\u00e9e fort cette semaine. Kaaris et La Fouine ont d\u00e9voil\u00e9 dans la nuit le clip de leur featuring \u201cVision\u201d, un morceau tr\u00e8s attendu qui marque leur collaboration officielle. Le titre, qui devrait figurer sur \u201cCapitale du Crime Radio Volume 3\u201d, s\u2019inscrit dans une ambiance sombre et agressive. Kaaris reste fid\u00e8le [&hellip;]","og_url":"https:\/\/culturbaine.com\/index.php\/2026\/01\/24\/la-fouine-et-kaaris-unissent-leurs-forces-sur-vision\/","og_site_name":"Culturbaine","article_publisher":"https:\/\/www.facebook.com\/Culturbaines","article_published_time":"2026-01-24T12:19:48+00:00","og_image":[{"width":720,"height":497,"url":"https:\/\/culturbaine.com\/wp-content\/uploads\/2026\/01\/17692569483632.jpg","type":"image\/jpeg"}],"author":"admin1","twitter_card":"summary_large_image","twitter_creator":"@culturbaines","twitter_site":"@culturbaines","twitter_misc":{"\u00c9crit par":"admin1","Dur\u00e9e de lecture estim\u00e9e":"2 minutes"},"schema":{"@context":"https:\/\/schema.org","@graph":[{"@type":"Article","@id":"https:\/\/culturbaine.com\/index.php\/2026\/01\/24\/la-fouine-et-kaaris-unissent-leurs-forces-sur-vision\/#article","isPartOf":{"@id":"https:\/\/culturbaine.com\/index.php\/2026\/01\/24\/la-fouine-et-kaaris-unissent-leurs-forces-sur-vision\/"},"author":{"name":"admin1","@id":"https:\/\/culturbaine.com\/#\/schema\/person\/42eb7485c572e0746c1ea6b8216c3814"},"headline":"La Fouine et Kaaris unissent leurs forces sur \u201cVision\u201d !","datePublished":"2026-01-24T12:19:48+00:00","dateModified":"2026-01-24T12:19:48+00:00","mainEntityOfPage":{"@id":"https:\/\/culturbaine.com\/index.php\/2026\/01\/24\/la-fouine-et-kaaris-unissent-leurs-forces-sur-vision\/"},"wordCount":205,"publisher":{"@id":"https:\/\/culturbaine.com\/#organization"},"image":{"@id":"https:\/\/culturbaine.com\/index.php\/2026\/01\/24\/la-fouine-et-kaaris-unissent-leurs-forces-sur-vision\/#primaryimage"},"thumbnailUrl":"https:\/\/culturbaine.com\/wp-content\/uploads\/2026\/01\/17692569483632.jpg","keywords":["Kaaris et La Fouine unissent leurs forces sur \u201cVision\u201d !"],"articleSection":["Actualit\u00e9","Clip","Rap"],"inLanguage":"fr-FR"},{"@type":"WebPage","@id":"https:\/\/culturbaine.com\/index.php\/2026\/01\/24\/la-fouine-et-kaaris-unissent-leurs-forces-sur-vision\/","url":"https:\/\/culturbaine.com\/index.php\/2026\/01\/24\/la-fouine-et-kaaris-unissent-leurs-forces-sur-vision\/","name":"La Fouine et Kaaris unissent leurs forces sur \u201cVision\u201d ! - Culturbaine","isPartOf":{"@id":"https:\/\/culturbaine.com\/#website"},"primaryImageOfPage":{"@id":"https:\/\/culturbaine.com\/index.php\/2026\/01\/24\/la-fouine-et-kaaris-unissent-leurs-forces-sur-vision\/#primaryimage"},"image":{"@id":"https:\/\/culturbaine.com\/index.php\/2026\/01\/24\/la-fouine-et-kaaris-unissent-leurs-forces-sur-vision\/#primaryimage"},"thumbnailUrl":"https:\/\/culturbaine.com\/wp-content\/uploads\/2026\/01\/17692569483632.jpg","datePublished":"2026-01-24T12:19:48+00:00","dateModified":"2026-01-24T12:19:48+00:00","breadcrumb":{"@id":"https:\/\/culturbaine.com\/index.php\/2026\/01\/24\/la-fouine-et-kaaris-unissent-leurs-forces-sur-vision\/#breadcrumb"},"inLanguage":"fr-FR","potentialAction":[{"@type":"ReadAction","target":["https:\/\/culturbaine.com\/index.php\/2026\/01\/24\/la-fouine-et-kaaris-unissent-leurs-forces-sur-vision\/"]}]},{"@type":"ImageObject","inLanguage":"fr-FR","@id":"https:\/\/culturbaine.com\/index.php\/2026\/01\/24\/la-fouine-et-kaaris-unissent-leurs-forces-sur-vision\/#primaryimage","url":"https:\/\/culturbaine.com\/wp-content\/uploads\/2026\/01\/17692569483632.jpg","contentUrl":"https:\/\/culturbaine.com\/wp-content\/uploads\/2026\/01\/17692569483632.jpg","width":720,"height":497},{"@type":"BreadcrumbList","@id":"https:\/\/culturbaine.com\/index.php\/2026\/01\/24\/la-fouine-et-kaaris-unissent-leurs-forces-sur-vision\/#breadcrumb","itemListElement":[{"@type":"ListItem","position":1,"name":"Home","item":"https:\/\/culturbaine.com\/"},{"@type":"ListItem","position":2,"name":"La Fouine et Kaaris unissent leurs forces sur \u201cVision\u201d !"}]},{"@type":"WebSite","@id":"https:\/\/culturbaine.com\/#website","url":"https:\/\/culturbaine.com\/","name":"Culturbaine.com","description":"Toute l&#039;actualit\u00e9 des Cultures Urbaines, en un clic  !","publisher":{"@id":"https:\/\/culturbaine.com\/#organization"},"potentialAction":[{"@type":"SearchAction","target":{"@type":"EntryPoint","urlTemplate":"https:\/\/culturbaine.com\/?s={search_term_string}"},"query-input":{"@type":"PropertyValueSpecification","valueRequired":true,"valueName":"search_term_string"}}],"inLanguage":"fr-FR"},{"@type":"Organization","@id":"https:\/\/culturbaine.com\/#organization","name":"Culturbaine.com","url":"https:\/\/culturbaine.com\/","logo":{"@type":"ImageObject","inLanguage":"fr-FR","@id":"https:\/\/culturbaine.com\/#\/schema\/logo\/image\/","url":"https:\/\/culturbaine.com\/wp-content\/uploads\/2023\/07\/WhatsApp-Image-2023-07-17-at-14.38.18.jpeg","contentUrl":"https:\/\/culturbaine.com\/wp-content\/uploads\/2023\/07\/WhatsApp-Image-2023-07-17-at-14.38.18.jpeg","width":855,"height":270,"caption":"Culturbaine.com"},"image":{"@id":"https:\/\/culturbaine.com\/#\/schema\/logo\/image\/"},"sameAs":["https:\/\/www.facebook.com\/Culturbaines","https:\/\/x.com\/culturbaines"]},{"@type":"Person","@id":"https:\/\/culturbaine.com\/#\/schema\/person\/42eb7485c572e0746c1ea6b8216c3814","name":"admin1","image":{"@type":"ImageObject","inLanguage":"fr-FR","@id":"https:\/\/culturbaine.com\/#\/schema\/person\/image\/","url":"https:\/\/secure.gravatar.com\/avatar\/c268f4d483ce0486e5a10fee87bbf756?s=96&d=mm&r=g","contentUrl":"https:\/\/secure.gravatar.com\/avatar\/c268f4d483ce0486e5a10fee87bbf756?s=96&d=mm&r=g","caption":"admin1"},"url":"https:\/\/culturbaine.com\/index.php\/author\/admin1\/"}]}},"_links":{"self":[{"href":"https:\/\/culturbaine.com\/index.php\/wp-json\/wp\/v2\/posts\/13231"}],"collection":[{"href":"https:\/\/culturbaine.com\/index.php\/wp-json\/wp\/v2\/posts"}],"about":[{"href":"https:\/\/culturbaine.com\/index.php\/wp-json\/wp\/v2\/types\/post"}],"author":[{"embeddable":true,"href":"https:\/\/culturbaine.com\/index.php\/wp-json\/wp\/v2\/users\/2"}],"replies":[{"embeddable":true,"href":"https:\/\/culturbaine.com\/index.php\/wp-json\/wp\/v2\/comments?post=13231"}],"version-history":[{"count":0,"href":"https:\/\/culturbaine.com\/index.php\/wp-json\/wp\/v2\/posts\/13231\/revisions"}],"wp:featuredmedia":[{"embeddable":true,"href":"https:\/\/culturbaine.com\/index.php\/wp-json\/wp\/v2\/media\/13232"}],"wp:attachment":[{"href":"https:\/\/culturbaine.com\/index.php\/wp-json\/wp\/v2\/media?parent=13231"}],"wp:term":[{"taxonomy":"category","embeddable":true,"href":"https:\/\/culturbaine.com\/index.php\/wp-json\/wp\/v2\/categories?post=13231"},{"taxonomy":"post_tag","embeddable":true,"href":"https:\/\/culturbaine.com\/index.php\/wp-json\/wp\/v2\/tags?post=13231"}],"curies":[{"name":"wp","href":"https:\/\/api.w.org\/{rel}","templated":true}]}}