{"id":13093,"date":"2025-12-05T03:50:37","date_gmt":"2025-12-05T03:50:37","guid":{"rendered":"https:\/\/culturbaine.com\/?p=13093"},"modified":"2025-12-05T03:50:37","modified_gmt":"2025-12-05T03:50:37","slug":"spaike-presente-son-premier-album-revons-ensemble-ce-samedi-au-palais-du-peuple","status":"publish","type":"post","link":"https:\/\/culturbaine.com\/index.php\/2025\/12\/05\/spaike-presente-son-premier-album-revons-ensemble-ce-samedi-au-palais-du-peuple\/","title":{"rendered":"Spaike pr\u00e9sente son premier album \u201cR\u00eavons ensemble\u201d ce samedi au Palais du Peuple"},"content":{"rendered":"<p>\u00c0 deux jours de la sortie officielle de son premier album, <strong>R\u00eavons ensemble<\/strong>, <strong>Spaike<\/strong> et son \u00e9quipe ont rencontr\u00e9 la presse ce jeudi \u00e0 Conakry. L\u2019artiste, connu pour son style lover et son charisme sc\u00e9nique, promet un spectacle \u00e0 la hauteur de l\u2019\u00e9v\u00e9nement.<\/p>\n<p>Compos\u00e9 de 15 titres, l\u2019album marque une \u00e9tape d\u00e9cisive dans la carri\u00e8re du chanteur. <strong>Salim Souar\u00e9<\/strong>, manager g\u00e9n\u00e9ral de <strong>Vision Pub Guin\u00e9e<\/strong> et coordinateur du concert, n\u2019a pas cach\u00e9 sa satisfaction face au travail accompli.<\/p>\n<p><strong><em>\u00ab Cet album, l\u2019artiste a vraiment travaill\u00e9. On le conna\u00eet charmeur, on le conna\u00eet dans le love, mais l\u00e0 il s\u2019est surpass\u00e9. Vous serez surpris le 06 d\u00e9cembre. Il n\u2019y aura que des in\u00e9dits, que des tubes<\/em> <\/strong>\u00bb, a-t-il assur\u00e9 devant les journalistes.<\/p>\n<p>De son c\u00f4t\u00e9, <strong>Spaike<\/strong> dit vivre ce moment comme un tournant personnel et professionnel : <em><strong>\u00ab C\u2019est un jour sacr\u00e9 pour moi, un d\u00e9but de carri\u00e8re \u00bb,<\/strong><\/em> a-t-il confi\u00e9 avec \u00e9motion.<\/p>\n<p>Pour offrir un show \u00e0 la hauteur des attentes, <strong>Spaike<\/strong> sera accompagn\u00e9 sur sc\u00e8ne par le groupe <strong>Wontanara<\/strong> ainsi que d\u2019autres musiciens. Une fa\u00e7on, selon son \u00e9quipe, de garantir \u201c<strong>un spectacle de ouf\u201d.<\/strong><\/p>\n<p>La billetterie reste ouverte pour les fans et m\u00e9lomanes qui souhaitent assister \u00e0 l\u2019un des rendez-vous musicaux les plus attendus de cette fin d\u2019ann\u00e9e.<\/p>\n<p><strong>Mohamed Cinq Sylla<\/strong><\/p>\n","protected":false},"excerpt":{"rendered":"<p>\u00c0 deux jours de la sortie officielle de son premier album, R\u00eavons ensemble, Spaike et son \u00e9quipe ont rencontr\u00e9 la presse ce jeudi \u00e0 Conakry. L\u2019artiste, connu pour son style lover et son charisme sc\u00e9nique, promet un spectacle \u00e0 la hauteur de l\u2019\u00e9v\u00e9nement. Compos\u00e9 de 15 titres, l\u2019album marque une \u00e9tape d\u00e9cisive dans la carri\u00e8re [&hellip;]<\/p>\n","protected":false},"author":2,"featured_media":13094,"comment_status":"closed","ping_status":"closed","sticky":false,"template":"","format":"standard","meta":{"_mi_skip_tracking":false,"_monsterinsights_sitenote_active":false,"_monsterinsights_sitenote_note":"","_monsterinsights_sitenote_category":0,"footnotes":""},"categories":[21,33,3070],"tags":[4285],"class_list":["post-13093","post","type-post","status-publish","format-standard","has-post-thumbnail","hentry","category-actualite","category-agenda","category-sortie-dalbum","tag-spaike-presente-son-premier-album-revons-ensemble-ce-samedi-au-palais-du-peuple"],"yoast_head":"<!-- This site is optimized with the Yoast SEO Premium plugin v20.1 (Yoast SEO v24.0) - https:\/\/yoast.com\/wordpress\/plugins\/seo\/ -->\n<title>Spaike pr\u00e9sente son premier album \u201cR\u00eavons ensemble\u201d ce samedi au Palais du Peuple - Culturbaine<\/title>\n<meta name=\"robots\" content=\"index, follow, max-snippet:-1, max-image-preview:large, max-video-preview:-1\" \/>\n<link rel=\"canonical\" href=\"https:\/\/culturbaine.com\/index.php\/2025\/12\/05\/spaike-presente-son-premier-album-revons-ensemble-ce-samedi-au-palais-du-peuple\/\" \/>\n<meta property=\"og:locale\" content=\"fr_FR\" \/>\n<meta property=\"og:type\" content=\"article\" \/>\n<meta property=\"og:title\" content=\"Spaike pr\u00e9sente son premier album \u201cR\u00eavons ensemble\u201d ce samedi au Palais du Peuple\" \/>\n<meta property=\"og:description\" content=\"\u00c0 deux jours de la sortie officielle de son premier album, R\u00eavons ensemble, Spaike et son \u00e9quipe ont rencontr\u00e9 la presse ce jeudi \u00e0 Conakry. L\u2019artiste, connu pour son style lover et son charisme sc\u00e9nique, promet un spectacle \u00e0 la hauteur de l\u2019\u00e9v\u00e9nement. Compos\u00e9 de 15 titres, l\u2019album marque une \u00e9tape d\u00e9cisive dans la carri\u00e8re [&hellip;]\" \/>\n<meta property=\"og:url\" content=\"https:\/\/culturbaine.com\/index.php\/2025\/12\/05\/spaike-presente-son-premier-album-revons-ensemble-ce-samedi-au-palais-du-peuple\/\" \/>\n<meta property=\"og:site_name\" content=\"Culturbaine\" \/>\n<meta property=\"article:publisher\" content=\"https:\/\/www.facebook.com\/Culturbaines\" \/>\n<meta property=\"article:published_time\" content=\"2025-12-05T03:50:37+00:00\" \/>\n<meta property=\"og:image\" content=\"https:\/\/culturbaine.com\/wp-content\/uploads\/2025\/12\/1764906087417.jpg\" \/>\n\t<meta property=\"og:image:width\" content=\"719\" \/>\n\t<meta property=\"og:image:height\" content=\"405\" \/>\n\t<meta property=\"og:image:type\" content=\"image\/jpeg\" \/>\n<meta name=\"author\" content=\"admin1\" \/>\n<meta name=\"twitter:card\" content=\"summary_large_image\" \/>\n<meta name=\"twitter:creator\" content=\"@culturbaines\" \/>\n<meta name=\"twitter:site\" content=\"@culturbaines\" \/>\n<meta name=\"twitter:label1\" content=\"\u00c9crit par\" \/>\n\t<meta name=\"twitter:data1\" content=\"admin1\" \/>\n\t<meta name=\"twitter:label2\" content=\"Dur\u00e9e de lecture estim\u00e9e\" \/>\n\t<meta name=\"twitter:data2\" content=\"2 minutes\" \/>\n<script type=\"application\/ld+json\" class=\"yoast-schema-graph\">{\"@context\":\"https:\/\/schema.org\",\"@graph\":[{\"@type\":\"Article\",\"@id\":\"https:\/\/culturbaine.com\/index.php\/2025\/12\/05\/spaike-presente-son-premier-album-revons-ensemble-ce-samedi-au-palais-du-peuple\/#article\",\"isPartOf\":{\"@id\":\"https:\/\/culturbaine.com\/index.php\/2025\/12\/05\/spaike-presente-son-premier-album-revons-ensemble-ce-samedi-au-palais-du-peuple\/\"},\"author\":{\"name\":\"admin1\",\"@id\":\"https:\/\/culturbaine.com\/#\/schema\/person\/42eb7485c572e0746c1ea6b8216c3814\"},\"headline\":\"Spaike pr\u00e9sente son premier album \u201cR\u00eavons ensemble\u201d ce samedi au Palais du Peuple\",\"datePublished\":\"2025-12-05T03:50:37+00:00\",\"dateModified\":\"2025-12-05T03:50:37+00:00\",\"mainEntityOfPage\":{\"@id\":\"https:\/\/culturbaine.com\/index.php\/2025\/12\/05\/spaike-presente-son-premier-album-revons-ensemble-ce-samedi-au-palais-du-peuple\/\"},\"wordCount\":245,\"publisher\":{\"@id\":\"https:\/\/culturbaine.com\/#organization\"},\"image\":{\"@id\":\"https:\/\/culturbaine.com\/index.php\/2025\/12\/05\/spaike-presente-son-premier-album-revons-ensemble-ce-samedi-au-palais-du-peuple\/#primaryimage\"},\"thumbnailUrl\":\"https:\/\/culturbaine.com\/wp-content\/uploads\/2025\/12\/1764906087417.jpg\",\"keywords\":[\"Spaike pr\u00e9sente son premier album \u201cR\u00eavons ensemble\u201d ce samedi au Palais du Peuple\"],\"articleSection\":[\"Actualit\u00e9\",\"Agenda\",\"Sortie d'album\"],\"inLanguage\":\"fr-FR\"},{\"@type\":\"WebPage\",\"@id\":\"https:\/\/culturbaine.com\/index.php\/2025\/12\/05\/spaike-presente-son-premier-album-revons-ensemble-ce-samedi-au-palais-du-peuple\/\",\"url\":\"https:\/\/culturbaine.com\/index.php\/2025\/12\/05\/spaike-presente-son-premier-album-revons-ensemble-ce-samedi-au-palais-du-peuple\/\",\"name\":\"Spaike pr\u00e9sente son premier album \u201cR\u00eavons ensemble\u201d ce samedi au Palais du Peuple - Culturbaine\",\"isPartOf\":{\"@id\":\"https:\/\/culturbaine.com\/#website\"},\"primaryImageOfPage\":{\"@id\":\"https:\/\/culturbaine.com\/index.php\/2025\/12\/05\/spaike-presente-son-premier-album-revons-ensemble-ce-samedi-au-palais-du-peuple\/#primaryimage\"},\"image\":{\"@id\":\"https:\/\/culturbaine.com\/index.php\/2025\/12\/05\/spaike-presente-son-premier-album-revons-ensemble-ce-samedi-au-palais-du-peuple\/#primaryimage\"},\"thumbnailUrl\":\"https:\/\/culturbaine.com\/wp-content\/uploads\/2025\/12\/1764906087417.jpg\",\"datePublished\":\"2025-12-05T03:50:37+00:00\",\"dateModified\":\"2025-12-05T03:50:37+00:00\",\"breadcrumb\":{\"@id\":\"https:\/\/culturbaine.com\/index.php\/2025\/12\/05\/spaike-presente-son-premier-album-revons-ensemble-ce-samedi-au-palais-du-peuple\/#breadcrumb\"},\"inLanguage\":\"fr-FR\",\"potentialAction\":[{\"@type\":\"ReadAction\",\"target\":[\"https:\/\/culturbaine.com\/index.php\/2025\/12\/05\/spaike-presente-son-premier-album-revons-ensemble-ce-samedi-au-palais-du-peuple\/\"]}]},{\"@type\":\"ImageObject\",\"inLanguage\":\"fr-FR\",\"@id\":\"https:\/\/culturbaine.com\/index.php\/2025\/12\/05\/spaike-presente-son-premier-album-revons-ensemble-ce-samedi-au-palais-du-peuple\/#primaryimage\",\"url\":\"https:\/\/culturbaine.com\/wp-content\/uploads\/2025\/12\/1764906087417.jpg\",\"contentUrl\":\"https:\/\/culturbaine.com\/wp-content\/uploads\/2025\/12\/1764906087417.jpg\",\"width\":719,\"height\":405},{\"@type\":\"BreadcrumbList\",\"@id\":\"https:\/\/culturbaine.com\/index.php\/2025\/12\/05\/spaike-presente-son-premier-album-revons-ensemble-ce-samedi-au-palais-du-peuple\/#breadcrumb\",\"itemListElement\":[{\"@type\":\"ListItem\",\"position\":1,\"name\":\"Home\",\"item\":\"https:\/\/culturbaine.com\/\"},{\"@type\":\"ListItem\",\"position\":2,\"name\":\"Spaike pr\u00e9sente son premier album \u201cR\u00eavons ensemble\u201d ce samedi au Palais du Peuple\"}]},{\"@type\":\"WebSite\",\"@id\":\"https:\/\/culturbaine.com\/#website\",\"url\":\"https:\/\/culturbaine.com\/\",\"name\":\"Culturbaine.com\",\"description\":\"Toute l&#039;actualit\u00e9 des Cultures Urbaines, en un clic  !\",\"publisher\":{\"@id\":\"https:\/\/culturbaine.com\/#organization\"},\"potentialAction\":[{\"@type\":\"SearchAction\",\"target\":{\"@type\":\"EntryPoint\",\"urlTemplate\":\"https:\/\/culturbaine.com\/?s={search_term_string}\"},\"query-input\":{\"@type\":\"PropertyValueSpecification\",\"valueRequired\":true,\"valueName\":\"search_term_string\"}}],\"inLanguage\":\"fr-FR\"},{\"@type\":\"Organization\",\"@id\":\"https:\/\/culturbaine.com\/#organization\",\"name\":\"Culturbaine.com\",\"url\":\"https:\/\/culturbaine.com\/\",\"logo\":{\"@type\":\"ImageObject\",\"inLanguage\":\"fr-FR\",\"@id\":\"https:\/\/culturbaine.com\/#\/schema\/logo\/image\/\",\"url\":\"https:\/\/culturbaine.com\/wp-content\/uploads\/2023\/07\/WhatsApp-Image-2023-07-17-at-14.38.18.jpeg\",\"contentUrl\":\"https:\/\/culturbaine.com\/wp-content\/uploads\/2023\/07\/WhatsApp-Image-2023-07-17-at-14.38.18.jpeg\",\"width\":855,\"height\":270,\"caption\":\"Culturbaine.com\"},\"image\":{\"@id\":\"https:\/\/culturbaine.com\/#\/schema\/logo\/image\/\"},\"sameAs\":[\"https:\/\/www.facebook.com\/Culturbaines\",\"https:\/\/x.com\/culturbaines\"]},{\"@type\":\"Person\",\"@id\":\"https:\/\/culturbaine.com\/#\/schema\/person\/42eb7485c572e0746c1ea6b8216c3814\",\"name\":\"admin1\",\"image\":{\"@type\":\"ImageObject\",\"inLanguage\":\"fr-FR\",\"@id\":\"https:\/\/culturbaine.com\/#\/schema\/person\/image\/\",\"url\":\"https:\/\/secure.gravatar.com\/avatar\/c268f4d483ce0486e5a10fee87bbf756?s=96&d=mm&r=g\",\"contentUrl\":\"https:\/\/secure.gravatar.com\/avatar\/c268f4d483ce0486e5a10fee87bbf756?s=96&d=mm&r=g\",\"caption\":\"admin1\"},\"url\":\"https:\/\/culturbaine.com\/index.php\/author\/admin1\/\"}]}<\/script>\n<!-- \/ Yoast SEO Premium plugin. -->","yoast_head_json":{"title":"Spaike pr\u00e9sente son premier album \u201cR\u00eavons ensemble\u201d ce samedi au Palais du Peuple - Culturbaine","robots":{"index":"index","follow":"follow","max-snippet":"max-snippet:-1","max-image-preview":"max-image-preview:large","max-video-preview":"max-video-preview:-1"},"canonical":"https:\/\/culturbaine.com\/index.php\/2025\/12\/05\/spaike-presente-son-premier-album-revons-ensemble-ce-samedi-au-palais-du-peuple\/","og_locale":"fr_FR","og_type":"article","og_title":"Spaike pr\u00e9sente son premier album \u201cR\u00eavons ensemble\u201d ce samedi au Palais du Peuple","og_description":"\u00c0 deux jours de la sortie officielle de son premier album, R\u00eavons ensemble, Spaike et son \u00e9quipe ont rencontr\u00e9 la presse ce jeudi \u00e0 Conakry. L\u2019artiste, connu pour son style lover et son charisme sc\u00e9nique, promet un spectacle \u00e0 la hauteur de l\u2019\u00e9v\u00e9nement. Compos\u00e9 de 15 titres, l\u2019album marque une \u00e9tape d\u00e9cisive dans la carri\u00e8re [&hellip;]","og_url":"https:\/\/culturbaine.com\/index.php\/2025\/12\/05\/spaike-presente-son-premier-album-revons-ensemble-ce-samedi-au-palais-du-peuple\/","og_site_name":"Culturbaine","article_publisher":"https:\/\/www.facebook.com\/Culturbaines","article_published_time":"2025-12-05T03:50:37+00:00","og_image":[{"width":719,"height":405,"url":"https:\/\/culturbaine.com\/wp-content\/uploads\/2025\/12\/1764906087417.jpg","type":"image\/jpeg"}],"author":"admin1","twitter_card":"summary_large_image","twitter_creator":"@culturbaines","twitter_site":"@culturbaines","twitter_misc":{"\u00c9crit par":"admin1","Dur\u00e9e de lecture estim\u00e9e":"2 minutes"},"schema":{"@context":"https:\/\/schema.org","@graph":[{"@type":"Article","@id":"https:\/\/culturbaine.com\/index.php\/2025\/12\/05\/spaike-presente-son-premier-album-revons-ensemble-ce-samedi-au-palais-du-peuple\/#article","isPartOf":{"@id":"https:\/\/culturbaine.com\/index.php\/2025\/12\/05\/spaike-presente-son-premier-album-revons-ensemble-ce-samedi-au-palais-du-peuple\/"},"author":{"name":"admin1","@id":"https:\/\/culturbaine.com\/#\/schema\/person\/42eb7485c572e0746c1ea6b8216c3814"},"headline":"Spaike pr\u00e9sente son premier album \u201cR\u00eavons ensemble\u201d ce samedi au Palais du Peuple","datePublished":"2025-12-05T03:50:37+00:00","dateModified":"2025-12-05T03:50:37+00:00","mainEntityOfPage":{"@id":"https:\/\/culturbaine.com\/index.php\/2025\/12\/05\/spaike-presente-son-premier-album-revons-ensemble-ce-samedi-au-palais-du-peuple\/"},"wordCount":245,"publisher":{"@id":"https:\/\/culturbaine.com\/#organization"},"image":{"@id":"https:\/\/culturbaine.com\/index.php\/2025\/12\/05\/spaike-presente-son-premier-album-revons-ensemble-ce-samedi-au-palais-du-peuple\/#primaryimage"},"thumbnailUrl":"https:\/\/culturbaine.com\/wp-content\/uploads\/2025\/12\/1764906087417.jpg","keywords":["Spaike pr\u00e9sente son premier album \u201cR\u00eavons ensemble\u201d ce samedi au Palais du Peuple"],"articleSection":["Actualit\u00e9","Agenda","Sortie d'album"],"inLanguage":"fr-FR"},{"@type":"WebPage","@id":"https:\/\/culturbaine.com\/index.php\/2025\/12\/05\/spaike-presente-son-premier-album-revons-ensemble-ce-samedi-au-palais-du-peuple\/","url":"https:\/\/culturbaine.com\/index.php\/2025\/12\/05\/spaike-presente-son-premier-album-revons-ensemble-ce-samedi-au-palais-du-peuple\/","name":"Spaike pr\u00e9sente son premier album \u201cR\u00eavons ensemble\u201d ce samedi au Palais du Peuple - Culturbaine","isPartOf":{"@id":"https:\/\/culturbaine.com\/#website"},"primaryImageOfPage":{"@id":"https:\/\/culturbaine.com\/index.php\/2025\/12\/05\/spaike-presente-son-premier-album-revons-ensemble-ce-samedi-au-palais-du-peuple\/#primaryimage"},"image":{"@id":"https:\/\/culturbaine.com\/index.php\/2025\/12\/05\/spaike-presente-son-premier-album-revons-ensemble-ce-samedi-au-palais-du-peuple\/#primaryimage"},"thumbnailUrl":"https:\/\/culturbaine.com\/wp-content\/uploads\/2025\/12\/1764906087417.jpg","datePublished":"2025-12-05T03:50:37+00:00","dateModified":"2025-12-05T03:50:37+00:00","breadcrumb":{"@id":"https:\/\/culturbaine.com\/index.php\/2025\/12\/05\/spaike-presente-son-premier-album-revons-ensemble-ce-samedi-au-palais-du-peuple\/#breadcrumb"},"inLanguage":"fr-FR","potentialAction":[{"@type":"ReadAction","target":["https:\/\/culturbaine.com\/index.php\/2025\/12\/05\/spaike-presente-son-premier-album-revons-ensemble-ce-samedi-au-palais-du-peuple\/"]}]},{"@type":"ImageObject","inLanguage":"fr-FR","@id":"https:\/\/culturbaine.com\/index.php\/2025\/12\/05\/spaike-presente-son-premier-album-revons-ensemble-ce-samedi-au-palais-du-peuple\/#primaryimage","url":"https:\/\/culturbaine.com\/wp-content\/uploads\/2025\/12\/1764906087417.jpg","contentUrl":"https:\/\/culturbaine.com\/wp-content\/uploads\/2025\/12\/1764906087417.jpg","width":719,"height":405},{"@type":"BreadcrumbList","@id":"https:\/\/culturbaine.com\/index.php\/2025\/12\/05\/spaike-presente-son-premier-album-revons-ensemble-ce-samedi-au-palais-du-peuple\/#breadcrumb","itemListElement":[{"@type":"ListItem","position":1,"name":"Home","item":"https:\/\/culturbaine.com\/"},{"@type":"ListItem","position":2,"name":"Spaike pr\u00e9sente son premier album \u201cR\u00eavons ensemble\u201d ce samedi au Palais du Peuple"}]},{"@type":"WebSite","@id":"https:\/\/culturbaine.com\/#website","url":"https:\/\/culturbaine.com\/","name":"Culturbaine.com","description":"Toute l&#039;actualit\u00e9 des Cultures Urbaines, en un clic  !","publisher":{"@id":"https:\/\/culturbaine.com\/#organization"},"potentialAction":[{"@type":"SearchAction","target":{"@type":"EntryPoint","urlTemplate":"https:\/\/culturbaine.com\/?s={search_term_string}"},"query-input":{"@type":"PropertyValueSpecification","valueRequired":true,"valueName":"search_term_string"}}],"inLanguage":"fr-FR"},{"@type":"Organization","@id":"https:\/\/culturbaine.com\/#organization","name":"Culturbaine.com","url":"https:\/\/culturbaine.com\/","logo":{"@type":"ImageObject","inLanguage":"fr-FR","@id":"https:\/\/culturbaine.com\/#\/schema\/logo\/image\/","url":"https:\/\/culturbaine.com\/wp-content\/uploads\/2023\/07\/WhatsApp-Image-2023-07-17-at-14.38.18.jpeg","contentUrl":"https:\/\/culturbaine.com\/wp-content\/uploads\/2023\/07\/WhatsApp-Image-2023-07-17-at-14.38.18.jpeg","width":855,"height":270,"caption":"Culturbaine.com"},"image":{"@id":"https:\/\/culturbaine.com\/#\/schema\/logo\/image\/"},"sameAs":["https:\/\/www.facebook.com\/Culturbaines","https:\/\/x.com\/culturbaines"]},{"@type":"Person","@id":"https:\/\/culturbaine.com\/#\/schema\/person\/42eb7485c572e0746c1ea6b8216c3814","name":"admin1","image":{"@type":"ImageObject","inLanguage":"fr-FR","@id":"https:\/\/culturbaine.com\/#\/schema\/person\/image\/","url":"https:\/\/secure.gravatar.com\/avatar\/c268f4d483ce0486e5a10fee87bbf756?s=96&d=mm&r=g","contentUrl":"https:\/\/secure.gravatar.com\/avatar\/c268f4d483ce0486e5a10fee87bbf756?s=96&d=mm&r=g","caption":"admin1"},"url":"https:\/\/culturbaine.com\/index.php\/author\/admin1\/"}]}},"_links":{"self":[{"href":"https:\/\/culturbaine.com\/index.php\/wp-json\/wp\/v2\/posts\/13093"}],"collection":[{"href":"https:\/\/culturbaine.com\/index.php\/wp-json\/wp\/v2\/posts"}],"about":[{"href":"https:\/\/culturbaine.com\/index.php\/wp-json\/wp\/v2\/types\/post"}],"author":[{"embeddable":true,"href":"https:\/\/culturbaine.com\/index.php\/wp-json\/wp\/v2\/users\/2"}],"replies":[{"embeddable":true,"href":"https:\/\/culturbaine.com\/index.php\/wp-json\/wp\/v2\/comments?post=13093"}],"version-history":[{"count":0,"href":"https:\/\/culturbaine.com\/index.php\/wp-json\/wp\/v2\/posts\/13093\/revisions"}],"wp:featuredmedia":[{"embeddable":true,"href":"https:\/\/culturbaine.com\/index.php\/wp-json\/wp\/v2\/media\/13094"}],"wp:attachment":[{"href":"https:\/\/culturbaine.com\/index.php\/wp-json\/wp\/v2\/media?parent=13093"}],"wp:term":[{"taxonomy":"category","embeddable":true,"href":"https:\/\/culturbaine.com\/index.php\/wp-json\/wp\/v2\/categories?post=13093"},{"taxonomy":"post_tag","embeddable":true,"href":"https:\/\/culturbaine.com\/index.php\/wp-json\/wp\/v2\/tags?post=13093"}],"curies":[{"name":"wp","href":"https:\/\/api.w.org\/{rel}","templated":true}]}}