{"id":13085,"date":"2025-12-01T10:13:27","date_gmt":"2025-12-01T10:13:27","guid":{"rendered":"https:\/\/culturbaine.com\/?p=13085"},"modified":"2025-12-01T10:13:27","modified_gmt":"2025-12-01T10:13:27","slug":"med-c-accueille-les-espoirs-de-coronthie-a-conakry-un-moment-fort-et-des-projets-en-perspective","status":"publish","type":"post","link":"https:\/\/culturbaine.com\/index.php\/2025\/12\/01\/med-c-accueille-les-espoirs-de-coronthie-a-conakry-un-moment-fort-et-des-projets-en-perspective\/","title":{"rendered":"Med C accueille Les Espoirs de Coronthie \u00e0 Conakry : un moment fort et des projets en perspective"},"content":{"rendered":"<p>Le jeune artiste guin\u00e9en <strong>Mohamed Camara,<\/strong> alias <strong>Med C<\/strong>, continue de s\u2019affirmer comme l\u2019un des talents les plus prometteurs de la sc\u00e8ne musicale nationale. Dot\u00e9 d\u2019une voix puissante et appr\u00e9ci\u00e9 pour ses textes m\u00ealant amour et th\u00e9matiques sociales, le chanteur a r\u00e9serv\u00e9 hier soir un accueil chaleureux au groupe <strong>Les Espoirs de Coronthie<\/strong> \u00e0 l\u2019a\u00e9roport international Ahmed S\u00e9kou Tour\u00e9. Un moment d\u2019autant plus symbolique que son p\u00e8re, <strong>Bouba Mengu\u00e8,<\/strong>\u00a0est membre fondateur du groupe.<\/p>\n<p>Face aux journalistes, <strong>Les Espoirs de Coronthie<\/strong> sont revenus sur leur r\u00e9cente rencontre avec <strong>Med C<\/strong> ainsi que sur leurs projets artistiques. <strong>Machet\u00e9<\/strong>, l\u2019un des membres du groupe, a salu\u00e9 la progression fulgurante du jeune artiste : <em><strong>\u00ab Mohamed, depuis son enfance, il nous suit. Que Dieu le b\u00e9nisse. Le chemin qu\u2019il a emprunt\u00e9, m\u00eame si nous ne sommes plus l\u00e0 demain, il va s\u2019en sortir. \u00bb<\/strong><\/em><\/p>\n<p>Son p\u00e8re, <strong>Bouba Mengu\u00e8<\/strong>, s\u2019est \u00e9galement dit satisfait de l\u2019encadrement dont b\u00e9n\u00e9ficie son fils au sein de son label\u00a0 : \u00ab <em><strong>C\u2019est \u00e7a, un artiste. Il faut une maison de production derri\u00e8re, un staff derri\u00e8re. Quand je vois tout ce monde autour de lui, je suis content. Je sais que son projet va aboutir. \u00bb<\/strong><\/em><\/p>\n<p>Il a par ailleurs r\u00e9v\u00e9l\u00e9 qu\u2019une collaboration musicale entre lui et <strong>Med C<\/strong> est d\u00e9j\u00e0 pr\u00eate et sera bient\u00f4t d\u00e9voil\u00e9e. <strong>Les Espoirs de Coronthie<\/strong> sont de retour en Guin\u00e9e pour un projet artistique destin\u00e9 \u00e0 faire voyager leur public dans leur univers traditionnel et engag\u00e9.<\/p>\n<p>De son c\u00f4t\u00e9, <strong>Med C<\/strong> poursuit activement la pr\u00e9paration de son premier album, tr\u00e8s attendu par ses fans. En attendant sa sortie, il se concentre sur son prochain concert pr\u00e9vu le 18 d\u00e9cembre au 224 Lounge de Lambanyi.<\/p>\n<p><strong>Mohamed Cinq Sylla<\/strong><\/p>\n","protected":false},"excerpt":{"rendered":"<p>Le jeune artiste guin\u00e9en Mohamed Camara, alias Med C, continue de s\u2019affirmer comme l\u2019un des talents les plus prometteurs de la sc\u00e8ne musicale nationale. Dot\u00e9 d\u2019une voix puissante et appr\u00e9ci\u00e9 pour ses textes m\u00ealant amour et th\u00e9matiques sociales, le chanteur a r\u00e9serv\u00e9 hier soir un accueil chaleureux au groupe Les Espoirs de Coronthie \u00e0 l\u2019a\u00e9roport [&hellip;]<\/p>\n","protected":false},"author":2,"featured_media":13086,"comment_status":"closed","ping_status":"closed","sticky":false,"template":"","format":"standard","meta":{"_mi_skip_tracking":false,"_monsterinsights_sitenote_active":false,"_monsterinsights_sitenote_note":"","_monsterinsights_sitenote_category":0,"footnotes":""},"categories":[21],"tags":[4283],"class_list":["post-13085","post","type-post","status-publish","format-standard","has-post-thumbnail","hentry","category-actualite","tag-med-c-accueille-les-espoirs-de-coronthie-a-conakry-un-moment-fort-et-des-projets-en-perspective"],"yoast_head":"<!-- This site is optimized with the Yoast SEO Premium plugin v20.1 (Yoast SEO v24.0) - https:\/\/yoast.com\/wordpress\/plugins\/seo\/ -->\n<title>Med C accueille Les Espoirs de Coronthie \u00e0 Conakry : un moment fort et des projets en perspective - Culturbaine<\/title>\n<meta name=\"robots\" content=\"index, follow, max-snippet:-1, max-image-preview:large, max-video-preview:-1\" \/>\n<link rel=\"canonical\" href=\"https:\/\/culturbaine.com\/index.php\/2025\/12\/01\/med-c-accueille-les-espoirs-de-coronthie-a-conakry-un-moment-fort-et-des-projets-en-perspective\/\" \/>\n<meta property=\"og:locale\" content=\"fr_FR\" \/>\n<meta property=\"og:type\" content=\"article\" \/>\n<meta property=\"og:title\" content=\"Med C accueille Les Espoirs de Coronthie \u00e0 Conakry : un moment fort et des projets en perspective\" \/>\n<meta property=\"og:description\" content=\"Le jeune artiste guin\u00e9en Mohamed Camara, alias Med C, continue de s\u2019affirmer comme l\u2019un des talents les plus prometteurs de la sc\u00e8ne musicale nationale. Dot\u00e9 d\u2019une voix puissante et appr\u00e9ci\u00e9 pour ses textes m\u00ealant amour et th\u00e9matiques sociales, le chanteur a r\u00e9serv\u00e9 hier soir un accueil chaleureux au groupe Les Espoirs de Coronthie \u00e0 l\u2019a\u00e9roport [&hellip;]\" \/>\n<meta property=\"og:url\" content=\"https:\/\/culturbaine.com\/index.php\/2025\/12\/01\/med-c-accueille-les-espoirs-de-coronthie-a-conakry-un-moment-fort-et-des-projets-en-perspective\/\" \/>\n<meta property=\"og:site_name\" content=\"Culturbaine\" \/>\n<meta property=\"article:publisher\" content=\"https:\/\/www.facebook.com\/Culturbaines\" \/>\n<meta property=\"article:published_time\" content=\"2025-12-01T10:13:27+00:00\" \/>\n<meta property=\"og:image\" content=\"https:\/\/culturbaine.com\/wp-content\/uploads\/2025\/12\/IMG-20251201-WA0009.jpg\" \/>\n\t<meta property=\"og:image:width\" content=\"1280\" \/>\n\t<meta property=\"og:image:height\" content=\"719\" \/>\n\t<meta property=\"og:image:type\" content=\"image\/jpeg\" \/>\n<meta name=\"author\" content=\"admin1\" \/>\n<meta name=\"twitter:card\" content=\"summary_large_image\" \/>\n<meta name=\"twitter:creator\" content=\"@culturbaines\" \/>\n<meta name=\"twitter:site\" content=\"@culturbaines\" \/>\n<meta name=\"twitter:label1\" content=\"\u00c9crit par\" \/>\n\t<meta name=\"twitter:data1\" content=\"admin1\" \/>\n\t<meta name=\"twitter:label2\" content=\"Dur\u00e9e de lecture estim\u00e9e\" \/>\n\t<meta name=\"twitter:data2\" content=\"2 minutes\" \/>\n<script type=\"application\/ld+json\" class=\"yoast-schema-graph\">{\"@context\":\"https:\/\/schema.org\",\"@graph\":[{\"@type\":\"Article\",\"@id\":\"https:\/\/culturbaine.com\/index.php\/2025\/12\/01\/med-c-accueille-les-espoirs-de-coronthie-a-conakry-un-moment-fort-et-des-projets-en-perspective\/#article\",\"isPartOf\":{\"@id\":\"https:\/\/culturbaine.com\/index.php\/2025\/12\/01\/med-c-accueille-les-espoirs-de-coronthie-a-conakry-un-moment-fort-et-des-projets-en-perspective\/\"},\"author\":{\"name\":\"admin1\",\"@id\":\"https:\/\/culturbaine.com\/#\/schema\/person\/42eb7485c572e0746c1ea6b8216c3814\"},\"headline\":\"Med C accueille Les Espoirs de Coronthie \u00e0 Conakry : un moment fort et des projets en perspective\",\"datePublished\":\"2025-12-01T10:13:27+00:00\",\"dateModified\":\"2025-12-01T10:13:27+00:00\",\"mainEntityOfPage\":{\"@id\":\"https:\/\/culturbaine.com\/index.php\/2025\/12\/01\/med-c-accueille-les-espoirs-de-coronthie-a-conakry-un-moment-fort-et-des-projets-en-perspective\/\"},\"wordCount\":330,\"publisher\":{\"@id\":\"https:\/\/culturbaine.com\/#organization\"},\"image\":{\"@id\":\"https:\/\/culturbaine.com\/index.php\/2025\/12\/01\/med-c-accueille-les-espoirs-de-coronthie-a-conakry-un-moment-fort-et-des-projets-en-perspective\/#primaryimage\"},\"thumbnailUrl\":\"https:\/\/culturbaine.com\/wp-content\/uploads\/2025\/12\/IMG-20251201-WA0009.jpg\",\"keywords\":[\"Med C accueille Les Espoirs de Coronthie \u00e0 Conakry : un moment fort et des projets en perspective\"],\"articleSection\":[\"Actualit\u00e9\"],\"inLanguage\":\"fr-FR\"},{\"@type\":\"WebPage\",\"@id\":\"https:\/\/culturbaine.com\/index.php\/2025\/12\/01\/med-c-accueille-les-espoirs-de-coronthie-a-conakry-un-moment-fort-et-des-projets-en-perspective\/\",\"url\":\"https:\/\/culturbaine.com\/index.php\/2025\/12\/01\/med-c-accueille-les-espoirs-de-coronthie-a-conakry-un-moment-fort-et-des-projets-en-perspective\/\",\"name\":\"Med C accueille Les Espoirs de Coronthie \u00e0 Conakry : un moment fort et des projets en perspective - Culturbaine\",\"isPartOf\":{\"@id\":\"https:\/\/culturbaine.com\/#website\"},\"primaryImageOfPage\":{\"@id\":\"https:\/\/culturbaine.com\/index.php\/2025\/12\/01\/med-c-accueille-les-espoirs-de-coronthie-a-conakry-un-moment-fort-et-des-projets-en-perspective\/#primaryimage\"},\"image\":{\"@id\":\"https:\/\/culturbaine.com\/index.php\/2025\/12\/01\/med-c-accueille-les-espoirs-de-coronthie-a-conakry-un-moment-fort-et-des-projets-en-perspective\/#primaryimage\"},\"thumbnailUrl\":\"https:\/\/culturbaine.com\/wp-content\/uploads\/2025\/12\/IMG-20251201-WA0009.jpg\",\"datePublished\":\"2025-12-01T10:13:27+00:00\",\"dateModified\":\"2025-12-01T10:13:27+00:00\",\"breadcrumb\":{\"@id\":\"https:\/\/culturbaine.com\/index.php\/2025\/12\/01\/med-c-accueille-les-espoirs-de-coronthie-a-conakry-un-moment-fort-et-des-projets-en-perspective\/#breadcrumb\"},\"inLanguage\":\"fr-FR\",\"potentialAction\":[{\"@type\":\"ReadAction\",\"target\":[\"https:\/\/culturbaine.com\/index.php\/2025\/12\/01\/med-c-accueille-les-espoirs-de-coronthie-a-conakry-un-moment-fort-et-des-projets-en-perspective\/\"]}]},{\"@type\":\"ImageObject\",\"inLanguage\":\"fr-FR\",\"@id\":\"https:\/\/culturbaine.com\/index.php\/2025\/12\/01\/med-c-accueille-les-espoirs-de-coronthie-a-conakry-un-moment-fort-et-des-projets-en-perspective\/#primaryimage\",\"url\":\"https:\/\/culturbaine.com\/wp-content\/uploads\/2025\/12\/IMG-20251201-WA0009.jpg\",\"contentUrl\":\"https:\/\/culturbaine.com\/wp-content\/uploads\/2025\/12\/IMG-20251201-WA0009.jpg\",\"width\":1280,\"height\":719},{\"@type\":\"BreadcrumbList\",\"@id\":\"https:\/\/culturbaine.com\/index.php\/2025\/12\/01\/med-c-accueille-les-espoirs-de-coronthie-a-conakry-un-moment-fort-et-des-projets-en-perspective\/#breadcrumb\",\"itemListElement\":[{\"@type\":\"ListItem\",\"position\":1,\"name\":\"Home\",\"item\":\"https:\/\/culturbaine.com\/\"},{\"@type\":\"ListItem\",\"position\":2,\"name\":\"Med C accueille Les Espoirs de Coronthie \u00e0 Conakry : un moment fort et des projets en perspective\"}]},{\"@type\":\"WebSite\",\"@id\":\"https:\/\/culturbaine.com\/#website\",\"url\":\"https:\/\/culturbaine.com\/\",\"name\":\"Culturbaine.com\",\"description\":\"Toute l&#039;actualit\u00e9 des Cultures Urbaines, en un clic  !\",\"publisher\":{\"@id\":\"https:\/\/culturbaine.com\/#organization\"},\"potentialAction\":[{\"@type\":\"SearchAction\",\"target\":{\"@type\":\"EntryPoint\",\"urlTemplate\":\"https:\/\/culturbaine.com\/?s={search_term_string}\"},\"query-input\":{\"@type\":\"PropertyValueSpecification\",\"valueRequired\":true,\"valueName\":\"search_term_string\"}}],\"inLanguage\":\"fr-FR\"},{\"@type\":\"Organization\",\"@id\":\"https:\/\/culturbaine.com\/#organization\",\"name\":\"Culturbaine.com\",\"url\":\"https:\/\/culturbaine.com\/\",\"logo\":{\"@type\":\"ImageObject\",\"inLanguage\":\"fr-FR\",\"@id\":\"https:\/\/culturbaine.com\/#\/schema\/logo\/image\/\",\"url\":\"https:\/\/culturbaine.com\/wp-content\/uploads\/2023\/07\/WhatsApp-Image-2023-07-17-at-14.38.18.jpeg\",\"contentUrl\":\"https:\/\/culturbaine.com\/wp-content\/uploads\/2023\/07\/WhatsApp-Image-2023-07-17-at-14.38.18.jpeg\",\"width\":855,\"height\":270,\"caption\":\"Culturbaine.com\"},\"image\":{\"@id\":\"https:\/\/culturbaine.com\/#\/schema\/logo\/image\/\"},\"sameAs\":[\"https:\/\/www.facebook.com\/Culturbaines\",\"https:\/\/x.com\/culturbaines\"]},{\"@type\":\"Person\",\"@id\":\"https:\/\/culturbaine.com\/#\/schema\/person\/42eb7485c572e0746c1ea6b8216c3814\",\"name\":\"admin1\",\"image\":{\"@type\":\"ImageObject\",\"inLanguage\":\"fr-FR\",\"@id\":\"https:\/\/culturbaine.com\/#\/schema\/person\/image\/\",\"url\":\"https:\/\/secure.gravatar.com\/avatar\/c268f4d483ce0486e5a10fee87bbf756?s=96&d=mm&r=g\",\"contentUrl\":\"https:\/\/secure.gravatar.com\/avatar\/c268f4d483ce0486e5a10fee87bbf756?s=96&d=mm&r=g\",\"caption\":\"admin1\"},\"url\":\"https:\/\/culturbaine.com\/index.php\/author\/admin1\/\"}]}<\/script>\n<!-- \/ Yoast SEO Premium plugin. -->","yoast_head_json":{"title":"Med C accueille Les Espoirs de Coronthie \u00e0 Conakry : un moment fort et des projets en perspective - Culturbaine","robots":{"index":"index","follow":"follow","max-snippet":"max-snippet:-1","max-image-preview":"max-image-preview:large","max-video-preview":"max-video-preview:-1"},"canonical":"https:\/\/culturbaine.com\/index.php\/2025\/12\/01\/med-c-accueille-les-espoirs-de-coronthie-a-conakry-un-moment-fort-et-des-projets-en-perspective\/","og_locale":"fr_FR","og_type":"article","og_title":"Med C accueille Les Espoirs de Coronthie \u00e0 Conakry : un moment fort et des projets en perspective","og_description":"Le jeune artiste guin\u00e9en Mohamed Camara, alias Med C, continue de s\u2019affirmer comme l\u2019un des talents les plus prometteurs de la sc\u00e8ne musicale nationale. Dot\u00e9 d\u2019une voix puissante et appr\u00e9ci\u00e9 pour ses textes m\u00ealant amour et th\u00e9matiques sociales, le chanteur a r\u00e9serv\u00e9 hier soir un accueil chaleureux au groupe Les Espoirs de Coronthie \u00e0 l\u2019a\u00e9roport [&hellip;]","og_url":"https:\/\/culturbaine.com\/index.php\/2025\/12\/01\/med-c-accueille-les-espoirs-de-coronthie-a-conakry-un-moment-fort-et-des-projets-en-perspective\/","og_site_name":"Culturbaine","article_publisher":"https:\/\/www.facebook.com\/Culturbaines","article_published_time":"2025-12-01T10:13:27+00:00","og_image":[{"width":1280,"height":719,"url":"https:\/\/culturbaine.com\/wp-content\/uploads\/2025\/12\/IMG-20251201-WA0009.jpg","type":"image\/jpeg"}],"author":"admin1","twitter_card":"summary_large_image","twitter_creator":"@culturbaines","twitter_site":"@culturbaines","twitter_misc":{"\u00c9crit par":"admin1","Dur\u00e9e de lecture estim\u00e9e":"2 minutes"},"schema":{"@context":"https:\/\/schema.org","@graph":[{"@type":"Article","@id":"https:\/\/culturbaine.com\/index.php\/2025\/12\/01\/med-c-accueille-les-espoirs-de-coronthie-a-conakry-un-moment-fort-et-des-projets-en-perspective\/#article","isPartOf":{"@id":"https:\/\/culturbaine.com\/index.php\/2025\/12\/01\/med-c-accueille-les-espoirs-de-coronthie-a-conakry-un-moment-fort-et-des-projets-en-perspective\/"},"author":{"name":"admin1","@id":"https:\/\/culturbaine.com\/#\/schema\/person\/42eb7485c572e0746c1ea6b8216c3814"},"headline":"Med C accueille Les Espoirs de Coronthie \u00e0 Conakry : un moment fort et des projets en perspective","datePublished":"2025-12-01T10:13:27+00:00","dateModified":"2025-12-01T10:13:27+00:00","mainEntityOfPage":{"@id":"https:\/\/culturbaine.com\/index.php\/2025\/12\/01\/med-c-accueille-les-espoirs-de-coronthie-a-conakry-un-moment-fort-et-des-projets-en-perspective\/"},"wordCount":330,"publisher":{"@id":"https:\/\/culturbaine.com\/#organization"},"image":{"@id":"https:\/\/culturbaine.com\/index.php\/2025\/12\/01\/med-c-accueille-les-espoirs-de-coronthie-a-conakry-un-moment-fort-et-des-projets-en-perspective\/#primaryimage"},"thumbnailUrl":"https:\/\/culturbaine.com\/wp-content\/uploads\/2025\/12\/IMG-20251201-WA0009.jpg","keywords":["Med C accueille Les Espoirs de Coronthie \u00e0 Conakry : un moment fort et des projets en perspective"],"articleSection":["Actualit\u00e9"],"inLanguage":"fr-FR"},{"@type":"WebPage","@id":"https:\/\/culturbaine.com\/index.php\/2025\/12\/01\/med-c-accueille-les-espoirs-de-coronthie-a-conakry-un-moment-fort-et-des-projets-en-perspective\/","url":"https:\/\/culturbaine.com\/index.php\/2025\/12\/01\/med-c-accueille-les-espoirs-de-coronthie-a-conakry-un-moment-fort-et-des-projets-en-perspective\/","name":"Med C accueille Les Espoirs de Coronthie \u00e0 Conakry : un moment fort et des projets en perspective - Culturbaine","isPartOf":{"@id":"https:\/\/culturbaine.com\/#website"},"primaryImageOfPage":{"@id":"https:\/\/culturbaine.com\/index.php\/2025\/12\/01\/med-c-accueille-les-espoirs-de-coronthie-a-conakry-un-moment-fort-et-des-projets-en-perspective\/#primaryimage"},"image":{"@id":"https:\/\/culturbaine.com\/index.php\/2025\/12\/01\/med-c-accueille-les-espoirs-de-coronthie-a-conakry-un-moment-fort-et-des-projets-en-perspective\/#primaryimage"},"thumbnailUrl":"https:\/\/culturbaine.com\/wp-content\/uploads\/2025\/12\/IMG-20251201-WA0009.jpg","datePublished":"2025-12-01T10:13:27+00:00","dateModified":"2025-12-01T10:13:27+00:00","breadcrumb":{"@id":"https:\/\/culturbaine.com\/index.php\/2025\/12\/01\/med-c-accueille-les-espoirs-de-coronthie-a-conakry-un-moment-fort-et-des-projets-en-perspective\/#breadcrumb"},"inLanguage":"fr-FR","potentialAction":[{"@type":"ReadAction","target":["https:\/\/culturbaine.com\/index.php\/2025\/12\/01\/med-c-accueille-les-espoirs-de-coronthie-a-conakry-un-moment-fort-et-des-projets-en-perspective\/"]}]},{"@type":"ImageObject","inLanguage":"fr-FR","@id":"https:\/\/culturbaine.com\/index.php\/2025\/12\/01\/med-c-accueille-les-espoirs-de-coronthie-a-conakry-un-moment-fort-et-des-projets-en-perspective\/#primaryimage","url":"https:\/\/culturbaine.com\/wp-content\/uploads\/2025\/12\/IMG-20251201-WA0009.jpg","contentUrl":"https:\/\/culturbaine.com\/wp-content\/uploads\/2025\/12\/IMG-20251201-WA0009.jpg","width":1280,"height":719},{"@type":"BreadcrumbList","@id":"https:\/\/culturbaine.com\/index.php\/2025\/12\/01\/med-c-accueille-les-espoirs-de-coronthie-a-conakry-un-moment-fort-et-des-projets-en-perspective\/#breadcrumb","itemListElement":[{"@type":"ListItem","position":1,"name":"Home","item":"https:\/\/culturbaine.com\/"},{"@type":"ListItem","position":2,"name":"Med C accueille Les Espoirs de Coronthie \u00e0 Conakry : un moment fort et des projets en perspective"}]},{"@type":"WebSite","@id":"https:\/\/culturbaine.com\/#website","url":"https:\/\/culturbaine.com\/","name":"Culturbaine.com","description":"Toute l&#039;actualit\u00e9 des Cultures Urbaines, en un clic  !","publisher":{"@id":"https:\/\/culturbaine.com\/#organization"},"potentialAction":[{"@type":"SearchAction","target":{"@type":"EntryPoint","urlTemplate":"https:\/\/culturbaine.com\/?s={search_term_string}"},"query-input":{"@type":"PropertyValueSpecification","valueRequired":true,"valueName":"search_term_string"}}],"inLanguage":"fr-FR"},{"@type":"Organization","@id":"https:\/\/culturbaine.com\/#organization","name":"Culturbaine.com","url":"https:\/\/culturbaine.com\/","logo":{"@type":"ImageObject","inLanguage":"fr-FR","@id":"https:\/\/culturbaine.com\/#\/schema\/logo\/image\/","url":"https:\/\/culturbaine.com\/wp-content\/uploads\/2023\/07\/WhatsApp-Image-2023-07-17-at-14.38.18.jpeg","contentUrl":"https:\/\/culturbaine.com\/wp-content\/uploads\/2023\/07\/WhatsApp-Image-2023-07-17-at-14.38.18.jpeg","width":855,"height":270,"caption":"Culturbaine.com"},"image":{"@id":"https:\/\/culturbaine.com\/#\/schema\/logo\/image\/"},"sameAs":["https:\/\/www.facebook.com\/Culturbaines","https:\/\/x.com\/culturbaines"]},{"@type":"Person","@id":"https:\/\/culturbaine.com\/#\/schema\/person\/42eb7485c572e0746c1ea6b8216c3814","name":"admin1","image":{"@type":"ImageObject","inLanguage":"fr-FR","@id":"https:\/\/culturbaine.com\/#\/schema\/person\/image\/","url":"https:\/\/secure.gravatar.com\/avatar\/c268f4d483ce0486e5a10fee87bbf756?s=96&d=mm&r=g","contentUrl":"https:\/\/secure.gravatar.com\/avatar\/c268f4d483ce0486e5a10fee87bbf756?s=96&d=mm&r=g","caption":"admin1"},"url":"https:\/\/culturbaine.com\/index.php\/author\/admin1\/"}]}},"_links":{"self":[{"href":"https:\/\/culturbaine.com\/index.php\/wp-json\/wp\/v2\/posts\/13085"}],"collection":[{"href":"https:\/\/culturbaine.com\/index.php\/wp-json\/wp\/v2\/posts"}],"about":[{"href":"https:\/\/culturbaine.com\/index.php\/wp-json\/wp\/v2\/types\/post"}],"author":[{"embeddable":true,"href":"https:\/\/culturbaine.com\/index.php\/wp-json\/wp\/v2\/users\/2"}],"replies":[{"embeddable":true,"href":"https:\/\/culturbaine.com\/index.php\/wp-json\/wp\/v2\/comments?post=13085"}],"version-history":[{"count":0,"href":"https:\/\/culturbaine.com\/index.php\/wp-json\/wp\/v2\/posts\/13085\/revisions"}],"wp:featuredmedia":[{"embeddable":true,"href":"https:\/\/culturbaine.com\/index.php\/wp-json\/wp\/v2\/media\/13086"}],"wp:attachment":[{"href":"https:\/\/culturbaine.com\/index.php\/wp-json\/wp\/v2\/media?parent=13085"}],"wp:term":[{"taxonomy":"category","embeddable":true,"href":"https:\/\/culturbaine.com\/index.php\/wp-json\/wp\/v2\/categories?post=13085"},{"taxonomy":"post_tag","embeddable":true,"href":"https:\/\/culturbaine.com\/index.php\/wp-json\/wp\/v2\/tags?post=13085"}],"curies":[{"name":"wp","href":"https:\/\/api.w.org\/{rel}","templated":true}]}}