{"id":13082,"date":"2025-11-30T11:12:12","date_gmt":"2025-11-30T11:12:12","guid":{"rendered":"https:\/\/culturbaine.com\/?p=13082"},"modified":"2025-11-30T11:12:12","modified_gmt":"2025-11-30T11:12:12","slug":"naza-attendu-en-guinee-un-concert-pour-cloturer-lannee-musicale-2025","status":"publish","type":"post","link":"https:\/\/culturbaine.com\/index.php\/2025\/11\/30\/naza-attendu-en-guinee-un-concert-pour-cloturer-lannee-musicale-2025\/","title":{"rendered":"Naza attendu en Guin\u00e9e : un concert pour cl\u00f4turer l\u2019ann\u00e9e musicale 2025"},"content":{"rendered":"<p>La sc\u00e8ne musicale guin\u00e9enne accueillera l\u2019un des artistes les plus stream\u00e9s de l\u2019afro-rap fran\u00e7ais. Naza se produira le 19 d\u00e9cembre 2025, sur l\u2019esplanade du Palais du Peuple, dans un \u00e9v\u00e9nement organis\u00e9 par GK Group et ses partenaires. Une venue strat\u00e9gique pour les acteurs locaux de la musique, \u00e0 un moment o\u00f9 Conakry renforce de plus en plus sa place dans le circuit des grandes tourn\u00e9es internationales.<\/p>\n<p>Avec plusieurs certifications et une pr\u00e9sence constante dans les playlists urbaines, Naza est devenu une r\u00e9f\u00e9rence dans l\u2019industrie. Son univers, entre musique festive et storytelling accessible, lui permet de toucher un large spectre d\u2019auditeurs. Sa pr\u00e9sence en Guin\u00e9e illustre aussi l\u2019int\u00e9r\u00eat grandissant des artistes europ\u00e9ens pour les sc\u00e8nes ouest-africaines, de plus en plus attractives.<\/p>\n<p>Pour les organisateurs, ce concert est l\u2019occasion de d\u00e9montrer leur capacit\u00e9 \u00e0 accueillir des t\u00eates d\u2019affiche internationales dans des conditions techniques irr\u00e9prochables. Le choix de l\u2019esplanade du Palais du Peuple capable de recevoir un public massif laisse pr\u00e9sager une production ambitieuse.<\/p>\n<p>Naza, r\u00e9put\u00e9 pour sa proximit\u00e9 avec son public, devrait proposer un set m\u00ealant tubes incontournables et nouveaut\u00e9s. Un rendez-vous qui pourrait marquer l\u2019un des temps forts de la fin d\u2019ann\u00e9e musicale en Guin\u00e9e.<\/p>\n","protected":false},"excerpt":{"rendered":"<p>La sc\u00e8ne musicale guin\u00e9enne accueillera l\u2019un des artistes les plus stream\u00e9s de l\u2019afro-rap fran\u00e7ais. Naza se produira le 19 d\u00e9cembre 2025, sur l\u2019esplanade du Palais du Peuple, dans un \u00e9v\u00e9nement organis\u00e9 par GK Group et ses partenaires. Une venue strat\u00e9gique pour les acteurs locaux de la musique, \u00e0 un moment o\u00f9 Conakry renforce de plus [&hellip;]<\/p>\n","protected":false},"author":2,"featured_media":13083,"comment_status":"closed","ping_status":"closed","sticky":false,"template":"","format":"standard","meta":{"_mi_skip_tracking":false,"_monsterinsights_sitenote_active":false,"_monsterinsights_sitenote_note":"","_monsterinsights_sitenote_category":0,"footnotes":""},"categories":[21,33],"tags":[],"class_list":["post-13082","post","type-post","status-publish","format-standard","has-post-thumbnail","hentry","category-actualite","category-agenda"],"yoast_head":"<!-- This site is optimized with the Yoast SEO Premium plugin v20.1 (Yoast SEO v24.0) - https:\/\/yoast.com\/wordpress\/plugins\/seo\/ -->\n<title>Naza attendu en Guin\u00e9e : un concert pour cl\u00f4turer l\u2019ann\u00e9e musicale 2025 - Culturbaine<\/title>\n<meta name=\"robots\" content=\"index, follow, max-snippet:-1, max-image-preview:large, max-video-preview:-1\" \/>\n<link rel=\"canonical\" href=\"https:\/\/culturbaine.com\/index.php\/2025\/11\/30\/naza-attendu-en-guinee-un-concert-pour-cloturer-lannee-musicale-2025\/\" \/>\n<meta property=\"og:locale\" content=\"fr_FR\" \/>\n<meta property=\"og:type\" content=\"article\" \/>\n<meta property=\"og:title\" content=\"Naza attendu en Guin\u00e9e : un concert pour cl\u00f4turer l\u2019ann\u00e9e musicale 2025\" \/>\n<meta property=\"og:description\" content=\"La sc\u00e8ne musicale guin\u00e9enne accueillera l\u2019un des artistes les plus stream\u00e9s de l\u2019afro-rap fran\u00e7ais. Naza se produira le 19 d\u00e9cembre 2025, sur l\u2019esplanade du Palais du Peuple, dans un \u00e9v\u00e9nement organis\u00e9 par GK Group et ses partenaires. Une venue strat\u00e9gique pour les acteurs locaux de la musique, \u00e0 un moment o\u00f9 Conakry renforce de plus [&hellip;]\" \/>\n<meta property=\"og:url\" content=\"https:\/\/culturbaine.com\/index.php\/2025\/11\/30\/naza-attendu-en-guinee-un-concert-pour-cloturer-lannee-musicale-2025\/\" \/>\n<meta property=\"og:site_name\" content=\"Culturbaine\" \/>\n<meta property=\"article:publisher\" content=\"https:\/\/www.facebook.com\/Culturbaines\" \/>\n<meta property=\"article:published_time\" content=\"2025-11-30T11:12:12+00:00\" \/>\n<meta property=\"og:image\" content=\"https:\/\/culturbaine.com\/wp-content\/uploads\/2025\/11\/naza-pressesfifou-2080.jpg\" \/>\n\t<meta property=\"og:image:width\" content=\"1000\" \/>\n\t<meta property=\"og:image:height\" content=\"625\" \/>\n\t<meta property=\"og:image:type\" content=\"image\/jpeg\" \/>\n<meta name=\"author\" content=\"admin1\" \/>\n<meta name=\"twitter:card\" content=\"summary_large_image\" \/>\n<meta name=\"twitter:creator\" content=\"@culturbaines\" \/>\n<meta name=\"twitter:site\" content=\"@culturbaines\" \/>\n<meta name=\"twitter:label1\" content=\"\u00c9crit par\" \/>\n\t<meta name=\"twitter:data1\" content=\"admin1\" \/>\n\t<meta name=\"twitter:label2\" content=\"Dur\u00e9e de lecture estim\u00e9e\" \/>\n\t<meta name=\"twitter:data2\" content=\"2 minutes\" \/>\n<script type=\"application\/ld+json\" class=\"yoast-schema-graph\">{\"@context\":\"https:\/\/schema.org\",\"@graph\":[{\"@type\":\"Article\",\"@id\":\"https:\/\/culturbaine.com\/index.php\/2025\/11\/30\/naza-attendu-en-guinee-un-concert-pour-cloturer-lannee-musicale-2025\/#article\",\"isPartOf\":{\"@id\":\"https:\/\/culturbaine.com\/index.php\/2025\/11\/30\/naza-attendu-en-guinee-un-concert-pour-cloturer-lannee-musicale-2025\/\"},\"author\":{\"name\":\"admin1\",\"@id\":\"https:\/\/culturbaine.com\/#\/schema\/person\/42eb7485c572e0746c1ea6b8216c3814\"},\"headline\":\"Naza attendu en Guin\u00e9e : un concert pour cl\u00f4turer l\u2019ann\u00e9e musicale 2025\",\"datePublished\":\"2025-11-30T11:12:12+00:00\",\"dateModified\":\"2025-11-30T11:12:12+00:00\",\"mainEntityOfPage\":{\"@id\":\"https:\/\/culturbaine.com\/index.php\/2025\/11\/30\/naza-attendu-en-guinee-un-concert-pour-cloturer-lannee-musicale-2025\/\"},\"wordCount\":241,\"publisher\":{\"@id\":\"https:\/\/culturbaine.com\/#organization\"},\"image\":{\"@id\":\"https:\/\/culturbaine.com\/index.php\/2025\/11\/30\/naza-attendu-en-guinee-un-concert-pour-cloturer-lannee-musicale-2025\/#primaryimage\"},\"thumbnailUrl\":\"https:\/\/culturbaine.com\/wp-content\/uploads\/2025\/11\/naza-pressesfifou-2080.jpg\",\"articleSection\":[\"Actualit\u00e9\",\"Agenda\"],\"inLanguage\":\"fr-FR\"},{\"@type\":\"WebPage\",\"@id\":\"https:\/\/culturbaine.com\/index.php\/2025\/11\/30\/naza-attendu-en-guinee-un-concert-pour-cloturer-lannee-musicale-2025\/\",\"url\":\"https:\/\/culturbaine.com\/index.php\/2025\/11\/30\/naza-attendu-en-guinee-un-concert-pour-cloturer-lannee-musicale-2025\/\",\"name\":\"Naza attendu en Guin\u00e9e : un concert pour cl\u00f4turer l\u2019ann\u00e9e musicale 2025 - Culturbaine\",\"isPartOf\":{\"@id\":\"https:\/\/culturbaine.com\/#website\"},\"primaryImageOfPage\":{\"@id\":\"https:\/\/culturbaine.com\/index.php\/2025\/11\/30\/naza-attendu-en-guinee-un-concert-pour-cloturer-lannee-musicale-2025\/#primaryimage\"},\"image\":{\"@id\":\"https:\/\/culturbaine.com\/index.php\/2025\/11\/30\/naza-attendu-en-guinee-un-concert-pour-cloturer-lannee-musicale-2025\/#primaryimage\"},\"thumbnailUrl\":\"https:\/\/culturbaine.com\/wp-content\/uploads\/2025\/11\/naza-pressesfifou-2080.jpg\",\"datePublished\":\"2025-11-30T11:12:12+00:00\",\"dateModified\":\"2025-11-30T11:12:12+00:00\",\"breadcrumb\":{\"@id\":\"https:\/\/culturbaine.com\/index.php\/2025\/11\/30\/naza-attendu-en-guinee-un-concert-pour-cloturer-lannee-musicale-2025\/#breadcrumb\"},\"inLanguage\":\"fr-FR\",\"potentialAction\":[{\"@type\":\"ReadAction\",\"target\":[\"https:\/\/culturbaine.com\/index.php\/2025\/11\/30\/naza-attendu-en-guinee-un-concert-pour-cloturer-lannee-musicale-2025\/\"]}]},{\"@type\":\"ImageObject\",\"inLanguage\":\"fr-FR\",\"@id\":\"https:\/\/culturbaine.com\/index.php\/2025\/11\/30\/naza-attendu-en-guinee-un-concert-pour-cloturer-lannee-musicale-2025\/#primaryimage\",\"url\":\"https:\/\/culturbaine.com\/wp-content\/uploads\/2025\/11\/naza-pressesfifou-2080.jpg\",\"contentUrl\":\"https:\/\/culturbaine.com\/wp-content\/uploads\/2025\/11\/naza-pressesfifou-2080.jpg\",\"width\":1000,\"height\":625},{\"@type\":\"BreadcrumbList\",\"@id\":\"https:\/\/culturbaine.com\/index.php\/2025\/11\/30\/naza-attendu-en-guinee-un-concert-pour-cloturer-lannee-musicale-2025\/#breadcrumb\",\"itemListElement\":[{\"@type\":\"ListItem\",\"position\":1,\"name\":\"Home\",\"item\":\"https:\/\/culturbaine.com\/\"},{\"@type\":\"ListItem\",\"position\":2,\"name\":\"Naza attendu en Guin\u00e9e : un concert pour cl\u00f4turer l\u2019ann\u00e9e musicale 2025\"}]},{\"@type\":\"WebSite\",\"@id\":\"https:\/\/culturbaine.com\/#website\",\"url\":\"https:\/\/culturbaine.com\/\",\"name\":\"Culturbaine.com\",\"description\":\"Toute l&#039;actualit\u00e9 des Cultures Urbaines, en un clic  !\",\"publisher\":{\"@id\":\"https:\/\/culturbaine.com\/#organization\"},\"potentialAction\":[{\"@type\":\"SearchAction\",\"target\":{\"@type\":\"EntryPoint\",\"urlTemplate\":\"https:\/\/culturbaine.com\/?s={search_term_string}\"},\"query-input\":{\"@type\":\"PropertyValueSpecification\",\"valueRequired\":true,\"valueName\":\"search_term_string\"}}],\"inLanguage\":\"fr-FR\"},{\"@type\":\"Organization\",\"@id\":\"https:\/\/culturbaine.com\/#organization\",\"name\":\"Culturbaine.com\",\"url\":\"https:\/\/culturbaine.com\/\",\"logo\":{\"@type\":\"ImageObject\",\"inLanguage\":\"fr-FR\",\"@id\":\"https:\/\/culturbaine.com\/#\/schema\/logo\/image\/\",\"url\":\"https:\/\/culturbaine.com\/wp-content\/uploads\/2023\/07\/WhatsApp-Image-2023-07-17-at-14.38.18.jpeg\",\"contentUrl\":\"https:\/\/culturbaine.com\/wp-content\/uploads\/2023\/07\/WhatsApp-Image-2023-07-17-at-14.38.18.jpeg\",\"width\":855,\"height\":270,\"caption\":\"Culturbaine.com\"},\"image\":{\"@id\":\"https:\/\/culturbaine.com\/#\/schema\/logo\/image\/\"},\"sameAs\":[\"https:\/\/www.facebook.com\/Culturbaines\",\"https:\/\/x.com\/culturbaines\"]},{\"@type\":\"Person\",\"@id\":\"https:\/\/culturbaine.com\/#\/schema\/person\/42eb7485c572e0746c1ea6b8216c3814\",\"name\":\"admin1\",\"image\":{\"@type\":\"ImageObject\",\"inLanguage\":\"fr-FR\",\"@id\":\"https:\/\/culturbaine.com\/#\/schema\/person\/image\/\",\"url\":\"https:\/\/secure.gravatar.com\/avatar\/c268f4d483ce0486e5a10fee87bbf756?s=96&d=mm&r=g\",\"contentUrl\":\"https:\/\/secure.gravatar.com\/avatar\/c268f4d483ce0486e5a10fee87bbf756?s=96&d=mm&r=g\",\"caption\":\"admin1\"},\"url\":\"https:\/\/culturbaine.com\/index.php\/author\/admin1\/\"}]}<\/script>\n<!-- \/ Yoast SEO Premium plugin. -->","yoast_head_json":{"title":"Naza attendu en Guin\u00e9e : un concert pour cl\u00f4turer l\u2019ann\u00e9e musicale 2025 - Culturbaine","robots":{"index":"index","follow":"follow","max-snippet":"max-snippet:-1","max-image-preview":"max-image-preview:large","max-video-preview":"max-video-preview:-1"},"canonical":"https:\/\/culturbaine.com\/index.php\/2025\/11\/30\/naza-attendu-en-guinee-un-concert-pour-cloturer-lannee-musicale-2025\/","og_locale":"fr_FR","og_type":"article","og_title":"Naza attendu en Guin\u00e9e : un concert pour cl\u00f4turer l\u2019ann\u00e9e musicale 2025","og_description":"La sc\u00e8ne musicale guin\u00e9enne accueillera l\u2019un des artistes les plus stream\u00e9s de l\u2019afro-rap fran\u00e7ais. Naza se produira le 19 d\u00e9cembre 2025, sur l\u2019esplanade du Palais du Peuple, dans un \u00e9v\u00e9nement organis\u00e9 par GK Group et ses partenaires. Une venue strat\u00e9gique pour les acteurs locaux de la musique, \u00e0 un moment o\u00f9 Conakry renforce de plus [&hellip;]","og_url":"https:\/\/culturbaine.com\/index.php\/2025\/11\/30\/naza-attendu-en-guinee-un-concert-pour-cloturer-lannee-musicale-2025\/","og_site_name":"Culturbaine","article_publisher":"https:\/\/www.facebook.com\/Culturbaines","article_published_time":"2025-11-30T11:12:12+00:00","og_image":[{"width":1000,"height":625,"url":"https:\/\/culturbaine.com\/wp-content\/uploads\/2025\/11\/naza-pressesfifou-2080.jpg","type":"image\/jpeg"}],"author":"admin1","twitter_card":"summary_large_image","twitter_creator":"@culturbaines","twitter_site":"@culturbaines","twitter_misc":{"\u00c9crit par":"admin1","Dur\u00e9e de lecture estim\u00e9e":"2 minutes"},"schema":{"@context":"https:\/\/schema.org","@graph":[{"@type":"Article","@id":"https:\/\/culturbaine.com\/index.php\/2025\/11\/30\/naza-attendu-en-guinee-un-concert-pour-cloturer-lannee-musicale-2025\/#article","isPartOf":{"@id":"https:\/\/culturbaine.com\/index.php\/2025\/11\/30\/naza-attendu-en-guinee-un-concert-pour-cloturer-lannee-musicale-2025\/"},"author":{"name":"admin1","@id":"https:\/\/culturbaine.com\/#\/schema\/person\/42eb7485c572e0746c1ea6b8216c3814"},"headline":"Naza attendu en Guin\u00e9e : un concert pour cl\u00f4turer l\u2019ann\u00e9e musicale 2025","datePublished":"2025-11-30T11:12:12+00:00","dateModified":"2025-11-30T11:12:12+00:00","mainEntityOfPage":{"@id":"https:\/\/culturbaine.com\/index.php\/2025\/11\/30\/naza-attendu-en-guinee-un-concert-pour-cloturer-lannee-musicale-2025\/"},"wordCount":241,"publisher":{"@id":"https:\/\/culturbaine.com\/#organization"},"image":{"@id":"https:\/\/culturbaine.com\/index.php\/2025\/11\/30\/naza-attendu-en-guinee-un-concert-pour-cloturer-lannee-musicale-2025\/#primaryimage"},"thumbnailUrl":"https:\/\/culturbaine.com\/wp-content\/uploads\/2025\/11\/naza-pressesfifou-2080.jpg","articleSection":["Actualit\u00e9","Agenda"],"inLanguage":"fr-FR"},{"@type":"WebPage","@id":"https:\/\/culturbaine.com\/index.php\/2025\/11\/30\/naza-attendu-en-guinee-un-concert-pour-cloturer-lannee-musicale-2025\/","url":"https:\/\/culturbaine.com\/index.php\/2025\/11\/30\/naza-attendu-en-guinee-un-concert-pour-cloturer-lannee-musicale-2025\/","name":"Naza attendu en Guin\u00e9e : un concert pour cl\u00f4turer l\u2019ann\u00e9e musicale 2025 - Culturbaine","isPartOf":{"@id":"https:\/\/culturbaine.com\/#website"},"primaryImageOfPage":{"@id":"https:\/\/culturbaine.com\/index.php\/2025\/11\/30\/naza-attendu-en-guinee-un-concert-pour-cloturer-lannee-musicale-2025\/#primaryimage"},"image":{"@id":"https:\/\/culturbaine.com\/index.php\/2025\/11\/30\/naza-attendu-en-guinee-un-concert-pour-cloturer-lannee-musicale-2025\/#primaryimage"},"thumbnailUrl":"https:\/\/culturbaine.com\/wp-content\/uploads\/2025\/11\/naza-pressesfifou-2080.jpg","datePublished":"2025-11-30T11:12:12+00:00","dateModified":"2025-11-30T11:12:12+00:00","breadcrumb":{"@id":"https:\/\/culturbaine.com\/index.php\/2025\/11\/30\/naza-attendu-en-guinee-un-concert-pour-cloturer-lannee-musicale-2025\/#breadcrumb"},"inLanguage":"fr-FR","potentialAction":[{"@type":"ReadAction","target":["https:\/\/culturbaine.com\/index.php\/2025\/11\/30\/naza-attendu-en-guinee-un-concert-pour-cloturer-lannee-musicale-2025\/"]}]},{"@type":"ImageObject","inLanguage":"fr-FR","@id":"https:\/\/culturbaine.com\/index.php\/2025\/11\/30\/naza-attendu-en-guinee-un-concert-pour-cloturer-lannee-musicale-2025\/#primaryimage","url":"https:\/\/culturbaine.com\/wp-content\/uploads\/2025\/11\/naza-pressesfifou-2080.jpg","contentUrl":"https:\/\/culturbaine.com\/wp-content\/uploads\/2025\/11\/naza-pressesfifou-2080.jpg","width":1000,"height":625},{"@type":"BreadcrumbList","@id":"https:\/\/culturbaine.com\/index.php\/2025\/11\/30\/naza-attendu-en-guinee-un-concert-pour-cloturer-lannee-musicale-2025\/#breadcrumb","itemListElement":[{"@type":"ListItem","position":1,"name":"Home","item":"https:\/\/culturbaine.com\/"},{"@type":"ListItem","position":2,"name":"Naza attendu en Guin\u00e9e : un concert pour cl\u00f4turer l\u2019ann\u00e9e musicale 2025"}]},{"@type":"WebSite","@id":"https:\/\/culturbaine.com\/#website","url":"https:\/\/culturbaine.com\/","name":"Culturbaine.com","description":"Toute l&#039;actualit\u00e9 des Cultures Urbaines, en un clic  !","publisher":{"@id":"https:\/\/culturbaine.com\/#organization"},"potentialAction":[{"@type":"SearchAction","target":{"@type":"EntryPoint","urlTemplate":"https:\/\/culturbaine.com\/?s={search_term_string}"},"query-input":{"@type":"PropertyValueSpecification","valueRequired":true,"valueName":"search_term_string"}}],"inLanguage":"fr-FR"},{"@type":"Organization","@id":"https:\/\/culturbaine.com\/#organization","name":"Culturbaine.com","url":"https:\/\/culturbaine.com\/","logo":{"@type":"ImageObject","inLanguage":"fr-FR","@id":"https:\/\/culturbaine.com\/#\/schema\/logo\/image\/","url":"https:\/\/culturbaine.com\/wp-content\/uploads\/2023\/07\/WhatsApp-Image-2023-07-17-at-14.38.18.jpeg","contentUrl":"https:\/\/culturbaine.com\/wp-content\/uploads\/2023\/07\/WhatsApp-Image-2023-07-17-at-14.38.18.jpeg","width":855,"height":270,"caption":"Culturbaine.com"},"image":{"@id":"https:\/\/culturbaine.com\/#\/schema\/logo\/image\/"},"sameAs":["https:\/\/www.facebook.com\/Culturbaines","https:\/\/x.com\/culturbaines"]},{"@type":"Person","@id":"https:\/\/culturbaine.com\/#\/schema\/person\/42eb7485c572e0746c1ea6b8216c3814","name":"admin1","image":{"@type":"ImageObject","inLanguage":"fr-FR","@id":"https:\/\/culturbaine.com\/#\/schema\/person\/image\/","url":"https:\/\/secure.gravatar.com\/avatar\/c268f4d483ce0486e5a10fee87bbf756?s=96&d=mm&r=g","contentUrl":"https:\/\/secure.gravatar.com\/avatar\/c268f4d483ce0486e5a10fee87bbf756?s=96&d=mm&r=g","caption":"admin1"},"url":"https:\/\/culturbaine.com\/index.php\/author\/admin1\/"}]}},"_links":{"self":[{"href":"https:\/\/culturbaine.com\/index.php\/wp-json\/wp\/v2\/posts\/13082"}],"collection":[{"href":"https:\/\/culturbaine.com\/index.php\/wp-json\/wp\/v2\/posts"}],"about":[{"href":"https:\/\/culturbaine.com\/index.php\/wp-json\/wp\/v2\/types\/post"}],"author":[{"embeddable":true,"href":"https:\/\/culturbaine.com\/index.php\/wp-json\/wp\/v2\/users\/2"}],"replies":[{"embeddable":true,"href":"https:\/\/culturbaine.com\/index.php\/wp-json\/wp\/v2\/comments?post=13082"}],"version-history":[{"count":0,"href":"https:\/\/culturbaine.com\/index.php\/wp-json\/wp\/v2\/posts\/13082\/revisions"}],"wp:featuredmedia":[{"embeddable":true,"href":"https:\/\/culturbaine.com\/index.php\/wp-json\/wp\/v2\/media\/13083"}],"wp:attachment":[{"href":"https:\/\/culturbaine.com\/index.php\/wp-json\/wp\/v2\/media?parent=13082"}],"wp:term":[{"taxonomy":"category","embeddable":true,"href":"https:\/\/culturbaine.com\/index.php\/wp-json\/wp\/v2\/categories?post=13082"},{"taxonomy":"post_tag","embeddable":true,"href":"https:\/\/culturbaine.com\/index.php\/wp-json\/wp\/v2\/tags?post=13082"}],"curies":[{"name":"wp","href":"https:\/\/api.w.org\/{rel}","templated":true}]}}