{"id":1306,"date":"2023-09-14T17:51:35","date_gmt":"2023-09-14T17:51:35","guid":{"rendered":"http:\/\/culturbaine.com\/?p=1306"},"modified":"2023-09-14T17:53:38","modified_gmt":"2023-09-14T17:53:38","slug":"beni-ben-annonce-un-nouveau-clip","status":"publish","type":"post","link":"https:\/\/culturbaine.com\/index.php\/2023\/09\/14\/beni-ben-annonce-un-nouveau-clip\/","title":{"rendered":"B\u00e9ni Ben annonce un nouveau clip"},"content":{"rendered":"<p>Fra\u00eechement rentr\u00e9 de Guin\u00e9e, le rappeur et \u00e9tudiant en architecture en France <b>B\u00e9ni Ben<\/b> compte g\u00e2ter ses fans ce week-end. Dans la matin\u00e9e de ce jeudi 14 septembre, via sa page Facebook, il a annonc\u00e9 la sortie d&rsquo;un nouveau clip d\u00e9nomm\u00e9 <b>Fais ton pas la.<\/b><\/p>\n<p><span style=\"font-weight: 400;\">\u00c0 la diff\u00e9rence de son r\u00e9cent projet, il compte nous replonger \u00e0 nouveau dans l&rsquo;afrotrap, le style de musique qui l&rsquo;a fait d\u00e9couvrir au grand public, il y a quelques ann\u00e9es. Dans une ambiance conviviale, il laisse couler que ce registre musical ne va jamais mourir.<\/span><\/p>\n<p><span style=\"font-weight: 400;\">Rendez-vous le 16 sur sa cha\u00eene YouTube.<\/span><\/p>\n<p>&nbsp;<\/p>\n<div style=\"width: 720px;\" class=\"wp-video\"><!--[if lt IE 9]><script>document.createElement('video');<\/script><![endif]-->\n<video class=\"wp-video-shortcode\" id=\"video-1306-1\" width=\"720\" height=\"1280\" preload=\"metadata\" controls=\"controls\"><source type=\"video\/mp4\" src=\"http:\/\/culturbaine.com\/wp-content\/uploads\/2023\/09\/Samedi_1_6___S_E_P_T_E_M_B_R_EJour_dE28099anniversaire2C_Jour_de_clipFais_ton_Pas_lC3A0__disponible_Samedi_16_C3A0_18hGMT_23LeLOUP_233XBeni_23AfroTrapNeverDie23FaisTo720p.mp4?_=1\" \/><a href=\"http:\/\/culturbaine.com\/wp-content\/uploads\/2023\/09\/Samedi_1_6___S_E_P_T_E_M_B_R_EJour_dE28099anniversaire2C_Jour_de_clipFais_ton_Pas_lC3A0__disponible_Samedi_16_C3A0_18hGMT_23LeLOUP_233XBeni_23AfroTrapNeverDie23FaisTo720p.mp4\">http:\/\/culturbaine.com\/wp-content\/uploads\/2023\/09\/Samedi_1_6___S_E_P_T_E_M_B_R_EJour_dE28099anniversaire2C_Jour_de_clipFais_ton_Pas_lC3A0__disponible_Samedi_16_C3A0_18hGMT_23LeLOUP_233XBeni_23AfroTrapNeverDie23FaisTo720p.mp4<\/a><\/video><\/div>\n<p>&nbsp;<\/p>\n<p><b>Mohamed Cinq Sylla\u00a0<\/b><\/p>\n","protected":false},"excerpt":{"rendered":"<p>Fra\u00eechement rentr\u00e9 de Guin\u00e9e, le rappeur et \u00e9tudiant en architecture en France B\u00e9ni Ben compte g\u00e2ter ses fans ce week-end. Dans la matin\u00e9e de ce jeudi 14 septembre, via sa page Facebook, il a annonc\u00e9 la sortie d&rsquo;un nouveau clip d\u00e9nomm\u00e9 Fais ton pas la. \u00c0 la diff\u00e9rence de son r\u00e9cent projet, il compte nous [&hellip;]<\/p>\n","protected":false},"author":2,"featured_media":1308,"comment_status":"open","ping_status":"open","sticky":false,"template":"","format":"standard","meta":{"_mi_skip_tracking":false,"_monsterinsights_sitenote_active":false,"_monsterinsights_sitenote_note":"","_monsterinsights_sitenote_category":0,"footnotes":""},"categories":[21,512],"tags":[505,504,594,431,71],"class_list":["post-1306","post","type-post","status-publish","format-standard","has-post-thumbnail","hentry","category-actualite","category-rap","tag-afrotrap","tag-beni-ben","tag-fais-ton-pas-la","tag-nouveau-clip","tag-rap-guineen"],"yoast_head":"<!-- This site is optimized with the Yoast SEO Premium plugin v20.1 (Yoast SEO v24.0) - https:\/\/yoast.com\/wordpress\/plugins\/seo\/ -->\n<title>B\u00e9ni Ben annonce un nouveau clip - Culturbaine<\/title>\n<meta name=\"robots\" content=\"index, follow, max-snippet:-1, max-image-preview:large, max-video-preview:-1\" \/>\n<link rel=\"canonical\" href=\"https:\/\/culturbaine.com\/index.php\/2023\/09\/14\/beni-ben-annonce-un-nouveau-clip\/\" \/>\n<meta property=\"og:locale\" content=\"fr_FR\" \/>\n<meta property=\"og:type\" content=\"article\" \/>\n<meta property=\"og:title\" content=\"B\u00e9ni Ben annonce un nouveau clip\" \/>\n<meta property=\"og:description\" content=\"Fra\u00eechement rentr\u00e9 de Guin\u00e9e, le rappeur et \u00e9tudiant en architecture en France B\u00e9ni Ben compte g\u00e2ter ses fans ce week-end. Dans la matin\u00e9e de ce jeudi 14 septembre, via sa page Facebook, il a annonc\u00e9 la sortie d&rsquo;un nouveau clip d\u00e9nomm\u00e9 Fais ton pas la. \u00c0 la diff\u00e9rence de son r\u00e9cent projet, il compte nous [&hellip;]\" \/>\n<meta property=\"og:url\" content=\"https:\/\/culturbaine.com\/index.php\/2023\/09\/14\/beni-ben-annonce-un-nouveau-clip\/\" \/>\n<meta property=\"og:site_name\" content=\"Culturbaine\" \/>\n<meta property=\"article:publisher\" content=\"https:\/\/www.facebook.com\/Culturbaines\" \/>\n<meta property=\"article:published_time\" content=\"2023-09-14T17:51:35+00:00\" \/>\n<meta property=\"article:modified_time\" content=\"2023-09-14T17:53:38+00:00\" \/>\n<meta property=\"og:image\" content=\"https:\/\/culturbaine.com\/wp-content\/uploads\/2023\/09\/IMG-20230902-WA00232.jpg\" \/>\n\t<meta property=\"og:image:width\" content=\"1024\" \/>\n\t<meta property=\"og:image:height\" content=\"637\" \/>\n\t<meta property=\"og:image:type\" content=\"image\/jpeg\" \/>\n<meta name=\"author\" content=\"admin1\" \/>\n<meta name=\"twitter:card\" content=\"summary_large_image\" \/>\n<meta name=\"twitter:creator\" content=\"@culturbaines\" \/>\n<meta name=\"twitter:site\" content=\"@culturbaines\" \/>\n<meta name=\"twitter:label1\" content=\"\u00c9crit par\" \/>\n\t<meta name=\"twitter:data1\" content=\"admin1\" \/>\n\t<meta name=\"twitter:label2\" content=\"Dur\u00e9e de lecture estim\u00e9e\" \/>\n\t<meta name=\"twitter:data2\" content=\"1 minute\" \/>\n<script type=\"application\/ld+json\" class=\"yoast-schema-graph\">{\"@context\":\"https:\/\/schema.org\",\"@graph\":[{\"@type\":\"Article\",\"@id\":\"https:\/\/culturbaine.com\/index.php\/2023\/09\/14\/beni-ben-annonce-un-nouveau-clip\/#article\",\"isPartOf\":{\"@id\":\"https:\/\/culturbaine.com\/index.php\/2023\/09\/14\/beni-ben-annonce-un-nouveau-clip\/\"},\"author\":{\"name\":\"admin1\",\"@id\":\"https:\/\/culturbaine.com\/#\/schema\/person\/42eb7485c572e0746c1ea6b8216c3814\"},\"headline\":\"B\u00e9ni Ben annonce un nouveau clip\",\"datePublished\":\"2023-09-14T17:51:35+00:00\",\"dateModified\":\"2023-09-14T17:53:38+00:00\",\"mainEntityOfPage\":{\"@id\":\"https:\/\/culturbaine.com\/index.php\/2023\/09\/14\/beni-ben-annonce-un-nouveau-clip\/\"},\"wordCount\":161,\"commentCount\":0,\"publisher\":{\"@id\":\"https:\/\/culturbaine.com\/#organization\"},\"image\":{\"@id\":\"https:\/\/culturbaine.com\/index.php\/2023\/09\/14\/beni-ben-annonce-un-nouveau-clip\/#primaryimage\"},\"thumbnailUrl\":\"https:\/\/culturbaine.com\/wp-content\/uploads\/2023\/09\/IMG-20230902-WA00232.jpg\",\"keywords\":[\"Afrotrap\",\"B\u00e9ni Ben\",\"Fais ton pas la\",\"nouveau clip\",\"rap guin\u00e9en\"],\"articleSection\":[\"Actualit\u00e9\",\"Rap\"],\"inLanguage\":\"fr-FR\"},{\"@type\":\"WebPage\",\"@id\":\"https:\/\/culturbaine.com\/index.php\/2023\/09\/14\/beni-ben-annonce-un-nouveau-clip\/\",\"url\":\"https:\/\/culturbaine.com\/index.php\/2023\/09\/14\/beni-ben-annonce-un-nouveau-clip\/\",\"name\":\"B\u00e9ni Ben annonce un nouveau clip - Culturbaine\",\"isPartOf\":{\"@id\":\"https:\/\/culturbaine.com\/#website\"},\"primaryImageOfPage\":{\"@id\":\"https:\/\/culturbaine.com\/index.php\/2023\/09\/14\/beni-ben-annonce-un-nouveau-clip\/#primaryimage\"},\"image\":{\"@id\":\"https:\/\/culturbaine.com\/index.php\/2023\/09\/14\/beni-ben-annonce-un-nouveau-clip\/#primaryimage\"},\"thumbnailUrl\":\"https:\/\/culturbaine.com\/wp-content\/uploads\/2023\/09\/IMG-20230902-WA00232.jpg\",\"datePublished\":\"2023-09-14T17:51:35+00:00\",\"dateModified\":\"2023-09-14T17:53:38+00:00\",\"breadcrumb\":{\"@id\":\"https:\/\/culturbaine.com\/index.php\/2023\/09\/14\/beni-ben-annonce-un-nouveau-clip\/#breadcrumb\"},\"inLanguage\":\"fr-FR\",\"potentialAction\":[{\"@type\":\"ReadAction\",\"target\":[\"https:\/\/culturbaine.com\/index.php\/2023\/09\/14\/beni-ben-annonce-un-nouveau-clip\/\"]}]},{\"@type\":\"ImageObject\",\"inLanguage\":\"fr-FR\",\"@id\":\"https:\/\/culturbaine.com\/index.php\/2023\/09\/14\/beni-ben-annonce-un-nouveau-clip\/#primaryimage\",\"url\":\"https:\/\/culturbaine.com\/wp-content\/uploads\/2023\/09\/IMG-20230902-WA00232.jpg\",\"contentUrl\":\"https:\/\/culturbaine.com\/wp-content\/uploads\/2023\/09\/IMG-20230902-WA00232.jpg\",\"width\":1024,\"height\":637},{\"@type\":\"BreadcrumbList\",\"@id\":\"https:\/\/culturbaine.com\/index.php\/2023\/09\/14\/beni-ben-annonce-un-nouveau-clip\/#breadcrumb\",\"itemListElement\":[{\"@type\":\"ListItem\",\"position\":1,\"name\":\"Home\",\"item\":\"https:\/\/culturbaine.com\/\"},{\"@type\":\"ListItem\",\"position\":2,\"name\":\"B\u00e9ni Ben annonce un nouveau clip\"}]},{\"@type\":\"WebSite\",\"@id\":\"https:\/\/culturbaine.com\/#website\",\"url\":\"https:\/\/culturbaine.com\/\",\"name\":\"Culturbaine.com\",\"description\":\"Toute l&#039;actualit\u00e9 des Cultures Urbaines, en un clic  !\",\"publisher\":{\"@id\":\"https:\/\/culturbaine.com\/#organization\"},\"potentialAction\":[{\"@type\":\"SearchAction\",\"target\":{\"@type\":\"EntryPoint\",\"urlTemplate\":\"https:\/\/culturbaine.com\/?s={search_term_string}\"},\"query-input\":{\"@type\":\"PropertyValueSpecification\",\"valueRequired\":true,\"valueName\":\"search_term_string\"}}],\"inLanguage\":\"fr-FR\"},{\"@type\":\"Organization\",\"@id\":\"https:\/\/culturbaine.com\/#organization\",\"name\":\"Culturbaine.com\",\"url\":\"https:\/\/culturbaine.com\/\",\"logo\":{\"@type\":\"ImageObject\",\"inLanguage\":\"fr-FR\",\"@id\":\"https:\/\/culturbaine.com\/#\/schema\/logo\/image\/\",\"url\":\"https:\/\/culturbaine.com\/wp-content\/uploads\/2023\/07\/WhatsApp-Image-2023-07-17-at-14.38.18.jpeg\",\"contentUrl\":\"https:\/\/culturbaine.com\/wp-content\/uploads\/2023\/07\/WhatsApp-Image-2023-07-17-at-14.38.18.jpeg\",\"width\":855,\"height\":270,\"caption\":\"Culturbaine.com\"},\"image\":{\"@id\":\"https:\/\/culturbaine.com\/#\/schema\/logo\/image\/\"},\"sameAs\":[\"https:\/\/www.facebook.com\/Culturbaines\",\"https:\/\/x.com\/culturbaines\"]},{\"@type\":\"Person\",\"@id\":\"https:\/\/culturbaine.com\/#\/schema\/person\/42eb7485c572e0746c1ea6b8216c3814\",\"name\":\"admin1\",\"image\":{\"@type\":\"ImageObject\",\"inLanguage\":\"fr-FR\",\"@id\":\"https:\/\/culturbaine.com\/#\/schema\/person\/image\/\",\"url\":\"https:\/\/secure.gravatar.com\/avatar\/c268f4d483ce0486e5a10fee87bbf756?s=96&d=mm&r=g\",\"contentUrl\":\"https:\/\/secure.gravatar.com\/avatar\/c268f4d483ce0486e5a10fee87bbf756?s=96&d=mm&r=g\",\"caption\":\"admin1\"},\"url\":\"https:\/\/culturbaine.com\/index.php\/author\/admin1\/\"}]}<\/script>\n<!-- \/ Yoast SEO Premium plugin. -->","yoast_head_json":{"title":"B\u00e9ni Ben annonce un nouveau clip - Culturbaine","robots":{"index":"index","follow":"follow","max-snippet":"max-snippet:-1","max-image-preview":"max-image-preview:large","max-video-preview":"max-video-preview:-1"},"canonical":"https:\/\/culturbaine.com\/index.php\/2023\/09\/14\/beni-ben-annonce-un-nouveau-clip\/","og_locale":"fr_FR","og_type":"article","og_title":"B\u00e9ni Ben annonce un nouveau clip","og_description":"Fra\u00eechement rentr\u00e9 de Guin\u00e9e, le rappeur et \u00e9tudiant en architecture en France B\u00e9ni Ben compte g\u00e2ter ses fans ce week-end. Dans la matin\u00e9e de ce jeudi 14 septembre, via sa page Facebook, il a annonc\u00e9 la sortie d&rsquo;un nouveau clip d\u00e9nomm\u00e9 Fais ton pas la. \u00c0 la diff\u00e9rence de son r\u00e9cent projet, il compte nous [&hellip;]","og_url":"https:\/\/culturbaine.com\/index.php\/2023\/09\/14\/beni-ben-annonce-un-nouveau-clip\/","og_site_name":"Culturbaine","article_publisher":"https:\/\/www.facebook.com\/Culturbaines","article_published_time":"2023-09-14T17:51:35+00:00","article_modified_time":"2023-09-14T17:53:38+00:00","og_image":[{"width":1024,"height":637,"url":"https:\/\/culturbaine.com\/wp-content\/uploads\/2023\/09\/IMG-20230902-WA00232.jpg","type":"image\/jpeg"}],"author":"admin1","twitter_card":"summary_large_image","twitter_creator":"@culturbaines","twitter_site":"@culturbaines","twitter_misc":{"\u00c9crit par":"admin1","Dur\u00e9e de lecture estim\u00e9e":"1 minute"},"schema":{"@context":"https:\/\/schema.org","@graph":[{"@type":"Article","@id":"https:\/\/culturbaine.com\/index.php\/2023\/09\/14\/beni-ben-annonce-un-nouveau-clip\/#article","isPartOf":{"@id":"https:\/\/culturbaine.com\/index.php\/2023\/09\/14\/beni-ben-annonce-un-nouveau-clip\/"},"author":{"name":"admin1","@id":"https:\/\/culturbaine.com\/#\/schema\/person\/42eb7485c572e0746c1ea6b8216c3814"},"headline":"B\u00e9ni Ben annonce un nouveau clip","datePublished":"2023-09-14T17:51:35+00:00","dateModified":"2023-09-14T17:53:38+00:00","mainEntityOfPage":{"@id":"https:\/\/culturbaine.com\/index.php\/2023\/09\/14\/beni-ben-annonce-un-nouveau-clip\/"},"wordCount":161,"commentCount":0,"publisher":{"@id":"https:\/\/culturbaine.com\/#organization"},"image":{"@id":"https:\/\/culturbaine.com\/index.php\/2023\/09\/14\/beni-ben-annonce-un-nouveau-clip\/#primaryimage"},"thumbnailUrl":"https:\/\/culturbaine.com\/wp-content\/uploads\/2023\/09\/IMG-20230902-WA00232.jpg","keywords":["Afrotrap","B\u00e9ni Ben","Fais ton pas la","nouveau clip","rap guin\u00e9en"],"articleSection":["Actualit\u00e9","Rap"],"inLanguage":"fr-FR"},{"@type":"WebPage","@id":"https:\/\/culturbaine.com\/index.php\/2023\/09\/14\/beni-ben-annonce-un-nouveau-clip\/","url":"https:\/\/culturbaine.com\/index.php\/2023\/09\/14\/beni-ben-annonce-un-nouveau-clip\/","name":"B\u00e9ni Ben annonce un nouveau clip - Culturbaine","isPartOf":{"@id":"https:\/\/culturbaine.com\/#website"},"primaryImageOfPage":{"@id":"https:\/\/culturbaine.com\/index.php\/2023\/09\/14\/beni-ben-annonce-un-nouveau-clip\/#primaryimage"},"image":{"@id":"https:\/\/culturbaine.com\/index.php\/2023\/09\/14\/beni-ben-annonce-un-nouveau-clip\/#primaryimage"},"thumbnailUrl":"https:\/\/culturbaine.com\/wp-content\/uploads\/2023\/09\/IMG-20230902-WA00232.jpg","datePublished":"2023-09-14T17:51:35+00:00","dateModified":"2023-09-14T17:53:38+00:00","breadcrumb":{"@id":"https:\/\/culturbaine.com\/index.php\/2023\/09\/14\/beni-ben-annonce-un-nouveau-clip\/#breadcrumb"},"inLanguage":"fr-FR","potentialAction":[{"@type":"ReadAction","target":["https:\/\/culturbaine.com\/index.php\/2023\/09\/14\/beni-ben-annonce-un-nouveau-clip\/"]}]},{"@type":"ImageObject","inLanguage":"fr-FR","@id":"https:\/\/culturbaine.com\/index.php\/2023\/09\/14\/beni-ben-annonce-un-nouveau-clip\/#primaryimage","url":"https:\/\/culturbaine.com\/wp-content\/uploads\/2023\/09\/IMG-20230902-WA00232.jpg","contentUrl":"https:\/\/culturbaine.com\/wp-content\/uploads\/2023\/09\/IMG-20230902-WA00232.jpg","width":1024,"height":637},{"@type":"BreadcrumbList","@id":"https:\/\/culturbaine.com\/index.php\/2023\/09\/14\/beni-ben-annonce-un-nouveau-clip\/#breadcrumb","itemListElement":[{"@type":"ListItem","position":1,"name":"Home","item":"https:\/\/culturbaine.com\/"},{"@type":"ListItem","position":2,"name":"B\u00e9ni Ben annonce un nouveau clip"}]},{"@type":"WebSite","@id":"https:\/\/culturbaine.com\/#website","url":"https:\/\/culturbaine.com\/","name":"Culturbaine.com","description":"Toute l&#039;actualit\u00e9 des Cultures Urbaines, en un clic  !","publisher":{"@id":"https:\/\/culturbaine.com\/#organization"},"potentialAction":[{"@type":"SearchAction","target":{"@type":"EntryPoint","urlTemplate":"https:\/\/culturbaine.com\/?s={search_term_string}"},"query-input":{"@type":"PropertyValueSpecification","valueRequired":true,"valueName":"search_term_string"}}],"inLanguage":"fr-FR"},{"@type":"Organization","@id":"https:\/\/culturbaine.com\/#organization","name":"Culturbaine.com","url":"https:\/\/culturbaine.com\/","logo":{"@type":"ImageObject","inLanguage":"fr-FR","@id":"https:\/\/culturbaine.com\/#\/schema\/logo\/image\/","url":"https:\/\/culturbaine.com\/wp-content\/uploads\/2023\/07\/WhatsApp-Image-2023-07-17-at-14.38.18.jpeg","contentUrl":"https:\/\/culturbaine.com\/wp-content\/uploads\/2023\/07\/WhatsApp-Image-2023-07-17-at-14.38.18.jpeg","width":855,"height":270,"caption":"Culturbaine.com"},"image":{"@id":"https:\/\/culturbaine.com\/#\/schema\/logo\/image\/"},"sameAs":["https:\/\/www.facebook.com\/Culturbaines","https:\/\/x.com\/culturbaines"]},{"@type":"Person","@id":"https:\/\/culturbaine.com\/#\/schema\/person\/42eb7485c572e0746c1ea6b8216c3814","name":"admin1","image":{"@type":"ImageObject","inLanguage":"fr-FR","@id":"https:\/\/culturbaine.com\/#\/schema\/person\/image\/","url":"https:\/\/secure.gravatar.com\/avatar\/c268f4d483ce0486e5a10fee87bbf756?s=96&d=mm&r=g","contentUrl":"https:\/\/secure.gravatar.com\/avatar\/c268f4d483ce0486e5a10fee87bbf756?s=96&d=mm&r=g","caption":"admin1"},"url":"https:\/\/culturbaine.com\/index.php\/author\/admin1\/"}]}},"_links":{"self":[{"href":"https:\/\/culturbaine.com\/index.php\/wp-json\/wp\/v2\/posts\/1306"}],"collection":[{"href":"https:\/\/culturbaine.com\/index.php\/wp-json\/wp\/v2\/posts"}],"about":[{"href":"https:\/\/culturbaine.com\/index.php\/wp-json\/wp\/v2\/types\/post"}],"author":[{"embeddable":true,"href":"https:\/\/culturbaine.com\/index.php\/wp-json\/wp\/v2\/users\/2"}],"replies":[{"embeddable":true,"href":"https:\/\/culturbaine.com\/index.php\/wp-json\/wp\/v2\/comments?post=1306"}],"version-history":[{"count":0,"href":"https:\/\/culturbaine.com\/index.php\/wp-json\/wp\/v2\/posts\/1306\/revisions"}],"wp:featuredmedia":[{"embeddable":true,"href":"https:\/\/culturbaine.com\/index.php\/wp-json\/wp\/v2\/media\/1308"}],"wp:attachment":[{"href":"https:\/\/culturbaine.com\/index.php\/wp-json\/wp\/v2\/media?parent=1306"}],"wp:term":[{"taxonomy":"category","embeddable":true,"href":"https:\/\/culturbaine.com\/index.php\/wp-json\/wp\/v2\/categories?post=1306"},{"taxonomy":"post_tag","embeddable":true,"href":"https:\/\/culturbaine.com\/index.php\/wp-json\/wp\/v2\/tags?post=1306"}],"curies":[{"name":"wp","href":"https:\/\/api.w.org\/{rel}","templated":true}]}}