{"id":12941,"date":"2025-10-23T17:29:26","date_gmt":"2025-10-23T17:29:26","guid":{"rendered":"https:\/\/culturbaine.com\/?p=12941"},"modified":"2025-10-23T17:47:31","modified_gmt":"2025-10-23T17:47:31","slug":"battle-pro-2025-quart-de-finale-1-vs-1-kid-les-talents-sont-prets-a-en-decoudre","status":"publish","type":"post","link":"https:\/\/culturbaine.com\/index.php\/2025\/10\/23\/battle-pro-2025-quart-de-finale-1-vs-1-kid-les-talents-sont-prets-a-en-decoudre\/","title":{"rendered":"Battle Pro 2025 \u2013 Quart de finale 1 vs 1 KID : Les talents sont pr\u00eats \u00e0 en d\u00e9coudre !"},"content":{"rendered":"<p>Les 25 et 26 octobre 2025, le mythique Th\u00e9\u00e2tre du Ch\u00e2telet (Paris) vibrera au rythme des battles les plus prometteurs du moment. Place aux quarts de finale du Battle Pro, dans la cat\u00e9gorie 1 vs 1 KID, o\u00f9 les jeunes prodiges du break vont s\u2019affronter pour une place en finale.<\/p>\n<p>Le samedi 25 octobre marquera le lancement du premier tour, avant que les phases finales ne viennent boucler le spectacle le dimanche 26 octobre. Deux jours intenses, o\u00f9 style, cr\u00e9ativit\u00e9 et \u00e9nergie seront les ma\u00eetres mots.<\/p>\n<p>Et cette ann\u00e9e, la comp\u00e9tition s\u2019annonce relev\u00e9e avec une s\u00e9lection internationale de haut niveau :<\/p>\n<p>\ud83c\uddea\ud83c\uddf8 <strong>ANTIBANTIK<\/strong> (Espagne)<\/p>\n<p>\ud83c\udde9\ud83c\uddea <strong>KNUCKLES<\/strong> (Allemagne)<\/p>\n<p>\ud83c\uddef\ud83c\uddf5 <strong>SHUJI<\/strong> (Japon)<\/p>\n<p>\ud83c\uddeb\ud83c\uddf7 <strong>TAKI<\/strong> (@bboy.taki \u2013 France)<\/p>\n<p>\ud83c\udde7\ud83c\uddea <strong>CESAR<\/strong> (Belgique)<\/p>\n<p>\ud83c\uddfa\ud83c\udde6 <strong>BERSERK<\/strong> (Ukraine)<\/p>\n<p>\ud83c\udde8\ud83c\uddf3 <strong>THIRD BRO<\/strong> (Chine)<\/p>\n<p>\ud83c\uddf8\ud83c\uddea <strong>BLIX10<\/strong> (Su\u00e8de)<\/p>\n<p>Chaque B-boy viendra d\u00e9fendre son style et son drapeau dans un face-\u00e0-face explosif, o\u00f9 l\u2019exp\u00e9rience ne fait pas toujours le poids face au talent brut et \u00e0 la d\u00e9termination.<\/p>\n<p>Le <strong>Battle Pro<\/strong> confirme encore une fois son r\u00f4le de tremplin mondial pour la nouvelle g\u00e9n\u00e9ration du breakdance, \u00e0 quelques mois des grandes comp\u00e9titions internationales.<\/p>\n<p><strong>Mohamed Cinq Sylla<\/strong><\/p>\n","protected":false},"excerpt":{"rendered":"<p>Les 25 et 26 octobre 2025, le mythique Th\u00e9\u00e2tre du Ch\u00e2telet (Paris) vibrera au rythme des battles les plus prometteurs du moment. Place aux quarts de finale du Battle Pro, dans la cat\u00e9gorie 1 vs 1 KID, o\u00f9 les jeunes prodiges du break vont s\u2019affronter pour une place en finale. Le samedi 25 octobre marquera [&hellip;]<\/p>\n","protected":false},"author":2,"featured_media":12942,"comment_status":"closed","ping_status":"closed","sticky":false,"template":"","format":"standard","meta":{"_mi_skip_tracking":false,"_monsterinsights_sitenote_active":false,"_monsterinsights_sitenote_note":"","_monsterinsights_sitenote_category":0,"footnotes":""},"categories":[21,33,2390],"tags":[4233],"class_list":["post-12941","post","type-post","status-publish","format-standard","has-post-thumbnail","hentry","category-actualite","category-agenda","category-break-dance","tag-battle-pro-2025-quart-de-finale-1-vs-1-kid-les-talents-sont-prets-a-en-decoudre"],"yoast_head":"<!-- This site is optimized with the Yoast SEO Premium plugin v20.1 (Yoast SEO v24.0) - https:\/\/yoast.com\/wordpress\/plugins\/seo\/ -->\n<title>Battle Pro 2025 \u2013 Quart de finale 1 vs 1 KID : Les talents sont pr\u00eats \u00e0 en d\u00e9coudre ! - Culturbaine<\/title>\n<meta name=\"robots\" content=\"index, follow, max-snippet:-1, max-image-preview:large, max-video-preview:-1\" \/>\n<link rel=\"canonical\" href=\"https:\/\/culturbaine.com\/index.php\/2025\/10\/23\/battle-pro-2025-quart-de-finale-1-vs-1-kid-les-talents-sont-prets-a-en-decoudre\/\" \/>\n<meta property=\"og:locale\" content=\"fr_FR\" \/>\n<meta property=\"og:type\" content=\"article\" \/>\n<meta property=\"og:title\" content=\"Battle Pro 2025 \u2013 Quart de finale 1 vs 1 KID : Les talents sont pr\u00eats \u00e0 en d\u00e9coudre !\" \/>\n<meta property=\"og:description\" content=\"Les 25 et 26 octobre 2025, le mythique Th\u00e9\u00e2tre du Ch\u00e2telet (Paris) vibrera au rythme des battles les plus prometteurs du moment. Place aux quarts de finale du Battle Pro, dans la cat\u00e9gorie 1 vs 1 KID, o\u00f9 les jeunes prodiges du break vont s\u2019affronter pour une place en finale. Le samedi 25 octobre marquera [&hellip;]\" \/>\n<meta property=\"og:url\" content=\"https:\/\/culturbaine.com\/index.php\/2025\/10\/23\/battle-pro-2025-quart-de-finale-1-vs-1-kid-les-talents-sont-prets-a-en-decoudre\/\" \/>\n<meta property=\"og:site_name\" content=\"Culturbaine\" \/>\n<meta property=\"article:publisher\" content=\"https:\/\/www.facebook.com\/Culturbaines\" \/>\n<meta property=\"article:published_time\" content=\"2025-10-23T17:29:26+00:00\" \/>\n<meta property=\"article:modified_time\" content=\"2025-10-23T17:47:31+00:00\" \/>\n<meta property=\"og:image\" content=\"https:\/\/culturbaine.com\/wp-content\/uploads\/2025\/10\/PhotoCollage_1761239232938.png\" \/>\n\t<meta property=\"og:image:width\" content=\"2160\" \/>\n\t<meta property=\"og:image:height\" content=\"1215\" \/>\n\t<meta property=\"og:image:type\" content=\"image\/png\" \/>\n<meta name=\"author\" content=\"admin1\" \/>\n<meta name=\"twitter:card\" content=\"summary_large_image\" \/>\n<meta name=\"twitter:creator\" content=\"@culturbaines\" \/>\n<meta name=\"twitter:site\" content=\"@culturbaines\" \/>\n<meta name=\"twitter:label1\" content=\"\u00c9crit par\" \/>\n\t<meta name=\"twitter:data1\" content=\"admin1\" \/>\n\t<meta name=\"twitter:label2\" content=\"Dur\u00e9e de lecture estim\u00e9e\" \/>\n\t<meta name=\"twitter:data2\" content=\"2 minutes\" \/>\n<script type=\"application\/ld+json\" class=\"yoast-schema-graph\">{\"@context\":\"https:\/\/schema.org\",\"@graph\":[{\"@type\":\"Article\",\"@id\":\"https:\/\/culturbaine.com\/index.php\/2025\/10\/23\/battle-pro-2025-quart-de-finale-1-vs-1-kid-les-talents-sont-prets-a-en-decoudre\/#article\",\"isPartOf\":{\"@id\":\"https:\/\/culturbaine.com\/index.php\/2025\/10\/23\/battle-pro-2025-quart-de-finale-1-vs-1-kid-les-talents-sont-prets-a-en-decoudre\/\"},\"author\":{\"name\":\"admin1\",\"@id\":\"https:\/\/culturbaine.com\/#\/schema\/person\/42eb7485c572e0746c1ea6b8216c3814\"},\"headline\":\"Battle Pro 2025 \u2013 Quart de finale 1 vs 1 KID : Les talents sont pr\u00eats \u00e0 en d\u00e9coudre !\",\"datePublished\":\"2025-10-23T17:29:26+00:00\",\"dateModified\":\"2025-10-23T17:47:31+00:00\",\"mainEntityOfPage\":{\"@id\":\"https:\/\/culturbaine.com\/index.php\/2025\/10\/23\/battle-pro-2025-quart-de-finale-1-vs-1-kid-les-talents-sont-prets-a-en-decoudre\/\"},\"wordCount\":203,\"publisher\":{\"@id\":\"https:\/\/culturbaine.com\/#organization\"},\"image\":{\"@id\":\"https:\/\/culturbaine.com\/index.php\/2025\/10\/23\/battle-pro-2025-quart-de-finale-1-vs-1-kid-les-talents-sont-prets-a-en-decoudre\/#primaryimage\"},\"thumbnailUrl\":\"https:\/\/culturbaine.com\/wp-content\/uploads\/2025\/10\/PhotoCollage_1761239232938.png\",\"keywords\":[\"Battle Pro 2025 \u2013 Quart de finale 1 vs 1 KID : Les talents sont pr\u00eats \u00e0 en d\u00e9coudre !\"],\"articleSection\":[\"Actualit\u00e9\",\"Agenda\",\"Break dance\"],\"inLanguage\":\"fr-FR\"},{\"@type\":\"WebPage\",\"@id\":\"https:\/\/culturbaine.com\/index.php\/2025\/10\/23\/battle-pro-2025-quart-de-finale-1-vs-1-kid-les-talents-sont-prets-a-en-decoudre\/\",\"url\":\"https:\/\/culturbaine.com\/index.php\/2025\/10\/23\/battle-pro-2025-quart-de-finale-1-vs-1-kid-les-talents-sont-prets-a-en-decoudre\/\",\"name\":\"Battle Pro 2025 \u2013 Quart de finale 1 vs 1 KID : Les talents sont pr\u00eats \u00e0 en d\u00e9coudre ! - Culturbaine\",\"isPartOf\":{\"@id\":\"https:\/\/culturbaine.com\/#website\"},\"primaryImageOfPage\":{\"@id\":\"https:\/\/culturbaine.com\/index.php\/2025\/10\/23\/battle-pro-2025-quart-de-finale-1-vs-1-kid-les-talents-sont-prets-a-en-decoudre\/#primaryimage\"},\"image\":{\"@id\":\"https:\/\/culturbaine.com\/index.php\/2025\/10\/23\/battle-pro-2025-quart-de-finale-1-vs-1-kid-les-talents-sont-prets-a-en-decoudre\/#primaryimage\"},\"thumbnailUrl\":\"https:\/\/culturbaine.com\/wp-content\/uploads\/2025\/10\/PhotoCollage_1761239232938.png\",\"datePublished\":\"2025-10-23T17:29:26+00:00\",\"dateModified\":\"2025-10-23T17:47:31+00:00\",\"breadcrumb\":{\"@id\":\"https:\/\/culturbaine.com\/index.php\/2025\/10\/23\/battle-pro-2025-quart-de-finale-1-vs-1-kid-les-talents-sont-prets-a-en-decoudre\/#breadcrumb\"},\"inLanguage\":\"fr-FR\",\"potentialAction\":[{\"@type\":\"ReadAction\",\"target\":[\"https:\/\/culturbaine.com\/index.php\/2025\/10\/23\/battle-pro-2025-quart-de-finale-1-vs-1-kid-les-talents-sont-prets-a-en-decoudre\/\"]}]},{\"@type\":\"ImageObject\",\"inLanguage\":\"fr-FR\",\"@id\":\"https:\/\/culturbaine.com\/index.php\/2025\/10\/23\/battle-pro-2025-quart-de-finale-1-vs-1-kid-les-talents-sont-prets-a-en-decoudre\/#primaryimage\",\"url\":\"https:\/\/culturbaine.com\/wp-content\/uploads\/2025\/10\/PhotoCollage_1761239232938.png\",\"contentUrl\":\"https:\/\/culturbaine.com\/wp-content\/uploads\/2025\/10\/PhotoCollage_1761239232938.png\",\"width\":2160,\"height\":1215},{\"@type\":\"BreadcrumbList\",\"@id\":\"https:\/\/culturbaine.com\/index.php\/2025\/10\/23\/battle-pro-2025-quart-de-finale-1-vs-1-kid-les-talents-sont-prets-a-en-decoudre\/#breadcrumb\",\"itemListElement\":[{\"@type\":\"ListItem\",\"position\":1,\"name\":\"Home\",\"item\":\"https:\/\/culturbaine.com\/\"},{\"@type\":\"ListItem\",\"position\":2,\"name\":\"Battle Pro 2025 \u2013 Quart de finale 1 vs 1 KID : Les talents sont pr\u00eats \u00e0 en d\u00e9coudre !\"}]},{\"@type\":\"WebSite\",\"@id\":\"https:\/\/culturbaine.com\/#website\",\"url\":\"https:\/\/culturbaine.com\/\",\"name\":\"Culturbaine.com\",\"description\":\"Toute l&#039;actualit\u00e9 des Cultures Urbaines, en un clic  !\",\"publisher\":{\"@id\":\"https:\/\/culturbaine.com\/#organization\"},\"potentialAction\":[{\"@type\":\"SearchAction\",\"target\":{\"@type\":\"EntryPoint\",\"urlTemplate\":\"https:\/\/culturbaine.com\/?s={search_term_string}\"},\"query-input\":{\"@type\":\"PropertyValueSpecification\",\"valueRequired\":true,\"valueName\":\"search_term_string\"}}],\"inLanguage\":\"fr-FR\"},{\"@type\":\"Organization\",\"@id\":\"https:\/\/culturbaine.com\/#organization\",\"name\":\"Culturbaine.com\",\"url\":\"https:\/\/culturbaine.com\/\",\"logo\":{\"@type\":\"ImageObject\",\"inLanguage\":\"fr-FR\",\"@id\":\"https:\/\/culturbaine.com\/#\/schema\/logo\/image\/\",\"url\":\"https:\/\/culturbaine.com\/wp-content\/uploads\/2023\/07\/WhatsApp-Image-2023-07-17-at-14.38.18.jpeg\",\"contentUrl\":\"https:\/\/culturbaine.com\/wp-content\/uploads\/2023\/07\/WhatsApp-Image-2023-07-17-at-14.38.18.jpeg\",\"width\":855,\"height\":270,\"caption\":\"Culturbaine.com\"},\"image\":{\"@id\":\"https:\/\/culturbaine.com\/#\/schema\/logo\/image\/\"},\"sameAs\":[\"https:\/\/www.facebook.com\/Culturbaines\",\"https:\/\/x.com\/culturbaines\"]},{\"@type\":\"Person\",\"@id\":\"https:\/\/culturbaine.com\/#\/schema\/person\/42eb7485c572e0746c1ea6b8216c3814\",\"name\":\"admin1\",\"image\":{\"@type\":\"ImageObject\",\"inLanguage\":\"fr-FR\",\"@id\":\"https:\/\/culturbaine.com\/#\/schema\/person\/image\/\",\"url\":\"https:\/\/secure.gravatar.com\/avatar\/c268f4d483ce0486e5a10fee87bbf756?s=96&d=mm&r=g\",\"contentUrl\":\"https:\/\/secure.gravatar.com\/avatar\/c268f4d483ce0486e5a10fee87bbf756?s=96&d=mm&r=g\",\"caption\":\"admin1\"},\"url\":\"https:\/\/culturbaine.com\/index.php\/author\/admin1\/\"}]}<\/script>\n<!-- \/ Yoast SEO Premium plugin. -->","yoast_head_json":{"title":"Battle Pro 2025 \u2013 Quart de finale 1 vs 1 KID : Les talents sont pr\u00eats \u00e0 en d\u00e9coudre ! - Culturbaine","robots":{"index":"index","follow":"follow","max-snippet":"max-snippet:-1","max-image-preview":"max-image-preview:large","max-video-preview":"max-video-preview:-1"},"canonical":"https:\/\/culturbaine.com\/index.php\/2025\/10\/23\/battle-pro-2025-quart-de-finale-1-vs-1-kid-les-talents-sont-prets-a-en-decoudre\/","og_locale":"fr_FR","og_type":"article","og_title":"Battle Pro 2025 \u2013 Quart de finale 1 vs 1 KID : Les talents sont pr\u00eats \u00e0 en d\u00e9coudre !","og_description":"Les 25 et 26 octobre 2025, le mythique Th\u00e9\u00e2tre du Ch\u00e2telet (Paris) vibrera au rythme des battles les plus prometteurs du moment. Place aux quarts de finale du Battle Pro, dans la cat\u00e9gorie 1 vs 1 KID, o\u00f9 les jeunes prodiges du break vont s\u2019affronter pour une place en finale. Le samedi 25 octobre marquera [&hellip;]","og_url":"https:\/\/culturbaine.com\/index.php\/2025\/10\/23\/battle-pro-2025-quart-de-finale-1-vs-1-kid-les-talents-sont-prets-a-en-decoudre\/","og_site_name":"Culturbaine","article_publisher":"https:\/\/www.facebook.com\/Culturbaines","article_published_time":"2025-10-23T17:29:26+00:00","article_modified_time":"2025-10-23T17:47:31+00:00","og_image":[{"width":2160,"height":1215,"url":"https:\/\/culturbaine.com\/wp-content\/uploads\/2025\/10\/PhotoCollage_1761239232938.png","type":"image\/png"}],"author":"admin1","twitter_card":"summary_large_image","twitter_creator":"@culturbaines","twitter_site":"@culturbaines","twitter_misc":{"\u00c9crit par":"admin1","Dur\u00e9e de lecture estim\u00e9e":"2 minutes"},"schema":{"@context":"https:\/\/schema.org","@graph":[{"@type":"Article","@id":"https:\/\/culturbaine.com\/index.php\/2025\/10\/23\/battle-pro-2025-quart-de-finale-1-vs-1-kid-les-talents-sont-prets-a-en-decoudre\/#article","isPartOf":{"@id":"https:\/\/culturbaine.com\/index.php\/2025\/10\/23\/battle-pro-2025-quart-de-finale-1-vs-1-kid-les-talents-sont-prets-a-en-decoudre\/"},"author":{"name":"admin1","@id":"https:\/\/culturbaine.com\/#\/schema\/person\/42eb7485c572e0746c1ea6b8216c3814"},"headline":"Battle Pro 2025 \u2013 Quart de finale 1 vs 1 KID : Les talents sont pr\u00eats \u00e0 en d\u00e9coudre !","datePublished":"2025-10-23T17:29:26+00:00","dateModified":"2025-10-23T17:47:31+00:00","mainEntityOfPage":{"@id":"https:\/\/culturbaine.com\/index.php\/2025\/10\/23\/battle-pro-2025-quart-de-finale-1-vs-1-kid-les-talents-sont-prets-a-en-decoudre\/"},"wordCount":203,"publisher":{"@id":"https:\/\/culturbaine.com\/#organization"},"image":{"@id":"https:\/\/culturbaine.com\/index.php\/2025\/10\/23\/battle-pro-2025-quart-de-finale-1-vs-1-kid-les-talents-sont-prets-a-en-decoudre\/#primaryimage"},"thumbnailUrl":"https:\/\/culturbaine.com\/wp-content\/uploads\/2025\/10\/PhotoCollage_1761239232938.png","keywords":["Battle Pro 2025 \u2013 Quart de finale 1 vs 1 KID : Les talents sont pr\u00eats \u00e0 en d\u00e9coudre !"],"articleSection":["Actualit\u00e9","Agenda","Break dance"],"inLanguage":"fr-FR"},{"@type":"WebPage","@id":"https:\/\/culturbaine.com\/index.php\/2025\/10\/23\/battle-pro-2025-quart-de-finale-1-vs-1-kid-les-talents-sont-prets-a-en-decoudre\/","url":"https:\/\/culturbaine.com\/index.php\/2025\/10\/23\/battle-pro-2025-quart-de-finale-1-vs-1-kid-les-talents-sont-prets-a-en-decoudre\/","name":"Battle Pro 2025 \u2013 Quart de finale 1 vs 1 KID : Les talents sont pr\u00eats \u00e0 en d\u00e9coudre ! - Culturbaine","isPartOf":{"@id":"https:\/\/culturbaine.com\/#website"},"primaryImageOfPage":{"@id":"https:\/\/culturbaine.com\/index.php\/2025\/10\/23\/battle-pro-2025-quart-de-finale-1-vs-1-kid-les-talents-sont-prets-a-en-decoudre\/#primaryimage"},"image":{"@id":"https:\/\/culturbaine.com\/index.php\/2025\/10\/23\/battle-pro-2025-quart-de-finale-1-vs-1-kid-les-talents-sont-prets-a-en-decoudre\/#primaryimage"},"thumbnailUrl":"https:\/\/culturbaine.com\/wp-content\/uploads\/2025\/10\/PhotoCollage_1761239232938.png","datePublished":"2025-10-23T17:29:26+00:00","dateModified":"2025-10-23T17:47:31+00:00","breadcrumb":{"@id":"https:\/\/culturbaine.com\/index.php\/2025\/10\/23\/battle-pro-2025-quart-de-finale-1-vs-1-kid-les-talents-sont-prets-a-en-decoudre\/#breadcrumb"},"inLanguage":"fr-FR","potentialAction":[{"@type":"ReadAction","target":["https:\/\/culturbaine.com\/index.php\/2025\/10\/23\/battle-pro-2025-quart-de-finale-1-vs-1-kid-les-talents-sont-prets-a-en-decoudre\/"]}]},{"@type":"ImageObject","inLanguage":"fr-FR","@id":"https:\/\/culturbaine.com\/index.php\/2025\/10\/23\/battle-pro-2025-quart-de-finale-1-vs-1-kid-les-talents-sont-prets-a-en-decoudre\/#primaryimage","url":"https:\/\/culturbaine.com\/wp-content\/uploads\/2025\/10\/PhotoCollage_1761239232938.png","contentUrl":"https:\/\/culturbaine.com\/wp-content\/uploads\/2025\/10\/PhotoCollage_1761239232938.png","width":2160,"height":1215},{"@type":"BreadcrumbList","@id":"https:\/\/culturbaine.com\/index.php\/2025\/10\/23\/battle-pro-2025-quart-de-finale-1-vs-1-kid-les-talents-sont-prets-a-en-decoudre\/#breadcrumb","itemListElement":[{"@type":"ListItem","position":1,"name":"Home","item":"https:\/\/culturbaine.com\/"},{"@type":"ListItem","position":2,"name":"Battle Pro 2025 \u2013 Quart de finale 1 vs 1 KID : Les talents sont pr\u00eats \u00e0 en d\u00e9coudre !"}]},{"@type":"WebSite","@id":"https:\/\/culturbaine.com\/#website","url":"https:\/\/culturbaine.com\/","name":"Culturbaine.com","description":"Toute l&#039;actualit\u00e9 des Cultures Urbaines, en un clic  !","publisher":{"@id":"https:\/\/culturbaine.com\/#organization"},"potentialAction":[{"@type":"SearchAction","target":{"@type":"EntryPoint","urlTemplate":"https:\/\/culturbaine.com\/?s={search_term_string}"},"query-input":{"@type":"PropertyValueSpecification","valueRequired":true,"valueName":"search_term_string"}}],"inLanguage":"fr-FR"},{"@type":"Organization","@id":"https:\/\/culturbaine.com\/#organization","name":"Culturbaine.com","url":"https:\/\/culturbaine.com\/","logo":{"@type":"ImageObject","inLanguage":"fr-FR","@id":"https:\/\/culturbaine.com\/#\/schema\/logo\/image\/","url":"https:\/\/culturbaine.com\/wp-content\/uploads\/2023\/07\/WhatsApp-Image-2023-07-17-at-14.38.18.jpeg","contentUrl":"https:\/\/culturbaine.com\/wp-content\/uploads\/2023\/07\/WhatsApp-Image-2023-07-17-at-14.38.18.jpeg","width":855,"height":270,"caption":"Culturbaine.com"},"image":{"@id":"https:\/\/culturbaine.com\/#\/schema\/logo\/image\/"},"sameAs":["https:\/\/www.facebook.com\/Culturbaines","https:\/\/x.com\/culturbaines"]},{"@type":"Person","@id":"https:\/\/culturbaine.com\/#\/schema\/person\/42eb7485c572e0746c1ea6b8216c3814","name":"admin1","image":{"@type":"ImageObject","inLanguage":"fr-FR","@id":"https:\/\/culturbaine.com\/#\/schema\/person\/image\/","url":"https:\/\/secure.gravatar.com\/avatar\/c268f4d483ce0486e5a10fee87bbf756?s=96&d=mm&r=g","contentUrl":"https:\/\/secure.gravatar.com\/avatar\/c268f4d483ce0486e5a10fee87bbf756?s=96&d=mm&r=g","caption":"admin1"},"url":"https:\/\/culturbaine.com\/index.php\/author\/admin1\/"}]}},"_links":{"self":[{"href":"https:\/\/culturbaine.com\/index.php\/wp-json\/wp\/v2\/posts\/12941"}],"collection":[{"href":"https:\/\/culturbaine.com\/index.php\/wp-json\/wp\/v2\/posts"}],"about":[{"href":"https:\/\/culturbaine.com\/index.php\/wp-json\/wp\/v2\/types\/post"}],"author":[{"embeddable":true,"href":"https:\/\/culturbaine.com\/index.php\/wp-json\/wp\/v2\/users\/2"}],"replies":[{"embeddable":true,"href":"https:\/\/culturbaine.com\/index.php\/wp-json\/wp\/v2\/comments?post=12941"}],"version-history":[{"count":0,"href":"https:\/\/culturbaine.com\/index.php\/wp-json\/wp\/v2\/posts\/12941\/revisions"}],"wp:featuredmedia":[{"embeddable":true,"href":"https:\/\/culturbaine.com\/index.php\/wp-json\/wp\/v2\/media\/12942"}],"wp:attachment":[{"href":"https:\/\/culturbaine.com\/index.php\/wp-json\/wp\/v2\/media?parent=12941"}],"wp:term":[{"taxonomy":"category","embeddable":true,"href":"https:\/\/culturbaine.com\/index.php\/wp-json\/wp\/v2\/categories?post=12941"},{"taxonomy":"post_tag","embeddable":true,"href":"https:\/\/culturbaine.com\/index.php\/wp-json\/wp\/v2\/tags?post=12941"}],"curies":[{"name":"wp","href":"https:\/\/api.w.org\/{rel}","templated":true}]}}