{"id":12900,"date":"2025-10-17T21:30:04","date_gmt":"2025-10-17T21:30:04","guid":{"rendered":"https:\/\/culturbaine.com\/?p=12900"},"modified":"2025-10-17T20:35:11","modified_gmt":"2025-10-17T20:35:11","slug":"habib-fatako-annonce-la-dedicace-de-son-album-yangaylan-les-24-et-25-decembre","status":"publish","type":"post","link":"https:\/\/culturbaine.com\/index.php\/2025\/10\/17\/habib-fatako-annonce-la-dedicace-de-son-album-yangaylan-les-24-et-25-decembre\/","title":{"rendered":"Habib Fatako annonce la d\u00e9dicace de son album \u201cYangaylan\u201d les 24 et 25 d\u00e9cembre"},"content":{"rendered":"<p>Le chanteur guin\u00e9en de musique pastorale <strong>Habib Fatako<\/strong> pr\u00e9pare deux grands rendez-vous pour la d\u00e9dicace de son prochain album \u201c<strong>Yangaylan<\/strong>\u201d. Il se produira le 24 d\u00e9cembre \u00e0 l\u2019h\u00f4tel Noom pour un concert priv\u00e9, avant d\u2019encha\u00eener le 25 d\u00e9cembre au stade Petit Sory pour un show grand public. Quelques titres de l\u2019album sont d\u00e9j\u00e0 disponibles sur YouTube, annon\u00e7ant la couleur d\u2019un projet tr\u00e8s attendu.<\/p>\n<p>Face \u00e0 la presse, l\u2019artiste et la structure <strong>Guin\u00e9e D\u00e9couvertes<\/strong>, organisatrice de l\u2019\u00e9v\u00e9nement, ont donn\u00e9 des pr\u00e9cisions sur cette double d\u00e9dicace. Selon <strong>Ousmane Cont\u00e9 \u201cOC\u201d<\/strong>, directeur de Guin\u00e9e D\u00e9couvertes, ce sera une premi\u00e8re pour un artiste de musique pastorale de se produire dans un h\u00f4tel de ce standing. Il promet un spectacle de qualit\u00e9, fid\u00e8le \u00e0 l\u2019image qu\u2019il souhaite donner \u00e0 ce genre musical.<\/p>\n<p>Pour <strong>Habib Fatako<\/strong>, fils du regrett\u00e9 <strong>S\u00e9kouba Fatako<\/strong>, \u201c<strong>Yangaylan<\/strong>\u201d marque un tournant majeur dans sa carri\u00e8re. Il dit vouloir \u201coffrir le meilleur\u201d \u00e0 son public, avec un album boucl\u00e9 \u00e0 80 %, comportant plusieurs collaborations in\u00e9dites dont les noms seront d\u00e9voil\u00e9s ult\u00e9rieurement.<\/p>\n<p>Le chanteur invite d\u00e9j\u00e0 ses fans \u00e0 retenir les dates des 24 et 25 d\u00e9cembre, pour deux soir\u00e9es qui s\u2019annoncent m\u00e9morables.<\/p>\n<p><strong>Mohamed Cinq Sylla<\/strong><\/p>\n","protected":false},"excerpt":{"rendered":"<p>Le chanteur guin\u00e9en de musique pastorale Habib Fatako pr\u00e9pare deux grands rendez-vous pour la d\u00e9dicace de son prochain album \u201cYangaylan\u201d. Il se produira le 24 d\u00e9cembre \u00e0 l\u2019h\u00f4tel Noom pour un concert priv\u00e9, avant d\u2019encha\u00eener le 25 d\u00e9cembre au stade Petit Sory pour un show grand public. Quelques titres de l\u2019album sont d\u00e9j\u00e0 disponibles sur [&hellip;]<\/p>\n","protected":false},"author":2,"featured_media":12901,"comment_status":"closed","ping_status":"closed","sticky":false,"template":"","format":"standard","meta":{"_mi_skip_tracking":false,"_monsterinsights_sitenote_active":false,"_monsterinsights_sitenote_note":"","_monsterinsights_sitenote_category":0,"footnotes":""},"categories":[21,33],"tags":[4225],"class_list":["post-12900","post","type-post","status-publish","format-standard","has-post-thumbnail","hentry","category-actualite","category-agenda","tag-habib-fatako-annonce-la-dedicace-de-son-album-yangaylan-les-24-et-25-decembre"],"yoast_head":"<!-- This site is optimized with the Yoast SEO Premium plugin v20.1 (Yoast SEO v24.0) - https:\/\/yoast.com\/wordpress\/plugins\/seo\/ -->\n<title>Habib Fatako annonce la d\u00e9dicace de son album \u201cYangaylan\u201d les 24 et 25 d\u00e9cembre - Culturbaine<\/title>\n<meta name=\"robots\" content=\"index, follow, max-snippet:-1, max-image-preview:large, max-video-preview:-1\" \/>\n<link rel=\"canonical\" href=\"https:\/\/culturbaine.com\/index.php\/2025\/10\/17\/habib-fatako-annonce-la-dedicace-de-son-album-yangaylan-les-24-et-25-decembre\/\" \/>\n<meta property=\"og:locale\" content=\"fr_FR\" \/>\n<meta property=\"og:type\" content=\"article\" \/>\n<meta property=\"og:title\" content=\"Habib Fatako annonce la d\u00e9dicace de son album \u201cYangaylan\u201d les 24 et 25 d\u00e9cembre\" \/>\n<meta property=\"og:description\" content=\"Le chanteur guin\u00e9en de musique pastorale Habib Fatako pr\u00e9pare deux grands rendez-vous pour la d\u00e9dicace de son prochain album \u201cYangaylan\u201d. Il se produira le 24 d\u00e9cembre \u00e0 l\u2019h\u00f4tel Noom pour un concert priv\u00e9, avant d\u2019encha\u00eener le 25 d\u00e9cembre au stade Petit Sory pour un show grand public. Quelques titres de l\u2019album sont d\u00e9j\u00e0 disponibles sur [&hellip;]\" \/>\n<meta property=\"og:url\" content=\"https:\/\/culturbaine.com\/index.php\/2025\/10\/17\/habib-fatako-annonce-la-dedicace-de-son-album-yangaylan-les-24-et-25-decembre\/\" \/>\n<meta property=\"og:site_name\" content=\"Culturbaine\" \/>\n<meta property=\"article:publisher\" content=\"https:\/\/www.facebook.com\/Culturbaines\" \/>\n<meta property=\"article:published_time\" content=\"2025-10-17T21:30:04+00:00\" \/>\n<meta property=\"article:modified_time\" content=\"2025-10-17T20:35:11+00:00\" \/>\n<meta property=\"og:image\" content=\"https:\/\/culturbaine.com\/wp-content\/uploads\/2025\/10\/17607308239322.jpg\" \/>\n\t<meta property=\"og:image:width\" content=\"717\" \/>\n\t<meta property=\"og:image:height\" content=\"425\" \/>\n\t<meta property=\"og:image:type\" content=\"image\/jpeg\" \/>\n<meta name=\"author\" content=\"admin1\" \/>\n<meta name=\"twitter:card\" content=\"summary_large_image\" \/>\n<meta name=\"twitter:creator\" content=\"@culturbaines\" \/>\n<meta name=\"twitter:site\" content=\"@culturbaines\" \/>\n<meta name=\"twitter:label1\" content=\"\u00c9crit par\" \/>\n\t<meta name=\"twitter:data1\" content=\"admin1\" \/>\n\t<meta name=\"twitter:label2\" content=\"Dur\u00e9e de lecture estim\u00e9e\" \/>\n\t<meta name=\"twitter:data2\" content=\"2 minutes\" \/>\n<script type=\"application\/ld+json\" class=\"yoast-schema-graph\">{\"@context\":\"https:\/\/schema.org\",\"@graph\":[{\"@type\":\"Article\",\"@id\":\"https:\/\/culturbaine.com\/index.php\/2025\/10\/17\/habib-fatako-annonce-la-dedicace-de-son-album-yangaylan-les-24-et-25-decembre\/#article\",\"isPartOf\":{\"@id\":\"https:\/\/culturbaine.com\/index.php\/2025\/10\/17\/habib-fatako-annonce-la-dedicace-de-son-album-yangaylan-les-24-et-25-decembre\/\"},\"author\":{\"name\":\"admin1\",\"@id\":\"https:\/\/culturbaine.com\/#\/schema\/person\/42eb7485c572e0746c1ea6b8216c3814\"},\"headline\":\"Habib Fatako annonce la d\u00e9dicace de son album \u201cYangaylan\u201d les 24 et 25 d\u00e9cembre\",\"datePublished\":\"2025-10-17T21:30:04+00:00\",\"dateModified\":\"2025-10-17T20:35:11+00:00\",\"mainEntityOfPage\":{\"@id\":\"https:\/\/culturbaine.com\/index.php\/2025\/10\/17\/habib-fatako-annonce-la-dedicace-de-son-album-yangaylan-les-24-et-25-decembre\/\"},\"wordCount\":233,\"publisher\":{\"@id\":\"https:\/\/culturbaine.com\/#organization\"},\"image\":{\"@id\":\"https:\/\/culturbaine.com\/index.php\/2025\/10\/17\/habib-fatako-annonce-la-dedicace-de-son-album-yangaylan-les-24-et-25-decembre\/#primaryimage\"},\"thumbnailUrl\":\"https:\/\/culturbaine.com\/wp-content\/uploads\/2025\/10\/17607308239322.jpg\",\"keywords\":[\"Habib Fatako annonce la d\u00e9dicace de son album \u201cYangaylan\u201d les 24 et 25 d\u00e9cembre\"],\"articleSection\":[\"Actualit\u00e9\",\"Agenda\"],\"inLanguage\":\"fr-FR\"},{\"@type\":\"WebPage\",\"@id\":\"https:\/\/culturbaine.com\/index.php\/2025\/10\/17\/habib-fatako-annonce-la-dedicace-de-son-album-yangaylan-les-24-et-25-decembre\/\",\"url\":\"https:\/\/culturbaine.com\/index.php\/2025\/10\/17\/habib-fatako-annonce-la-dedicace-de-son-album-yangaylan-les-24-et-25-decembre\/\",\"name\":\"Habib Fatako annonce la d\u00e9dicace de son album \u201cYangaylan\u201d les 24 et 25 d\u00e9cembre - Culturbaine\",\"isPartOf\":{\"@id\":\"https:\/\/culturbaine.com\/#website\"},\"primaryImageOfPage\":{\"@id\":\"https:\/\/culturbaine.com\/index.php\/2025\/10\/17\/habib-fatako-annonce-la-dedicace-de-son-album-yangaylan-les-24-et-25-decembre\/#primaryimage\"},\"image\":{\"@id\":\"https:\/\/culturbaine.com\/index.php\/2025\/10\/17\/habib-fatako-annonce-la-dedicace-de-son-album-yangaylan-les-24-et-25-decembre\/#primaryimage\"},\"thumbnailUrl\":\"https:\/\/culturbaine.com\/wp-content\/uploads\/2025\/10\/17607308239322.jpg\",\"datePublished\":\"2025-10-17T21:30:04+00:00\",\"dateModified\":\"2025-10-17T20:35:11+00:00\",\"breadcrumb\":{\"@id\":\"https:\/\/culturbaine.com\/index.php\/2025\/10\/17\/habib-fatako-annonce-la-dedicace-de-son-album-yangaylan-les-24-et-25-decembre\/#breadcrumb\"},\"inLanguage\":\"fr-FR\",\"potentialAction\":[{\"@type\":\"ReadAction\",\"target\":[\"https:\/\/culturbaine.com\/index.php\/2025\/10\/17\/habib-fatako-annonce-la-dedicace-de-son-album-yangaylan-les-24-et-25-decembre\/\"]}]},{\"@type\":\"ImageObject\",\"inLanguage\":\"fr-FR\",\"@id\":\"https:\/\/culturbaine.com\/index.php\/2025\/10\/17\/habib-fatako-annonce-la-dedicace-de-son-album-yangaylan-les-24-et-25-decembre\/#primaryimage\",\"url\":\"https:\/\/culturbaine.com\/wp-content\/uploads\/2025\/10\/17607308239322.jpg\",\"contentUrl\":\"https:\/\/culturbaine.com\/wp-content\/uploads\/2025\/10\/17607308239322.jpg\",\"width\":717,\"height\":425},{\"@type\":\"BreadcrumbList\",\"@id\":\"https:\/\/culturbaine.com\/index.php\/2025\/10\/17\/habib-fatako-annonce-la-dedicace-de-son-album-yangaylan-les-24-et-25-decembre\/#breadcrumb\",\"itemListElement\":[{\"@type\":\"ListItem\",\"position\":1,\"name\":\"Home\",\"item\":\"https:\/\/culturbaine.com\/\"},{\"@type\":\"ListItem\",\"position\":2,\"name\":\"Habib Fatako annonce la d\u00e9dicace de son album \u201cYangaylan\u201d les 24 et 25 d\u00e9cembre\"}]},{\"@type\":\"WebSite\",\"@id\":\"https:\/\/culturbaine.com\/#website\",\"url\":\"https:\/\/culturbaine.com\/\",\"name\":\"Culturbaine.com\",\"description\":\"Toute l&#039;actualit\u00e9 des Cultures Urbaines, en un clic  !\",\"publisher\":{\"@id\":\"https:\/\/culturbaine.com\/#organization\"},\"potentialAction\":[{\"@type\":\"SearchAction\",\"target\":{\"@type\":\"EntryPoint\",\"urlTemplate\":\"https:\/\/culturbaine.com\/?s={search_term_string}\"},\"query-input\":{\"@type\":\"PropertyValueSpecification\",\"valueRequired\":true,\"valueName\":\"search_term_string\"}}],\"inLanguage\":\"fr-FR\"},{\"@type\":\"Organization\",\"@id\":\"https:\/\/culturbaine.com\/#organization\",\"name\":\"Culturbaine.com\",\"url\":\"https:\/\/culturbaine.com\/\",\"logo\":{\"@type\":\"ImageObject\",\"inLanguage\":\"fr-FR\",\"@id\":\"https:\/\/culturbaine.com\/#\/schema\/logo\/image\/\",\"url\":\"https:\/\/culturbaine.com\/wp-content\/uploads\/2023\/07\/WhatsApp-Image-2023-07-17-at-14.38.18.jpeg\",\"contentUrl\":\"https:\/\/culturbaine.com\/wp-content\/uploads\/2023\/07\/WhatsApp-Image-2023-07-17-at-14.38.18.jpeg\",\"width\":855,\"height\":270,\"caption\":\"Culturbaine.com\"},\"image\":{\"@id\":\"https:\/\/culturbaine.com\/#\/schema\/logo\/image\/\"},\"sameAs\":[\"https:\/\/www.facebook.com\/Culturbaines\",\"https:\/\/x.com\/culturbaines\"]},{\"@type\":\"Person\",\"@id\":\"https:\/\/culturbaine.com\/#\/schema\/person\/42eb7485c572e0746c1ea6b8216c3814\",\"name\":\"admin1\",\"image\":{\"@type\":\"ImageObject\",\"inLanguage\":\"fr-FR\",\"@id\":\"https:\/\/culturbaine.com\/#\/schema\/person\/image\/\",\"url\":\"https:\/\/secure.gravatar.com\/avatar\/c268f4d483ce0486e5a10fee87bbf756?s=96&d=mm&r=g\",\"contentUrl\":\"https:\/\/secure.gravatar.com\/avatar\/c268f4d483ce0486e5a10fee87bbf756?s=96&d=mm&r=g\",\"caption\":\"admin1\"},\"url\":\"https:\/\/culturbaine.com\/index.php\/author\/admin1\/\"}]}<\/script>\n<!-- \/ Yoast SEO Premium plugin. -->","yoast_head_json":{"title":"Habib Fatako annonce la d\u00e9dicace de son album \u201cYangaylan\u201d les 24 et 25 d\u00e9cembre - Culturbaine","robots":{"index":"index","follow":"follow","max-snippet":"max-snippet:-1","max-image-preview":"max-image-preview:large","max-video-preview":"max-video-preview:-1"},"canonical":"https:\/\/culturbaine.com\/index.php\/2025\/10\/17\/habib-fatako-annonce-la-dedicace-de-son-album-yangaylan-les-24-et-25-decembre\/","og_locale":"fr_FR","og_type":"article","og_title":"Habib Fatako annonce la d\u00e9dicace de son album \u201cYangaylan\u201d les 24 et 25 d\u00e9cembre","og_description":"Le chanteur guin\u00e9en de musique pastorale Habib Fatako pr\u00e9pare deux grands rendez-vous pour la d\u00e9dicace de son prochain album \u201cYangaylan\u201d. Il se produira le 24 d\u00e9cembre \u00e0 l\u2019h\u00f4tel Noom pour un concert priv\u00e9, avant d\u2019encha\u00eener le 25 d\u00e9cembre au stade Petit Sory pour un show grand public. Quelques titres de l\u2019album sont d\u00e9j\u00e0 disponibles sur [&hellip;]","og_url":"https:\/\/culturbaine.com\/index.php\/2025\/10\/17\/habib-fatako-annonce-la-dedicace-de-son-album-yangaylan-les-24-et-25-decembre\/","og_site_name":"Culturbaine","article_publisher":"https:\/\/www.facebook.com\/Culturbaines","article_published_time":"2025-10-17T21:30:04+00:00","article_modified_time":"2025-10-17T20:35:11+00:00","og_image":[{"width":717,"height":425,"url":"https:\/\/culturbaine.com\/wp-content\/uploads\/2025\/10\/17607308239322.jpg","type":"image\/jpeg"}],"author":"admin1","twitter_card":"summary_large_image","twitter_creator":"@culturbaines","twitter_site":"@culturbaines","twitter_misc":{"\u00c9crit par":"admin1","Dur\u00e9e de lecture estim\u00e9e":"2 minutes"},"schema":{"@context":"https:\/\/schema.org","@graph":[{"@type":"Article","@id":"https:\/\/culturbaine.com\/index.php\/2025\/10\/17\/habib-fatako-annonce-la-dedicace-de-son-album-yangaylan-les-24-et-25-decembre\/#article","isPartOf":{"@id":"https:\/\/culturbaine.com\/index.php\/2025\/10\/17\/habib-fatako-annonce-la-dedicace-de-son-album-yangaylan-les-24-et-25-decembre\/"},"author":{"name":"admin1","@id":"https:\/\/culturbaine.com\/#\/schema\/person\/42eb7485c572e0746c1ea6b8216c3814"},"headline":"Habib Fatako annonce la d\u00e9dicace de son album \u201cYangaylan\u201d les 24 et 25 d\u00e9cembre","datePublished":"2025-10-17T21:30:04+00:00","dateModified":"2025-10-17T20:35:11+00:00","mainEntityOfPage":{"@id":"https:\/\/culturbaine.com\/index.php\/2025\/10\/17\/habib-fatako-annonce-la-dedicace-de-son-album-yangaylan-les-24-et-25-decembre\/"},"wordCount":233,"publisher":{"@id":"https:\/\/culturbaine.com\/#organization"},"image":{"@id":"https:\/\/culturbaine.com\/index.php\/2025\/10\/17\/habib-fatako-annonce-la-dedicace-de-son-album-yangaylan-les-24-et-25-decembre\/#primaryimage"},"thumbnailUrl":"https:\/\/culturbaine.com\/wp-content\/uploads\/2025\/10\/17607308239322.jpg","keywords":["Habib Fatako annonce la d\u00e9dicace de son album \u201cYangaylan\u201d les 24 et 25 d\u00e9cembre"],"articleSection":["Actualit\u00e9","Agenda"],"inLanguage":"fr-FR"},{"@type":"WebPage","@id":"https:\/\/culturbaine.com\/index.php\/2025\/10\/17\/habib-fatako-annonce-la-dedicace-de-son-album-yangaylan-les-24-et-25-decembre\/","url":"https:\/\/culturbaine.com\/index.php\/2025\/10\/17\/habib-fatako-annonce-la-dedicace-de-son-album-yangaylan-les-24-et-25-decembre\/","name":"Habib Fatako annonce la d\u00e9dicace de son album \u201cYangaylan\u201d les 24 et 25 d\u00e9cembre - Culturbaine","isPartOf":{"@id":"https:\/\/culturbaine.com\/#website"},"primaryImageOfPage":{"@id":"https:\/\/culturbaine.com\/index.php\/2025\/10\/17\/habib-fatako-annonce-la-dedicace-de-son-album-yangaylan-les-24-et-25-decembre\/#primaryimage"},"image":{"@id":"https:\/\/culturbaine.com\/index.php\/2025\/10\/17\/habib-fatako-annonce-la-dedicace-de-son-album-yangaylan-les-24-et-25-decembre\/#primaryimage"},"thumbnailUrl":"https:\/\/culturbaine.com\/wp-content\/uploads\/2025\/10\/17607308239322.jpg","datePublished":"2025-10-17T21:30:04+00:00","dateModified":"2025-10-17T20:35:11+00:00","breadcrumb":{"@id":"https:\/\/culturbaine.com\/index.php\/2025\/10\/17\/habib-fatako-annonce-la-dedicace-de-son-album-yangaylan-les-24-et-25-decembre\/#breadcrumb"},"inLanguage":"fr-FR","potentialAction":[{"@type":"ReadAction","target":["https:\/\/culturbaine.com\/index.php\/2025\/10\/17\/habib-fatako-annonce-la-dedicace-de-son-album-yangaylan-les-24-et-25-decembre\/"]}]},{"@type":"ImageObject","inLanguage":"fr-FR","@id":"https:\/\/culturbaine.com\/index.php\/2025\/10\/17\/habib-fatako-annonce-la-dedicace-de-son-album-yangaylan-les-24-et-25-decembre\/#primaryimage","url":"https:\/\/culturbaine.com\/wp-content\/uploads\/2025\/10\/17607308239322.jpg","contentUrl":"https:\/\/culturbaine.com\/wp-content\/uploads\/2025\/10\/17607308239322.jpg","width":717,"height":425},{"@type":"BreadcrumbList","@id":"https:\/\/culturbaine.com\/index.php\/2025\/10\/17\/habib-fatako-annonce-la-dedicace-de-son-album-yangaylan-les-24-et-25-decembre\/#breadcrumb","itemListElement":[{"@type":"ListItem","position":1,"name":"Home","item":"https:\/\/culturbaine.com\/"},{"@type":"ListItem","position":2,"name":"Habib Fatako annonce la d\u00e9dicace de son album \u201cYangaylan\u201d les 24 et 25 d\u00e9cembre"}]},{"@type":"WebSite","@id":"https:\/\/culturbaine.com\/#website","url":"https:\/\/culturbaine.com\/","name":"Culturbaine.com","description":"Toute l&#039;actualit\u00e9 des Cultures Urbaines, en un clic  !","publisher":{"@id":"https:\/\/culturbaine.com\/#organization"},"potentialAction":[{"@type":"SearchAction","target":{"@type":"EntryPoint","urlTemplate":"https:\/\/culturbaine.com\/?s={search_term_string}"},"query-input":{"@type":"PropertyValueSpecification","valueRequired":true,"valueName":"search_term_string"}}],"inLanguage":"fr-FR"},{"@type":"Organization","@id":"https:\/\/culturbaine.com\/#organization","name":"Culturbaine.com","url":"https:\/\/culturbaine.com\/","logo":{"@type":"ImageObject","inLanguage":"fr-FR","@id":"https:\/\/culturbaine.com\/#\/schema\/logo\/image\/","url":"https:\/\/culturbaine.com\/wp-content\/uploads\/2023\/07\/WhatsApp-Image-2023-07-17-at-14.38.18.jpeg","contentUrl":"https:\/\/culturbaine.com\/wp-content\/uploads\/2023\/07\/WhatsApp-Image-2023-07-17-at-14.38.18.jpeg","width":855,"height":270,"caption":"Culturbaine.com"},"image":{"@id":"https:\/\/culturbaine.com\/#\/schema\/logo\/image\/"},"sameAs":["https:\/\/www.facebook.com\/Culturbaines","https:\/\/x.com\/culturbaines"]},{"@type":"Person","@id":"https:\/\/culturbaine.com\/#\/schema\/person\/42eb7485c572e0746c1ea6b8216c3814","name":"admin1","image":{"@type":"ImageObject","inLanguage":"fr-FR","@id":"https:\/\/culturbaine.com\/#\/schema\/person\/image\/","url":"https:\/\/secure.gravatar.com\/avatar\/c268f4d483ce0486e5a10fee87bbf756?s=96&d=mm&r=g","contentUrl":"https:\/\/secure.gravatar.com\/avatar\/c268f4d483ce0486e5a10fee87bbf756?s=96&d=mm&r=g","caption":"admin1"},"url":"https:\/\/culturbaine.com\/index.php\/author\/admin1\/"}]}},"_links":{"self":[{"href":"https:\/\/culturbaine.com\/index.php\/wp-json\/wp\/v2\/posts\/12900"}],"collection":[{"href":"https:\/\/culturbaine.com\/index.php\/wp-json\/wp\/v2\/posts"}],"about":[{"href":"https:\/\/culturbaine.com\/index.php\/wp-json\/wp\/v2\/types\/post"}],"author":[{"embeddable":true,"href":"https:\/\/culturbaine.com\/index.php\/wp-json\/wp\/v2\/users\/2"}],"replies":[{"embeddable":true,"href":"https:\/\/culturbaine.com\/index.php\/wp-json\/wp\/v2\/comments?post=12900"}],"version-history":[{"count":0,"href":"https:\/\/culturbaine.com\/index.php\/wp-json\/wp\/v2\/posts\/12900\/revisions"}],"wp:featuredmedia":[{"embeddable":true,"href":"https:\/\/culturbaine.com\/index.php\/wp-json\/wp\/v2\/media\/12901"}],"wp:attachment":[{"href":"https:\/\/culturbaine.com\/index.php\/wp-json\/wp\/v2\/media?parent=12900"}],"wp:term":[{"taxonomy":"category","embeddable":true,"href":"https:\/\/culturbaine.com\/index.php\/wp-json\/wp\/v2\/categories?post=12900"},{"taxonomy":"post_tag","embeddable":true,"href":"https:\/\/culturbaine.com\/index.php\/wp-json\/wp\/v2\/tags?post=12900"}],"curies":[{"name":"wp","href":"https:\/\/api.w.org\/{rel}","templated":true}]}}