{"id":12686,"date":"2025-08-29T15:45:08","date_gmt":"2025-08-29T15:45:08","guid":{"rendered":"https:\/\/culturbaine.com\/?p=12686"},"modified":"2025-08-29T15:45:08","modified_gmt":"2025-08-29T15:45:08","slug":"coupe-nationale-de-slam-au-togo-place-aux-demi-finales","status":"publish","type":"post","link":"https:\/\/culturbaine.com\/index.php\/2025\/08\/29\/coupe-nationale-de-slam-au-togo-place-aux-demi-finales\/","title":{"rendered":"Coupe nationale de slam au Togo : place aux demi-finales"},"content":{"rendered":"<p>Le samedi 27 septembre 2025, \u00e0 partir de 15 heures, l\u2019auditorium de l\u2019Institut fran\u00e7ais du Togo vibrera au rythme des mots et des punchlines. La sc\u00e8ne accueillera la demi-finale de la <strong>Coupe nationale de slam,<\/strong> rendez-vous attendu qui permettra de d\u00e9signer celui ou celle qui portera haut la voix du slam togolais en tant que nouvel ambassadeur.<\/p>\n<p>Pour cette \u00e9dition, les slameurs devront jongler avec un th\u00e8me \u00e9vocateur : \u00ab<strong> Le(s) visage(s) de l\u2019humanit\u00e9<\/strong> \u00bb. Un sujet large, qui ouvre la porte \u00e0 des textes charg\u00e9s d\u2019\u00e9motion, de r\u00e9flexions sur notre \u00e9poque et de visions multiples de ce que repr\u00e9sente l\u2019humain dans sa diversit\u00e9.<\/p>\n<p><img loading=\"lazy\" decoding=\"async\" class=\"aligncenter size-full wp-image-12688\" src=\"https:\/\/culturbaine.com\/wp-content\/uploads\/2025\/08\/1756379368291.jpg\" alt=\"\" width=\"720\" height=\"858\" srcset=\"https:\/\/culturbaine.com\/wp-content\/uploads\/2025\/08\/1756379368291.jpg 720w, https:\/\/culturbaine.com\/wp-content\/uploads\/2025\/08\/1756379368291-252x300.jpg 252w\" sizes=\"(max-width: 720px) 100vw, 720px\" \/><\/p>\n<p>La comp\u00e9tition s\u2019annonce relev\u00e9e : les candidats retenus ont d\u00e9j\u00e0 prouv\u00e9 leur capacit\u00e9 \u00e0 captiver le public lors des s\u00e9lections pr\u00e9c\u00e9dentes. Le 27 septembre, il ne sera pas seulement question de technique ou de performance, mais surtout de sinc\u00e9rit\u00e9, de souffle et de force dans les mots.<\/p>\n<p>\u00c0 l\u2019issue de cette \u00e9tape, les meilleurs d\u00e9crocheront leur ticket pour la grande finale nationale, derni\u00e8re marche avant d\u2019incarner la voix du slam togolais sur la sc\u00e8ne internationale.<\/p>\n<p><strong>Mohamed Cinq Sylla<\/strong><\/p>\n","protected":false},"excerpt":{"rendered":"<p>Le samedi 27 septembre 2025, \u00e0 partir de 15 heures, l\u2019auditorium de l\u2019Institut fran\u00e7ais du Togo vibrera au rythme des mots et des punchlines. La sc\u00e8ne accueillera la demi-finale de la Coupe nationale de slam, rendez-vous attendu qui permettra de d\u00e9signer celui ou celle qui portera haut la voix du slam togolais en tant que [&hellip;]<\/p>\n","protected":false},"author":2,"featured_media":12687,"comment_status":"closed","ping_status":"closed","sticky":false,"template":"","format":"standard","meta":{"_mi_skip_tracking":false,"_monsterinsights_sitenote_active":false,"_monsterinsights_sitenote_note":"","_monsterinsights_sitenote_category":0,"footnotes":""},"categories":[21,33,2386],"tags":[4142],"class_list":["post-12686","post","type-post","status-publish","format-standard","has-post-thumbnail","hentry","category-actualite","category-agenda","category-slam","tag-coupe-nationale-de-slam-au-togo-place-aux-demi-finales"],"yoast_head":"<!-- This site is optimized with the Yoast SEO Premium plugin v20.1 (Yoast SEO v24.0) - https:\/\/yoast.com\/wordpress\/plugins\/seo\/ -->\n<title>Coupe nationale de slam au Togo : place aux demi-finales - Culturbaine<\/title>\n<meta name=\"robots\" content=\"index, follow, max-snippet:-1, max-image-preview:large, max-video-preview:-1\" \/>\n<link rel=\"canonical\" href=\"https:\/\/culturbaine.com\/index.php\/2025\/08\/29\/coupe-nationale-de-slam-au-togo-place-aux-demi-finales\/\" \/>\n<meta property=\"og:locale\" content=\"fr_FR\" \/>\n<meta property=\"og:type\" content=\"article\" \/>\n<meta property=\"og:title\" content=\"Coupe nationale de slam au Togo : place aux demi-finales\" \/>\n<meta property=\"og:description\" content=\"Le samedi 27 septembre 2025, \u00e0 partir de 15 heures, l\u2019auditorium de l\u2019Institut fran\u00e7ais du Togo vibrera au rythme des mots et des punchlines. La sc\u00e8ne accueillera la demi-finale de la Coupe nationale de slam, rendez-vous attendu qui permettra de d\u00e9signer celui ou celle qui portera haut la voix du slam togolais en tant que [&hellip;]\" \/>\n<meta property=\"og:url\" content=\"https:\/\/culturbaine.com\/index.php\/2025\/08\/29\/coupe-nationale-de-slam-au-togo-place-aux-demi-finales\/\" \/>\n<meta property=\"og:site_name\" content=\"Culturbaine\" \/>\n<meta property=\"article:publisher\" content=\"https:\/\/www.facebook.com\/Culturbaines\" \/>\n<meta property=\"article:published_time\" content=\"2025-08-29T15:45:08+00:00\" \/>\n<meta property=\"og:image\" content=\"https:\/\/culturbaine.com\/wp-content\/uploads\/2025\/08\/17563793682912.jpg\" \/>\n\t<meta property=\"og:image:width\" content=\"720\" \/>\n\t<meta property=\"og:image:height\" content=\"419\" \/>\n\t<meta property=\"og:image:type\" content=\"image\/jpeg\" \/>\n<meta name=\"author\" content=\"admin1\" \/>\n<meta name=\"twitter:card\" content=\"summary_large_image\" \/>\n<meta name=\"twitter:creator\" content=\"@culturbaines\" \/>\n<meta name=\"twitter:site\" content=\"@culturbaines\" \/>\n<meta name=\"twitter:label1\" content=\"\u00c9crit par\" \/>\n\t<meta name=\"twitter:data1\" content=\"admin1\" \/>\n\t<meta name=\"twitter:label2\" content=\"Dur\u00e9e de lecture estim\u00e9e\" \/>\n\t<meta name=\"twitter:data2\" content=\"2 minutes\" \/>\n<script type=\"application\/ld+json\" class=\"yoast-schema-graph\">{\"@context\":\"https:\/\/schema.org\",\"@graph\":[{\"@type\":\"Article\",\"@id\":\"https:\/\/culturbaine.com\/index.php\/2025\/08\/29\/coupe-nationale-de-slam-au-togo-place-aux-demi-finales\/#article\",\"isPartOf\":{\"@id\":\"https:\/\/culturbaine.com\/index.php\/2025\/08\/29\/coupe-nationale-de-slam-au-togo-place-aux-demi-finales\/\"},\"author\":{\"name\":\"admin1\",\"@id\":\"https:\/\/culturbaine.com\/#\/schema\/person\/42eb7485c572e0746c1ea6b8216c3814\"},\"headline\":\"Coupe nationale de slam au Togo : place aux demi-finales\",\"datePublished\":\"2025-08-29T15:45:08+00:00\",\"dateModified\":\"2025-08-29T15:45:08+00:00\",\"mainEntityOfPage\":{\"@id\":\"https:\/\/culturbaine.com\/index.php\/2025\/08\/29\/coupe-nationale-de-slam-au-togo-place-aux-demi-finales\/\"},\"wordCount\":206,\"publisher\":{\"@id\":\"https:\/\/culturbaine.com\/#organization\"},\"image\":{\"@id\":\"https:\/\/culturbaine.com\/index.php\/2025\/08\/29\/coupe-nationale-de-slam-au-togo-place-aux-demi-finales\/#primaryimage\"},\"thumbnailUrl\":\"https:\/\/culturbaine.com\/wp-content\/uploads\/2025\/08\/17563793682912.jpg\",\"keywords\":[\"Coupe nationale de slam au Togo : place aux demi-finales\"],\"articleSection\":[\"Actualit\u00e9\",\"Agenda\",\"Slam\"],\"inLanguage\":\"fr-FR\"},{\"@type\":\"WebPage\",\"@id\":\"https:\/\/culturbaine.com\/index.php\/2025\/08\/29\/coupe-nationale-de-slam-au-togo-place-aux-demi-finales\/\",\"url\":\"https:\/\/culturbaine.com\/index.php\/2025\/08\/29\/coupe-nationale-de-slam-au-togo-place-aux-demi-finales\/\",\"name\":\"Coupe nationale de slam au Togo : place aux demi-finales - Culturbaine\",\"isPartOf\":{\"@id\":\"https:\/\/culturbaine.com\/#website\"},\"primaryImageOfPage\":{\"@id\":\"https:\/\/culturbaine.com\/index.php\/2025\/08\/29\/coupe-nationale-de-slam-au-togo-place-aux-demi-finales\/#primaryimage\"},\"image\":{\"@id\":\"https:\/\/culturbaine.com\/index.php\/2025\/08\/29\/coupe-nationale-de-slam-au-togo-place-aux-demi-finales\/#primaryimage\"},\"thumbnailUrl\":\"https:\/\/culturbaine.com\/wp-content\/uploads\/2025\/08\/17563793682912.jpg\",\"datePublished\":\"2025-08-29T15:45:08+00:00\",\"dateModified\":\"2025-08-29T15:45:08+00:00\",\"breadcrumb\":{\"@id\":\"https:\/\/culturbaine.com\/index.php\/2025\/08\/29\/coupe-nationale-de-slam-au-togo-place-aux-demi-finales\/#breadcrumb\"},\"inLanguage\":\"fr-FR\",\"potentialAction\":[{\"@type\":\"ReadAction\",\"target\":[\"https:\/\/culturbaine.com\/index.php\/2025\/08\/29\/coupe-nationale-de-slam-au-togo-place-aux-demi-finales\/\"]}]},{\"@type\":\"ImageObject\",\"inLanguage\":\"fr-FR\",\"@id\":\"https:\/\/culturbaine.com\/index.php\/2025\/08\/29\/coupe-nationale-de-slam-au-togo-place-aux-demi-finales\/#primaryimage\",\"url\":\"https:\/\/culturbaine.com\/wp-content\/uploads\/2025\/08\/17563793682912.jpg\",\"contentUrl\":\"https:\/\/culturbaine.com\/wp-content\/uploads\/2025\/08\/17563793682912.jpg\",\"width\":720,\"height\":419},{\"@type\":\"BreadcrumbList\",\"@id\":\"https:\/\/culturbaine.com\/index.php\/2025\/08\/29\/coupe-nationale-de-slam-au-togo-place-aux-demi-finales\/#breadcrumb\",\"itemListElement\":[{\"@type\":\"ListItem\",\"position\":1,\"name\":\"Home\",\"item\":\"https:\/\/culturbaine.com\/\"},{\"@type\":\"ListItem\",\"position\":2,\"name\":\"Coupe nationale de slam au Togo : place aux demi-finales\"}]},{\"@type\":\"WebSite\",\"@id\":\"https:\/\/culturbaine.com\/#website\",\"url\":\"https:\/\/culturbaine.com\/\",\"name\":\"Culturbaine.com\",\"description\":\"Toute l&#039;actualit\u00e9 des Cultures Urbaines, en un clic  !\",\"publisher\":{\"@id\":\"https:\/\/culturbaine.com\/#organization\"},\"potentialAction\":[{\"@type\":\"SearchAction\",\"target\":{\"@type\":\"EntryPoint\",\"urlTemplate\":\"https:\/\/culturbaine.com\/?s={search_term_string}\"},\"query-input\":{\"@type\":\"PropertyValueSpecification\",\"valueRequired\":true,\"valueName\":\"search_term_string\"}}],\"inLanguage\":\"fr-FR\"},{\"@type\":\"Organization\",\"@id\":\"https:\/\/culturbaine.com\/#organization\",\"name\":\"Culturbaine.com\",\"url\":\"https:\/\/culturbaine.com\/\",\"logo\":{\"@type\":\"ImageObject\",\"inLanguage\":\"fr-FR\",\"@id\":\"https:\/\/culturbaine.com\/#\/schema\/logo\/image\/\",\"url\":\"https:\/\/culturbaine.com\/wp-content\/uploads\/2023\/07\/WhatsApp-Image-2023-07-17-at-14.38.18.jpeg\",\"contentUrl\":\"https:\/\/culturbaine.com\/wp-content\/uploads\/2023\/07\/WhatsApp-Image-2023-07-17-at-14.38.18.jpeg\",\"width\":855,\"height\":270,\"caption\":\"Culturbaine.com\"},\"image\":{\"@id\":\"https:\/\/culturbaine.com\/#\/schema\/logo\/image\/\"},\"sameAs\":[\"https:\/\/www.facebook.com\/Culturbaines\",\"https:\/\/x.com\/culturbaines\"]},{\"@type\":\"Person\",\"@id\":\"https:\/\/culturbaine.com\/#\/schema\/person\/42eb7485c572e0746c1ea6b8216c3814\",\"name\":\"admin1\",\"image\":{\"@type\":\"ImageObject\",\"inLanguage\":\"fr-FR\",\"@id\":\"https:\/\/culturbaine.com\/#\/schema\/person\/image\/\",\"url\":\"https:\/\/secure.gravatar.com\/avatar\/c268f4d483ce0486e5a10fee87bbf756?s=96&d=mm&r=g\",\"contentUrl\":\"https:\/\/secure.gravatar.com\/avatar\/c268f4d483ce0486e5a10fee87bbf756?s=96&d=mm&r=g\",\"caption\":\"admin1\"},\"url\":\"https:\/\/culturbaine.com\/index.php\/author\/admin1\/\"}]}<\/script>\n<!-- \/ Yoast SEO Premium plugin. -->","yoast_head_json":{"title":"Coupe nationale de slam au Togo : place aux demi-finales - Culturbaine","robots":{"index":"index","follow":"follow","max-snippet":"max-snippet:-1","max-image-preview":"max-image-preview:large","max-video-preview":"max-video-preview:-1"},"canonical":"https:\/\/culturbaine.com\/index.php\/2025\/08\/29\/coupe-nationale-de-slam-au-togo-place-aux-demi-finales\/","og_locale":"fr_FR","og_type":"article","og_title":"Coupe nationale de slam au Togo : place aux demi-finales","og_description":"Le samedi 27 septembre 2025, \u00e0 partir de 15 heures, l\u2019auditorium de l\u2019Institut fran\u00e7ais du Togo vibrera au rythme des mots et des punchlines. La sc\u00e8ne accueillera la demi-finale de la Coupe nationale de slam, rendez-vous attendu qui permettra de d\u00e9signer celui ou celle qui portera haut la voix du slam togolais en tant que [&hellip;]","og_url":"https:\/\/culturbaine.com\/index.php\/2025\/08\/29\/coupe-nationale-de-slam-au-togo-place-aux-demi-finales\/","og_site_name":"Culturbaine","article_publisher":"https:\/\/www.facebook.com\/Culturbaines","article_published_time":"2025-08-29T15:45:08+00:00","og_image":[{"width":720,"height":419,"url":"https:\/\/culturbaine.com\/wp-content\/uploads\/2025\/08\/17563793682912.jpg","type":"image\/jpeg"}],"author":"admin1","twitter_card":"summary_large_image","twitter_creator":"@culturbaines","twitter_site":"@culturbaines","twitter_misc":{"\u00c9crit par":"admin1","Dur\u00e9e de lecture estim\u00e9e":"2 minutes"},"schema":{"@context":"https:\/\/schema.org","@graph":[{"@type":"Article","@id":"https:\/\/culturbaine.com\/index.php\/2025\/08\/29\/coupe-nationale-de-slam-au-togo-place-aux-demi-finales\/#article","isPartOf":{"@id":"https:\/\/culturbaine.com\/index.php\/2025\/08\/29\/coupe-nationale-de-slam-au-togo-place-aux-demi-finales\/"},"author":{"name":"admin1","@id":"https:\/\/culturbaine.com\/#\/schema\/person\/42eb7485c572e0746c1ea6b8216c3814"},"headline":"Coupe nationale de slam au Togo : place aux demi-finales","datePublished":"2025-08-29T15:45:08+00:00","dateModified":"2025-08-29T15:45:08+00:00","mainEntityOfPage":{"@id":"https:\/\/culturbaine.com\/index.php\/2025\/08\/29\/coupe-nationale-de-slam-au-togo-place-aux-demi-finales\/"},"wordCount":206,"publisher":{"@id":"https:\/\/culturbaine.com\/#organization"},"image":{"@id":"https:\/\/culturbaine.com\/index.php\/2025\/08\/29\/coupe-nationale-de-slam-au-togo-place-aux-demi-finales\/#primaryimage"},"thumbnailUrl":"https:\/\/culturbaine.com\/wp-content\/uploads\/2025\/08\/17563793682912.jpg","keywords":["Coupe nationale de slam au Togo : place aux demi-finales"],"articleSection":["Actualit\u00e9","Agenda","Slam"],"inLanguage":"fr-FR"},{"@type":"WebPage","@id":"https:\/\/culturbaine.com\/index.php\/2025\/08\/29\/coupe-nationale-de-slam-au-togo-place-aux-demi-finales\/","url":"https:\/\/culturbaine.com\/index.php\/2025\/08\/29\/coupe-nationale-de-slam-au-togo-place-aux-demi-finales\/","name":"Coupe nationale de slam au Togo : place aux demi-finales - Culturbaine","isPartOf":{"@id":"https:\/\/culturbaine.com\/#website"},"primaryImageOfPage":{"@id":"https:\/\/culturbaine.com\/index.php\/2025\/08\/29\/coupe-nationale-de-slam-au-togo-place-aux-demi-finales\/#primaryimage"},"image":{"@id":"https:\/\/culturbaine.com\/index.php\/2025\/08\/29\/coupe-nationale-de-slam-au-togo-place-aux-demi-finales\/#primaryimage"},"thumbnailUrl":"https:\/\/culturbaine.com\/wp-content\/uploads\/2025\/08\/17563793682912.jpg","datePublished":"2025-08-29T15:45:08+00:00","dateModified":"2025-08-29T15:45:08+00:00","breadcrumb":{"@id":"https:\/\/culturbaine.com\/index.php\/2025\/08\/29\/coupe-nationale-de-slam-au-togo-place-aux-demi-finales\/#breadcrumb"},"inLanguage":"fr-FR","potentialAction":[{"@type":"ReadAction","target":["https:\/\/culturbaine.com\/index.php\/2025\/08\/29\/coupe-nationale-de-slam-au-togo-place-aux-demi-finales\/"]}]},{"@type":"ImageObject","inLanguage":"fr-FR","@id":"https:\/\/culturbaine.com\/index.php\/2025\/08\/29\/coupe-nationale-de-slam-au-togo-place-aux-demi-finales\/#primaryimage","url":"https:\/\/culturbaine.com\/wp-content\/uploads\/2025\/08\/17563793682912.jpg","contentUrl":"https:\/\/culturbaine.com\/wp-content\/uploads\/2025\/08\/17563793682912.jpg","width":720,"height":419},{"@type":"BreadcrumbList","@id":"https:\/\/culturbaine.com\/index.php\/2025\/08\/29\/coupe-nationale-de-slam-au-togo-place-aux-demi-finales\/#breadcrumb","itemListElement":[{"@type":"ListItem","position":1,"name":"Home","item":"https:\/\/culturbaine.com\/"},{"@type":"ListItem","position":2,"name":"Coupe nationale de slam au Togo : place aux demi-finales"}]},{"@type":"WebSite","@id":"https:\/\/culturbaine.com\/#website","url":"https:\/\/culturbaine.com\/","name":"Culturbaine.com","description":"Toute l&#039;actualit\u00e9 des Cultures Urbaines, en un clic  !","publisher":{"@id":"https:\/\/culturbaine.com\/#organization"},"potentialAction":[{"@type":"SearchAction","target":{"@type":"EntryPoint","urlTemplate":"https:\/\/culturbaine.com\/?s={search_term_string}"},"query-input":{"@type":"PropertyValueSpecification","valueRequired":true,"valueName":"search_term_string"}}],"inLanguage":"fr-FR"},{"@type":"Organization","@id":"https:\/\/culturbaine.com\/#organization","name":"Culturbaine.com","url":"https:\/\/culturbaine.com\/","logo":{"@type":"ImageObject","inLanguage":"fr-FR","@id":"https:\/\/culturbaine.com\/#\/schema\/logo\/image\/","url":"https:\/\/culturbaine.com\/wp-content\/uploads\/2023\/07\/WhatsApp-Image-2023-07-17-at-14.38.18.jpeg","contentUrl":"https:\/\/culturbaine.com\/wp-content\/uploads\/2023\/07\/WhatsApp-Image-2023-07-17-at-14.38.18.jpeg","width":855,"height":270,"caption":"Culturbaine.com"},"image":{"@id":"https:\/\/culturbaine.com\/#\/schema\/logo\/image\/"},"sameAs":["https:\/\/www.facebook.com\/Culturbaines","https:\/\/x.com\/culturbaines"]},{"@type":"Person","@id":"https:\/\/culturbaine.com\/#\/schema\/person\/42eb7485c572e0746c1ea6b8216c3814","name":"admin1","image":{"@type":"ImageObject","inLanguage":"fr-FR","@id":"https:\/\/culturbaine.com\/#\/schema\/person\/image\/","url":"https:\/\/secure.gravatar.com\/avatar\/c268f4d483ce0486e5a10fee87bbf756?s=96&d=mm&r=g","contentUrl":"https:\/\/secure.gravatar.com\/avatar\/c268f4d483ce0486e5a10fee87bbf756?s=96&d=mm&r=g","caption":"admin1"},"url":"https:\/\/culturbaine.com\/index.php\/author\/admin1\/"}]}},"_links":{"self":[{"href":"https:\/\/culturbaine.com\/index.php\/wp-json\/wp\/v2\/posts\/12686"}],"collection":[{"href":"https:\/\/culturbaine.com\/index.php\/wp-json\/wp\/v2\/posts"}],"about":[{"href":"https:\/\/culturbaine.com\/index.php\/wp-json\/wp\/v2\/types\/post"}],"author":[{"embeddable":true,"href":"https:\/\/culturbaine.com\/index.php\/wp-json\/wp\/v2\/users\/2"}],"replies":[{"embeddable":true,"href":"https:\/\/culturbaine.com\/index.php\/wp-json\/wp\/v2\/comments?post=12686"}],"version-history":[{"count":0,"href":"https:\/\/culturbaine.com\/index.php\/wp-json\/wp\/v2\/posts\/12686\/revisions"}],"wp:featuredmedia":[{"embeddable":true,"href":"https:\/\/culturbaine.com\/index.php\/wp-json\/wp\/v2\/media\/12687"}],"wp:attachment":[{"href":"https:\/\/culturbaine.com\/index.php\/wp-json\/wp\/v2\/media?parent=12686"}],"wp:term":[{"taxonomy":"category","embeddable":true,"href":"https:\/\/culturbaine.com\/index.php\/wp-json\/wp\/v2\/categories?post=12686"},{"taxonomy":"post_tag","embeddable":true,"href":"https:\/\/culturbaine.com\/index.php\/wp-json\/wp\/v2\/tags?post=12686"}],"curies":[{"name":"wp","href":"https:\/\/api.w.org\/{rel}","templated":true}]}}