{"id":12538,"date":"2025-08-07T19:41:40","date_gmt":"2025-08-07T19:41:40","guid":{"rendered":"https:\/\/culturbaine.com\/?p=12538"},"modified":"2025-08-07T19:41:40","modified_gmt":"2025-08-07T19:41:40","slug":"reviens-serge-beynaud-fait-appel-a-banlieuzart-pour-parler-sentiments","status":"publish","type":"post","link":"https:\/\/culturbaine.com\/index.php\/2025\/08\/07\/reviens-serge-beynaud-fait-appel-a-banlieuzart-pour-parler-sentiments\/","title":{"rendered":"\u201cReviens\u201d : Serge Beynaud fait appel \u00e0 Banlieuz\u2019art pour parler sentiments"},"content":{"rendered":"<p>\u201c<strong>Creatair<\/strong>\u201d, le tout nouveau projet musical de <strong>Serge Beynaud<\/strong>, est disponible en ligne. Ce quatri\u00e8me album du c\u00e9l\u00e8bre artiste ivoirien regroupe plusieurs collaborations, dont celle avec le groupe guin\u00e9en <strong>Banlieuz\u2019art<\/strong> sur le morceau intitul\u00e9 \u201c<strong>Reviens<\/strong>\u201d.<\/p>\n<p>Sur cette dix-huiti\u00e8me piste, <strong>Konko<\/strong> <strong>Malela<\/strong> et <strong>King Salamon<\/strong> livrent une performance marquante. Le duo guin\u00e9en s\u2019exprime avec justesse sur un th\u00e8me universel : les sentiments. Port\u00e9e par une m\u00e9lodie douce et des voix ma\u00eetris\u00e9es, cette chanson plonge l\u2019auditeur dans une atmosph\u00e8re intimiste, presque nostalgique.<\/p>\n<p>La coh\u00e9sion entre les deux univers est frappante. <strong>Serge<\/strong> <strong>Beynaud<\/strong> et <strong>Banlieuz\u2019art<\/strong> se renvoient les balles avec aisance, sans jamais chercher \u00e0 dominer l\u2019un sur l\u2019autre. Le r\u00e9sultat : une \u0153uvre \u00e0 la fois sinc\u00e8re et bien ficel\u00e9e, qui prouve une nouvelle fois que les fronti\u00e8res musicales n\u2019arr\u00eatent pas les bonnes connexions.<\/p>\n<p><iframe loading=\"lazy\" title=\"Serge Beynaud x BanlieuZ&#039;Art - Reviens (Album Cr\u00e9atair)\" width=\"1170\" height=\"658\" src=\"https:\/\/www.youtube.com\/embed\/IjUvN0ikpqo?wmode=transparent&amp;rel=0&amp;feature=oembed\" frameborder=\"0\" allow=\"accelerometer; autoplay; clipboard-write; encrypted-media; gyroscope; picture-in-picture; web-share\" referrerpolicy=\"strict-origin-when-cross-origin\" allowfullscreen><\/iframe><\/p>\n<p><strong>Mohamed Cinq Sylla<\/strong><\/p>\n","protected":false},"excerpt":{"rendered":"<p>\u201cCreatair\u201d, le tout nouveau projet musical de Serge Beynaud, est disponible en ligne. Ce quatri\u00e8me album du c\u00e9l\u00e8bre artiste ivoirien regroupe plusieurs collaborations, dont celle avec le groupe guin\u00e9en Banlieuz\u2019art sur le morceau intitul\u00e9 \u201cReviens\u201d. Sur cette dix-huiti\u00e8me piste, Konko Malela et King Salamon livrent une performance marquante. Le duo guin\u00e9en s\u2019exprime avec justesse sur [&hellip;]<\/p>\n","protected":false},"author":2,"featured_media":12539,"comment_status":"closed","ping_status":"closed","sticky":false,"template":"","format":"standard","meta":{"_mi_skip_tracking":false,"_monsterinsights_sitenote_active":false,"_monsterinsights_sitenote_note":"","_monsterinsights_sitenote_category":0,"footnotes":""},"categories":[21,500],"tags":[4101],"class_list":["post-12538","post","type-post","status-publish","format-standard","has-post-thumbnail","hentry","category-actualite","category-musique","tag-reviens-serge-beynaud-fait-appel-a-banlieuzart-pour-parler-sentiments"],"yoast_head":"<!-- This site is optimized with the Yoast SEO Premium plugin v20.1 (Yoast SEO v24.0) - https:\/\/yoast.com\/wordpress\/plugins\/seo\/ -->\n<title>\u201cReviens\u201d : Serge Beynaud fait appel \u00e0 Banlieuz\u2019art pour parler sentiments - Culturbaine<\/title>\n<meta name=\"robots\" content=\"index, follow, max-snippet:-1, max-image-preview:large, max-video-preview:-1\" \/>\n<link rel=\"canonical\" href=\"https:\/\/culturbaine.com\/index.php\/2025\/08\/07\/reviens-serge-beynaud-fait-appel-a-banlieuzart-pour-parler-sentiments\/\" \/>\n<meta property=\"og:locale\" content=\"fr_FR\" \/>\n<meta property=\"og:type\" content=\"article\" \/>\n<meta property=\"og:title\" content=\"\u201cReviens\u201d : Serge Beynaud fait appel \u00e0 Banlieuz\u2019art pour parler sentiments\" \/>\n<meta property=\"og:description\" content=\"\u201cCreatair\u201d, le tout nouveau projet musical de Serge Beynaud, est disponible en ligne. Ce quatri\u00e8me album du c\u00e9l\u00e8bre artiste ivoirien regroupe plusieurs collaborations, dont celle avec le groupe guin\u00e9en Banlieuz\u2019art sur le morceau intitul\u00e9 \u201cReviens\u201d. Sur cette dix-huiti\u00e8me piste, Konko Malela et King Salamon livrent une performance marquante. Le duo guin\u00e9en s\u2019exprime avec justesse sur [&hellip;]\" \/>\n<meta property=\"og:url\" content=\"https:\/\/culturbaine.com\/index.php\/2025\/08\/07\/reviens-serge-beynaud-fait-appel-a-banlieuzart-pour-parler-sentiments\/\" \/>\n<meta property=\"og:site_name\" content=\"Culturbaine\" \/>\n<meta property=\"article:publisher\" content=\"https:\/\/www.facebook.com\/Culturbaines\" \/>\n<meta property=\"article:published_time\" content=\"2025-08-07T19:41:40+00:00\" \/>\n<meta property=\"og:image\" content=\"https:\/\/culturbaine.com\/wp-content\/uploads\/2025\/08\/serge-blz.jpg\" \/>\n\t<meta property=\"og:image:width\" content=\"700\" \/>\n\t<meta property=\"og:image:height\" content=\"400\" \/>\n\t<meta property=\"og:image:type\" content=\"image\/jpeg\" \/>\n<meta name=\"author\" content=\"admin1\" \/>\n<meta name=\"twitter:card\" content=\"summary_large_image\" \/>\n<meta name=\"twitter:creator\" content=\"@culturbaines\" \/>\n<meta name=\"twitter:site\" content=\"@culturbaines\" \/>\n<meta name=\"twitter:label1\" content=\"\u00c9crit par\" \/>\n\t<meta name=\"twitter:data1\" content=\"admin1\" \/>\n\t<meta name=\"twitter:label2\" content=\"Dur\u00e9e de lecture estim\u00e9e\" \/>\n\t<meta name=\"twitter:data2\" content=\"1 minute\" \/>\n<script type=\"application\/ld+json\" class=\"yoast-schema-graph\">{\"@context\":\"https:\/\/schema.org\",\"@graph\":[{\"@type\":\"Article\",\"@id\":\"https:\/\/culturbaine.com\/index.php\/2025\/08\/07\/reviens-serge-beynaud-fait-appel-a-banlieuzart-pour-parler-sentiments\/#article\",\"isPartOf\":{\"@id\":\"https:\/\/culturbaine.com\/index.php\/2025\/08\/07\/reviens-serge-beynaud-fait-appel-a-banlieuzart-pour-parler-sentiments\/\"},\"author\":{\"name\":\"admin1\",\"@id\":\"https:\/\/culturbaine.com\/#\/schema\/person\/42eb7485c572e0746c1ea6b8216c3814\"},\"headline\":\"\u201cReviens\u201d : Serge Beynaud fait appel \u00e0 Banlieuz\u2019art pour parler sentiments\",\"datePublished\":\"2025-08-07T19:41:40+00:00\",\"dateModified\":\"2025-08-07T19:41:40+00:00\",\"mainEntityOfPage\":{\"@id\":\"https:\/\/culturbaine.com\/index.php\/2025\/08\/07\/reviens-serge-beynaud-fait-appel-a-banlieuzart-pour-parler-sentiments\/\"},\"wordCount\":176,\"publisher\":{\"@id\":\"https:\/\/culturbaine.com\/#organization\"},\"image\":{\"@id\":\"https:\/\/culturbaine.com\/index.php\/2025\/08\/07\/reviens-serge-beynaud-fait-appel-a-banlieuzart-pour-parler-sentiments\/#primaryimage\"},\"thumbnailUrl\":\"https:\/\/culturbaine.com\/wp-content\/uploads\/2025\/08\/serge-blz.jpg\",\"keywords\":[\"\u201cReviens\u201d : Serge Beynaud fait appel \u00e0 Banlieuz\u2019art pour parler sentiments\"],\"articleSection\":[\"Actualit\u00e9\",\"Musique\"],\"inLanguage\":\"fr-FR\"},{\"@type\":\"WebPage\",\"@id\":\"https:\/\/culturbaine.com\/index.php\/2025\/08\/07\/reviens-serge-beynaud-fait-appel-a-banlieuzart-pour-parler-sentiments\/\",\"url\":\"https:\/\/culturbaine.com\/index.php\/2025\/08\/07\/reviens-serge-beynaud-fait-appel-a-banlieuzart-pour-parler-sentiments\/\",\"name\":\"\u201cReviens\u201d : Serge Beynaud fait appel \u00e0 Banlieuz\u2019art pour parler sentiments - Culturbaine\",\"isPartOf\":{\"@id\":\"https:\/\/culturbaine.com\/#website\"},\"primaryImageOfPage\":{\"@id\":\"https:\/\/culturbaine.com\/index.php\/2025\/08\/07\/reviens-serge-beynaud-fait-appel-a-banlieuzart-pour-parler-sentiments\/#primaryimage\"},\"image\":{\"@id\":\"https:\/\/culturbaine.com\/index.php\/2025\/08\/07\/reviens-serge-beynaud-fait-appel-a-banlieuzart-pour-parler-sentiments\/#primaryimage\"},\"thumbnailUrl\":\"https:\/\/culturbaine.com\/wp-content\/uploads\/2025\/08\/serge-blz.jpg\",\"datePublished\":\"2025-08-07T19:41:40+00:00\",\"dateModified\":\"2025-08-07T19:41:40+00:00\",\"breadcrumb\":{\"@id\":\"https:\/\/culturbaine.com\/index.php\/2025\/08\/07\/reviens-serge-beynaud-fait-appel-a-banlieuzart-pour-parler-sentiments\/#breadcrumb\"},\"inLanguage\":\"fr-FR\",\"potentialAction\":[{\"@type\":\"ReadAction\",\"target\":[\"https:\/\/culturbaine.com\/index.php\/2025\/08\/07\/reviens-serge-beynaud-fait-appel-a-banlieuzart-pour-parler-sentiments\/\"]}]},{\"@type\":\"ImageObject\",\"inLanguage\":\"fr-FR\",\"@id\":\"https:\/\/culturbaine.com\/index.php\/2025\/08\/07\/reviens-serge-beynaud-fait-appel-a-banlieuzart-pour-parler-sentiments\/#primaryimage\",\"url\":\"https:\/\/culturbaine.com\/wp-content\/uploads\/2025\/08\/serge-blz.jpg\",\"contentUrl\":\"https:\/\/culturbaine.com\/wp-content\/uploads\/2025\/08\/serge-blz.jpg\",\"width\":700,\"height\":400},{\"@type\":\"BreadcrumbList\",\"@id\":\"https:\/\/culturbaine.com\/index.php\/2025\/08\/07\/reviens-serge-beynaud-fait-appel-a-banlieuzart-pour-parler-sentiments\/#breadcrumb\",\"itemListElement\":[{\"@type\":\"ListItem\",\"position\":1,\"name\":\"Home\",\"item\":\"https:\/\/culturbaine.com\/\"},{\"@type\":\"ListItem\",\"position\":2,\"name\":\"\u201cReviens\u201d : Serge Beynaud fait appel \u00e0 Banlieuz\u2019art pour parler sentiments\"}]},{\"@type\":\"WebSite\",\"@id\":\"https:\/\/culturbaine.com\/#website\",\"url\":\"https:\/\/culturbaine.com\/\",\"name\":\"Culturbaine.com\",\"description\":\"Toute l&#039;actualit\u00e9 des Cultures Urbaines, en un clic  !\",\"publisher\":{\"@id\":\"https:\/\/culturbaine.com\/#organization\"},\"potentialAction\":[{\"@type\":\"SearchAction\",\"target\":{\"@type\":\"EntryPoint\",\"urlTemplate\":\"https:\/\/culturbaine.com\/?s={search_term_string}\"},\"query-input\":{\"@type\":\"PropertyValueSpecification\",\"valueRequired\":true,\"valueName\":\"search_term_string\"}}],\"inLanguage\":\"fr-FR\"},{\"@type\":\"Organization\",\"@id\":\"https:\/\/culturbaine.com\/#organization\",\"name\":\"Culturbaine.com\",\"url\":\"https:\/\/culturbaine.com\/\",\"logo\":{\"@type\":\"ImageObject\",\"inLanguage\":\"fr-FR\",\"@id\":\"https:\/\/culturbaine.com\/#\/schema\/logo\/image\/\",\"url\":\"https:\/\/culturbaine.com\/wp-content\/uploads\/2023\/07\/WhatsApp-Image-2023-07-17-at-14.38.18.jpeg\",\"contentUrl\":\"https:\/\/culturbaine.com\/wp-content\/uploads\/2023\/07\/WhatsApp-Image-2023-07-17-at-14.38.18.jpeg\",\"width\":855,\"height\":270,\"caption\":\"Culturbaine.com\"},\"image\":{\"@id\":\"https:\/\/culturbaine.com\/#\/schema\/logo\/image\/\"},\"sameAs\":[\"https:\/\/www.facebook.com\/Culturbaines\",\"https:\/\/x.com\/culturbaines\"]},{\"@type\":\"Person\",\"@id\":\"https:\/\/culturbaine.com\/#\/schema\/person\/42eb7485c572e0746c1ea6b8216c3814\",\"name\":\"admin1\",\"image\":{\"@type\":\"ImageObject\",\"inLanguage\":\"fr-FR\",\"@id\":\"https:\/\/culturbaine.com\/#\/schema\/person\/image\/\",\"url\":\"https:\/\/secure.gravatar.com\/avatar\/c268f4d483ce0486e5a10fee87bbf756?s=96&d=mm&r=g\",\"contentUrl\":\"https:\/\/secure.gravatar.com\/avatar\/c268f4d483ce0486e5a10fee87bbf756?s=96&d=mm&r=g\",\"caption\":\"admin1\"},\"url\":\"https:\/\/culturbaine.com\/index.php\/author\/admin1\/\"}]}<\/script>\n<!-- \/ Yoast SEO Premium plugin. -->","yoast_head_json":{"title":"\u201cReviens\u201d : Serge Beynaud fait appel \u00e0 Banlieuz\u2019art pour parler sentiments - Culturbaine","robots":{"index":"index","follow":"follow","max-snippet":"max-snippet:-1","max-image-preview":"max-image-preview:large","max-video-preview":"max-video-preview:-1"},"canonical":"https:\/\/culturbaine.com\/index.php\/2025\/08\/07\/reviens-serge-beynaud-fait-appel-a-banlieuzart-pour-parler-sentiments\/","og_locale":"fr_FR","og_type":"article","og_title":"\u201cReviens\u201d : Serge Beynaud fait appel \u00e0 Banlieuz\u2019art pour parler sentiments","og_description":"\u201cCreatair\u201d, le tout nouveau projet musical de Serge Beynaud, est disponible en ligne. Ce quatri\u00e8me album du c\u00e9l\u00e8bre artiste ivoirien regroupe plusieurs collaborations, dont celle avec le groupe guin\u00e9en Banlieuz\u2019art sur le morceau intitul\u00e9 \u201cReviens\u201d. Sur cette dix-huiti\u00e8me piste, Konko Malela et King Salamon livrent une performance marquante. Le duo guin\u00e9en s\u2019exprime avec justesse sur [&hellip;]","og_url":"https:\/\/culturbaine.com\/index.php\/2025\/08\/07\/reviens-serge-beynaud-fait-appel-a-banlieuzart-pour-parler-sentiments\/","og_site_name":"Culturbaine","article_publisher":"https:\/\/www.facebook.com\/Culturbaines","article_published_time":"2025-08-07T19:41:40+00:00","og_image":[{"width":700,"height":400,"url":"https:\/\/culturbaine.com\/wp-content\/uploads\/2025\/08\/serge-blz.jpg","type":"image\/jpeg"}],"author":"admin1","twitter_card":"summary_large_image","twitter_creator":"@culturbaines","twitter_site":"@culturbaines","twitter_misc":{"\u00c9crit par":"admin1","Dur\u00e9e de lecture estim\u00e9e":"1 minute"},"schema":{"@context":"https:\/\/schema.org","@graph":[{"@type":"Article","@id":"https:\/\/culturbaine.com\/index.php\/2025\/08\/07\/reviens-serge-beynaud-fait-appel-a-banlieuzart-pour-parler-sentiments\/#article","isPartOf":{"@id":"https:\/\/culturbaine.com\/index.php\/2025\/08\/07\/reviens-serge-beynaud-fait-appel-a-banlieuzart-pour-parler-sentiments\/"},"author":{"name":"admin1","@id":"https:\/\/culturbaine.com\/#\/schema\/person\/42eb7485c572e0746c1ea6b8216c3814"},"headline":"\u201cReviens\u201d : Serge Beynaud fait appel \u00e0 Banlieuz\u2019art pour parler sentiments","datePublished":"2025-08-07T19:41:40+00:00","dateModified":"2025-08-07T19:41:40+00:00","mainEntityOfPage":{"@id":"https:\/\/culturbaine.com\/index.php\/2025\/08\/07\/reviens-serge-beynaud-fait-appel-a-banlieuzart-pour-parler-sentiments\/"},"wordCount":176,"publisher":{"@id":"https:\/\/culturbaine.com\/#organization"},"image":{"@id":"https:\/\/culturbaine.com\/index.php\/2025\/08\/07\/reviens-serge-beynaud-fait-appel-a-banlieuzart-pour-parler-sentiments\/#primaryimage"},"thumbnailUrl":"https:\/\/culturbaine.com\/wp-content\/uploads\/2025\/08\/serge-blz.jpg","keywords":["\u201cReviens\u201d : Serge Beynaud fait appel \u00e0 Banlieuz\u2019art pour parler sentiments"],"articleSection":["Actualit\u00e9","Musique"],"inLanguage":"fr-FR"},{"@type":"WebPage","@id":"https:\/\/culturbaine.com\/index.php\/2025\/08\/07\/reviens-serge-beynaud-fait-appel-a-banlieuzart-pour-parler-sentiments\/","url":"https:\/\/culturbaine.com\/index.php\/2025\/08\/07\/reviens-serge-beynaud-fait-appel-a-banlieuzart-pour-parler-sentiments\/","name":"\u201cReviens\u201d : Serge Beynaud fait appel \u00e0 Banlieuz\u2019art pour parler sentiments - Culturbaine","isPartOf":{"@id":"https:\/\/culturbaine.com\/#website"},"primaryImageOfPage":{"@id":"https:\/\/culturbaine.com\/index.php\/2025\/08\/07\/reviens-serge-beynaud-fait-appel-a-banlieuzart-pour-parler-sentiments\/#primaryimage"},"image":{"@id":"https:\/\/culturbaine.com\/index.php\/2025\/08\/07\/reviens-serge-beynaud-fait-appel-a-banlieuzart-pour-parler-sentiments\/#primaryimage"},"thumbnailUrl":"https:\/\/culturbaine.com\/wp-content\/uploads\/2025\/08\/serge-blz.jpg","datePublished":"2025-08-07T19:41:40+00:00","dateModified":"2025-08-07T19:41:40+00:00","breadcrumb":{"@id":"https:\/\/culturbaine.com\/index.php\/2025\/08\/07\/reviens-serge-beynaud-fait-appel-a-banlieuzart-pour-parler-sentiments\/#breadcrumb"},"inLanguage":"fr-FR","potentialAction":[{"@type":"ReadAction","target":["https:\/\/culturbaine.com\/index.php\/2025\/08\/07\/reviens-serge-beynaud-fait-appel-a-banlieuzart-pour-parler-sentiments\/"]}]},{"@type":"ImageObject","inLanguage":"fr-FR","@id":"https:\/\/culturbaine.com\/index.php\/2025\/08\/07\/reviens-serge-beynaud-fait-appel-a-banlieuzart-pour-parler-sentiments\/#primaryimage","url":"https:\/\/culturbaine.com\/wp-content\/uploads\/2025\/08\/serge-blz.jpg","contentUrl":"https:\/\/culturbaine.com\/wp-content\/uploads\/2025\/08\/serge-blz.jpg","width":700,"height":400},{"@type":"BreadcrumbList","@id":"https:\/\/culturbaine.com\/index.php\/2025\/08\/07\/reviens-serge-beynaud-fait-appel-a-banlieuzart-pour-parler-sentiments\/#breadcrumb","itemListElement":[{"@type":"ListItem","position":1,"name":"Home","item":"https:\/\/culturbaine.com\/"},{"@type":"ListItem","position":2,"name":"\u201cReviens\u201d : Serge Beynaud fait appel \u00e0 Banlieuz\u2019art pour parler sentiments"}]},{"@type":"WebSite","@id":"https:\/\/culturbaine.com\/#website","url":"https:\/\/culturbaine.com\/","name":"Culturbaine.com","description":"Toute l&#039;actualit\u00e9 des Cultures Urbaines, en un clic  !","publisher":{"@id":"https:\/\/culturbaine.com\/#organization"},"potentialAction":[{"@type":"SearchAction","target":{"@type":"EntryPoint","urlTemplate":"https:\/\/culturbaine.com\/?s={search_term_string}"},"query-input":{"@type":"PropertyValueSpecification","valueRequired":true,"valueName":"search_term_string"}}],"inLanguage":"fr-FR"},{"@type":"Organization","@id":"https:\/\/culturbaine.com\/#organization","name":"Culturbaine.com","url":"https:\/\/culturbaine.com\/","logo":{"@type":"ImageObject","inLanguage":"fr-FR","@id":"https:\/\/culturbaine.com\/#\/schema\/logo\/image\/","url":"https:\/\/culturbaine.com\/wp-content\/uploads\/2023\/07\/WhatsApp-Image-2023-07-17-at-14.38.18.jpeg","contentUrl":"https:\/\/culturbaine.com\/wp-content\/uploads\/2023\/07\/WhatsApp-Image-2023-07-17-at-14.38.18.jpeg","width":855,"height":270,"caption":"Culturbaine.com"},"image":{"@id":"https:\/\/culturbaine.com\/#\/schema\/logo\/image\/"},"sameAs":["https:\/\/www.facebook.com\/Culturbaines","https:\/\/x.com\/culturbaines"]},{"@type":"Person","@id":"https:\/\/culturbaine.com\/#\/schema\/person\/42eb7485c572e0746c1ea6b8216c3814","name":"admin1","image":{"@type":"ImageObject","inLanguage":"fr-FR","@id":"https:\/\/culturbaine.com\/#\/schema\/person\/image\/","url":"https:\/\/secure.gravatar.com\/avatar\/c268f4d483ce0486e5a10fee87bbf756?s=96&d=mm&r=g","contentUrl":"https:\/\/secure.gravatar.com\/avatar\/c268f4d483ce0486e5a10fee87bbf756?s=96&d=mm&r=g","caption":"admin1"},"url":"https:\/\/culturbaine.com\/index.php\/author\/admin1\/"}]}},"_links":{"self":[{"href":"https:\/\/culturbaine.com\/index.php\/wp-json\/wp\/v2\/posts\/12538"}],"collection":[{"href":"https:\/\/culturbaine.com\/index.php\/wp-json\/wp\/v2\/posts"}],"about":[{"href":"https:\/\/culturbaine.com\/index.php\/wp-json\/wp\/v2\/types\/post"}],"author":[{"embeddable":true,"href":"https:\/\/culturbaine.com\/index.php\/wp-json\/wp\/v2\/users\/2"}],"replies":[{"embeddable":true,"href":"https:\/\/culturbaine.com\/index.php\/wp-json\/wp\/v2\/comments?post=12538"}],"version-history":[{"count":0,"href":"https:\/\/culturbaine.com\/index.php\/wp-json\/wp\/v2\/posts\/12538\/revisions"}],"wp:featuredmedia":[{"embeddable":true,"href":"https:\/\/culturbaine.com\/index.php\/wp-json\/wp\/v2\/media\/12539"}],"wp:attachment":[{"href":"https:\/\/culturbaine.com\/index.php\/wp-json\/wp\/v2\/media?parent=12538"}],"wp:term":[{"taxonomy":"category","embeddable":true,"href":"https:\/\/culturbaine.com\/index.php\/wp-json\/wp\/v2\/categories?post=12538"},{"taxonomy":"post_tag","embeddable":true,"href":"https:\/\/culturbaine.com\/index.php\/wp-json\/wp\/v2\/tags?post=12538"}],"curies":[{"name":"wp","href":"https:\/\/api.w.org\/{rel}","templated":true}]}}