{"id":12531,"date":"2025-08-06T14:46:02","date_gmt":"2025-08-06T14:46:02","guid":{"rendered":"https:\/\/culturbaine.com\/?p=12531"},"modified":"2025-08-06T14:46:02","modified_gmt":"2025-08-06T14:46:02","slug":"guinee-la-coupe-dafrique-de-slam-poesie-glisse-vers-decembre","status":"publish","type":"post","link":"https:\/\/culturbaine.com\/index.php\/2025\/08\/06\/guinee-la-coupe-dafrique-de-slam-poesie-glisse-vers-decembre\/","title":{"rendered":"Guin\u00e9e : La Coupe d\u2019Afrique de Slam Po\u00e9sie glisse vers d\u00e9cembre !"},"content":{"rendered":"<p>Pr\u00e9vue pour \u00e9lectriser Conakry du 28 septembre au 6 octobre 2025, la <strong>Coupe d\u2019Afrique de Slam Po\u00e9sie (CASP)<\/strong> change finalement de cr\u00e9neau. Les nouvelles dates tombent, du 1er au 6 d\u00e9cembre 2025.<\/p>\n<p>L\u2019annonce est tomb\u00e9e via un communiqu\u00e9 diffus\u00e9 par la Ligue guin\u00e9enne de slam, tr\u00e8s partag\u00e9 sur ses r\u00e9seaux sociaux.<\/p>\n<p>Derri\u00e8re ce glissement de planning, un vrai casse-t\u00eate d\u2019agenda : \u00ab<em><strong>Un chevauchement de calendrier a \u00e9t\u00e9 identifi\u00e9, rendant difficile la tenue optimale de l\u2019\u00e9v\u00e9nement aux dates initiales\u00bb<\/strong><\/em>, peut-on lire dans le message officiel. Cette d\u00e9cision a \u00e9t\u00e9 prise apr\u00e8s plusieurs \u00e9changes avec les t\u00eates pensantes de la <strong>CASP<\/strong> au niveau continental.<\/p>\n<p>Conakry, qui s\u2019appr\u00eate \u00e0 accueillir ce grand rassemblement des voix percutantes du slam africain, aura donc un peu plus de temps pour peaufiner les d\u00e9tails. Ce report, loin d\u2019\u00eatre un recul, pourrait bien offrir un souffle nouveau \u00e0 l\u2019organisation.<\/p>\n<p><strong>Mohamed Cinq Sylla<\/strong><\/p>\n","protected":false},"excerpt":{"rendered":"<p>Pr\u00e9vue pour \u00e9lectriser Conakry du 28 septembre au 6 octobre 2025, la Coupe d\u2019Afrique de Slam Po\u00e9sie (CASP) change finalement de cr\u00e9neau. Les nouvelles dates tombent, du 1er au 6 d\u00e9cembre 2025. L\u2019annonce est tomb\u00e9e via un communiqu\u00e9 diffus\u00e9 par la Ligue guin\u00e9enne de slam, tr\u00e8s partag\u00e9 sur ses r\u00e9seaux sociaux. Derri\u00e8re ce glissement de [&hellip;]<\/p>\n","protected":false},"author":2,"featured_media":12532,"comment_status":"closed","ping_status":"closed","sticky":false,"template":"","format":"standard","meta":{"_mi_skip_tracking":false,"_monsterinsights_sitenote_active":false,"_monsterinsights_sitenote_note":"","_monsterinsights_sitenote_category":0,"footnotes":""},"categories":[21,33,2386],"tags":[4099],"class_list":["post-12531","post","type-post","status-publish","format-standard","has-post-thumbnail","hentry","category-actualite","category-agenda","category-slam","tag-guinee-la-coupe-dafrique-de-slam-poesie-glisse-vers-decembre"],"yoast_head":"<!-- This site is optimized with the Yoast SEO Premium plugin v20.1 (Yoast SEO v24.0) - https:\/\/yoast.com\/wordpress\/plugins\/seo\/ -->\n<title>Guin\u00e9e : La Coupe d\u2019Afrique de Slam Po\u00e9sie glisse vers d\u00e9cembre ! - Culturbaine<\/title>\n<meta name=\"robots\" content=\"index, follow, max-snippet:-1, max-image-preview:large, max-video-preview:-1\" \/>\n<link rel=\"canonical\" href=\"https:\/\/culturbaine.com\/index.php\/2025\/08\/06\/guinee-la-coupe-dafrique-de-slam-poesie-glisse-vers-decembre\/\" \/>\n<meta property=\"og:locale\" content=\"fr_FR\" \/>\n<meta property=\"og:type\" content=\"article\" \/>\n<meta property=\"og:title\" content=\"Guin\u00e9e : La Coupe d\u2019Afrique de Slam Po\u00e9sie glisse vers d\u00e9cembre !\" \/>\n<meta property=\"og:description\" content=\"Pr\u00e9vue pour \u00e9lectriser Conakry du 28 septembre au 6 octobre 2025, la Coupe d\u2019Afrique de Slam Po\u00e9sie (CASP) change finalement de cr\u00e9neau. Les nouvelles dates tombent, du 1er au 6 d\u00e9cembre 2025. L\u2019annonce est tomb\u00e9e via un communiqu\u00e9 diffus\u00e9 par la Ligue guin\u00e9enne de slam, tr\u00e8s partag\u00e9 sur ses r\u00e9seaux sociaux. Derri\u00e8re ce glissement de [&hellip;]\" \/>\n<meta property=\"og:url\" content=\"https:\/\/culturbaine.com\/index.php\/2025\/08\/06\/guinee-la-coupe-dafrique-de-slam-poesie-glisse-vers-decembre\/\" \/>\n<meta property=\"og:site_name\" content=\"Culturbaine\" \/>\n<meta property=\"article:publisher\" content=\"https:\/\/www.facebook.com\/Culturbaines\" \/>\n<meta property=\"article:published_time\" content=\"2025-08-06T14:46:02+00:00\" \/>\n<meta property=\"og:image\" content=\"https:\/\/culturbaine.com\/wp-content\/uploads\/2025\/08\/17544843793142.jpg\" \/>\n\t<meta property=\"og:image:width\" content=\"718\" \/>\n\t<meta property=\"og:image:height\" content=\"368\" \/>\n\t<meta property=\"og:image:type\" content=\"image\/jpeg\" \/>\n<meta name=\"author\" content=\"admin1\" \/>\n<meta name=\"twitter:card\" content=\"summary_large_image\" \/>\n<meta name=\"twitter:creator\" content=\"@culturbaines\" \/>\n<meta name=\"twitter:site\" content=\"@culturbaines\" \/>\n<meta name=\"twitter:label1\" content=\"\u00c9crit par\" \/>\n\t<meta name=\"twitter:data1\" content=\"admin1\" \/>\n\t<meta name=\"twitter:label2\" content=\"Dur\u00e9e de lecture estim\u00e9e\" \/>\n\t<meta name=\"twitter:data2\" content=\"1 minute\" \/>\n<script type=\"application\/ld+json\" class=\"yoast-schema-graph\">{\"@context\":\"https:\/\/schema.org\",\"@graph\":[{\"@type\":\"Article\",\"@id\":\"https:\/\/culturbaine.com\/index.php\/2025\/08\/06\/guinee-la-coupe-dafrique-de-slam-poesie-glisse-vers-decembre\/#article\",\"isPartOf\":{\"@id\":\"https:\/\/culturbaine.com\/index.php\/2025\/08\/06\/guinee-la-coupe-dafrique-de-slam-poesie-glisse-vers-decembre\/\"},\"author\":{\"name\":\"admin1\",\"@id\":\"https:\/\/culturbaine.com\/#\/schema\/person\/42eb7485c572e0746c1ea6b8216c3814\"},\"headline\":\"Guin\u00e9e : La Coupe d\u2019Afrique de Slam Po\u00e9sie glisse vers d\u00e9cembre !\",\"datePublished\":\"2025-08-06T14:46:02+00:00\",\"dateModified\":\"2025-08-06T14:46:02+00:00\",\"mainEntityOfPage\":{\"@id\":\"https:\/\/culturbaine.com\/index.php\/2025\/08\/06\/guinee-la-coupe-dafrique-de-slam-poesie-glisse-vers-decembre\/\"},\"wordCount\":173,\"publisher\":{\"@id\":\"https:\/\/culturbaine.com\/#organization\"},\"image\":{\"@id\":\"https:\/\/culturbaine.com\/index.php\/2025\/08\/06\/guinee-la-coupe-dafrique-de-slam-poesie-glisse-vers-decembre\/#primaryimage\"},\"thumbnailUrl\":\"https:\/\/culturbaine.com\/wp-content\/uploads\/2025\/08\/17544843793142.jpg\",\"keywords\":[\"Guin\u00e9e : La Coupe d\u2019Afrique de Slam Po\u00e9sie glisse vers d\u00e9cembre !\"],\"articleSection\":[\"Actualit\u00e9\",\"Agenda\",\"Slam\"],\"inLanguage\":\"fr-FR\"},{\"@type\":\"WebPage\",\"@id\":\"https:\/\/culturbaine.com\/index.php\/2025\/08\/06\/guinee-la-coupe-dafrique-de-slam-poesie-glisse-vers-decembre\/\",\"url\":\"https:\/\/culturbaine.com\/index.php\/2025\/08\/06\/guinee-la-coupe-dafrique-de-slam-poesie-glisse-vers-decembre\/\",\"name\":\"Guin\u00e9e : La Coupe d\u2019Afrique de Slam Po\u00e9sie glisse vers d\u00e9cembre ! - Culturbaine\",\"isPartOf\":{\"@id\":\"https:\/\/culturbaine.com\/#website\"},\"primaryImageOfPage\":{\"@id\":\"https:\/\/culturbaine.com\/index.php\/2025\/08\/06\/guinee-la-coupe-dafrique-de-slam-poesie-glisse-vers-decembre\/#primaryimage\"},\"image\":{\"@id\":\"https:\/\/culturbaine.com\/index.php\/2025\/08\/06\/guinee-la-coupe-dafrique-de-slam-poesie-glisse-vers-decembre\/#primaryimage\"},\"thumbnailUrl\":\"https:\/\/culturbaine.com\/wp-content\/uploads\/2025\/08\/17544843793142.jpg\",\"datePublished\":\"2025-08-06T14:46:02+00:00\",\"dateModified\":\"2025-08-06T14:46:02+00:00\",\"breadcrumb\":{\"@id\":\"https:\/\/culturbaine.com\/index.php\/2025\/08\/06\/guinee-la-coupe-dafrique-de-slam-poesie-glisse-vers-decembre\/#breadcrumb\"},\"inLanguage\":\"fr-FR\",\"potentialAction\":[{\"@type\":\"ReadAction\",\"target\":[\"https:\/\/culturbaine.com\/index.php\/2025\/08\/06\/guinee-la-coupe-dafrique-de-slam-poesie-glisse-vers-decembre\/\"]}]},{\"@type\":\"ImageObject\",\"inLanguage\":\"fr-FR\",\"@id\":\"https:\/\/culturbaine.com\/index.php\/2025\/08\/06\/guinee-la-coupe-dafrique-de-slam-poesie-glisse-vers-decembre\/#primaryimage\",\"url\":\"https:\/\/culturbaine.com\/wp-content\/uploads\/2025\/08\/17544843793142.jpg\",\"contentUrl\":\"https:\/\/culturbaine.com\/wp-content\/uploads\/2025\/08\/17544843793142.jpg\",\"width\":718,\"height\":368},{\"@type\":\"BreadcrumbList\",\"@id\":\"https:\/\/culturbaine.com\/index.php\/2025\/08\/06\/guinee-la-coupe-dafrique-de-slam-poesie-glisse-vers-decembre\/#breadcrumb\",\"itemListElement\":[{\"@type\":\"ListItem\",\"position\":1,\"name\":\"Home\",\"item\":\"https:\/\/culturbaine.com\/\"},{\"@type\":\"ListItem\",\"position\":2,\"name\":\"Guin\u00e9e : La Coupe d\u2019Afrique de Slam Po\u00e9sie glisse vers d\u00e9cembre !\"}]},{\"@type\":\"WebSite\",\"@id\":\"https:\/\/culturbaine.com\/#website\",\"url\":\"https:\/\/culturbaine.com\/\",\"name\":\"Culturbaine.com\",\"description\":\"Toute l&#039;actualit\u00e9 des Cultures Urbaines, en un clic  !\",\"publisher\":{\"@id\":\"https:\/\/culturbaine.com\/#organization\"},\"potentialAction\":[{\"@type\":\"SearchAction\",\"target\":{\"@type\":\"EntryPoint\",\"urlTemplate\":\"https:\/\/culturbaine.com\/?s={search_term_string}\"},\"query-input\":{\"@type\":\"PropertyValueSpecification\",\"valueRequired\":true,\"valueName\":\"search_term_string\"}}],\"inLanguage\":\"fr-FR\"},{\"@type\":\"Organization\",\"@id\":\"https:\/\/culturbaine.com\/#organization\",\"name\":\"Culturbaine.com\",\"url\":\"https:\/\/culturbaine.com\/\",\"logo\":{\"@type\":\"ImageObject\",\"inLanguage\":\"fr-FR\",\"@id\":\"https:\/\/culturbaine.com\/#\/schema\/logo\/image\/\",\"url\":\"https:\/\/culturbaine.com\/wp-content\/uploads\/2023\/07\/WhatsApp-Image-2023-07-17-at-14.38.18.jpeg\",\"contentUrl\":\"https:\/\/culturbaine.com\/wp-content\/uploads\/2023\/07\/WhatsApp-Image-2023-07-17-at-14.38.18.jpeg\",\"width\":855,\"height\":270,\"caption\":\"Culturbaine.com\"},\"image\":{\"@id\":\"https:\/\/culturbaine.com\/#\/schema\/logo\/image\/\"},\"sameAs\":[\"https:\/\/www.facebook.com\/Culturbaines\",\"https:\/\/x.com\/culturbaines\"]},{\"@type\":\"Person\",\"@id\":\"https:\/\/culturbaine.com\/#\/schema\/person\/42eb7485c572e0746c1ea6b8216c3814\",\"name\":\"admin1\",\"image\":{\"@type\":\"ImageObject\",\"inLanguage\":\"fr-FR\",\"@id\":\"https:\/\/culturbaine.com\/#\/schema\/person\/image\/\",\"url\":\"https:\/\/secure.gravatar.com\/avatar\/c268f4d483ce0486e5a10fee87bbf756?s=96&d=mm&r=g\",\"contentUrl\":\"https:\/\/secure.gravatar.com\/avatar\/c268f4d483ce0486e5a10fee87bbf756?s=96&d=mm&r=g\",\"caption\":\"admin1\"},\"url\":\"https:\/\/culturbaine.com\/index.php\/author\/admin1\/\"}]}<\/script>\n<!-- \/ Yoast SEO Premium plugin. -->","yoast_head_json":{"title":"Guin\u00e9e : La Coupe d\u2019Afrique de Slam Po\u00e9sie glisse vers d\u00e9cembre ! - Culturbaine","robots":{"index":"index","follow":"follow","max-snippet":"max-snippet:-1","max-image-preview":"max-image-preview:large","max-video-preview":"max-video-preview:-1"},"canonical":"https:\/\/culturbaine.com\/index.php\/2025\/08\/06\/guinee-la-coupe-dafrique-de-slam-poesie-glisse-vers-decembre\/","og_locale":"fr_FR","og_type":"article","og_title":"Guin\u00e9e : La Coupe d\u2019Afrique de Slam Po\u00e9sie glisse vers d\u00e9cembre !","og_description":"Pr\u00e9vue pour \u00e9lectriser Conakry du 28 septembre au 6 octobre 2025, la Coupe d\u2019Afrique de Slam Po\u00e9sie (CASP) change finalement de cr\u00e9neau. Les nouvelles dates tombent, du 1er au 6 d\u00e9cembre 2025. L\u2019annonce est tomb\u00e9e via un communiqu\u00e9 diffus\u00e9 par la Ligue guin\u00e9enne de slam, tr\u00e8s partag\u00e9 sur ses r\u00e9seaux sociaux. Derri\u00e8re ce glissement de [&hellip;]","og_url":"https:\/\/culturbaine.com\/index.php\/2025\/08\/06\/guinee-la-coupe-dafrique-de-slam-poesie-glisse-vers-decembre\/","og_site_name":"Culturbaine","article_publisher":"https:\/\/www.facebook.com\/Culturbaines","article_published_time":"2025-08-06T14:46:02+00:00","og_image":[{"width":718,"height":368,"url":"https:\/\/culturbaine.com\/wp-content\/uploads\/2025\/08\/17544843793142.jpg","type":"image\/jpeg"}],"author":"admin1","twitter_card":"summary_large_image","twitter_creator":"@culturbaines","twitter_site":"@culturbaines","twitter_misc":{"\u00c9crit par":"admin1","Dur\u00e9e de lecture estim\u00e9e":"1 minute"},"schema":{"@context":"https:\/\/schema.org","@graph":[{"@type":"Article","@id":"https:\/\/culturbaine.com\/index.php\/2025\/08\/06\/guinee-la-coupe-dafrique-de-slam-poesie-glisse-vers-decembre\/#article","isPartOf":{"@id":"https:\/\/culturbaine.com\/index.php\/2025\/08\/06\/guinee-la-coupe-dafrique-de-slam-poesie-glisse-vers-decembre\/"},"author":{"name":"admin1","@id":"https:\/\/culturbaine.com\/#\/schema\/person\/42eb7485c572e0746c1ea6b8216c3814"},"headline":"Guin\u00e9e : La Coupe d\u2019Afrique de Slam Po\u00e9sie glisse vers d\u00e9cembre !","datePublished":"2025-08-06T14:46:02+00:00","dateModified":"2025-08-06T14:46:02+00:00","mainEntityOfPage":{"@id":"https:\/\/culturbaine.com\/index.php\/2025\/08\/06\/guinee-la-coupe-dafrique-de-slam-poesie-glisse-vers-decembre\/"},"wordCount":173,"publisher":{"@id":"https:\/\/culturbaine.com\/#organization"},"image":{"@id":"https:\/\/culturbaine.com\/index.php\/2025\/08\/06\/guinee-la-coupe-dafrique-de-slam-poesie-glisse-vers-decembre\/#primaryimage"},"thumbnailUrl":"https:\/\/culturbaine.com\/wp-content\/uploads\/2025\/08\/17544843793142.jpg","keywords":["Guin\u00e9e : La Coupe d\u2019Afrique de Slam Po\u00e9sie glisse vers d\u00e9cembre !"],"articleSection":["Actualit\u00e9","Agenda","Slam"],"inLanguage":"fr-FR"},{"@type":"WebPage","@id":"https:\/\/culturbaine.com\/index.php\/2025\/08\/06\/guinee-la-coupe-dafrique-de-slam-poesie-glisse-vers-decembre\/","url":"https:\/\/culturbaine.com\/index.php\/2025\/08\/06\/guinee-la-coupe-dafrique-de-slam-poesie-glisse-vers-decembre\/","name":"Guin\u00e9e : La Coupe d\u2019Afrique de Slam Po\u00e9sie glisse vers d\u00e9cembre ! - Culturbaine","isPartOf":{"@id":"https:\/\/culturbaine.com\/#website"},"primaryImageOfPage":{"@id":"https:\/\/culturbaine.com\/index.php\/2025\/08\/06\/guinee-la-coupe-dafrique-de-slam-poesie-glisse-vers-decembre\/#primaryimage"},"image":{"@id":"https:\/\/culturbaine.com\/index.php\/2025\/08\/06\/guinee-la-coupe-dafrique-de-slam-poesie-glisse-vers-decembre\/#primaryimage"},"thumbnailUrl":"https:\/\/culturbaine.com\/wp-content\/uploads\/2025\/08\/17544843793142.jpg","datePublished":"2025-08-06T14:46:02+00:00","dateModified":"2025-08-06T14:46:02+00:00","breadcrumb":{"@id":"https:\/\/culturbaine.com\/index.php\/2025\/08\/06\/guinee-la-coupe-dafrique-de-slam-poesie-glisse-vers-decembre\/#breadcrumb"},"inLanguage":"fr-FR","potentialAction":[{"@type":"ReadAction","target":["https:\/\/culturbaine.com\/index.php\/2025\/08\/06\/guinee-la-coupe-dafrique-de-slam-poesie-glisse-vers-decembre\/"]}]},{"@type":"ImageObject","inLanguage":"fr-FR","@id":"https:\/\/culturbaine.com\/index.php\/2025\/08\/06\/guinee-la-coupe-dafrique-de-slam-poesie-glisse-vers-decembre\/#primaryimage","url":"https:\/\/culturbaine.com\/wp-content\/uploads\/2025\/08\/17544843793142.jpg","contentUrl":"https:\/\/culturbaine.com\/wp-content\/uploads\/2025\/08\/17544843793142.jpg","width":718,"height":368},{"@type":"BreadcrumbList","@id":"https:\/\/culturbaine.com\/index.php\/2025\/08\/06\/guinee-la-coupe-dafrique-de-slam-poesie-glisse-vers-decembre\/#breadcrumb","itemListElement":[{"@type":"ListItem","position":1,"name":"Home","item":"https:\/\/culturbaine.com\/"},{"@type":"ListItem","position":2,"name":"Guin\u00e9e : La Coupe d\u2019Afrique de Slam Po\u00e9sie glisse vers d\u00e9cembre !"}]},{"@type":"WebSite","@id":"https:\/\/culturbaine.com\/#website","url":"https:\/\/culturbaine.com\/","name":"Culturbaine.com","description":"Toute l&#039;actualit\u00e9 des Cultures Urbaines, en un clic  !","publisher":{"@id":"https:\/\/culturbaine.com\/#organization"},"potentialAction":[{"@type":"SearchAction","target":{"@type":"EntryPoint","urlTemplate":"https:\/\/culturbaine.com\/?s={search_term_string}"},"query-input":{"@type":"PropertyValueSpecification","valueRequired":true,"valueName":"search_term_string"}}],"inLanguage":"fr-FR"},{"@type":"Organization","@id":"https:\/\/culturbaine.com\/#organization","name":"Culturbaine.com","url":"https:\/\/culturbaine.com\/","logo":{"@type":"ImageObject","inLanguage":"fr-FR","@id":"https:\/\/culturbaine.com\/#\/schema\/logo\/image\/","url":"https:\/\/culturbaine.com\/wp-content\/uploads\/2023\/07\/WhatsApp-Image-2023-07-17-at-14.38.18.jpeg","contentUrl":"https:\/\/culturbaine.com\/wp-content\/uploads\/2023\/07\/WhatsApp-Image-2023-07-17-at-14.38.18.jpeg","width":855,"height":270,"caption":"Culturbaine.com"},"image":{"@id":"https:\/\/culturbaine.com\/#\/schema\/logo\/image\/"},"sameAs":["https:\/\/www.facebook.com\/Culturbaines","https:\/\/x.com\/culturbaines"]},{"@type":"Person","@id":"https:\/\/culturbaine.com\/#\/schema\/person\/42eb7485c572e0746c1ea6b8216c3814","name":"admin1","image":{"@type":"ImageObject","inLanguage":"fr-FR","@id":"https:\/\/culturbaine.com\/#\/schema\/person\/image\/","url":"https:\/\/secure.gravatar.com\/avatar\/c268f4d483ce0486e5a10fee87bbf756?s=96&d=mm&r=g","contentUrl":"https:\/\/secure.gravatar.com\/avatar\/c268f4d483ce0486e5a10fee87bbf756?s=96&d=mm&r=g","caption":"admin1"},"url":"https:\/\/culturbaine.com\/index.php\/author\/admin1\/"}]}},"_links":{"self":[{"href":"https:\/\/culturbaine.com\/index.php\/wp-json\/wp\/v2\/posts\/12531"}],"collection":[{"href":"https:\/\/culturbaine.com\/index.php\/wp-json\/wp\/v2\/posts"}],"about":[{"href":"https:\/\/culturbaine.com\/index.php\/wp-json\/wp\/v2\/types\/post"}],"author":[{"embeddable":true,"href":"https:\/\/culturbaine.com\/index.php\/wp-json\/wp\/v2\/users\/2"}],"replies":[{"embeddable":true,"href":"https:\/\/culturbaine.com\/index.php\/wp-json\/wp\/v2\/comments?post=12531"}],"version-history":[{"count":0,"href":"https:\/\/culturbaine.com\/index.php\/wp-json\/wp\/v2\/posts\/12531\/revisions"}],"wp:featuredmedia":[{"embeddable":true,"href":"https:\/\/culturbaine.com\/index.php\/wp-json\/wp\/v2\/media\/12532"}],"wp:attachment":[{"href":"https:\/\/culturbaine.com\/index.php\/wp-json\/wp\/v2\/media?parent=12531"}],"wp:term":[{"taxonomy":"category","embeddable":true,"href":"https:\/\/culturbaine.com\/index.php\/wp-json\/wp\/v2\/categories?post=12531"},{"taxonomy":"post_tag","embeddable":true,"href":"https:\/\/culturbaine.com\/index.php\/wp-json\/wp\/v2\/tags?post=12531"}],"curies":[{"name":"wp","href":"https:\/\/api.w.org\/{rel}","templated":true}]}}