{"id":12310,"date":"2025-06-22T02:11:14","date_gmt":"2025-06-22T02:11:14","guid":{"rendered":"https:\/\/culturbaine.com\/?p=12310"},"modified":"2025-06-24T06:14:55","modified_gmt":"2025-06-24T06:14:55","slug":"king-alasko-et-med-c-retournent-gbessia-pour-la-fete-de-la-musique","status":"publish","type":"post","link":"https:\/\/culturbaine.com\/index.php\/2025\/06\/22\/king-alasko-et-med-c-retournent-gbessia-pour-la-fete-de-la-musique\/","title":{"rendered":"King Alasko et Med C retournent Gbessia pour la f\u00eate de la musique"},"content":{"rendered":"<p>La R\u00e9publique de Guin\u00e9e, comme bien d\u2019autres pays, a c\u00e9l\u00e9br\u00e9 ce samedi 21 juin la f\u00eate de la musique. Cette ann\u00e9e, plusieurs lieux ont vibr\u00e9 au rythme des sons, notamment l\u2019esplanade de Plaza Diamond, la mairie de Matam, le CCFG et surtout Gbessia, o\u00f9 une foule impressionnante s\u2019est donn\u00e9e rendez-vous pour communier avec les artistes.<\/p>\n<p>\u00c0 Gbessia, la sc\u00e8ne a vu d\u00e9filer des figures phares comme <strong>King Alasko, Med<\/strong> <strong>C<\/strong> et bien d\u2019autres. Chacun a su captiver le public \u00e0 sa mani\u00e8re, encha\u00eenant les prestations dans une atmosph\u00e8re survolt\u00e9e.<\/p>\n<p>Le ministre de la Culture, du Tourisme et de l\u2019Artisanat, <strong>Moussa Mo\u00efse Sylla,<\/strong> \u00e9tait de la partie, entour\u00e9 de membres de son cabinet ainsi que de plusieurs responsables de son d\u00e9partement. Loin de rester spectateur, il a pleinement profit\u00e9 de l\u2019\u00e9v\u00e9nement et n\u2019a pas manqu\u00e9 de monter sur sc\u00e8ne pour saluer les artistes. Il a d\u2019ailleurs tenu \u00e0 adresser des mots chaleureux \u00e0 <strong>King Alasko<\/strong>, qu\u2019il a pr\u00e9sent\u00e9 comme l\u2019un de ses coups de c\u0153ur musicaux.<\/p>\n<p>La soir\u00e9e s\u2019est d\u00e9roul\u00e9e dans une ambiance conviviale, entre passion pour la musique et fiert\u00e9 de la culture locale.<\/p>\n<p><strong>Mohamed Cinq Sylla\u00a0<\/strong><\/p>\n","protected":false},"excerpt":{"rendered":"<p>La R\u00e9publique de Guin\u00e9e, comme bien d\u2019autres pays, a c\u00e9l\u00e9br\u00e9 ce samedi 21 juin la f\u00eate de la musique. Cette ann\u00e9e, plusieurs lieux ont vibr\u00e9 au rythme des sons, notamment l\u2019esplanade de Plaza Diamond, la mairie de Matam, le CCFG et surtout Gbessia, o\u00f9 une foule impressionnante s\u2019est donn\u00e9e rendez-vous pour communier avec les artistes. [&hellip;]<\/p>\n","protected":false},"author":2,"featured_media":12311,"comment_status":"closed","ping_status":"closed","sticky":false,"template":"","format":"standard","meta":{"_mi_skip_tracking":false,"_monsterinsights_sitenote_active":false,"_monsterinsights_sitenote_note":"","_monsterinsights_sitenote_category":0,"footnotes":""},"categories":[21,2719],"tags":[4046],"class_list":["post-12310","post","type-post","status-publish","format-standard","has-post-thumbnail","hentry","category-actualite","category-dancehall","tag-king-alasko-et-med-c-retournent-gbessia-pour-la-fete-de-la-musique"],"yoast_head":"<!-- This site is optimized with the Yoast SEO Premium plugin v20.1 (Yoast SEO v24.0) - https:\/\/yoast.com\/wordpress\/plugins\/seo\/ -->\n<title>King Alasko et Med C retournent Gbessia pour la f\u00eate de la musique - Culturbaine<\/title>\n<meta name=\"robots\" content=\"index, follow, max-snippet:-1, max-image-preview:large, max-video-preview:-1\" \/>\n<link rel=\"canonical\" href=\"https:\/\/culturbaine.com\/index.php\/2025\/06\/22\/king-alasko-et-med-c-retournent-gbessia-pour-la-fete-de-la-musique\/\" \/>\n<meta property=\"og:locale\" content=\"fr_FR\" \/>\n<meta property=\"og:type\" content=\"article\" \/>\n<meta property=\"og:title\" content=\"King Alasko et Med C retournent Gbessia pour la f\u00eate de la musique\" \/>\n<meta property=\"og:description\" content=\"La R\u00e9publique de Guin\u00e9e, comme bien d\u2019autres pays, a c\u00e9l\u00e9br\u00e9 ce samedi 21 juin la f\u00eate de la musique. Cette ann\u00e9e, plusieurs lieux ont vibr\u00e9 au rythme des sons, notamment l\u2019esplanade de Plaza Diamond, la mairie de Matam, le CCFG et surtout Gbessia, o\u00f9 une foule impressionnante s\u2019est donn\u00e9e rendez-vous pour communier avec les artistes. [&hellip;]\" \/>\n<meta property=\"og:url\" content=\"https:\/\/culturbaine.com\/index.php\/2025\/06\/22\/king-alasko-et-med-c-retournent-gbessia-pour-la-fete-de-la-musique\/\" \/>\n<meta property=\"og:site_name\" content=\"Culturbaine\" \/>\n<meta property=\"article:publisher\" content=\"https:\/\/www.facebook.com\/Culturbaines\" \/>\n<meta property=\"article:published_time\" content=\"2025-06-22T02:11:14+00:00\" \/>\n<meta property=\"article:modified_time\" content=\"2025-06-24T06:14:55+00:00\" \/>\n<meta property=\"og:image\" content=\"https:\/\/culturbaine.com\/wp-content\/uploads\/2025\/06\/PhotoCollage_1750745291258.png\" \/>\n\t<meta property=\"og:image:width\" content=\"1920\" \/>\n\t<meta property=\"og:image:height\" content=\"1080\" \/>\n\t<meta property=\"og:image:type\" content=\"image\/png\" \/>\n<meta name=\"author\" content=\"admin1\" \/>\n<meta name=\"twitter:card\" content=\"summary_large_image\" \/>\n<meta name=\"twitter:creator\" content=\"@culturbaines\" \/>\n<meta name=\"twitter:site\" content=\"@culturbaines\" \/>\n<meta name=\"twitter:label1\" content=\"\u00c9crit par\" \/>\n\t<meta name=\"twitter:data1\" content=\"admin1\" \/>\n\t<meta name=\"twitter:label2\" content=\"Dur\u00e9e de lecture estim\u00e9e\" \/>\n\t<meta name=\"twitter:data2\" content=\"2 minutes\" \/>\n<script type=\"application\/ld+json\" class=\"yoast-schema-graph\">{\"@context\":\"https:\/\/schema.org\",\"@graph\":[{\"@type\":\"Article\",\"@id\":\"https:\/\/culturbaine.com\/index.php\/2025\/06\/22\/king-alasko-et-med-c-retournent-gbessia-pour-la-fete-de-la-musique\/#article\",\"isPartOf\":{\"@id\":\"https:\/\/culturbaine.com\/index.php\/2025\/06\/22\/king-alasko-et-med-c-retournent-gbessia-pour-la-fete-de-la-musique\/\"},\"author\":{\"name\":\"admin1\",\"@id\":\"https:\/\/culturbaine.com\/#\/schema\/person\/42eb7485c572e0746c1ea6b8216c3814\"},\"headline\":\"King Alasko et Med C retournent Gbessia pour la f\u00eate de la musique\",\"datePublished\":\"2025-06-22T02:11:14+00:00\",\"dateModified\":\"2025-06-24T06:14:55+00:00\",\"mainEntityOfPage\":{\"@id\":\"https:\/\/culturbaine.com\/index.php\/2025\/06\/22\/king-alasko-et-med-c-retournent-gbessia-pour-la-fete-de-la-musique\/\"},\"wordCount\":229,\"publisher\":{\"@id\":\"https:\/\/culturbaine.com\/#organization\"},\"image\":{\"@id\":\"https:\/\/culturbaine.com\/index.php\/2025\/06\/22\/king-alasko-et-med-c-retournent-gbessia-pour-la-fete-de-la-musique\/#primaryimage\"},\"thumbnailUrl\":\"https:\/\/culturbaine.com\/wp-content\/uploads\/2025\/06\/PhotoCollage_1750745291258.png\",\"keywords\":[\"King Alasko et Med C retournent Gbessia pour la f\u00eate de la musique\"],\"articleSection\":[\"Actualit\u00e9\",\"Dancehall\"],\"inLanguage\":\"fr-FR\"},{\"@type\":\"WebPage\",\"@id\":\"https:\/\/culturbaine.com\/index.php\/2025\/06\/22\/king-alasko-et-med-c-retournent-gbessia-pour-la-fete-de-la-musique\/\",\"url\":\"https:\/\/culturbaine.com\/index.php\/2025\/06\/22\/king-alasko-et-med-c-retournent-gbessia-pour-la-fete-de-la-musique\/\",\"name\":\"King Alasko et Med C retournent Gbessia pour la f\u00eate de la musique - Culturbaine\",\"isPartOf\":{\"@id\":\"https:\/\/culturbaine.com\/#website\"},\"primaryImageOfPage\":{\"@id\":\"https:\/\/culturbaine.com\/index.php\/2025\/06\/22\/king-alasko-et-med-c-retournent-gbessia-pour-la-fete-de-la-musique\/#primaryimage\"},\"image\":{\"@id\":\"https:\/\/culturbaine.com\/index.php\/2025\/06\/22\/king-alasko-et-med-c-retournent-gbessia-pour-la-fete-de-la-musique\/#primaryimage\"},\"thumbnailUrl\":\"https:\/\/culturbaine.com\/wp-content\/uploads\/2025\/06\/PhotoCollage_1750745291258.png\",\"datePublished\":\"2025-06-22T02:11:14+00:00\",\"dateModified\":\"2025-06-24T06:14:55+00:00\",\"breadcrumb\":{\"@id\":\"https:\/\/culturbaine.com\/index.php\/2025\/06\/22\/king-alasko-et-med-c-retournent-gbessia-pour-la-fete-de-la-musique\/#breadcrumb\"},\"inLanguage\":\"fr-FR\",\"potentialAction\":[{\"@type\":\"ReadAction\",\"target\":[\"https:\/\/culturbaine.com\/index.php\/2025\/06\/22\/king-alasko-et-med-c-retournent-gbessia-pour-la-fete-de-la-musique\/\"]}]},{\"@type\":\"ImageObject\",\"inLanguage\":\"fr-FR\",\"@id\":\"https:\/\/culturbaine.com\/index.php\/2025\/06\/22\/king-alasko-et-med-c-retournent-gbessia-pour-la-fete-de-la-musique\/#primaryimage\",\"url\":\"https:\/\/culturbaine.com\/wp-content\/uploads\/2025\/06\/PhotoCollage_1750745291258.png\",\"contentUrl\":\"https:\/\/culturbaine.com\/wp-content\/uploads\/2025\/06\/PhotoCollage_1750745291258.png\",\"width\":1920,\"height\":1080},{\"@type\":\"BreadcrumbList\",\"@id\":\"https:\/\/culturbaine.com\/index.php\/2025\/06\/22\/king-alasko-et-med-c-retournent-gbessia-pour-la-fete-de-la-musique\/#breadcrumb\",\"itemListElement\":[{\"@type\":\"ListItem\",\"position\":1,\"name\":\"Home\",\"item\":\"https:\/\/culturbaine.com\/\"},{\"@type\":\"ListItem\",\"position\":2,\"name\":\"King Alasko et Med C retournent Gbessia pour la f\u00eate de la musique\"}]},{\"@type\":\"WebSite\",\"@id\":\"https:\/\/culturbaine.com\/#website\",\"url\":\"https:\/\/culturbaine.com\/\",\"name\":\"Culturbaine.com\",\"description\":\"Toute l&#039;actualit\u00e9 des Cultures Urbaines, en un clic  !\",\"publisher\":{\"@id\":\"https:\/\/culturbaine.com\/#organization\"},\"potentialAction\":[{\"@type\":\"SearchAction\",\"target\":{\"@type\":\"EntryPoint\",\"urlTemplate\":\"https:\/\/culturbaine.com\/?s={search_term_string}\"},\"query-input\":{\"@type\":\"PropertyValueSpecification\",\"valueRequired\":true,\"valueName\":\"search_term_string\"}}],\"inLanguage\":\"fr-FR\"},{\"@type\":\"Organization\",\"@id\":\"https:\/\/culturbaine.com\/#organization\",\"name\":\"Culturbaine.com\",\"url\":\"https:\/\/culturbaine.com\/\",\"logo\":{\"@type\":\"ImageObject\",\"inLanguage\":\"fr-FR\",\"@id\":\"https:\/\/culturbaine.com\/#\/schema\/logo\/image\/\",\"url\":\"https:\/\/culturbaine.com\/wp-content\/uploads\/2023\/07\/WhatsApp-Image-2023-07-17-at-14.38.18.jpeg\",\"contentUrl\":\"https:\/\/culturbaine.com\/wp-content\/uploads\/2023\/07\/WhatsApp-Image-2023-07-17-at-14.38.18.jpeg\",\"width\":855,\"height\":270,\"caption\":\"Culturbaine.com\"},\"image\":{\"@id\":\"https:\/\/culturbaine.com\/#\/schema\/logo\/image\/\"},\"sameAs\":[\"https:\/\/www.facebook.com\/Culturbaines\",\"https:\/\/x.com\/culturbaines\"]},{\"@type\":\"Person\",\"@id\":\"https:\/\/culturbaine.com\/#\/schema\/person\/42eb7485c572e0746c1ea6b8216c3814\",\"name\":\"admin1\",\"image\":{\"@type\":\"ImageObject\",\"inLanguage\":\"fr-FR\",\"@id\":\"https:\/\/culturbaine.com\/#\/schema\/person\/image\/\",\"url\":\"https:\/\/secure.gravatar.com\/avatar\/c268f4d483ce0486e5a10fee87bbf756?s=96&d=mm&r=g\",\"contentUrl\":\"https:\/\/secure.gravatar.com\/avatar\/c268f4d483ce0486e5a10fee87bbf756?s=96&d=mm&r=g\",\"caption\":\"admin1\"},\"url\":\"https:\/\/culturbaine.com\/index.php\/author\/admin1\/\"}]}<\/script>\n<!-- \/ Yoast SEO Premium plugin. -->","yoast_head_json":{"title":"King Alasko et Med C retournent Gbessia pour la f\u00eate de la musique - Culturbaine","robots":{"index":"index","follow":"follow","max-snippet":"max-snippet:-1","max-image-preview":"max-image-preview:large","max-video-preview":"max-video-preview:-1"},"canonical":"https:\/\/culturbaine.com\/index.php\/2025\/06\/22\/king-alasko-et-med-c-retournent-gbessia-pour-la-fete-de-la-musique\/","og_locale":"fr_FR","og_type":"article","og_title":"King Alasko et Med C retournent Gbessia pour la f\u00eate de la musique","og_description":"La R\u00e9publique de Guin\u00e9e, comme bien d\u2019autres pays, a c\u00e9l\u00e9br\u00e9 ce samedi 21 juin la f\u00eate de la musique. Cette ann\u00e9e, plusieurs lieux ont vibr\u00e9 au rythme des sons, notamment l\u2019esplanade de Plaza Diamond, la mairie de Matam, le CCFG et surtout Gbessia, o\u00f9 une foule impressionnante s\u2019est donn\u00e9e rendez-vous pour communier avec les artistes. [&hellip;]","og_url":"https:\/\/culturbaine.com\/index.php\/2025\/06\/22\/king-alasko-et-med-c-retournent-gbessia-pour-la-fete-de-la-musique\/","og_site_name":"Culturbaine","article_publisher":"https:\/\/www.facebook.com\/Culturbaines","article_published_time":"2025-06-22T02:11:14+00:00","article_modified_time":"2025-06-24T06:14:55+00:00","og_image":[{"width":1920,"height":1080,"url":"https:\/\/culturbaine.com\/wp-content\/uploads\/2025\/06\/PhotoCollage_1750745291258.png","type":"image\/png"}],"author":"admin1","twitter_card":"summary_large_image","twitter_creator":"@culturbaines","twitter_site":"@culturbaines","twitter_misc":{"\u00c9crit par":"admin1","Dur\u00e9e de lecture estim\u00e9e":"2 minutes"},"schema":{"@context":"https:\/\/schema.org","@graph":[{"@type":"Article","@id":"https:\/\/culturbaine.com\/index.php\/2025\/06\/22\/king-alasko-et-med-c-retournent-gbessia-pour-la-fete-de-la-musique\/#article","isPartOf":{"@id":"https:\/\/culturbaine.com\/index.php\/2025\/06\/22\/king-alasko-et-med-c-retournent-gbessia-pour-la-fete-de-la-musique\/"},"author":{"name":"admin1","@id":"https:\/\/culturbaine.com\/#\/schema\/person\/42eb7485c572e0746c1ea6b8216c3814"},"headline":"King Alasko et Med C retournent Gbessia pour la f\u00eate de la musique","datePublished":"2025-06-22T02:11:14+00:00","dateModified":"2025-06-24T06:14:55+00:00","mainEntityOfPage":{"@id":"https:\/\/culturbaine.com\/index.php\/2025\/06\/22\/king-alasko-et-med-c-retournent-gbessia-pour-la-fete-de-la-musique\/"},"wordCount":229,"publisher":{"@id":"https:\/\/culturbaine.com\/#organization"},"image":{"@id":"https:\/\/culturbaine.com\/index.php\/2025\/06\/22\/king-alasko-et-med-c-retournent-gbessia-pour-la-fete-de-la-musique\/#primaryimage"},"thumbnailUrl":"https:\/\/culturbaine.com\/wp-content\/uploads\/2025\/06\/PhotoCollage_1750745291258.png","keywords":["King Alasko et Med C retournent Gbessia pour la f\u00eate de la musique"],"articleSection":["Actualit\u00e9","Dancehall"],"inLanguage":"fr-FR"},{"@type":"WebPage","@id":"https:\/\/culturbaine.com\/index.php\/2025\/06\/22\/king-alasko-et-med-c-retournent-gbessia-pour-la-fete-de-la-musique\/","url":"https:\/\/culturbaine.com\/index.php\/2025\/06\/22\/king-alasko-et-med-c-retournent-gbessia-pour-la-fete-de-la-musique\/","name":"King Alasko et Med C retournent Gbessia pour la f\u00eate de la musique - Culturbaine","isPartOf":{"@id":"https:\/\/culturbaine.com\/#website"},"primaryImageOfPage":{"@id":"https:\/\/culturbaine.com\/index.php\/2025\/06\/22\/king-alasko-et-med-c-retournent-gbessia-pour-la-fete-de-la-musique\/#primaryimage"},"image":{"@id":"https:\/\/culturbaine.com\/index.php\/2025\/06\/22\/king-alasko-et-med-c-retournent-gbessia-pour-la-fete-de-la-musique\/#primaryimage"},"thumbnailUrl":"https:\/\/culturbaine.com\/wp-content\/uploads\/2025\/06\/PhotoCollage_1750745291258.png","datePublished":"2025-06-22T02:11:14+00:00","dateModified":"2025-06-24T06:14:55+00:00","breadcrumb":{"@id":"https:\/\/culturbaine.com\/index.php\/2025\/06\/22\/king-alasko-et-med-c-retournent-gbessia-pour-la-fete-de-la-musique\/#breadcrumb"},"inLanguage":"fr-FR","potentialAction":[{"@type":"ReadAction","target":["https:\/\/culturbaine.com\/index.php\/2025\/06\/22\/king-alasko-et-med-c-retournent-gbessia-pour-la-fete-de-la-musique\/"]}]},{"@type":"ImageObject","inLanguage":"fr-FR","@id":"https:\/\/culturbaine.com\/index.php\/2025\/06\/22\/king-alasko-et-med-c-retournent-gbessia-pour-la-fete-de-la-musique\/#primaryimage","url":"https:\/\/culturbaine.com\/wp-content\/uploads\/2025\/06\/PhotoCollage_1750745291258.png","contentUrl":"https:\/\/culturbaine.com\/wp-content\/uploads\/2025\/06\/PhotoCollage_1750745291258.png","width":1920,"height":1080},{"@type":"BreadcrumbList","@id":"https:\/\/culturbaine.com\/index.php\/2025\/06\/22\/king-alasko-et-med-c-retournent-gbessia-pour-la-fete-de-la-musique\/#breadcrumb","itemListElement":[{"@type":"ListItem","position":1,"name":"Home","item":"https:\/\/culturbaine.com\/"},{"@type":"ListItem","position":2,"name":"King Alasko et Med C retournent Gbessia pour la f\u00eate de la musique"}]},{"@type":"WebSite","@id":"https:\/\/culturbaine.com\/#website","url":"https:\/\/culturbaine.com\/","name":"Culturbaine.com","description":"Toute l&#039;actualit\u00e9 des Cultures Urbaines, en un clic  !","publisher":{"@id":"https:\/\/culturbaine.com\/#organization"},"potentialAction":[{"@type":"SearchAction","target":{"@type":"EntryPoint","urlTemplate":"https:\/\/culturbaine.com\/?s={search_term_string}"},"query-input":{"@type":"PropertyValueSpecification","valueRequired":true,"valueName":"search_term_string"}}],"inLanguage":"fr-FR"},{"@type":"Organization","@id":"https:\/\/culturbaine.com\/#organization","name":"Culturbaine.com","url":"https:\/\/culturbaine.com\/","logo":{"@type":"ImageObject","inLanguage":"fr-FR","@id":"https:\/\/culturbaine.com\/#\/schema\/logo\/image\/","url":"https:\/\/culturbaine.com\/wp-content\/uploads\/2023\/07\/WhatsApp-Image-2023-07-17-at-14.38.18.jpeg","contentUrl":"https:\/\/culturbaine.com\/wp-content\/uploads\/2023\/07\/WhatsApp-Image-2023-07-17-at-14.38.18.jpeg","width":855,"height":270,"caption":"Culturbaine.com"},"image":{"@id":"https:\/\/culturbaine.com\/#\/schema\/logo\/image\/"},"sameAs":["https:\/\/www.facebook.com\/Culturbaines","https:\/\/x.com\/culturbaines"]},{"@type":"Person","@id":"https:\/\/culturbaine.com\/#\/schema\/person\/42eb7485c572e0746c1ea6b8216c3814","name":"admin1","image":{"@type":"ImageObject","inLanguage":"fr-FR","@id":"https:\/\/culturbaine.com\/#\/schema\/person\/image\/","url":"https:\/\/secure.gravatar.com\/avatar\/c268f4d483ce0486e5a10fee87bbf756?s=96&d=mm&r=g","contentUrl":"https:\/\/secure.gravatar.com\/avatar\/c268f4d483ce0486e5a10fee87bbf756?s=96&d=mm&r=g","caption":"admin1"},"url":"https:\/\/culturbaine.com\/index.php\/author\/admin1\/"}]}},"_links":{"self":[{"href":"https:\/\/culturbaine.com\/index.php\/wp-json\/wp\/v2\/posts\/12310"}],"collection":[{"href":"https:\/\/culturbaine.com\/index.php\/wp-json\/wp\/v2\/posts"}],"about":[{"href":"https:\/\/culturbaine.com\/index.php\/wp-json\/wp\/v2\/types\/post"}],"author":[{"embeddable":true,"href":"https:\/\/culturbaine.com\/index.php\/wp-json\/wp\/v2\/users\/2"}],"replies":[{"embeddable":true,"href":"https:\/\/culturbaine.com\/index.php\/wp-json\/wp\/v2\/comments?post=12310"}],"version-history":[{"count":0,"href":"https:\/\/culturbaine.com\/index.php\/wp-json\/wp\/v2\/posts\/12310\/revisions"}],"wp:featuredmedia":[{"embeddable":true,"href":"https:\/\/culturbaine.com\/index.php\/wp-json\/wp\/v2\/media\/12311"}],"wp:attachment":[{"href":"https:\/\/culturbaine.com\/index.php\/wp-json\/wp\/v2\/media?parent=12310"}],"wp:term":[{"taxonomy":"category","embeddable":true,"href":"https:\/\/culturbaine.com\/index.php\/wp-json\/wp\/v2\/categories?post=12310"},{"taxonomy":"post_tag","embeddable":true,"href":"https:\/\/culturbaine.com\/index.php\/wp-json\/wp\/v2\/tags?post=12310"}],"curies":[{"name":"wp","href":"https:\/\/api.w.org\/{rel}","templated":true}]}}