{"id":12251,"date":"2025-06-17T10:07:48","date_gmt":"2025-06-17T10:07:48","guid":{"rendered":"https:\/\/culturbaine.com\/?p=12251"},"modified":"2025-06-17T10:07:48","modified_gmt":"2025-06-17T10:07:48","slug":"festival-fi-nafa-namoudjimen-a-berlin-bademba-barry-slameur-de-lombre-attendu-sur-scene","status":"publish","type":"post","link":"https:\/\/culturbaine.com\/index.php\/2025\/06\/17\/festival-fi-nafa-namoudjimen-a-berlin-bademba-barry-slameur-de-lombre-attendu-sur-scene\/","title":{"rendered":"Festival \u201cFi Nafa Namoudjimen\u201d \u00e0 Berlin : Bademba Barry (Slameur de L&rsquo;ombre ) attendu sur sc\u00e8ne"},"content":{"rendered":"<p>Du 25 au 27 juillet prochain, Berlin va accueillir le festival \u201c<strong>Fi Nafa Namoudjimen\u201d.<\/strong> L\u2019\u00e9v\u00e9nement, pilot\u00e9 par la structure <strong>Long B.Yali Kulturverein 224,<\/strong> accueillera parmi ses invit\u00e9s une figure de proue du slam guin\u00e9en, <strong>Bademba Barry,<\/strong> plus connu sous le nom de <strong>Slameur de L\u2019Ombre.<\/strong><\/p>\n<p>Journaliste et \u00e9crivain, il est l\u2019une des voix fondatrices du slam en Guin\u00e9e. Son engagement pour une parole libre et po\u00e9tique a r\u00e9sonn\u00e9 bien au-del\u00e0 des fronti\u00e8res. C\u2019est lui-m\u00eame qui a confirm\u00e9 sa participation via ses r\u00e9seaux sociaux.<\/p>\n<p><img loading=\"lazy\" decoding=\"async\" class=\"aligncenter size-full wp-image-12252\" src=\"https:\/\/culturbaine.com\/wp-content\/uploads\/2025\/06\/1750099386511.jpg\" alt=\"\" width=\"720\" height=\"720\" srcset=\"https:\/\/culturbaine.com\/wp-content\/uploads\/2025\/06\/1750099386511.jpg 720w, https:\/\/culturbaine.com\/wp-content\/uploads\/2025\/06\/1750099386511-300x300.jpg 300w, https:\/\/culturbaine.com\/wp-content\/uploads\/2025\/06\/1750099386511-150x150.jpg 150w\" sizes=\"(max-width: 720px) 100vw, 720px\" \/><\/p>\n<p>Pour celles et ceux qui vivent \u00e0 Berlin ou de passage, le rendez-vous est donn\u00e9. Le slam, la culture et la parole libre seront au centre de la sc\u00e8ne.<\/p>\n<p><strong>Mohamed Cinq Sylla<\/strong><\/p>\n","protected":false},"excerpt":{"rendered":"<p>Du 25 au 27 juillet prochain, Berlin va accueillir le festival \u201cFi Nafa Namoudjimen\u201d. L\u2019\u00e9v\u00e9nement, pilot\u00e9 par la structure Long B.Yali Kulturverein 224, accueillera parmi ses invit\u00e9s une figure de proue du slam guin\u00e9en, Bademba Barry, plus connu sous le nom de Slameur de L\u2019Ombre. Journaliste et \u00e9crivain, il est l\u2019une des voix fondatrices du [&hellip;]<\/p>\n","protected":false},"author":2,"featured_media":12253,"comment_status":"closed","ping_status":"closed","sticky":false,"template":"","format":"standard","meta":{"_mi_skip_tracking":false,"_monsterinsights_sitenote_active":false,"_monsterinsights_sitenote_note":"","_monsterinsights_sitenote_category":0,"footnotes":""},"categories":[21,33,2386],"tags":[4029,4028],"class_list":["post-12251","post","type-post","status-publish","format-standard","has-post-thumbnail","hentry","category-actualite","category-agenda","category-slam","tag-festival-fi-nafa-namoudjimen-a-berlin-bademba-barry-slameur-de-lombre-attendu-sur-scene","tag-festival-fi-nafa-namoudjimen-a-berlin-slameur-de-lombre-attendu-sur-scene"],"yoast_head":"<!-- This site is optimized with the Yoast SEO Premium plugin v20.1 (Yoast SEO v24.0) - https:\/\/yoast.com\/wordpress\/plugins\/seo\/ -->\n<title>Festival \u201cFi Nafa Namoudjimen\u201d \u00e0 Berlin : Bademba Barry (Slameur de L&#039;ombre ) attendu sur sc\u00e8ne - Culturbaine<\/title>\n<meta name=\"robots\" content=\"index, follow, max-snippet:-1, max-image-preview:large, max-video-preview:-1\" \/>\n<link rel=\"canonical\" href=\"https:\/\/culturbaine.com\/index.php\/2025\/06\/17\/festival-fi-nafa-namoudjimen-a-berlin-bademba-barry-slameur-de-lombre-attendu-sur-scene\/\" \/>\n<meta property=\"og:locale\" content=\"fr_FR\" \/>\n<meta property=\"og:type\" content=\"article\" \/>\n<meta property=\"og:title\" content=\"Festival \u201cFi Nafa Namoudjimen\u201d \u00e0 Berlin : Bademba Barry (Slameur de L&#039;ombre ) attendu sur sc\u00e8ne\" \/>\n<meta property=\"og:description\" content=\"Du 25 au 27 juillet prochain, Berlin va accueillir le festival \u201cFi Nafa Namoudjimen\u201d. L\u2019\u00e9v\u00e9nement, pilot\u00e9 par la structure Long B.Yali Kulturverein 224, accueillera parmi ses invit\u00e9s une figure de proue du slam guin\u00e9en, Bademba Barry, plus connu sous le nom de Slameur de L\u2019Ombre. Journaliste et \u00e9crivain, il est l\u2019une des voix fondatrices du [&hellip;]\" \/>\n<meta property=\"og:url\" content=\"https:\/\/culturbaine.com\/index.php\/2025\/06\/17\/festival-fi-nafa-namoudjimen-a-berlin-bademba-barry-slameur-de-lombre-attendu-sur-scene\/\" \/>\n<meta property=\"og:site_name\" content=\"Culturbaine\" \/>\n<meta property=\"article:publisher\" content=\"https:\/\/www.facebook.com\/Culturbaines\" \/>\n<meta property=\"article:published_time\" content=\"2025-06-17T10:07:48+00:00\" \/>\n<meta property=\"og:image\" content=\"https:\/\/culturbaine.com\/wp-content\/uploads\/2025\/06\/IMG_20250617_071405.jpg\" \/>\n\t<meta property=\"og:image:width\" content=\"720\" \/>\n\t<meta property=\"og:image:height\" content=\"506\" \/>\n\t<meta property=\"og:image:type\" content=\"image\/jpeg\" \/>\n<meta name=\"author\" content=\"admin1\" \/>\n<meta name=\"twitter:card\" content=\"summary_large_image\" \/>\n<meta name=\"twitter:creator\" content=\"@culturbaines\" \/>\n<meta name=\"twitter:site\" content=\"@culturbaines\" \/>\n<meta name=\"twitter:label1\" content=\"\u00c9crit par\" \/>\n\t<meta name=\"twitter:data1\" content=\"admin1\" \/>\n\t<meta name=\"twitter:label2\" content=\"Dur\u00e9e de lecture estim\u00e9e\" \/>\n\t<meta name=\"twitter:data2\" content=\"1 minute\" \/>\n<script type=\"application\/ld+json\" class=\"yoast-schema-graph\">{\"@context\":\"https:\/\/schema.org\",\"@graph\":[{\"@type\":\"Article\",\"@id\":\"https:\/\/culturbaine.com\/index.php\/2025\/06\/17\/festival-fi-nafa-namoudjimen-a-berlin-bademba-barry-slameur-de-lombre-attendu-sur-scene\/#article\",\"isPartOf\":{\"@id\":\"https:\/\/culturbaine.com\/index.php\/2025\/06\/17\/festival-fi-nafa-namoudjimen-a-berlin-bademba-barry-slameur-de-lombre-attendu-sur-scene\/\"},\"author\":{\"name\":\"admin1\",\"@id\":\"https:\/\/culturbaine.com\/#\/schema\/person\/42eb7485c572e0746c1ea6b8216c3814\"},\"headline\":\"Festival \u201cFi Nafa Namoudjimen\u201d \u00e0 Berlin : Bademba Barry (Slameur de L&rsquo;ombre ) attendu sur sc\u00e8ne\",\"datePublished\":\"2025-06-17T10:07:48+00:00\",\"dateModified\":\"2025-06-17T10:07:48+00:00\",\"mainEntityOfPage\":{\"@id\":\"https:\/\/culturbaine.com\/index.php\/2025\/06\/17\/festival-fi-nafa-namoudjimen-a-berlin-bademba-barry-slameur-de-lombre-attendu-sur-scene\/\"},\"wordCount\":141,\"publisher\":{\"@id\":\"https:\/\/culturbaine.com\/#organization\"},\"image\":{\"@id\":\"https:\/\/culturbaine.com\/index.php\/2025\/06\/17\/festival-fi-nafa-namoudjimen-a-berlin-bademba-barry-slameur-de-lombre-attendu-sur-scene\/#primaryimage\"},\"thumbnailUrl\":\"https:\/\/culturbaine.com\/wp-content\/uploads\/2025\/06\/IMG_20250617_071405.jpg\",\"keywords\":[\"Festival \u201cFi Nafa Namoudjimen\u201d \u00e0 Berlin : Bademba Barry (Slameur de L'ombre ) attendu sur sc\u00e8ne\",\"Festival \u201cFi Nafa Namoudjimen\u201d \u00e0 Berlin : Slameur de L'Ombre attendu sur sc\u00e8ne\"],\"articleSection\":[\"Actualit\u00e9\",\"Agenda\",\"Slam\"],\"inLanguage\":\"fr-FR\"},{\"@type\":\"WebPage\",\"@id\":\"https:\/\/culturbaine.com\/index.php\/2025\/06\/17\/festival-fi-nafa-namoudjimen-a-berlin-bademba-barry-slameur-de-lombre-attendu-sur-scene\/\",\"url\":\"https:\/\/culturbaine.com\/index.php\/2025\/06\/17\/festival-fi-nafa-namoudjimen-a-berlin-bademba-barry-slameur-de-lombre-attendu-sur-scene\/\",\"name\":\"Festival \u201cFi Nafa Namoudjimen\u201d \u00e0 Berlin : Bademba Barry (Slameur de L'ombre ) attendu sur sc\u00e8ne - Culturbaine\",\"isPartOf\":{\"@id\":\"https:\/\/culturbaine.com\/#website\"},\"primaryImageOfPage\":{\"@id\":\"https:\/\/culturbaine.com\/index.php\/2025\/06\/17\/festival-fi-nafa-namoudjimen-a-berlin-bademba-barry-slameur-de-lombre-attendu-sur-scene\/#primaryimage\"},\"image\":{\"@id\":\"https:\/\/culturbaine.com\/index.php\/2025\/06\/17\/festival-fi-nafa-namoudjimen-a-berlin-bademba-barry-slameur-de-lombre-attendu-sur-scene\/#primaryimage\"},\"thumbnailUrl\":\"https:\/\/culturbaine.com\/wp-content\/uploads\/2025\/06\/IMG_20250617_071405.jpg\",\"datePublished\":\"2025-06-17T10:07:48+00:00\",\"dateModified\":\"2025-06-17T10:07:48+00:00\",\"breadcrumb\":{\"@id\":\"https:\/\/culturbaine.com\/index.php\/2025\/06\/17\/festival-fi-nafa-namoudjimen-a-berlin-bademba-barry-slameur-de-lombre-attendu-sur-scene\/#breadcrumb\"},\"inLanguage\":\"fr-FR\",\"potentialAction\":[{\"@type\":\"ReadAction\",\"target\":[\"https:\/\/culturbaine.com\/index.php\/2025\/06\/17\/festival-fi-nafa-namoudjimen-a-berlin-bademba-barry-slameur-de-lombre-attendu-sur-scene\/\"]}]},{\"@type\":\"ImageObject\",\"inLanguage\":\"fr-FR\",\"@id\":\"https:\/\/culturbaine.com\/index.php\/2025\/06\/17\/festival-fi-nafa-namoudjimen-a-berlin-bademba-barry-slameur-de-lombre-attendu-sur-scene\/#primaryimage\",\"url\":\"https:\/\/culturbaine.com\/wp-content\/uploads\/2025\/06\/IMG_20250617_071405.jpg\",\"contentUrl\":\"https:\/\/culturbaine.com\/wp-content\/uploads\/2025\/06\/IMG_20250617_071405.jpg\",\"width\":720,\"height\":506},{\"@type\":\"BreadcrumbList\",\"@id\":\"https:\/\/culturbaine.com\/index.php\/2025\/06\/17\/festival-fi-nafa-namoudjimen-a-berlin-bademba-barry-slameur-de-lombre-attendu-sur-scene\/#breadcrumb\",\"itemListElement\":[{\"@type\":\"ListItem\",\"position\":1,\"name\":\"Home\",\"item\":\"https:\/\/culturbaine.com\/\"},{\"@type\":\"ListItem\",\"position\":2,\"name\":\"Festival \u201cFi Nafa Namoudjimen\u201d \u00e0 Berlin : Bademba Barry (Slameur de L&rsquo;ombre ) attendu sur sc\u00e8ne\"}]},{\"@type\":\"WebSite\",\"@id\":\"https:\/\/culturbaine.com\/#website\",\"url\":\"https:\/\/culturbaine.com\/\",\"name\":\"Culturbaine.com\",\"description\":\"Toute l&#039;actualit\u00e9 des Cultures Urbaines, en un clic  !\",\"publisher\":{\"@id\":\"https:\/\/culturbaine.com\/#organization\"},\"potentialAction\":[{\"@type\":\"SearchAction\",\"target\":{\"@type\":\"EntryPoint\",\"urlTemplate\":\"https:\/\/culturbaine.com\/?s={search_term_string}\"},\"query-input\":{\"@type\":\"PropertyValueSpecification\",\"valueRequired\":true,\"valueName\":\"search_term_string\"}}],\"inLanguage\":\"fr-FR\"},{\"@type\":\"Organization\",\"@id\":\"https:\/\/culturbaine.com\/#organization\",\"name\":\"Culturbaine.com\",\"url\":\"https:\/\/culturbaine.com\/\",\"logo\":{\"@type\":\"ImageObject\",\"inLanguage\":\"fr-FR\",\"@id\":\"https:\/\/culturbaine.com\/#\/schema\/logo\/image\/\",\"url\":\"https:\/\/culturbaine.com\/wp-content\/uploads\/2023\/07\/WhatsApp-Image-2023-07-17-at-14.38.18.jpeg\",\"contentUrl\":\"https:\/\/culturbaine.com\/wp-content\/uploads\/2023\/07\/WhatsApp-Image-2023-07-17-at-14.38.18.jpeg\",\"width\":855,\"height\":270,\"caption\":\"Culturbaine.com\"},\"image\":{\"@id\":\"https:\/\/culturbaine.com\/#\/schema\/logo\/image\/\"},\"sameAs\":[\"https:\/\/www.facebook.com\/Culturbaines\",\"https:\/\/x.com\/culturbaines\"]},{\"@type\":\"Person\",\"@id\":\"https:\/\/culturbaine.com\/#\/schema\/person\/42eb7485c572e0746c1ea6b8216c3814\",\"name\":\"admin1\",\"image\":{\"@type\":\"ImageObject\",\"inLanguage\":\"fr-FR\",\"@id\":\"https:\/\/culturbaine.com\/#\/schema\/person\/image\/\",\"url\":\"https:\/\/secure.gravatar.com\/avatar\/c268f4d483ce0486e5a10fee87bbf756?s=96&d=mm&r=g\",\"contentUrl\":\"https:\/\/secure.gravatar.com\/avatar\/c268f4d483ce0486e5a10fee87bbf756?s=96&d=mm&r=g\",\"caption\":\"admin1\"},\"url\":\"https:\/\/culturbaine.com\/index.php\/author\/admin1\/\"}]}<\/script>\n<!-- \/ Yoast SEO Premium plugin. -->","yoast_head_json":{"title":"Festival \u201cFi Nafa Namoudjimen\u201d \u00e0 Berlin : Bademba Barry (Slameur de L'ombre ) attendu sur sc\u00e8ne - Culturbaine","robots":{"index":"index","follow":"follow","max-snippet":"max-snippet:-1","max-image-preview":"max-image-preview:large","max-video-preview":"max-video-preview:-1"},"canonical":"https:\/\/culturbaine.com\/index.php\/2025\/06\/17\/festival-fi-nafa-namoudjimen-a-berlin-bademba-barry-slameur-de-lombre-attendu-sur-scene\/","og_locale":"fr_FR","og_type":"article","og_title":"Festival \u201cFi Nafa Namoudjimen\u201d \u00e0 Berlin : Bademba Barry (Slameur de L'ombre ) attendu sur sc\u00e8ne","og_description":"Du 25 au 27 juillet prochain, Berlin va accueillir le festival \u201cFi Nafa Namoudjimen\u201d. L\u2019\u00e9v\u00e9nement, pilot\u00e9 par la structure Long B.Yali Kulturverein 224, accueillera parmi ses invit\u00e9s une figure de proue du slam guin\u00e9en, Bademba Barry, plus connu sous le nom de Slameur de L\u2019Ombre. Journaliste et \u00e9crivain, il est l\u2019une des voix fondatrices du [&hellip;]","og_url":"https:\/\/culturbaine.com\/index.php\/2025\/06\/17\/festival-fi-nafa-namoudjimen-a-berlin-bademba-barry-slameur-de-lombre-attendu-sur-scene\/","og_site_name":"Culturbaine","article_publisher":"https:\/\/www.facebook.com\/Culturbaines","article_published_time":"2025-06-17T10:07:48+00:00","og_image":[{"width":720,"height":506,"url":"https:\/\/culturbaine.com\/wp-content\/uploads\/2025\/06\/IMG_20250617_071405.jpg","type":"image\/jpeg"}],"author":"admin1","twitter_card":"summary_large_image","twitter_creator":"@culturbaines","twitter_site":"@culturbaines","twitter_misc":{"\u00c9crit par":"admin1","Dur\u00e9e de lecture estim\u00e9e":"1 minute"},"schema":{"@context":"https:\/\/schema.org","@graph":[{"@type":"Article","@id":"https:\/\/culturbaine.com\/index.php\/2025\/06\/17\/festival-fi-nafa-namoudjimen-a-berlin-bademba-barry-slameur-de-lombre-attendu-sur-scene\/#article","isPartOf":{"@id":"https:\/\/culturbaine.com\/index.php\/2025\/06\/17\/festival-fi-nafa-namoudjimen-a-berlin-bademba-barry-slameur-de-lombre-attendu-sur-scene\/"},"author":{"name":"admin1","@id":"https:\/\/culturbaine.com\/#\/schema\/person\/42eb7485c572e0746c1ea6b8216c3814"},"headline":"Festival \u201cFi Nafa Namoudjimen\u201d \u00e0 Berlin : Bademba Barry (Slameur de L&rsquo;ombre ) attendu sur sc\u00e8ne","datePublished":"2025-06-17T10:07:48+00:00","dateModified":"2025-06-17T10:07:48+00:00","mainEntityOfPage":{"@id":"https:\/\/culturbaine.com\/index.php\/2025\/06\/17\/festival-fi-nafa-namoudjimen-a-berlin-bademba-barry-slameur-de-lombre-attendu-sur-scene\/"},"wordCount":141,"publisher":{"@id":"https:\/\/culturbaine.com\/#organization"},"image":{"@id":"https:\/\/culturbaine.com\/index.php\/2025\/06\/17\/festival-fi-nafa-namoudjimen-a-berlin-bademba-barry-slameur-de-lombre-attendu-sur-scene\/#primaryimage"},"thumbnailUrl":"https:\/\/culturbaine.com\/wp-content\/uploads\/2025\/06\/IMG_20250617_071405.jpg","keywords":["Festival \u201cFi Nafa Namoudjimen\u201d \u00e0 Berlin : Bademba Barry (Slameur de L'ombre ) attendu sur sc\u00e8ne","Festival \u201cFi Nafa Namoudjimen\u201d \u00e0 Berlin : Slameur de L'Ombre attendu sur sc\u00e8ne"],"articleSection":["Actualit\u00e9","Agenda","Slam"],"inLanguage":"fr-FR"},{"@type":"WebPage","@id":"https:\/\/culturbaine.com\/index.php\/2025\/06\/17\/festival-fi-nafa-namoudjimen-a-berlin-bademba-barry-slameur-de-lombre-attendu-sur-scene\/","url":"https:\/\/culturbaine.com\/index.php\/2025\/06\/17\/festival-fi-nafa-namoudjimen-a-berlin-bademba-barry-slameur-de-lombre-attendu-sur-scene\/","name":"Festival \u201cFi Nafa Namoudjimen\u201d \u00e0 Berlin : Bademba Barry (Slameur de L'ombre ) attendu sur sc\u00e8ne - Culturbaine","isPartOf":{"@id":"https:\/\/culturbaine.com\/#website"},"primaryImageOfPage":{"@id":"https:\/\/culturbaine.com\/index.php\/2025\/06\/17\/festival-fi-nafa-namoudjimen-a-berlin-bademba-barry-slameur-de-lombre-attendu-sur-scene\/#primaryimage"},"image":{"@id":"https:\/\/culturbaine.com\/index.php\/2025\/06\/17\/festival-fi-nafa-namoudjimen-a-berlin-bademba-barry-slameur-de-lombre-attendu-sur-scene\/#primaryimage"},"thumbnailUrl":"https:\/\/culturbaine.com\/wp-content\/uploads\/2025\/06\/IMG_20250617_071405.jpg","datePublished":"2025-06-17T10:07:48+00:00","dateModified":"2025-06-17T10:07:48+00:00","breadcrumb":{"@id":"https:\/\/culturbaine.com\/index.php\/2025\/06\/17\/festival-fi-nafa-namoudjimen-a-berlin-bademba-barry-slameur-de-lombre-attendu-sur-scene\/#breadcrumb"},"inLanguage":"fr-FR","potentialAction":[{"@type":"ReadAction","target":["https:\/\/culturbaine.com\/index.php\/2025\/06\/17\/festival-fi-nafa-namoudjimen-a-berlin-bademba-barry-slameur-de-lombre-attendu-sur-scene\/"]}]},{"@type":"ImageObject","inLanguage":"fr-FR","@id":"https:\/\/culturbaine.com\/index.php\/2025\/06\/17\/festival-fi-nafa-namoudjimen-a-berlin-bademba-barry-slameur-de-lombre-attendu-sur-scene\/#primaryimage","url":"https:\/\/culturbaine.com\/wp-content\/uploads\/2025\/06\/IMG_20250617_071405.jpg","contentUrl":"https:\/\/culturbaine.com\/wp-content\/uploads\/2025\/06\/IMG_20250617_071405.jpg","width":720,"height":506},{"@type":"BreadcrumbList","@id":"https:\/\/culturbaine.com\/index.php\/2025\/06\/17\/festival-fi-nafa-namoudjimen-a-berlin-bademba-barry-slameur-de-lombre-attendu-sur-scene\/#breadcrumb","itemListElement":[{"@type":"ListItem","position":1,"name":"Home","item":"https:\/\/culturbaine.com\/"},{"@type":"ListItem","position":2,"name":"Festival \u201cFi Nafa Namoudjimen\u201d \u00e0 Berlin : Bademba Barry (Slameur de L&rsquo;ombre ) attendu sur sc\u00e8ne"}]},{"@type":"WebSite","@id":"https:\/\/culturbaine.com\/#website","url":"https:\/\/culturbaine.com\/","name":"Culturbaine.com","description":"Toute l&#039;actualit\u00e9 des Cultures Urbaines, en un clic  !","publisher":{"@id":"https:\/\/culturbaine.com\/#organization"},"potentialAction":[{"@type":"SearchAction","target":{"@type":"EntryPoint","urlTemplate":"https:\/\/culturbaine.com\/?s={search_term_string}"},"query-input":{"@type":"PropertyValueSpecification","valueRequired":true,"valueName":"search_term_string"}}],"inLanguage":"fr-FR"},{"@type":"Organization","@id":"https:\/\/culturbaine.com\/#organization","name":"Culturbaine.com","url":"https:\/\/culturbaine.com\/","logo":{"@type":"ImageObject","inLanguage":"fr-FR","@id":"https:\/\/culturbaine.com\/#\/schema\/logo\/image\/","url":"https:\/\/culturbaine.com\/wp-content\/uploads\/2023\/07\/WhatsApp-Image-2023-07-17-at-14.38.18.jpeg","contentUrl":"https:\/\/culturbaine.com\/wp-content\/uploads\/2023\/07\/WhatsApp-Image-2023-07-17-at-14.38.18.jpeg","width":855,"height":270,"caption":"Culturbaine.com"},"image":{"@id":"https:\/\/culturbaine.com\/#\/schema\/logo\/image\/"},"sameAs":["https:\/\/www.facebook.com\/Culturbaines","https:\/\/x.com\/culturbaines"]},{"@type":"Person","@id":"https:\/\/culturbaine.com\/#\/schema\/person\/42eb7485c572e0746c1ea6b8216c3814","name":"admin1","image":{"@type":"ImageObject","inLanguage":"fr-FR","@id":"https:\/\/culturbaine.com\/#\/schema\/person\/image\/","url":"https:\/\/secure.gravatar.com\/avatar\/c268f4d483ce0486e5a10fee87bbf756?s=96&d=mm&r=g","contentUrl":"https:\/\/secure.gravatar.com\/avatar\/c268f4d483ce0486e5a10fee87bbf756?s=96&d=mm&r=g","caption":"admin1"},"url":"https:\/\/culturbaine.com\/index.php\/author\/admin1\/"}]}},"_links":{"self":[{"href":"https:\/\/culturbaine.com\/index.php\/wp-json\/wp\/v2\/posts\/12251"}],"collection":[{"href":"https:\/\/culturbaine.com\/index.php\/wp-json\/wp\/v2\/posts"}],"about":[{"href":"https:\/\/culturbaine.com\/index.php\/wp-json\/wp\/v2\/types\/post"}],"author":[{"embeddable":true,"href":"https:\/\/culturbaine.com\/index.php\/wp-json\/wp\/v2\/users\/2"}],"replies":[{"embeddable":true,"href":"https:\/\/culturbaine.com\/index.php\/wp-json\/wp\/v2\/comments?post=12251"}],"version-history":[{"count":0,"href":"https:\/\/culturbaine.com\/index.php\/wp-json\/wp\/v2\/posts\/12251\/revisions"}],"wp:featuredmedia":[{"embeddable":true,"href":"https:\/\/culturbaine.com\/index.php\/wp-json\/wp\/v2\/media\/12253"}],"wp:attachment":[{"href":"https:\/\/culturbaine.com\/index.php\/wp-json\/wp\/v2\/media?parent=12251"}],"wp:term":[{"taxonomy":"category","embeddable":true,"href":"https:\/\/culturbaine.com\/index.php\/wp-json\/wp\/v2\/categories?post=12251"},{"taxonomy":"post_tag","embeddable":true,"href":"https:\/\/culturbaine.com\/index.php\/wp-json\/wp\/v2\/tags?post=12251"}],"curies":[{"name":"wp","href":"https:\/\/api.w.org\/{rel}","templated":true}]}}