{"id":12216,"date":"2025-06-13T11:21:51","date_gmt":"2025-06-13T11:21:51","guid":{"rendered":"https:\/\/culturbaine.com\/?p=12216"},"modified":"2025-06-13T11:21:51","modified_gmt":"2025-06-13T11:21:51","slug":"finale-regionale-de-dakar-slam-2025-qui-prendra-la-couronne","status":"publish","type":"post","link":"https:\/\/culturbaine.com\/index.php\/2025\/06\/13\/finale-regionale-de-dakar-slam-2025-qui-prendra-la-couronne\/","title":{"rendered":"Finale R\u00e9gionale de Dakar Slam 2025 : Qui prendra la couronne ?"},"content":{"rendered":"<p>Apr\u00e8s des qualifications riches en \u00e9motions, place \u00e0 l&rsquo;ultime face-\u00e0-face. Le 22 juin, \u00e0 17h, le Complexe Culturel L\u00e9opold S\u00e9dar Senghor de Pikine accueillera la grande <strong>finale r\u00e9gionale de Dakar Slam<\/strong>, sous l\u2019impulsion de la Ligue S\u00e9n\u00e9galaise de Slam.<\/p>\n<p>Cinq finalistes, cinq styles, cinq voix qui ont marqu\u00e9 les pr\u00e9liminaires : <strong>JKM, Dieynaba Ly, Celes\u2019art, Art\u2019O\u2019Base<\/strong> et <strong>El<\/strong> <strong>Samba<\/strong>. Ils se retrouvent pour un dernier tour de sc\u00e8ne, entre verbe aff\u00fbt\u00e9, souffle po\u00e9tique et engagement.<\/p>\n<p><img loading=\"lazy\" decoding=\"async\" class=\"aligncenter size-full wp-image-12217\" src=\"https:\/\/culturbaine.com\/wp-content\/uploads\/2025\/06\/1749810098882.jpg\" alt=\"\" width=\"720\" height=\"720\" srcset=\"https:\/\/culturbaine.com\/wp-content\/uploads\/2025\/06\/1749810098882.jpg 720w, https:\/\/culturbaine.com\/wp-content\/uploads\/2025\/06\/1749810098882-300x300.jpg 300w, https:\/\/culturbaine.com\/wp-content\/uploads\/2025\/06\/1749810098882-150x150.jpg 150w\" sizes=\"(max-width: 720px) 100vw, 720px\" \/><\/p>\n<p>Qui sortira vainqueur et repr\u00e9sentera la r\u00e9gion de Dakar pour la saison 2025 ? Verdict dans quelques jours. Que le meilleur flow l\u2019emporte.<\/p>\n<p><strong>Mohamed Cinq Sylla<\/strong><\/p>\n","protected":false},"excerpt":{"rendered":"<p>Apr\u00e8s des qualifications riches en \u00e9motions, place \u00e0 l&rsquo;ultime face-\u00e0-face. Le 22 juin, \u00e0 17h, le Complexe Culturel L\u00e9opold S\u00e9dar Senghor de Pikine accueillera la grande finale r\u00e9gionale de Dakar Slam, sous l\u2019impulsion de la Ligue S\u00e9n\u00e9galaise de Slam. Cinq finalistes, cinq styles, cinq voix qui ont marqu\u00e9 les pr\u00e9liminaires : JKM, Dieynaba Ly, Celes\u2019art, [&hellip;]<\/p>\n","protected":false},"author":2,"featured_media":12218,"comment_status":"closed","ping_status":"closed","sticky":false,"template":"","format":"standard","meta":{"_mi_skip_tracking":false,"_monsterinsights_sitenote_active":false,"_monsterinsights_sitenote_note":"","_monsterinsights_sitenote_category":0,"footnotes":""},"categories":[21,33,2386],"tags":[4019],"class_list":["post-12216","post","type-post","status-publish","format-standard","has-post-thumbnail","hentry","category-actualite","category-agenda","category-slam","tag-finale-regionale-de-dakar-slam-2025-qui-prendra-la-couronne"],"yoast_head":"<!-- This site is optimized with the Yoast SEO Premium plugin v20.1 (Yoast SEO v24.0) - https:\/\/yoast.com\/wordpress\/plugins\/seo\/ -->\n<title>Finale R\u00e9gionale de Dakar Slam 2025 : Qui prendra la couronne ? - Culturbaine<\/title>\n<meta name=\"robots\" content=\"index, follow, max-snippet:-1, max-image-preview:large, max-video-preview:-1\" \/>\n<link rel=\"canonical\" href=\"https:\/\/culturbaine.com\/index.php\/2025\/06\/13\/finale-regionale-de-dakar-slam-2025-qui-prendra-la-couronne\/\" \/>\n<meta property=\"og:locale\" content=\"fr_FR\" \/>\n<meta property=\"og:type\" content=\"article\" \/>\n<meta property=\"og:title\" content=\"Finale R\u00e9gionale de Dakar Slam 2025 : Qui prendra la couronne ?\" \/>\n<meta property=\"og:description\" content=\"Apr\u00e8s des qualifications riches en \u00e9motions, place \u00e0 l&rsquo;ultime face-\u00e0-face. Le 22 juin, \u00e0 17h, le Complexe Culturel L\u00e9opold S\u00e9dar Senghor de Pikine accueillera la grande finale r\u00e9gionale de Dakar Slam, sous l\u2019impulsion de la Ligue S\u00e9n\u00e9galaise de Slam. Cinq finalistes, cinq styles, cinq voix qui ont marqu\u00e9 les pr\u00e9liminaires : JKM, Dieynaba Ly, Celes\u2019art, [&hellip;]\" \/>\n<meta property=\"og:url\" content=\"https:\/\/culturbaine.com\/index.php\/2025\/06\/13\/finale-regionale-de-dakar-slam-2025-qui-prendra-la-couronne\/\" \/>\n<meta property=\"og:site_name\" content=\"Culturbaine\" \/>\n<meta property=\"article:publisher\" content=\"https:\/\/www.facebook.com\/Culturbaines\" \/>\n<meta property=\"article:published_time\" content=\"2025-06-13T11:21:51+00:00\" \/>\n<meta property=\"og:image\" content=\"https:\/\/culturbaine.com\/wp-content\/uploads\/2025\/06\/IMG_20250613_111707.png\" \/>\n\t<meta property=\"og:image:width\" content=\"720\" \/>\n\t<meta property=\"og:image:height\" content=\"405\" \/>\n\t<meta property=\"og:image:type\" content=\"image\/png\" \/>\n<meta name=\"author\" content=\"admin1\" \/>\n<meta name=\"twitter:card\" content=\"summary_large_image\" \/>\n<meta name=\"twitter:creator\" content=\"@culturbaines\" \/>\n<meta name=\"twitter:site\" content=\"@culturbaines\" \/>\n<meta name=\"twitter:label1\" content=\"\u00c9crit par\" \/>\n\t<meta name=\"twitter:data1\" content=\"admin1\" \/>\n\t<meta name=\"twitter:label2\" content=\"Dur\u00e9e de lecture estim\u00e9e\" \/>\n\t<meta name=\"twitter:data2\" content=\"1 minute\" \/>\n<script type=\"application\/ld+json\" class=\"yoast-schema-graph\">{\"@context\":\"https:\/\/schema.org\",\"@graph\":[{\"@type\":\"Article\",\"@id\":\"https:\/\/culturbaine.com\/index.php\/2025\/06\/13\/finale-regionale-de-dakar-slam-2025-qui-prendra-la-couronne\/#article\",\"isPartOf\":{\"@id\":\"https:\/\/culturbaine.com\/index.php\/2025\/06\/13\/finale-regionale-de-dakar-slam-2025-qui-prendra-la-couronne\/\"},\"author\":{\"name\":\"admin1\",\"@id\":\"https:\/\/culturbaine.com\/#\/schema\/person\/42eb7485c572e0746c1ea6b8216c3814\"},\"headline\":\"Finale R\u00e9gionale de Dakar Slam 2025 : Qui prendra la couronne ?\",\"datePublished\":\"2025-06-13T11:21:51+00:00\",\"dateModified\":\"2025-06-13T11:21:51+00:00\",\"mainEntityOfPage\":{\"@id\":\"https:\/\/culturbaine.com\/index.php\/2025\/06\/13\/finale-regionale-de-dakar-slam-2025-qui-prendra-la-couronne\/\"},\"wordCount\":124,\"publisher\":{\"@id\":\"https:\/\/culturbaine.com\/#organization\"},\"image\":{\"@id\":\"https:\/\/culturbaine.com\/index.php\/2025\/06\/13\/finale-regionale-de-dakar-slam-2025-qui-prendra-la-couronne\/#primaryimage\"},\"thumbnailUrl\":\"https:\/\/culturbaine.com\/wp-content\/uploads\/2025\/06\/IMG_20250613_111707.png\",\"keywords\":[\"Finale R\u00e9gionale de Dakar Slam 2025 : Qui prendra la couronne ?\"],\"articleSection\":[\"Actualit\u00e9\",\"Agenda\",\"Slam\"],\"inLanguage\":\"fr-FR\"},{\"@type\":\"WebPage\",\"@id\":\"https:\/\/culturbaine.com\/index.php\/2025\/06\/13\/finale-regionale-de-dakar-slam-2025-qui-prendra-la-couronne\/\",\"url\":\"https:\/\/culturbaine.com\/index.php\/2025\/06\/13\/finale-regionale-de-dakar-slam-2025-qui-prendra-la-couronne\/\",\"name\":\"Finale R\u00e9gionale de Dakar Slam 2025 : Qui prendra la couronne ? - Culturbaine\",\"isPartOf\":{\"@id\":\"https:\/\/culturbaine.com\/#website\"},\"primaryImageOfPage\":{\"@id\":\"https:\/\/culturbaine.com\/index.php\/2025\/06\/13\/finale-regionale-de-dakar-slam-2025-qui-prendra-la-couronne\/#primaryimage\"},\"image\":{\"@id\":\"https:\/\/culturbaine.com\/index.php\/2025\/06\/13\/finale-regionale-de-dakar-slam-2025-qui-prendra-la-couronne\/#primaryimage\"},\"thumbnailUrl\":\"https:\/\/culturbaine.com\/wp-content\/uploads\/2025\/06\/IMG_20250613_111707.png\",\"datePublished\":\"2025-06-13T11:21:51+00:00\",\"dateModified\":\"2025-06-13T11:21:51+00:00\",\"breadcrumb\":{\"@id\":\"https:\/\/culturbaine.com\/index.php\/2025\/06\/13\/finale-regionale-de-dakar-slam-2025-qui-prendra-la-couronne\/#breadcrumb\"},\"inLanguage\":\"fr-FR\",\"potentialAction\":[{\"@type\":\"ReadAction\",\"target\":[\"https:\/\/culturbaine.com\/index.php\/2025\/06\/13\/finale-regionale-de-dakar-slam-2025-qui-prendra-la-couronne\/\"]}]},{\"@type\":\"ImageObject\",\"inLanguage\":\"fr-FR\",\"@id\":\"https:\/\/culturbaine.com\/index.php\/2025\/06\/13\/finale-regionale-de-dakar-slam-2025-qui-prendra-la-couronne\/#primaryimage\",\"url\":\"https:\/\/culturbaine.com\/wp-content\/uploads\/2025\/06\/IMG_20250613_111707.png\",\"contentUrl\":\"https:\/\/culturbaine.com\/wp-content\/uploads\/2025\/06\/IMG_20250613_111707.png\",\"width\":720,\"height\":405},{\"@type\":\"BreadcrumbList\",\"@id\":\"https:\/\/culturbaine.com\/index.php\/2025\/06\/13\/finale-regionale-de-dakar-slam-2025-qui-prendra-la-couronne\/#breadcrumb\",\"itemListElement\":[{\"@type\":\"ListItem\",\"position\":1,\"name\":\"Home\",\"item\":\"https:\/\/culturbaine.com\/\"},{\"@type\":\"ListItem\",\"position\":2,\"name\":\"Finale R\u00e9gionale de Dakar Slam 2025 : Qui prendra la couronne ?\"}]},{\"@type\":\"WebSite\",\"@id\":\"https:\/\/culturbaine.com\/#website\",\"url\":\"https:\/\/culturbaine.com\/\",\"name\":\"Culturbaine.com\",\"description\":\"Toute l&#039;actualit\u00e9 des Cultures Urbaines, en un clic  !\",\"publisher\":{\"@id\":\"https:\/\/culturbaine.com\/#organization\"},\"potentialAction\":[{\"@type\":\"SearchAction\",\"target\":{\"@type\":\"EntryPoint\",\"urlTemplate\":\"https:\/\/culturbaine.com\/?s={search_term_string}\"},\"query-input\":{\"@type\":\"PropertyValueSpecification\",\"valueRequired\":true,\"valueName\":\"search_term_string\"}}],\"inLanguage\":\"fr-FR\"},{\"@type\":\"Organization\",\"@id\":\"https:\/\/culturbaine.com\/#organization\",\"name\":\"Culturbaine.com\",\"url\":\"https:\/\/culturbaine.com\/\",\"logo\":{\"@type\":\"ImageObject\",\"inLanguage\":\"fr-FR\",\"@id\":\"https:\/\/culturbaine.com\/#\/schema\/logo\/image\/\",\"url\":\"https:\/\/culturbaine.com\/wp-content\/uploads\/2023\/07\/WhatsApp-Image-2023-07-17-at-14.38.18.jpeg\",\"contentUrl\":\"https:\/\/culturbaine.com\/wp-content\/uploads\/2023\/07\/WhatsApp-Image-2023-07-17-at-14.38.18.jpeg\",\"width\":855,\"height\":270,\"caption\":\"Culturbaine.com\"},\"image\":{\"@id\":\"https:\/\/culturbaine.com\/#\/schema\/logo\/image\/\"},\"sameAs\":[\"https:\/\/www.facebook.com\/Culturbaines\",\"https:\/\/x.com\/culturbaines\"]},{\"@type\":\"Person\",\"@id\":\"https:\/\/culturbaine.com\/#\/schema\/person\/42eb7485c572e0746c1ea6b8216c3814\",\"name\":\"admin1\",\"image\":{\"@type\":\"ImageObject\",\"inLanguage\":\"fr-FR\",\"@id\":\"https:\/\/culturbaine.com\/#\/schema\/person\/image\/\",\"url\":\"https:\/\/secure.gravatar.com\/avatar\/c268f4d483ce0486e5a10fee87bbf756?s=96&d=mm&r=g\",\"contentUrl\":\"https:\/\/secure.gravatar.com\/avatar\/c268f4d483ce0486e5a10fee87bbf756?s=96&d=mm&r=g\",\"caption\":\"admin1\"},\"url\":\"https:\/\/culturbaine.com\/index.php\/author\/admin1\/\"}]}<\/script>\n<!-- \/ Yoast SEO Premium plugin. -->","yoast_head_json":{"title":"Finale R\u00e9gionale de Dakar Slam 2025 : Qui prendra la couronne ? - Culturbaine","robots":{"index":"index","follow":"follow","max-snippet":"max-snippet:-1","max-image-preview":"max-image-preview:large","max-video-preview":"max-video-preview:-1"},"canonical":"https:\/\/culturbaine.com\/index.php\/2025\/06\/13\/finale-regionale-de-dakar-slam-2025-qui-prendra-la-couronne\/","og_locale":"fr_FR","og_type":"article","og_title":"Finale R\u00e9gionale de Dakar Slam 2025 : Qui prendra la couronne ?","og_description":"Apr\u00e8s des qualifications riches en \u00e9motions, place \u00e0 l&rsquo;ultime face-\u00e0-face. Le 22 juin, \u00e0 17h, le Complexe Culturel L\u00e9opold S\u00e9dar Senghor de Pikine accueillera la grande finale r\u00e9gionale de Dakar Slam, sous l\u2019impulsion de la Ligue S\u00e9n\u00e9galaise de Slam. Cinq finalistes, cinq styles, cinq voix qui ont marqu\u00e9 les pr\u00e9liminaires : JKM, Dieynaba Ly, Celes\u2019art, [&hellip;]","og_url":"https:\/\/culturbaine.com\/index.php\/2025\/06\/13\/finale-regionale-de-dakar-slam-2025-qui-prendra-la-couronne\/","og_site_name":"Culturbaine","article_publisher":"https:\/\/www.facebook.com\/Culturbaines","article_published_time":"2025-06-13T11:21:51+00:00","og_image":[{"width":720,"height":405,"url":"https:\/\/culturbaine.com\/wp-content\/uploads\/2025\/06\/IMG_20250613_111707.png","type":"image\/png"}],"author":"admin1","twitter_card":"summary_large_image","twitter_creator":"@culturbaines","twitter_site":"@culturbaines","twitter_misc":{"\u00c9crit par":"admin1","Dur\u00e9e de lecture estim\u00e9e":"1 minute"},"schema":{"@context":"https:\/\/schema.org","@graph":[{"@type":"Article","@id":"https:\/\/culturbaine.com\/index.php\/2025\/06\/13\/finale-regionale-de-dakar-slam-2025-qui-prendra-la-couronne\/#article","isPartOf":{"@id":"https:\/\/culturbaine.com\/index.php\/2025\/06\/13\/finale-regionale-de-dakar-slam-2025-qui-prendra-la-couronne\/"},"author":{"name":"admin1","@id":"https:\/\/culturbaine.com\/#\/schema\/person\/42eb7485c572e0746c1ea6b8216c3814"},"headline":"Finale R\u00e9gionale de Dakar Slam 2025 : Qui prendra la couronne ?","datePublished":"2025-06-13T11:21:51+00:00","dateModified":"2025-06-13T11:21:51+00:00","mainEntityOfPage":{"@id":"https:\/\/culturbaine.com\/index.php\/2025\/06\/13\/finale-regionale-de-dakar-slam-2025-qui-prendra-la-couronne\/"},"wordCount":124,"publisher":{"@id":"https:\/\/culturbaine.com\/#organization"},"image":{"@id":"https:\/\/culturbaine.com\/index.php\/2025\/06\/13\/finale-regionale-de-dakar-slam-2025-qui-prendra-la-couronne\/#primaryimage"},"thumbnailUrl":"https:\/\/culturbaine.com\/wp-content\/uploads\/2025\/06\/IMG_20250613_111707.png","keywords":["Finale R\u00e9gionale de Dakar Slam 2025 : Qui prendra la couronne ?"],"articleSection":["Actualit\u00e9","Agenda","Slam"],"inLanguage":"fr-FR"},{"@type":"WebPage","@id":"https:\/\/culturbaine.com\/index.php\/2025\/06\/13\/finale-regionale-de-dakar-slam-2025-qui-prendra-la-couronne\/","url":"https:\/\/culturbaine.com\/index.php\/2025\/06\/13\/finale-regionale-de-dakar-slam-2025-qui-prendra-la-couronne\/","name":"Finale R\u00e9gionale de Dakar Slam 2025 : Qui prendra la couronne ? - Culturbaine","isPartOf":{"@id":"https:\/\/culturbaine.com\/#website"},"primaryImageOfPage":{"@id":"https:\/\/culturbaine.com\/index.php\/2025\/06\/13\/finale-regionale-de-dakar-slam-2025-qui-prendra-la-couronne\/#primaryimage"},"image":{"@id":"https:\/\/culturbaine.com\/index.php\/2025\/06\/13\/finale-regionale-de-dakar-slam-2025-qui-prendra-la-couronne\/#primaryimage"},"thumbnailUrl":"https:\/\/culturbaine.com\/wp-content\/uploads\/2025\/06\/IMG_20250613_111707.png","datePublished":"2025-06-13T11:21:51+00:00","dateModified":"2025-06-13T11:21:51+00:00","breadcrumb":{"@id":"https:\/\/culturbaine.com\/index.php\/2025\/06\/13\/finale-regionale-de-dakar-slam-2025-qui-prendra-la-couronne\/#breadcrumb"},"inLanguage":"fr-FR","potentialAction":[{"@type":"ReadAction","target":["https:\/\/culturbaine.com\/index.php\/2025\/06\/13\/finale-regionale-de-dakar-slam-2025-qui-prendra-la-couronne\/"]}]},{"@type":"ImageObject","inLanguage":"fr-FR","@id":"https:\/\/culturbaine.com\/index.php\/2025\/06\/13\/finale-regionale-de-dakar-slam-2025-qui-prendra-la-couronne\/#primaryimage","url":"https:\/\/culturbaine.com\/wp-content\/uploads\/2025\/06\/IMG_20250613_111707.png","contentUrl":"https:\/\/culturbaine.com\/wp-content\/uploads\/2025\/06\/IMG_20250613_111707.png","width":720,"height":405},{"@type":"BreadcrumbList","@id":"https:\/\/culturbaine.com\/index.php\/2025\/06\/13\/finale-regionale-de-dakar-slam-2025-qui-prendra-la-couronne\/#breadcrumb","itemListElement":[{"@type":"ListItem","position":1,"name":"Home","item":"https:\/\/culturbaine.com\/"},{"@type":"ListItem","position":2,"name":"Finale R\u00e9gionale de Dakar Slam 2025 : Qui prendra la couronne ?"}]},{"@type":"WebSite","@id":"https:\/\/culturbaine.com\/#website","url":"https:\/\/culturbaine.com\/","name":"Culturbaine.com","description":"Toute l&#039;actualit\u00e9 des Cultures Urbaines, en un clic  !","publisher":{"@id":"https:\/\/culturbaine.com\/#organization"},"potentialAction":[{"@type":"SearchAction","target":{"@type":"EntryPoint","urlTemplate":"https:\/\/culturbaine.com\/?s={search_term_string}"},"query-input":{"@type":"PropertyValueSpecification","valueRequired":true,"valueName":"search_term_string"}}],"inLanguage":"fr-FR"},{"@type":"Organization","@id":"https:\/\/culturbaine.com\/#organization","name":"Culturbaine.com","url":"https:\/\/culturbaine.com\/","logo":{"@type":"ImageObject","inLanguage":"fr-FR","@id":"https:\/\/culturbaine.com\/#\/schema\/logo\/image\/","url":"https:\/\/culturbaine.com\/wp-content\/uploads\/2023\/07\/WhatsApp-Image-2023-07-17-at-14.38.18.jpeg","contentUrl":"https:\/\/culturbaine.com\/wp-content\/uploads\/2023\/07\/WhatsApp-Image-2023-07-17-at-14.38.18.jpeg","width":855,"height":270,"caption":"Culturbaine.com"},"image":{"@id":"https:\/\/culturbaine.com\/#\/schema\/logo\/image\/"},"sameAs":["https:\/\/www.facebook.com\/Culturbaines","https:\/\/x.com\/culturbaines"]},{"@type":"Person","@id":"https:\/\/culturbaine.com\/#\/schema\/person\/42eb7485c572e0746c1ea6b8216c3814","name":"admin1","image":{"@type":"ImageObject","inLanguage":"fr-FR","@id":"https:\/\/culturbaine.com\/#\/schema\/person\/image\/","url":"https:\/\/secure.gravatar.com\/avatar\/c268f4d483ce0486e5a10fee87bbf756?s=96&d=mm&r=g","contentUrl":"https:\/\/secure.gravatar.com\/avatar\/c268f4d483ce0486e5a10fee87bbf756?s=96&d=mm&r=g","caption":"admin1"},"url":"https:\/\/culturbaine.com\/index.php\/author\/admin1\/"}]}},"_links":{"self":[{"href":"https:\/\/culturbaine.com\/index.php\/wp-json\/wp\/v2\/posts\/12216"}],"collection":[{"href":"https:\/\/culturbaine.com\/index.php\/wp-json\/wp\/v2\/posts"}],"about":[{"href":"https:\/\/culturbaine.com\/index.php\/wp-json\/wp\/v2\/types\/post"}],"author":[{"embeddable":true,"href":"https:\/\/culturbaine.com\/index.php\/wp-json\/wp\/v2\/users\/2"}],"replies":[{"embeddable":true,"href":"https:\/\/culturbaine.com\/index.php\/wp-json\/wp\/v2\/comments?post=12216"}],"version-history":[{"count":0,"href":"https:\/\/culturbaine.com\/index.php\/wp-json\/wp\/v2\/posts\/12216\/revisions"}],"wp:featuredmedia":[{"embeddable":true,"href":"https:\/\/culturbaine.com\/index.php\/wp-json\/wp\/v2\/media\/12218"}],"wp:attachment":[{"href":"https:\/\/culturbaine.com\/index.php\/wp-json\/wp\/v2\/media?parent=12216"}],"wp:term":[{"taxonomy":"category","embeddable":true,"href":"https:\/\/culturbaine.com\/index.php\/wp-json\/wp\/v2\/categories?post=12216"},{"taxonomy":"post_tag","embeddable":true,"href":"https:\/\/culturbaine.com\/index.php\/wp-json\/wp\/v2\/tags?post=12216"}],"curies":[{"name":"wp","href":"https:\/\/api.w.org\/{rel}","templated":true}]}}