{"id":12213,"date":"2025-06-12T14:14:41","date_gmt":"2025-06-12T14:14:41","guid":{"rendered":"https:\/\/culturbaine.com\/?p=12213"},"modified":"2025-06-12T14:14:41","modified_gmt":"2025-06-12T14:14:41","slug":"natural-mobd-revient-fort-avec-un-nouvel-ep-baptise-nrj-dispo-le-21-juin","status":"publish","type":"post","link":"https:\/\/culturbaine.com\/index.php\/2025\/06\/12\/natural-mobd-revient-fort-avec-un-nouvel-ep-baptise-nrj-dispo-le-21-juin\/","title":{"rendered":"Natural Mob\u2019D revient fort avec un nouvel EP baptis\u00e9 \u00ab\u00a0NRJ\u00a0\u00bb, dispo le 21 juin"},"content":{"rendered":"<p>Comme chaque 21 juin, le monde vibrera au rythme de la F\u00eate de la Musique. En Guin\u00e9e, cette date sera marqu\u00e9e par le retour tr\u00e8s attendu de <strong>Natural MOB\u2019D<\/strong>, figure bien connue de la sc\u00e8ne urbaine. L\u2019artiste a annonc\u00e9 depuis plusieurs semaines, via ses r\u00e9seaux, la sortie de son tout nouvel EP baptis\u00e9 \u00ab\u00a0<strong>NRJ<\/strong>\u00ab\u00a0.<\/p>\n<p>Ce projet compte huit morceaux et embarque plusieurs collaborations notables <strong>: One Time<\/strong> sur le titre <strong>Atofan<\/strong>, <strong>Singleton<\/strong> sur <strong>Dancehal<\/strong>, et <strong>Fadjidih<\/strong> sur <strong>N\u2019f\u00e9nd\u00e9 Louma F\u00e9nd\u00e9 Namma<\/strong>.<\/p>\n<p><strong>Natural Mob\u2019D<\/strong> y explore plusieurs univers : l\u2019amour, la pers\u00e9v\u00e9rance, la confiance en soi.\u00a0 Des th\u00e8mes qui lui tiennent \u00e0 c\u0153ur et qu\u2019il aborde avec sinc\u00e9rit\u00e9 et \u00e9nergie.<\/p>\n<p>C\u00f4t\u00e9 r\u00e9alisation, le projet a b\u00e9n\u00e9fici\u00e9 du savoir-faire de plusieurs arrangeurs et ing\u00e9nieurs son : <strong>Fopi, Kra de Lazia, Cam\u2019s M\u00e9lodie, Douramsky, Keich<\/strong> et <strong>Madiou<\/strong> ont tous apport\u00e9 leur touche pour affiner le rendu final.<\/p>\n<p>Originaire de Koulaboui, dans la r\u00e9gion de Bok\u00e9, <strong>Natural Mob\u2019D<\/strong> baigne dans la musique depuis l\u2019enfance. Il fait ses premiers pas en 2003 au sein d\u2019un groupe avant de se lancer en solo. Depuis, il encha\u00eene les singles et se forge un nom dans le paysage musical guin\u00e9en.<\/p>\n<p>Le 21 juin prochain, il revient en force avec ce nouveau projet qui marque une \u00e9tape importante dans sa carri\u00e8re. D&rsquo;ici-l\u00e0, quelques extraits dudit projet sont disponibles sur sa cha\u00eene Youtube.<\/p>\n<p><iframe loading=\"lazy\" title=\"ATOFAN NATURAL MOB&#039;D X ONE TIME\" width=\"1170\" height=\"658\" src=\"https:\/\/www.youtube.com\/embed\/eyrpHSwkcxE?wmode=transparent&amp;rel=0&amp;feature=oembed\" frameborder=\"0\" allow=\"accelerometer; autoplay; clipboard-write; encrypted-media; gyroscope; picture-in-picture; web-share\" referrerpolicy=\"strict-origin-when-cross-origin\" allowfullscreen><\/iframe><\/p>\n<p><iframe loading=\"lazy\" title=\"NRJ_NATURAL MOB&#039;D (MAGMA REAL NRJZER)\" width=\"1170\" height=\"658\" src=\"https:\/\/www.youtube.com\/embed\/4BvQtzlsIX4?wmode=transparent&amp;rel=0&amp;feature=oembed\" frameborder=\"0\" allow=\"accelerometer; autoplay; clipboard-write; encrypted-media; gyroscope; picture-in-picture; web-share\" referrerpolicy=\"strict-origin-when-cross-origin\" allowfullscreen><\/iframe><\/p>\n<p><strong>Mohamed Cinq Sylla<\/strong><\/p>\n","protected":false},"excerpt":{"rendered":"<p>Comme chaque 21 juin, le monde vibrera au rythme de la F\u00eate de la Musique. En Guin\u00e9e, cette date sera marqu\u00e9e par le retour tr\u00e8s attendu de Natural MOB\u2019D, figure bien connue de la sc\u00e8ne urbaine. L\u2019artiste a annonc\u00e9 depuis plusieurs semaines, via ses r\u00e9seaux, la sortie de son tout nouvel EP baptis\u00e9 \u00ab\u00a0NRJ\u00ab\u00a0. Ce [&hellip;]<\/p>\n","protected":false},"author":2,"featured_media":12214,"comment_status":"closed","ping_status":"closed","sticky":false,"template":"","format":"standard","meta":{"_mi_skip_tracking":false,"_monsterinsights_sitenote_active":false,"_monsterinsights_sitenote_note":"","_monsterinsights_sitenote_category":0,"footnotes":""},"categories":[21,2719,3070],"tags":[4018],"class_list":["post-12213","post","type-post","status-publish","format-standard","has-post-thumbnail","hentry","category-actualite","category-dancehall","category-sortie-dalbum","tag-natural-mobd-revient-fort-avec-un-nouvel-ep-baptise-nrj-dispo-le-21-juin"],"yoast_head":"<!-- This site is optimized with the Yoast SEO Premium plugin v20.1 (Yoast SEO v24.0) - https:\/\/yoast.com\/wordpress\/plugins\/seo\/ -->\n<title>Natural Mob\u2019D revient fort avec un nouvel EP baptis\u00e9 &quot;NRJ&quot;, dispo le 21 juin - Culturbaine<\/title>\n<meta name=\"robots\" content=\"index, follow, max-snippet:-1, max-image-preview:large, max-video-preview:-1\" \/>\n<link rel=\"canonical\" href=\"https:\/\/culturbaine.com\/index.php\/2025\/06\/12\/natural-mobd-revient-fort-avec-un-nouvel-ep-baptise-nrj-dispo-le-21-juin\/\" \/>\n<meta property=\"og:locale\" content=\"fr_FR\" \/>\n<meta property=\"og:type\" content=\"article\" \/>\n<meta property=\"og:title\" content=\"Natural Mob\u2019D revient fort avec un nouvel EP baptis\u00e9 &quot;NRJ&quot;, dispo le 21 juin\" \/>\n<meta property=\"og:description\" content=\"Comme chaque 21 juin, le monde vibrera au rythme de la F\u00eate de la Musique. En Guin\u00e9e, cette date sera marqu\u00e9e par le retour tr\u00e8s attendu de Natural MOB\u2019D, figure bien connue de la sc\u00e8ne urbaine. L\u2019artiste a annonc\u00e9 depuis plusieurs semaines, via ses r\u00e9seaux, la sortie de son tout nouvel EP baptis\u00e9 \u00ab\u00a0NRJ\u00ab\u00a0. Ce [&hellip;]\" \/>\n<meta property=\"og:url\" content=\"https:\/\/culturbaine.com\/index.php\/2025\/06\/12\/natural-mobd-revient-fort-avec-un-nouvel-ep-baptise-nrj-dispo-le-21-juin\/\" \/>\n<meta property=\"og:site_name\" content=\"Culturbaine\" \/>\n<meta property=\"article:publisher\" content=\"https:\/\/www.facebook.com\/Culturbaines\" \/>\n<meta property=\"article:published_time\" content=\"2025-06-12T14:14:41+00:00\" \/>\n<meta property=\"og:image\" content=\"https:\/\/culturbaine.com\/wp-content\/uploads\/2025\/06\/IMG_20250612_140724.jpg\" \/>\n\t<meta property=\"og:image:width\" content=\"1060\" \/>\n\t<meta property=\"og:image:height\" content=\"792\" \/>\n\t<meta property=\"og:image:type\" content=\"image\/jpeg\" \/>\n<meta name=\"author\" content=\"admin1\" \/>\n<meta name=\"twitter:card\" content=\"summary_large_image\" \/>\n<meta name=\"twitter:creator\" content=\"@culturbaines\" \/>\n<meta name=\"twitter:site\" content=\"@culturbaines\" \/>\n<meta name=\"twitter:label1\" content=\"\u00c9crit par\" \/>\n\t<meta name=\"twitter:data1\" content=\"admin1\" \/>\n\t<meta name=\"twitter:label2\" content=\"Dur\u00e9e de lecture estim\u00e9e\" \/>\n\t<meta name=\"twitter:data2\" content=\"2 minutes\" \/>\n<script type=\"application\/ld+json\" class=\"yoast-schema-graph\">{\"@context\":\"https:\/\/schema.org\",\"@graph\":[{\"@type\":\"Article\",\"@id\":\"https:\/\/culturbaine.com\/index.php\/2025\/06\/12\/natural-mobd-revient-fort-avec-un-nouvel-ep-baptise-nrj-dispo-le-21-juin\/#article\",\"isPartOf\":{\"@id\":\"https:\/\/culturbaine.com\/index.php\/2025\/06\/12\/natural-mobd-revient-fort-avec-un-nouvel-ep-baptise-nrj-dispo-le-21-juin\/\"},\"author\":{\"name\":\"admin1\",\"@id\":\"https:\/\/culturbaine.com\/#\/schema\/person\/42eb7485c572e0746c1ea6b8216c3814\"},\"headline\":\"Natural Mob\u2019D revient fort avec un nouvel EP baptis\u00e9 \u00ab\u00a0NRJ\u00a0\u00bb, dispo le 21 juin\",\"datePublished\":\"2025-06-12T14:14:41+00:00\",\"dateModified\":\"2025-06-12T14:14:41+00:00\",\"mainEntityOfPage\":{\"@id\":\"https:\/\/culturbaine.com\/index.php\/2025\/06\/12\/natural-mobd-revient-fort-avec-un-nouvel-ep-baptise-nrj-dispo-le-21-juin\/\"},\"wordCount\":286,\"publisher\":{\"@id\":\"https:\/\/culturbaine.com\/#organization\"},\"image\":{\"@id\":\"https:\/\/culturbaine.com\/index.php\/2025\/06\/12\/natural-mobd-revient-fort-avec-un-nouvel-ep-baptise-nrj-dispo-le-21-juin\/#primaryimage\"},\"thumbnailUrl\":\"https:\/\/culturbaine.com\/wp-content\/uploads\/2025\/06\/IMG_20250612_140724.jpg\",\"keywords\":[\"Natural Mob\u2019D revient fort avec un nouvel EP baptis\u00e9 \\\"NRJ\\\" dispo le 21 juin\"],\"articleSection\":[\"Actualit\u00e9\",\"Dancehall\",\"Sortie d'album\"],\"inLanguage\":\"fr-FR\"},{\"@type\":\"WebPage\",\"@id\":\"https:\/\/culturbaine.com\/index.php\/2025\/06\/12\/natural-mobd-revient-fort-avec-un-nouvel-ep-baptise-nrj-dispo-le-21-juin\/\",\"url\":\"https:\/\/culturbaine.com\/index.php\/2025\/06\/12\/natural-mobd-revient-fort-avec-un-nouvel-ep-baptise-nrj-dispo-le-21-juin\/\",\"name\":\"Natural Mob\u2019D revient fort avec un nouvel EP baptis\u00e9 \\\"NRJ\\\", dispo le 21 juin - Culturbaine\",\"isPartOf\":{\"@id\":\"https:\/\/culturbaine.com\/#website\"},\"primaryImageOfPage\":{\"@id\":\"https:\/\/culturbaine.com\/index.php\/2025\/06\/12\/natural-mobd-revient-fort-avec-un-nouvel-ep-baptise-nrj-dispo-le-21-juin\/#primaryimage\"},\"image\":{\"@id\":\"https:\/\/culturbaine.com\/index.php\/2025\/06\/12\/natural-mobd-revient-fort-avec-un-nouvel-ep-baptise-nrj-dispo-le-21-juin\/#primaryimage\"},\"thumbnailUrl\":\"https:\/\/culturbaine.com\/wp-content\/uploads\/2025\/06\/IMG_20250612_140724.jpg\",\"datePublished\":\"2025-06-12T14:14:41+00:00\",\"dateModified\":\"2025-06-12T14:14:41+00:00\",\"breadcrumb\":{\"@id\":\"https:\/\/culturbaine.com\/index.php\/2025\/06\/12\/natural-mobd-revient-fort-avec-un-nouvel-ep-baptise-nrj-dispo-le-21-juin\/#breadcrumb\"},\"inLanguage\":\"fr-FR\",\"potentialAction\":[{\"@type\":\"ReadAction\",\"target\":[\"https:\/\/culturbaine.com\/index.php\/2025\/06\/12\/natural-mobd-revient-fort-avec-un-nouvel-ep-baptise-nrj-dispo-le-21-juin\/\"]}]},{\"@type\":\"ImageObject\",\"inLanguage\":\"fr-FR\",\"@id\":\"https:\/\/culturbaine.com\/index.php\/2025\/06\/12\/natural-mobd-revient-fort-avec-un-nouvel-ep-baptise-nrj-dispo-le-21-juin\/#primaryimage\",\"url\":\"https:\/\/culturbaine.com\/wp-content\/uploads\/2025\/06\/IMG_20250612_140724.jpg\",\"contentUrl\":\"https:\/\/culturbaine.com\/wp-content\/uploads\/2025\/06\/IMG_20250612_140724.jpg\",\"width\":1060,\"height\":792},{\"@type\":\"BreadcrumbList\",\"@id\":\"https:\/\/culturbaine.com\/index.php\/2025\/06\/12\/natural-mobd-revient-fort-avec-un-nouvel-ep-baptise-nrj-dispo-le-21-juin\/#breadcrumb\",\"itemListElement\":[{\"@type\":\"ListItem\",\"position\":1,\"name\":\"Home\",\"item\":\"https:\/\/culturbaine.com\/\"},{\"@type\":\"ListItem\",\"position\":2,\"name\":\"Natural Mob\u2019D revient fort avec un nouvel EP baptis\u00e9 \u00ab\u00a0NRJ\u00a0\u00bb, dispo le 21 juin\"}]},{\"@type\":\"WebSite\",\"@id\":\"https:\/\/culturbaine.com\/#website\",\"url\":\"https:\/\/culturbaine.com\/\",\"name\":\"Culturbaine.com\",\"description\":\"Toute l&#039;actualit\u00e9 des Cultures Urbaines, en un clic  !\",\"publisher\":{\"@id\":\"https:\/\/culturbaine.com\/#organization\"},\"potentialAction\":[{\"@type\":\"SearchAction\",\"target\":{\"@type\":\"EntryPoint\",\"urlTemplate\":\"https:\/\/culturbaine.com\/?s={search_term_string}\"},\"query-input\":{\"@type\":\"PropertyValueSpecification\",\"valueRequired\":true,\"valueName\":\"search_term_string\"}}],\"inLanguage\":\"fr-FR\"},{\"@type\":\"Organization\",\"@id\":\"https:\/\/culturbaine.com\/#organization\",\"name\":\"Culturbaine.com\",\"url\":\"https:\/\/culturbaine.com\/\",\"logo\":{\"@type\":\"ImageObject\",\"inLanguage\":\"fr-FR\",\"@id\":\"https:\/\/culturbaine.com\/#\/schema\/logo\/image\/\",\"url\":\"https:\/\/culturbaine.com\/wp-content\/uploads\/2023\/07\/WhatsApp-Image-2023-07-17-at-14.38.18.jpeg\",\"contentUrl\":\"https:\/\/culturbaine.com\/wp-content\/uploads\/2023\/07\/WhatsApp-Image-2023-07-17-at-14.38.18.jpeg\",\"width\":855,\"height\":270,\"caption\":\"Culturbaine.com\"},\"image\":{\"@id\":\"https:\/\/culturbaine.com\/#\/schema\/logo\/image\/\"},\"sameAs\":[\"https:\/\/www.facebook.com\/Culturbaines\",\"https:\/\/x.com\/culturbaines\"]},{\"@type\":\"Person\",\"@id\":\"https:\/\/culturbaine.com\/#\/schema\/person\/42eb7485c572e0746c1ea6b8216c3814\",\"name\":\"admin1\",\"image\":{\"@type\":\"ImageObject\",\"inLanguage\":\"fr-FR\",\"@id\":\"https:\/\/culturbaine.com\/#\/schema\/person\/image\/\",\"url\":\"https:\/\/secure.gravatar.com\/avatar\/c268f4d483ce0486e5a10fee87bbf756?s=96&d=mm&r=g\",\"contentUrl\":\"https:\/\/secure.gravatar.com\/avatar\/c268f4d483ce0486e5a10fee87bbf756?s=96&d=mm&r=g\",\"caption\":\"admin1\"},\"url\":\"https:\/\/culturbaine.com\/index.php\/author\/admin1\/\"}]}<\/script>\n<!-- \/ Yoast SEO Premium plugin. -->","yoast_head_json":{"title":"Natural Mob\u2019D revient fort avec un nouvel EP baptis\u00e9 \"NRJ\", dispo le 21 juin - Culturbaine","robots":{"index":"index","follow":"follow","max-snippet":"max-snippet:-1","max-image-preview":"max-image-preview:large","max-video-preview":"max-video-preview:-1"},"canonical":"https:\/\/culturbaine.com\/index.php\/2025\/06\/12\/natural-mobd-revient-fort-avec-un-nouvel-ep-baptise-nrj-dispo-le-21-juin\/","og_locale":"fr_FR","og_type":"article","og_title":"Natural Mob\u2019D revient fort avec un nouvel EP baptis\u00e9 \"NRJ\", dispo le 21 juin","og_description":"Comme chaque 21 juin, le monde vibrera au rythme de la F\u00eate de la Musique. En Guin\u00e9e, cette date sera marqu\u00e9e par le retour tr\u00e8s attendu de Natural MOB\u2019D, figure bien connue de la sc\u00e8ne urbaine. L\u2019artiste a annonc\u00e9 depuis plusieurs semaines, via ses r\u00e9seaux, la sortie de son tout nouvel EP baptis\u00e9 \u00ab\u00a0NRJ\u00ab\u00a0. Ce [&hellip;]","og_url":"https:\/\/culturbaine.com\/index.php\/2025\/06\/12\/natural-mobd-revient-fort-avec-un-nouvel-ep-baptise-nrj-dispo-le-21-juin\/","og_site_name":"Culturbaine","article_publisher":"https:\/\/www.facebook.com\/Culturbaines","article_published_time":"2025-06-12T14:14:41+00:00","og_image":[{"width":1060,"height":792,"url":"https:\/\/culturbaine.com\/wp-content\/uploads\/2025\/06\/IMG_20250612_140724.jpg","type":"image\/jpeg"}],"author":"admin1","twitter_card":"summary_large_image","twitter_creator":"@culturbaines","twitter_site":"@culturbaines","twitter_misc":{"\u00c9crit par":"admin1","Dur\u00e9e de lecture estim\u00e9e":"2 minutes"},"schema":{"@context":"https:\/\/schema.org","@graph":[{"@type":"Article","@id":"https:\/\/culturbaine.com\/index.php\/2025\/06\/12\/natural-mobd-revient-fort-avec-un-nouvel-ep-baptise-nrj-dispo-le-21-juin\/#article","isPartOf":{"@id":"https:\/\/culturbaine.com\/index.php\/2025\/06\/12\/natural-mobd-revient-fort-avec-un-nouvel-ep-baptise-nrj-dispo-le-21-juin\/"},"author":{"name":"admin1","@id":"https:\/\/culturbaine.com\/#\/schema\/person\/42eb7485c572e0746c1ea6b8216c3814"},"headline":"Natural Mob\u2019D revient fort avec un nouvel EP baptis\u00e9 \u00ab\u00a0NRJ\u00a0\u00bb, dispo le 21 juin","datePublished":"2025-06-12T14:14:41+00:00","dateModified":"2025-06-12T14:14:41+00:00","mainEntityOfPage":{"@id":"https:\/\/culturbaine.com\/index.php\/2025\/06\/12\/natural-mobd-revient-fort-avec-un-nouvel-ep-baptise-nrj-dispo-le-21-juin\/"},"wordCount":286,"publisher":{"@id":"https:\/\/culturbaine.com\/#organization"},"image":{"@id":"https:\/\/culturbaine.com\/index.php\/2025\/06\/12\/natural-mobd-revient-fort-avec-un-nouvel-ep-baptise-nrj-dispo-le-21-juin\/#primaryimage"},"thumbnailUrl":"https:\/\/culturbaine.com\/wp-content\/uploads\/2025\/06\/IMG_20250612_140724.jpg","keywords":["Natural Mob\u2019D revient fort avec un nouvel EP baptis\u00e9 \"NRJ\" dispo le 21 juin"],"articleSection":["Actualit\u00e9","Dancehall","Sortie d'album"],"inLanguage":"fr-FR"},{"@type":"WebPage","@id":"https:\/\/culturbaine.com\/index.php\/2025\/06\/12\/natural-mobd-revient-fort-avec-un-nouvel-ep-baptise-nrj-dispo-le-21-juin\/","url":"https:\/\/culturbaine.com\/index.php\/2025\/06\/12\/natural-mobd-revient-fort-avec-un-nouvel-ep-baptise-nrj-dispo-le-21-juin\/","name":"Natural Mob\u2019D revient fort avec un nouvel EP baptis\u00e9 \"NRJ\", dispo le 21 juin - Culturbaine","isPartOf":{"@id":"https:\/\/culturbaine.com\/#website"},"primaryImageOfPage":{"@id":"https:\/\/culturbaine.com\/index.php\/2025\/06\/12\/natural-mobd-revient-fort-avec-un-nouvel-ep-baptise-nrj-dispo-le-21-juin\/#primaryimage"},"image":{"@id":"https:\/\/culturbaine.com\/index.php\/2025\/06\/12\/natural-mobd-revient-fort-avec-un-nouvel-ep-baptise-nrj-dispo-le-21-juin\/#primaryimage"},"thumbnailUrl":"https:\/\/culturbaine.com\/wp-content\/uploads\/2025\/06\/IMG_20250612_140724.jpg","datePublished":"2025-06-12T14:14:41+00:00","dateModified":"2025-06-12T14:14:41+00:00","breadcrumb":{"@id":"https:\/\/culturbaine.com\/index.php\/2025\/06\/12\/natural-mobd-revient-fort-avec-un-nouvel-ep-baptise-nrj-dispo-le-21-juin\/#breadcrumb"},"inLanguage":"fr-FR","potentialAction":[{"@type":"ReadAction","target":["https:\/\/culturbaine.com\/index.php\/2025\/06\/12\/natural-mobd-revient-fort-avec-un-nouvel-ep-baptise-nrj-dispo-le-21-juin\/"]}]},{"@type":"ImageObject","inLanguage":"fr-FR","@id":"https:\/\/culturbaine.com\/index.php\/2025\/06\/12\/natural-mobd-revient-fort-avec-un-nouvel-ep-baptise-nrj-dispo-le-21-juin\/#primaryimage","url":"https:\/\/culturbaine.com\/wp-content\/uploads\/2025\/06\/IMG_20250612_140724.jpg","contentUrl":"https:\/\/culturbaine.com\/wp-content\/uploads\/2025\/06\/IMG_20250612_140724.jpg","width":1060,"height":792},{"@type":"BreadcrumbList","@id":"https:\/\/culturbaine.com\/index.php\/2025\/06\/12\/natural-mobd-revient-fort-avec-un-nouvel-ep-baptise-nrj-dispo-le-21-juin\/#breadcrumb","itemListElement":[{"@type":"ListItem","position":1,"name":"Home","item":"https:\/\/culturbaine.com\/"},{"@type":"ListItem","position":2,"name":"Natural Mob\u2019D revient fort avec un nouvel EP baptis\u00e9 \u00ab\u00a0NRJ\u00a0\u00bb, dispo le 21 juin"}]},{"@type":"WebSite","@id":"https:\/\/culturbaine.com\/#website","url":"https:\/\/culturbaine.com\/","name":"Culturbaine.com","description":"Toute l&#039;actualit\u00e9 des Cultures Urbaines, en un clic  !","publisher":{"@id":"https:\/\/culturbaine.com\/#organization"},"potentialAction":[{"@type":"SearchAction","target":{"@type":"EntryPoint","urlTemplate":"https:\/\/culturbaine.com\/?s={search_term_string}"},"query-input":{"@type":"PropertyValueSpecification","valueRequired":true,"valueName":"search_term_string"}}],"inLanguage":"fr-FR"},{"@type":"Organization","@id":"https:\/\/culturbaine.com\/#organization","name":"Culturbaine.com","url":"https:\/\/culturbaine.com\/","logo":{"@type":"ImageObject","inLanguage":"fr-FR","@id":"https:\/\/culturbaine.com\/#\/schema\/logo\/image\/","url":"https:\/\/culturbaine.com\/wp-content\/uploads\/2023\/07\/WhatsApp-Image-2023-07-17-at-14.38.18.jpeg","contentUrl":"https:\/\/culturbaine.com\/wp-content\/uploads\/2023\/07\/WhatsApp-Image-2023-07-17-at-14.38.18.jpeg","width":855,"height":270,"caption":"Culturbaine.com"},"image":{"@id":"https:\/\/culturbaine.com\/#\/schema\/logo\/image\/"},"sameAs":["https:\/\/www.facebook.com\/Culturbaines","https:\/\/x.com\/culturbaines"]},{"@type":"Person","@id":"https:\/\/culturbaine.com\/#\/schema\/person\/42eb7485c572e0746c1ea6b8216c3814","name":"admin1","image":{"@type":"ImageObject","inLanguage":"fr-FR","@id":"https:\/\/culturbaine.com\/#\/schema\/person\/image\/","url":"https:\/\/secure.gravatar.com\/avatar\/c268f4d483ce0486e5a10fee87bbf756?s=96&d=mm&r=g","contentUrl":"https:\/\/secure.gravatar.com\/avatar\/c268f4d483ce0486e5a10fee87bbf756?s=96&d=mm&r=g","caption":"admin1"},"url":"https:\/\/culturbaine.com\/index.php\/author\/admin1\/"}]}},"_links":{"self":[{"href":"https:\/\/culturbaine.com\/index.php\/wp-json\/wp\/v2\/posts\/12213"}],"collection":[{"href":"https:\/\/culturbaine.com\/index.php\/wp-json\/wp\/v2\/posts"}],"about":[{"href":"https:\/\/culturbaine.com\/index.php\/wp-json\/wp\/v2\/types\/post"}],"author":[{"embeddable":true,"href":"https:\/\/culturbaine.com\/index.php\/wp-json\/wp\/v2\/users\/2"}],"replies":[{"embeddable":true,"href":"https:\/\/culturbaine.com\/index.php\/wp-json\/wp\/v2\/comments?post=12213"}],"version-history":[{"count":0,"href":"https:\/\/culturbaine.com\/index.php\/wp-json\/wp\/v2\/posts\/12213\/revisions"}],"wp:featuredmedia":[{"embeddable":true,"href":"https:\/\/culturbaine.com\/index.php\/wp-json\/wp\/v2\/media\/12214"}],"wp:attachment":[{"href":"https:\/\/culturbaine.com\/index.php\/wp-json\/wp\/v2\/media?parent=12213"}],"wp:term":[{"taxonomy":"category","embeddable":true,"href":"https:\/\/culturbaine.com\/index.php\/wp-json\/wp\/v2\/categories?post=12213"},{"taxonomy":"post_tag","embeddable":true,"href":"https:\/\/culturbaine.com\/index.php\/wp-json\/wp\/v2\/tags?post=12213"}],"curies":[{"name":"wp","href":"https:\/\/api.w.org\/{rel}","templated":true}]}}